{"id":4137,"date":"2012-03-21T13:30:19","date_gmt":"2012-03-21T12:30:19","guid":{"rendered":"http:\/\/budo.wordpress.dev\/2012\/03\/21\/asa-sandell-klar-for-kampsportsgalan\/"},"modified":"2016-12-06T22:34:15","modified_gmt":"2016-12-06T21:34:15","slug":"asa-sandell-klar-for-kampsportsgalan","status":"publish","type":"post","link":"https:\/\/www.budokampsport.se\/2012\/03\/21\/asa-sandell-klar-for-kampsportsgalan\/","title":{"rendered":"\u00c5sa Sandell klar f\u00f6r Kampsportsgalan"},"content":{"rendered":"<p><strong>Den forne proffsboxaren \u00c5sa Sandell \u00e4r klar som prisutdelare p\u00e5 Kampsportsgalan den 24:e mars i Stockholm. Sandell kommer att dela ut \u00e5rets m\u00e4stare.<br \/>\u00a0\u00a0 &#8211; Det ska bli v\u00e4ldigt roligt och jag ser det som en stor \u00e4ra, s\u00e4ger hon till budokampsport.se.<!--break--><\/strong><\/p>\n<p>Kampsportsgalan fyller p\u00e5 med prisutdelare. Nu st\u00e5r det klart att den f\u00f6re detta proffsboxaren \u00c5sa Sandell kommer till galan och delar ut priset till \u00e5rets m\u00e4stare.<\/p>\n<p>Sandell har ett f\u00f6rflutet som proffsboxare, men \u00e4r idag \u201dpension\u00e4r\u201d som hon uttrycker det.<br \/>\u00a0\u00a0 &#8211; Jag jobbar som frilansande kulturskribent, f\u00f6rel\u00e4sare och skriver i Magasin Stark som drivs av Martin Lidberg. Jag har fortfarande v\u00e4ldigt stark kontakt med boxningen \u00e4ven om jag inte t\u00e4vlar sj\u00e4lv l\u00e4ngre. Det \u00e4r otroligt givande att exempelvis tr\u00e4na andra. Kampsporten \u00e4r s\u00e5 bred och det \u00e4r lika inspirerande att tr\u00e4na kampsportskillar till 50-\u00e5riga kontorsdamer.<\/p>\n<p>Trots sin boxningskarri\u00e4r \u00e4r \u00c5sa Sandell inte lika erfaren n\u00e4r det kommer till kampsport.<br \/>\u00a0\u00a0 &#8211; Nej, eftersom jag b\u00f6rjade r\u00e4tt sent med boxningen har jag bara koncentrerat mig p\u00e5 det. Min man \u00e4lskar dock att titta p\u00e5 MMA och jag tittar ocks\u00e5. Men den d\u00e4r egna erfarenheten kan jag inte s\u00e4ga att jag har, \u00e4ven om intresset finns.<\/p>\n<p>N\u00e4r det g\u00e4ller ett generellt idrottsintresse \u00e4r Sandell mycket intresserad av de bakomliggande faktorerna kring ett idrottsut\u00f6vande, \u00e4ven om hon g\u00e4rna f\u00f6ljer stora m\u00e4sterskap.<br \/>\u00a0\u00a0 &#8211; Jag \u00e4r ingen kalenderbitare p\u00e5 det s\u00e4ttet, \u00e4ven om jag kan f\u00f6lja ett m\u00e4sterskap ganska s\u00e5 slaviskt ibland med egna resultattavlor och uppst\u00e4llningar. Men efter\u00e5t har jag gl\u00f6mt dem. Jag \u00e4r mer intresserad av det kulturella, det mentala och hur man l\u00e4gger upp tr\u00e4ning och kost och s\u00e5 vidare.<\/p>\n<p>Kampsport och boxning har i m\u00e5ngt och mycket liknande karakt\u00e4rer och uppfattas ungef\u00e4r p\u00e5 samma s\u00e4tt, tycker \u00c5sa.<br \/>\u00a0\u00a0 &#8211; Ja, boxningen liksom kampsporten slutar aldrig att fascinera folk, det slutar heller aldrig att b\u00e5de v\u00e4cka avsky och k\u00e4rlek. Allm\u00e4nhet och media har ett slags hatk\u00e4rlek som jag tror attraherar m\u00e5nga. Det kommer man nog aldrig att kunna \u00e4ndra p\u00e5.<\/p>\n<p>Utifr\u00e5n en medial aspekt har \u00e4nd\u00e5 kampsporten vuxit och medialskildringen har f\u00f6r\u00e4ndrats de senaste \u00e5ren, n\u00e5got \u00c5sa ocks\u00e5 uppm\u00e4rksammat.<br \/>\u00a0\u00a0 &#8211;\u00a0 Det har blivit en st\u00f6rre acceptans f\u00f6r att bevaka kampsport. Vad det i sig beror p\u00e5 \u00e4r sv\u00e5rt f\u00f6r mig att svara p\u00e5, men jag har ofta st\u00f6rt mig p\u00e5 att det har funnits ett \u00f6verraskningsmoment fr\u00e5n media n\u00e4r de m\u00e4rker att vi kampsportare och boxare faktiskt \u00e4r bra p\u00e5 att uttrycka och formulera oss. Det har jag varit otroligt tr\u00f6tt p\u00e5.<\/p>\n<p>Nu \u00e4r \u00c5sa Sandell klar som prisutdelare p\u00e5 Kampsportsgalan i Stockholm den 24:e mars, n\u00e5got hon ser fram emot.<br \/>\u00a0\u00a0 &#8211; J\u00e4tteroligt och en stor \u00e4ra f\u00f6r mig att f\u00e5 dela ut ett pris. Jag tycker det ska bli v\u00e4ldigt intressant och en i \u00f6vrigt kul kv\u00e4ll.<\/p>\n<p>Text: Jonathan Broberg<br \/>\u00a0<\/p>\n","protected":false},"excerpt":{"rendered":"<p><strong>Den forne proffsboxaren \u00c5sa Sandell \u00e4r klar som prisutdelare p\u00e5 Kampsportsgalan den 24:e mars i Stockholm. Sandell kommer att dela ut \u00e5rets m\u00e4stare.<br \/>\u00a0\u00a0 &#8211; Det ska bli v\u00e4ldigt roligt och jag ser det som en stor \u00e4ra, s\u00e4ger hon till budokampsport.se.<\/p><br>","protected":false},"author":7,"featured_media":0,"comment_status":"closed","ping_status":"closed","sticky":false,"template":"","format":"standard","meta":{"_acf_changed":false,"footnotes":""},"categories":[1],"tags":[],"class_list":["post-4137","post","type-post","status-publish","format-standard","hentry","category-okategoriserade"],"acf":[],"yoast_head":"<!-- This site is optimized with the Yoast SEO plugin v26.8 - https:\/\/yoast.com\/product\/yoast-seo-wordpress\/ -->\n<title>\u00c5sa Sandell klar f\u00f6r Kampsportsgalan - Svenska Budo &amp; Kampsportsf\u00f6rbundet<\/title>\n<meta name=\"description\" content=\"Den forne proffsboxaren \u00c5sa Sandell \u00e4r klar som prisutdelare p\u00e5 Kampsportsgalan den 24:e mars i Stockholm. Sandell kommer att dela ut \u00e5rets m\u00e4stare.\u00a0\u00a0 - Det ska bli v\u00e4ldigt roligt och jag ser det som en stor \u00e4ra, s\u00e4ger hon till budokampsport.se.\" \/>\n<meta name=\"robots\" content=\"index, follow, max-snippet:-1, max-image-preview:large, max-video-preview:-1\" \/>\n<link rel=\"canonical\" href=\"https:\/\/www.budokampsport.se\/2012\/03\/21\/asa-sandell-klar-for-kampsportsgalan\/\" \/>\n<meta property=\"og:locale\" content=\"sv_SE\" \/>\n<meta property=\"og:type\" content=\"article\" \/>\n<meta property=\"og:title\" content=\"\u00c5sa Sandell klar f\u00f6r Kampsportsgalan - Svenska Budo &amp; Kampsportsf\u00f6rbundet\" \/>\n<meta property=\"og:description\" content=\"Den forne proffsboxaren \u00c5sa Sandell \u00e4r klar som prisutdelare p\u00e5 Kampsportsgalan den 24:e mars i Stockholm. Sandell kommer att dela ut \u00e5rets m\u00e4stare.\u00a0\u00a0 - Det ska bli v\u00e4ldigt roligt och jag ser det som en stor \u00e4ra, s\u00e4ger hon till budokampsport.se.\" \/>\n<meta property=\"og:url\" content=\"https:\/\/www.budokampsport.se\/2012\/03\/21\/asa-sandell-klar-for-kampsportsgalan\/\" \/>\n<meta property=\"og:site_name\" content=\"Svenska Budo &amp; Kampsportsf\u00f6rbundet\" \/>\n<meta property=\"article:author\" content=\"https:\/\/www.facebook.com\/jonathan.broberg.7\" \/>\n<meta property=\"article:published_time\" content=\"2012-03-21T12:30:19+00:00\" \/>\n<meta property=\"article:modified_time\" content=\"2016-12-06T21:34:15+00:00\" \/>\n<meta name=\"author\" content=\"Jonathan Broberg\" \/>\n<meta name=\"twitter:card\" content=\"summary_large_image\" \/>\n<meta name=\"twitter:label1\" content=\"Skriven av\" \/>\n\t<meta name=\"twitter:data1\" content=\"Jonathan Broberg\" \/>\n\t<meta name=\"twitter:label2\" content=\"Ber\u00e4knad l\u00e4stid\" \/>\n\t<meta name=\"twitter:data2\" content=\"3 minuter\" \/>\n<script type=\"application\/ld+json\" class=\"yoast-schema-graph\">{\"@context\":\"https:\/\/schema.org\",\"@graph\":[{\"@type\":\"Article\",\"@id\":\"https:\/\/www.budokampsport.se\/2012\/03\/21\/asa-sandell-klar-for-kampsportsgalan\/#article\",\"isPartOf\":{\"@id\":\"https:\/\/www.budokampsport.se\/2012\/03\/21\/asa-sandell-klar-for-kampsportsgalan\/\"},\"author\":{\"name\":\"Jonathan Broberg\",\"@id\":\"https:\/\/www.budokampsport.se\/#\/schema\/person\/5c06d81d14850e2a8ce5493386560145\"},\"headline\":\"\u00c5sa Sandell klar f\u00f6r Kampsportsgalan\",\"datePublished\":\"2012-03-21T12:30:19+00:00\",\"dateModified\":\"2016-12-06T21:34:15+00:00\",\"mainEntityOfPage\":{\"@id\":\"https:\/\/www.budokampsport.se\/2012\/03\/21\/asa-sandell-klar-for-kampsportsgalan\/\"},\"wordCount\":531,\"inLanguage\":\"sv-SE\"},{\"@type\":\"WebPage\",\"@id\":\"https:\/\/www.budokampsport.se\/2012\/03\/21\/asa-sandell-klar-for-kampsportsgalan\/\",\"url\":\"https:\/\/www.budokampsport.se\/2012\/03\/21\/asa-sandell-klar-for-kampsportsgalan\/\",\"name\":\"\u00c5sa Sandell klar f\u00f6r Kampsportsgalan - Svenska Budo &amp; Kampsportsf\u00f6rbundet\",\"isPartOf\":{\"@id\":\"https:\/\/www.budokampsport.se\/#website\"},\"datePublished\":\"2012-03-21T12:30:19+00:00\",\"dateModified\":\"2016-12-06T21:34:15+00:00\",\"author\":{\"@id\":\"https:\/\/www.budokampsport.se\/#\/schema\/person\/5c06d81d14850e2a8ce5493386560145\"},\"description\":\"Den forne proffsboxaren \u00c5sa Sandell \u00e4r klar som prisutdelare p\u00e5 Kampsportsgalan den 24:e mars i Stockholm. Sandell kommer att dela ut \u00e5rets m\u00e4stare.\u00a0\u00a0 - Det ska bli v\u00e4ldigt roligt och jag ser det som en stor \u00e4ra, s\u00e4ger hon till budokampsport.se.\",\"breadcrumb\":{\"@id\":\"https:\/\/www.budokampsport.se\/2012\/03\/21\/asa-sandell-klar-for-kampsportsgalan\/#breadcrumb\"},\"inLanguage\":\"sv-SE\",\"potentialAction\":[{\"@type\":\"ReadAction\",\"target\":[\"https:\/\/www.budokampsport.se\/2012\/03\/21\/asa-sandell-klar-for-kampsportsgalan\/\"]}]},{\"@type\":\"BreadcrumbList\",\"@id\":\"https:\/\/www.budokampsport.se\/2012\/03\/21\/asa-sandell-klar-for-kampsportsgalan\/#breadcrumb\",\"itemListElement\":[{\"@type\":\"ListItem\",\"position\":1,\"name\":\"Hem\",\"item\":\"https:\/\/www.budokampsport.se\/\"},{\"@type\":\"ListItem\",\"position\":2,\"name\":\"\u00c5sa Sandell klar f\u00f6r Kampsportsgalan\"}]},{\"@type\":\"WebSite\",\"@id\":\"https:\/\/www.budokampsport.se\/#website\",\"url\":\"https:\/\/www.budokampsport.se\/\",\"name\":\"Svenska Budo &amp; Kampsportsf\u00f6rbundet\",\"description\":\"T\u00e4vling, Tr\u00e4ning, Tradition\",\"potentialAction\":[{\"@type\":\"SearchAction\",\"target\":{\"@type\":\"EntryPoint\",\"urlTemplate\":\"https:\/\/www.budokampsport.se\/?s={search_term_string}\"},\"query-input\":{\"@type\":\"PropertyValueSpecification\",\"valueRequired\":true,\"valueName\":\"search_term_string\"}}],\"inLanguage\":\"sv-SE\"},{\"@type\":\"Person\",\"@id\":\"https:\/\/www.budokampsport.se\/#\/schema\/person\/5c06d81d14850e2a8ce5493386560145\",\"name\":\"Jonathan Broberg\",\"image\":{\"@type\":\"ImageObject\",\"inLanguage\":\"sv-SE\",\"@id\":\"https:\/\/www.budokampsport.se\/#\/schema\/person\/image\/\",\"url\":\"https:\/\/secure.gravatar.com\/avatar\/a58041c6cea9128bd9c40ee2f26d4136?s=96&d=blank&r=g\",\"contentUrl\":\"https:\/\/secure.gravatar.com\/avatar\/a58041c6cea9128bd9c40ee2f26d4136?s=96&d=blank&r=g\",\"caption\":\"Jonathan Broberg\"},\"sameAs\":[\"https:\/\/www.facebook.com\/jonathan.broberg.7\"],\"url\":\"https:\/\/www.budokampsport.se\/author\/jonathan\/\"}]}<\/script>\n<!-- \/ Yoast SEO plugin. -->","yoast_head_json":{"title":"\u00c5sa Sandell klar f\u00f6r Kampsportsgalan - Svenska Budo &amp; Kampsportsf\u00f6rbundet","description":"Den forne proffsboxaren \u00c5sa Sandell \u00e4r klar som prisutdelare p\u00e5 Kampsportsgalan den 24:e mars i Stockholm. Sandell kommer att dela ut \u00e5rets m\u00e4stare.\u00a0\u00a0 - Det ska bli v\u00e4ldigt roligt och jag ser det som en stor \u00e4ra, s\u00e4ger hon till budokampsport.se.","robots":{"index":"index","follow":"follow","max-snippet":"max-snippet:-1","max-image-preview":"max-image-preview:large","max-video-preview":"max-video-preview:-1"},"canonical":"https:\/\/www.budokampsport.se\/2012\/03\/21\/asa-sandell-klar-for-kampsportsgalan\/","og_locale":"sv_SE","og_type":"article","og_title":"\u00c5sa Sandell klar f\u00f6r Kampsportsgalan - Svenska Budo &amp; Kampsportsf\u00f6rbundet","og_description":"Den forne proffsboxaren \u00c5sa Sandell \u00e4r klar som prisutdelare p\u00e5 Kampsportsgalan den 24:e mars i Stockholm. Sandell kommer att dela ut \u00e5rets m\u00e4stare.\u00a0\u00a0 - Det ska bli v\u00e4ldigt roligt och jag ser det som en stor \u00e4ra, s\u00e4ger hon till budokampsport.se.","og_url":"https:\/\/www.budokampsport.se\/2012\/03\/21\/asa-sandell-klar-for-kampsportsgalan\/","og_site_name":"Svenska Budo &amp; Kampsportsf\u00f6rbundet","article_author":"https:\/\/www.facebook.com\/jonathan.broberg.7","article_published_time":"2012-03-21T12:30:19+00:00","article_modified_time":"2016-12-06T21:34:15+00:00","author":"Jonathan Broberg","twitter_card":"summary_large_image","twitter_misc":{"Skriven av":"Jonathan Broberg","Ber\u00e4knad l\u00e4stid":"3 minuter"},"schema":{"@context":"https:\/\/schema.org","@graph":[{"@type":"Article","@id":"https:\/\/www.budokampsport.se\/2012\/03\/21\/asa-sandell-klar-for-kampsportsgalan\/#article","isPartOf":{"@id":"https:\/\/www.budokampsport.se\/2012\/03\/21\/asa-sandell-klar-for-kampsportsgalan\/"},"author":{"name":"Jonathan Broberg","@id":"https:\/\/www.budokampsport.se\/#\/schema\/person\/5c06d81d14850e2a8ce5493386560145"},"headline":"\u00c5sa Sandell klar f\u00f6r Kampsportsgalan","datePublished":"2012-03-21T12:30:19+00:00","dateModified":"2016-12-06T21:34:15+00:00","mainEntityOfPage":{"@id":"https:\/\/www.budokampsport.se\/2012\/03\/21\/asa-sandell-klar-for-kampsportsgalan\/"},"wordCount":531,"inLanguage":"sv-SE"},{"@type":"WebPage","@id":"https:\/\/www.budokampsport.se\/2012\/03\/21\/asa-sandell-klar-for-kampsportsgalan\/","url":"https:\/\/www.budokampsport.se\/2012\/03\/21\/asa-sandell-klar-for-kampsportsgalan\/","name":"\u00c5sa Sandell klar f\u00f6r Kampsportsgalan - Svenska Budo &amp; Kampsportsf\u00f6rbundet","isPartOf":{"@id":"https:\/\/www.budokampsport.se\/#website"},"datePublished":"2012-03-21T12:30:19+00:00","dateModified":"2016-12-06T21:34:15+00:00","author":{"@id":"https:\/\/www.budokampsport.se\/#\/schema\/person\/5c06d81d14850e2a8ce5493386560145"},"description":"Den forne proffsboxaren \u00c5sa Sandell \u00e4r klar som prisutdelare p\u00e5 Kampsportsgalan den 24:e mars i Stockholm. Sandell kommer att dela ut \u00e5rets m\u00e4stare.\u00a0\u00a0 - Det ska bli v\u00e4ldigt roligt och jag ser det som en stor \u00e4ra, s\u00e4ger hon till budokampsport.se.","breadcrumb":{"@id":"https:\/\/www.budokampsport.se\/2012\/03\/21\/asa-sandell-klar-for-kampsportsgalan\/#breadcrumb"},"inLanguage":"sv-SE","potentialAction":[{"@type":"ReadAction","target":["https:\/\/www.budokampsport.se\/2012\/03\/21\/asa-sandell-klar-for-kampsportsgalan\/"]}]},{"@type":"BreadcrumbList","@id":"https:\/\/www.budokampsport.se\/2012\/03\/21\/asa-sandell-klar-for-kampsportsgalan\/#breadcrumb","itemListElement":[{"@type":"ListItem","position":1,"name":"Hem","item":"https:\/\/www.budokampsport.se\/"},{"@type":"ListItem","position":2,"name":"\u00c5sa Sandell klar f\u00f6r Kampsportsgalan"}]},{"@type":"WebSite","@id":"https:\/\/www.budokampsport.se\/#website","url":"https:\/\/www.budokampsport.se\/","name":"Svenska Budo &amp; Kampsportsf\u00f6rbundet","description":"T\u00e4vling, Tr\u00e4ning, Tradition","potentialAction":[{"@type":"SearchAction","target":{"@type":"EntryPoint","urlTemplate":"https:\/\/www.budokampsport.se\/?s={search_term_string}"},"query-input":{"@type":"PropertyValueSpecification","valueRequired":true,"valueName":"search_term_string"}}],"inLanguage":"sv-SE"},{"@type":"Person","@id":"https:\/\/www.budokampsport.se\/#\/schema\/person\/5c06d81d14850e2a8ce5493386560145","name":"Jonathan Broberg","image":{"@type":"ImageObject","inLanguage":"sv-SE","@id":"https:\/\/www.budokampsport.se\/#\/schema\/person\/image\/","url":"https:\/\/secure.gravatar.com\/avatar\/a58041c6cea9128bd9c40ee2f26d4136?s=96&d=blank&r=g","contentUrl":"https:\/\/secure.gravatar.com\/avatar\/a58041c6cea9128bd9c40ee2f26d4136?s=96&d=blank&r=g","caption":"Jonathan Broberg"},"sameAs":["https:\/\/www.facebook.com\/jonathan.broberg.7"],"url":"https:\/\/www.budokampsport.se\/author\/jonathan\/"}]}},"_links":{"self":[{"href":"https:\/\/www.budokampsport.se\/api\/wp\/v2\/posts\/4137","targetHints":{"allow":["GET"]}}],"collection":[{"href":"https:\/\/www.budokampsport.se\/api\/wp\/v2\/posts"}],"about":[{"href":"https:\/\/www.budokampsport.se\/api\/wp\/v2\/types\/post"}],"author":[{"embeddable":true,"href":"https:\/\/www.budokampsport.se\/api\/wp\/v2\/users\/7"}],"replies":[{"embeddable":true,"href":"https:\/\/www.budokampsport.se\/api\/wp\/v2\/comments?post=4137"}],"version-history":[{"count":0,"href":"https:\/\/www.budokampsport.se\/api\/wp\/v2\/posts\/4137\/revisions"}],"wp:attachment":[{"href":"https:\/\/www.budokampsport.se\/api\/wp\/v2\/media?parent=4137"}],"wp:term":[{"taxonomy":"category","embeddable":true,"href":"https:\/\/www.budokampsport.se\/api\/wp\/v2\/categories?post=4137"},{"taxonomy":"post_tag","embeddable":true,"href":"https:\/\/www.budokampsport.se\/api\/wp\/v2\/tags?post=4137"}],"curies":[{"name":"wp","href":"https:\/\/api.w.org\/{rel}","templated":true}]}}