{"id":4178,"date":"2012-04-13T17:28:59","date_gmt":"2012-04-13T15:28:59","guid":{"rendered":"http:\/\/budo.wordpress.dev\/2012\/04\/13\/invagningarna-avklarade-nu-ar-det-nara\/"},"modified":"2016-12-06T22:34:23","modified_gmt":"2016-12-06T21:34:23","slug":"invagningarna-avklarade-nu-ar-det-nara","status":"publish","type":"post","link":"https:\/\/www.budokampsport.se\/2012\/04\/13\/invagningarna-avklarade-nu-ar-det-nara\/","title":{"rendered":"Inv\u00e4gningarna avklarade &#8211; nu \u00e4r det n\u00e4ra"},"content":{"rendered":"<p><P><IMG alt=\"\" align=middle src=\"http:\/\/www.budokampsport.se\/sites\/default\/files\/ufc.gif\" width=435 height=290><BR><STRONG>Globens ena kortsida var fylld med f\u00f6rv\u00e4ntansfulla fans. Uppskattningsvis 1500 personer f\u00f6ljde inv\u00e4gningarna till UFC och det var stundals h\u00f6g st\u00e4mning p\u00e5 l\u00e4ktarna.<BR><\/STRONG><BR>H\u00e4r kommer lite bilder fr\u00e5n inv\u00e4gningarna tagna av Jonathan Broberg\/Mona Lundkvist.<!--break--><BR><BR><IMG alt=\"\" align=middle src=\"http:\/\/www.budokampsport.se\/sites\/default\/files\/reza_0.gif\" width=435 height=290><BR><BR>Reza Madadi bj\u00f6d som vanligt p\u00e5 showande, men var samtidigt p\u00e5tagligt lycklig \u00f6ver stunden.<BR><BR><IMG alt=\"\" align=middle src=\"http:\/\/www.budokampsport.se\/sites\/default\/files\/papi.gif\" width=435 height=290><BR><BR>Papi Abedi i sedvanlig basker och cigarr.<BR><BR><IMG alt=\"\" align=middle src=\"http:\/\/www.budokampsport.se\/sites\/default\/files\/karlek.gif\" width=435 height=290><BR><BR>MMA \u00e4r mycket k\u00e4nslor, och \u00e4ven m\u00e5nga fina s\u00e5dana mellan idrottarna &#8211; som denna stare down.<BR><BR><BR><IMG alt=\"\" align=middle src=\"http:\/\/www.budokampsport.se\/sites\/default\/files\/jycken.gif\" width=435 height=290>\u00a0<BR><BR>Magnus Cedenblad hade inga problem med att klara vikten.<BR><BR><IMG alt=\"\" align=middle src=\"http:\/\/www.budokampsport.se\/sites\/default\/files\/besam.gif\" width=435 height=290><BR><BR>Besam Yousef ikl\u00e4dd st\u00e5lmannenkalsonger s\u00e5g inspirerad ut.<BR><BR><IMG alt=\"\" align=middle src=\"http:\/\/www.budokampsport.se\/sites\/default\/files\/alex_0.gif\" width=435 height=290><BR><BR>Main event imorgon, Alexander Gustafsson, drog ner is\u00e4rklass st\u00f6rst appl\u00e5der.<\/P><\/p>\n","protected":false},"excerpt":{"rendered":"<p><P><IMG alt=\"\" align=middle src=\"http:\/\/www.budokampsport.se\/sites\/default\/files\/ufc.gif\" width=435 height=290><BR><STRONG>Globens ena kortsida var fylld med f\u00f6rv\u00e4ntansfulla fans. Uppskattningsvis 1500 personer f\u00f6ljde inv\u00e4gningarna till UFC och det var stundals h\u00f6g st\u00e4mning p\u00e5 l\u00e4ktarna.<BR><\/STRONG><BR>H\u00e4r kommer lite bilder fr\u00e5n inv\u00e4gningarna tagna av Jonathan Broberg\/Mona Lundkvist.<\/p><br>","protected":false},"author":7,"featured_media":0,"comment_status":"closed","ping_status":"closed","sticky":false,"template":"","format":"standard","meta":{"_acf_changed":false,"footnotes":""},"categories":[1],"tags":[],"class_list":["post-4178","post","type-post","status-publish","format-standard","hentry","category-okategoriserade"],"acf":[],"yoast_head":"<!-- This site is optimized with the Yoast SEO plugin v26.8 - https:\/\/yoast.com\/product\/yoast-seo-wordpress\/ -->\n<title>Inv\u00e4gningarna avklarade - nu \u00e4r det n\u00e4ra - Svenska Budo &amp; Kampsportsf\u00f6rbundet<\/title>\n<meta name=\"description\" content=\"Globens ena kortsida var fylld med f\u00f6rv\u00e4ntansfulla fans. Uppskattningsvis 1500 personer f\u00f6ljde inv\u00e4gningarna till UFC och det var stundals h\u00f6g st\u00e4mning p\u00e5 l\u00e4ktarna.H\u00e4r kommer lite bilder fr\u00e5n inv\u00e4gningarna tagna av Jonathan Broberg\/Mona Lundkvist.\" \/>\n<meta name=\"robots\" content=\"index, follow, max-snippet:-1, max-image-preview:large, max-video-preview:-1\" \/>\n<link rel=\"canonical\" href=\"https:\/\/www.budokampsport.se\/2012\/04\/13\/invagningarna-avklarade-nu-ar-det-nara\/\" \/>\n<meta property=\"og:locale\" content=\"sv_SE\" \/>\n<meta property=\"og:type\" content=\"article\" \/>\n<meta property=\"og:title\" content=\"Inv\u00e4gningarna avklarade - nu \u00e4r det n\u00e4ra - Svenska Budo &amp; Kampsportsf\u00f6rbundet\" \/>\n<meta property=\"og:description\" content=\"Globens ena kortsida var fylld med f\u00f6rv\u00e4ntansfulla fans. Uppskattningsvis 1500 personer f\u00f6ljde inv\u00e4gningarna till UFC och det var stundals h\u00f6g st\u00e4mning p\u00e5 l\u00e4ktarna.H\u00e4r kommer lite bilder fr\u00e5n inv\u00e4gningarna tagna av Jonathan Broberg\/Mona Lundkvist.\" \/>\n<meta property=\"og:url\" content=\"https:\/\/www.budokampsport.se\/2012\/04\/13\/invagningarna-avklarade-nu-ar-det-nara\/\" \/>\n<meta property=\"og:site_name\" content=\"Svenska Budo &amp; Kampsportsf\u00f6rbundet\" \/>\n<meta property=\"article:author\" content=\"https:\/\/www.facebook.com\/jonathan.broberg.7\" \/>\n<meta property=\"article:published_time\" content=\"2012-04-13T15:28:59+00:00\" \/>\n<meta property=\"article:modified_time\" content=\"2016-12-06T21:34:23+00:00\" \/>\n<meta name=\"author\" content=\"Jonathan Broberg\" \/>\n<meta name=\"twitter:card\" content=\"summary_large_image\" \/>\n<meta name=\"twitter:label1\" content=\"Skriven av\" \/>\n\t<meta name=\"twitter:data1\" content=\"Jonathan Broberg\" \/>\n\t<meta name=\"twitter:label2\" content=\"Ber\u00e4knad l\u00e4stid\" \/>\n\t<meta name=\"twitter:data2\" content=\"1 minut\" \/>\n<script type=\"application\/ld+json\" class=\"yoast-schema-graph\">{\"@context\":\"https:\/\/schema.org\",\"@graph\":[{\"@type\":\"Article\",\"@id\":\"https:\/\/www.budokampsport.se\/2012\/04\/13\/invagningarna-avklarade-nu-ar-det-nara\/#article\",\"isPartOf\":{\"@id\":\"https:\/\/www.budokampsport.se\/2012\/04\/13\/invagningarna-avklarade-nu-ar-det-nara\/\"},\"author\":{\"name\":\"Jonathan Broberg\",\"@id\":\"https:\/\/www.budokampsport.se\/#\/schema\/person\/5c06d81d14850e2a8ce5493386560145\"},\"headline\":\"Inv\u00e4gningarna avklarade &#8211; nu \u00e4r det n\u00e4ra\",\"datePublished\":\"2012-04-13T15:28:59+00:00\",\"dateModified\":\"2016-12-06T21:34:23+00:00\",\"mainEntityOfPage\":{\"@id\":\"https:\/\/www.budokampsport.se\/2012\/04\/13\/invagningarna-avklarade-nu-ar-det-nara\/\"},\"wordCount\":127,\"inLanguage\":\"sv-SE\"},{\"@type\":\"WebPage\",\"@id\":\"https:\/\/www.budokampsport.se\/2012\/04\/13\/invagningarna-avklarade-nu-ar-det-nara\/\",\"url\":\"https:\/\/www.budokampsport.se\/2012\/04\/13\/invagningarna-avklarade-nu-ar-det-nara\/\",\"name\":\"Inv\u00e4gningarna avklarade - nu \u00e4r det n\u00e4ra - Svenska Budo &amp; Kampsportsf\u00f6rbundet\",\"isPartOf\":{\"@id\":\"https:\/\/www.budokampsport.se\/#website\"},\"datePublished\":\"2012-04-13T15:28:59+00:00\",\"dateModified\":\"2016-12-06T21:34:23+00:00\",\"author\":{\"@id\":\"https:\/\/www.budokampsport.se\/#\/schema\/person\/5c06d81d14850e2a8ce5493386560145\"},\"description\":\"Globens ena kortsida var fylld med f\u00f6rv\u00e4ntansfulla fans. Uppskattningsvis 1500 personer f\u00f6ljde inv\u00e4gningarna till UFC och det var stundals h\u00f6g st\u00e4mning p\u00e5 l\u00e4ktarna.H\u00e4r kommer lite bilder fr\u00e5n inv\u00e4gningarna tagna av Jonathan Broberg\/Mona Lundkvist.\",\"breadcrumb\":{\"@id\":\"https:\/\/www.budokampsport.se\/2012\/04\/13\/invagningarna-avklarade-nu-ar-det-nara\/#breadcrumb\"},\"inLanguage\":\"sv-SE\",\"potentialAction\":[{\"@type\":\"ReadAction\",\"target\":[\"https:\/\/www.budokampsport.se\/2012\/04\/13\/invagningarna-avklarade-nu-ar-det-nara\/\"]}]},{\"@type\":\"BreadcrumbList\",\"@id\":\"https:\/\/www.budokampsport.se\/2012\/04\/13\/invagningarna-avklarade-nu-ar-det-nara\/#breadcrumb\",\"itemListElement\":[{\"@type\":\"ListItem\",\"position\":1,\"name\":\"Hem\",\"item\":\"https:\/\/www.budokampsport.se\/\"},{\"@type\":\"ListItem\",\"position\":2,\"name\":\"Inv\u00e4gningarna avklarade &#8211; nu \u00e4r det n\u00e4ra\"}]},{\"@type\":\"WebSite\",\"@id\":\"https:\/\/www.budokampsport.se\/#website\",\"url\":\"https:\/\/www.budokampsport.se\/\",\"name\":\"Svenska Budo &amp; Kampsportsf\u00f6rbundet\",\"description\":\"T\u00e4vling, Tr\u00e4ning, Tradition\",\"potentialAction\":[{\"@type\":\"SearchAction\",\"target\":{\"@type\":\"EntryPoint\",\"urlTemplate\":\"https:\/\/www.budokampsport.se\/?s={search_term_string}\"},\"query-input\":{\"@type\":\"PropertyValueSpecification\",\"valueRequired\":true,\"valueName\":\"search_term_string\"}}],\"inLanguage\":\"sv-SE\"},{\"@type\":\"Person\",\"@id\":\"https:\/\/www.budokampsport.se\/#\/schema\/person\/5c06d81d14850e2a8ce5493386560145\",\"name\":\"Jonathan Broberg\",\"image\":{\"@type\":\"ImageObject\",\"inLanguage\":\"sv-SE\",\"@id\":\"https:\/\/www.budokampsport.se\/#\/schema\/person\/image\/\",\"url\":\"https:\/\/secure.gravatar.com\/avatar\/a58041c6cea9128bd9c40ee2f26d4136?s=96&d=blank&r=g\",\"contentUrl\":\"https:\/\/secure.gravatar.com\/avatar\/a58041c6cea9128bd9c40ee2f26d4136?s=96&d=blank&r=g\",\"caption\":\"Jonathan Broberg\"},\"sameAs\":[\"https:\/\/www.facebook.com\/jonathan.broberg.7\"],\"url\":\"https:\/\/www.budokampsport.se\/author\/jonathan\/\"}]}<\/script>\n<!-- \/ Yoast SEO plugin. -->","yoast_head_json":{"title":"Inv\u00e4gningarna avklarade - nu \u00e4r det n\u00e4ra - Svenska Budo &amp; Kampsportsf\u00f6rbundet","description":"Globens ena kortsida var fylld med f\u00f6rv\u00e4ntansfulla fans. Uppskattningsvis 1500 personer f\u00f6ljde inv\u00e4gningarna till UFC och det var stundals h\u00f6g st\u00e4mning p\u00e5 l\u00e4ktarna.H\u00e4r kommer lite bilder fr\u00e5n inv\u00e4gningarna tagna av Jonathan Broberg\/Mona Lundkvist.","robots":{"index":"index","follow":"follow","max-snippet":"max-snippet:-1","max-image-preview":"max-image-preview:large","max-video-preview":"max-video-preview:-1"},"canonical":"https:\/\/www.budokampsport.se\/2012\/04\/13\/invagningarna-avklarade-nu-ar-det-nara\/","og_locale":"sv_SE","og_type":"article","og_title":"Inv\u00e4gningarna avklarade - nu \u00e4r det n\u00e4ra - Svenska Budo &amp; Kampsportsf\u00f6rbundet","og_description":"Globens ena kortsida var fylld med f\u00f6rv\u00e4ntansfulla fans. Uppskattningsvis 1500 personer f\u00f6ljde inv\u00e4gningarna till UFC och det var stundals h\u00f6g st\u00e4mning p\u00e5 l\u00e4ktarna.H\u00e4r kommer lite bilder fr\u00e5n inv\u00e4gningarna tagna av Jonathan Broberg\/Mona Lundkvist.","og_url":"https:\/\/www.budokampsport.se\/2012\/04\/13\/invagningarna-avklarade-nu-ar-det-nara\/","og_site_name":"Svenska Budo &amp; Kampsportsf\u00f6rbundet","article_author":"https:\/\/www.facebook.com\/jonathan.broberg.7","article_published_time":"2012-04-13T15:28:59+00:00","article_modified_time":"2016-12-06T21:34:23+00:00","author":"Jonathan Broberg","twitter_card":"summary_large_image","twitter_misc":{"Skriven av":"Jonathan Broberg","Ber\u00e4knad l\u00e4stid":"1 minut"},"schema":{"@context":"https:\/\/schema.org","@graph":[{"@type":"Article","@id":"https:\/\/www.budokampsport.se\/2012\/04\/13\/invagningarna-avklarade-nu-ar-det-nara\/#article","isPartOf":{"@id":"https:\/\/www.budokampsport.se\/2012\/04\/13\/invagningarna-avklarade-nu-ar-det-nara\/"},"author":{"name":"Jonathan Broberg","@id":"https:\/\/www.budokampsport.se\/#\/schema\/person\/5c06d81d14850e2a8ce5493386560145"},"headline":"Inv\u00e4gningarna avklarade &#8211; nu \u00e4r det n\u00e4ra","datePublished":"2012-04-13T15:28:59+00:00","dateModified":"2016-12-06T21:34:23+00:00","mainEntityOfPage":{"@id":"https:\/\/www.budokampsport.se\/2012\/04\/13\/invagningarna-avklarade-nu-ar-det-nara\/"},"wordCount":127,"inLanguage":"sv-SE"},{"@type":"WebPage","@id":"https:\/\/www.budokampsport.se\/2012\/04\/13\/invagningarna-avklarade-nu-ar-det-nara\/","url":"https:\/\/www.budokampsport.se\/2012\/04\/13\/invagningarna-avklarade-nu-ar-det-nara\/","name":"Inv\u00e4gningarna avklarade - nu \u00e4r det n\u00e4ra - Svenska Budo &amp; Kampsportsf\u00f6rbundet","isPartOf":{"@id":"https:\/\/www.budokampsport.se\/#website"},"datePublished":"2012-04-13T15:28:59+00:00","dateModified":"2016-12-06T21:34:23+00:00","author":{"@id":"https:\/\/www.budokampsport.se\/#\/schema\/person\/5c06d81d14850e2a8ce5493386560145"},"description":"Globens ena kortsida var fylld med f\u00f6rv\u00e4ntansfulla fans. Uppskattningsvis 1500 personer f\u00f6ljde inv\u00e4gningarna till UFC och det var stundals h\u00f6g st\u00e4mning p\u00e5 l\u00e4ktarna.H\u00e4r kommer lite bilder fr\u00e5n inv\u00e4gningarna tagna av Jonathan Broberg\/Mona Lundkvist.","breadcrumb":{"@id":"https:\/\/www.budokampsport.se\/2012\/04\/13\/invagningarna-avklarade-nu-ar-det-nara\/#breadcrumb"},"inLanguage":"sv-SE","potentialAction":[{"@type":"ReadAction","target":["https:\/\/www.budokampsport.se\/2012\/04\/13\/invagningarna-avklarade-nu-ar-det-nara\/"]}]},{"@type":"BreadcrumbList","@id":"https:\/\/www.budokampsport.se\/2012\/04\/13\/invagningarna-avklarade-nu-ar-det-nara\/#breadcrumb","itemListElement":[{"@type":"ListItem","position":1,"name":"Hem","item":"https:\/\/www.budokampsport.se\/"},{"@type":"ListItem","position":2,"name":"Inv\u00e4gningarna avklarade &#8211; nu \u00e4r det n\u00e4ra"}]},{"@type":"WebSite","@id":"https:\/\/www.budokampsport.se\/#website","url":"https:\/\/www.budokampsport.se\/","name":"Svenska Budo &amp; Kampsportsf\u00f6rbundet","description":"T\u00e4vling, Tr\u00e4ning, Tradition","potentialAction":[{"@type":"SearchAction","target":{"@type":"EntryPoint","urlTemplate":"https:\/\/www.budokampsport.se\/?s={search_term_string}"},"query-input":{"@type":"PropertyValueSpecification","valueRequired":true,"valueName":"search_term_string"}}],"inLanguage":"sv-SE"},{"@type":"Person","@id":"https:\/\/www.budokampsport.se\/#\/schema\/person\/5c06d81d14850e2a8ce5493386560145","name":"Jonathan Broberg","image":{"@type":"ImageObject","inLanguage":"sv-SE","@id":"https:\/\/www.budokampsport.se\/#\/schema\/person\/image\/","url":"https:\/\/secure.gravatar.com\/avatar\/a58041c6cea9128bd9c40ee2f26d4136?s=96&d=blank&r=g","contentUrl":"https:\/\/secure.gravatar.com\/avatar\/a58041c6cea9128bd9c40ee2f26d4136?s=96&d=blank&r=g","caption":"Jonathan Broberg"},"sameAs":["https:\/\/www.facebook.com\/jonathan.broberg.7"],"url":"https:\/\/www.budokampsport.se\/author\/jonathan\/"}]}},"_links":{"self":[{"href":"https:\/\/www.budokampsport.se\/api\/wp\/v2\/posts\/4178","targetHints":{"allow":["GET"]}}],"collection":[{"href":"https:\/\/www.budokampsport.se\/api\/wp\/v2\/posts"}],"about":[{"href":"https:\/\/www.budokampsport.se\/api\/wp\/v2\/types\/post"}],"author":[{"embeddable":true,"href":"https:\/\/www.budokampsport.se\/api\/wp\/v2\/users\/7"}],"replies":[{"embeddable":true,"href":"https:\/\/www.budokampsport.se\/api\/wp\/v2\/comments?post=4178"}],"version-history":[{"count":0,"href":"https:\/\/www.budokampsport.se\/api\/wp\/v2\/posts\/4178\/revisions"}],"wp:attachment":[{"href":"https:\/\/www.budokampsport.se\/api\/wp\/v2\/media?parent=4178"}],"wp:term":[{"taxonomy":"category","embeddable":true,"href":"https:\/\/www.budokampsport.se\/api\/wp\/v2\/categories?post=4178"},{"taxonomy":"post_tag","embeddable":true,"href":"https:\/\/www.budokampsport.se\/api\/wp\/v2\/tags?post=4178"}],"curies":[{"name":"wp","href":"https:\/\/api.w.org\/{rel}","templated":true}]}}