{"id":4180,"date":"2012-04-16T12:01:01","date_gmt":"2012-04-16T10:01:01","guid":{"rendered":"http:\/\/budo.wordpress.dev\/2012\/04\/16\/ny-jattekampsportsgala-till-globen\/"},"modified":"2016-12-06T22:34:23","modified_gmt":"2016-12-06T21:34:23","slug":"ny-jattekampsportsgala-till-globen","status":"publish","type":"post","link":"https:\/\/www.budokampsport.se\/2012\/04\/16\/ny-jattekampsportsgala-till-globen\/","title":{"rendered":"Ny j\u00e4ttekampsportsgala till Globen"},"content":{"rendered":"<p><P><STRONG><IMG alt=\"\" align=middle src=\"http:\/\/www.budokampsport.se\/sites\/default\/files\/gsi_bild_liggande.jpg\" width=435 height=312><BR>I l\u00f6rdags fyllde UFC Globen. Den 26:e maj kommer n\u00e4sta storgala och i blickf\u00e5nget en svensk j\u00e4ttetalang i Sanny Dahlbeck fr\u00e5n Stockholm och Alex T Harris fr\u00e5n G\u00f6teborg.<!--break--><\/STRONG><\/P> <P>Galan i Globen kommer inneh\u00e5lla matcher i b\u00e5de thaiboxning och MMA och g\u00e5r under namnet Glory first 16.<\/P> <P>Galan i Globen blir ett samarbete mellan Glory Sports International och Rumble of the kings och de matcher som redan \u00e4r inplanerade \u00e4r inga mindre \u00e4n dessa:<\/P> <P>1.) Giorgio Petrosyan (Italien) vs Fabio Pinca (Frankrike)<\/P> <P>2.) Max Vorovski (Estland) vs Sanny Dahlbeck (Sverige)<\/P> <P>3.) TBA (TBA) vs Dzhabar Askerov (Ryssland)<\/P> <P>4.) Ky Hollenback (USA) vs Michael Corley (USA)<\/P> <P>5.) Yoshiro Sato (Japan) vs Shemsi Beqiri (Switserland)<\/P> <P>6.) Dennis Schneidmiller (Tyskland) vs TBA (TBA)<\/P> <P>7.) Kem Sitsongpeenong (Thailand) vs Cosmo Alexandre (Brasil)<\/P> <P>8.) Albert Kraus (Nederl\u00e4nderna) vs Mohamed El Mir (Danmark)<\/P> <P>Muaythai Superfights:<\/P> <P>Vid sidan av utslagningsmatcherna i mellanvikt arrangeras \u00e4ven ett antal Super fights i modifierade thaiboxningsregler (liknande K-1:s regelverk) med flera internationella toppnamn.<\/P> <P>P\u00e5 matchlistan finns idag \u201cj\u00e4ttarnas kamp\u201d, som arrang\u00f6ren kallar den, ett m\u00f6te mellan Semmy Schilt och Errol Zimmerman. En matchning som ses av m\u00e5nga som en uppg\u00f6relse mellan de tv\u00e5 b\u00e4sta aktiva tungviktarna i nutid.<\/P> <P>N\u00e4sta Superfight st\u00e5r mellan Sveriges Alex Harris och K-1 Skandinaviska turneringsvinnaren \u00e5r 2006 Nieky Holzken i \u2013 76,0 kg.<\/P> <P>MMA Superfights:<\/P> <P>Kv\u00e4llen kommer \u00e4ven att inneh\u00e5lla ett par Super fights i MMA med bl.a. tungviktsstj\u00e4rnan Sergey Kharitonov.<\/P> <P>Fler matcher kommer att annonseras p\u00e5 evenemangets hemsida inom kort.<BR><BR>Text: Jonathan Broberg<\/P><\/p>\n","protected":false},"excerpt":{"rendered":"<p><P><STRONG><IMG alt=\"\" align=middle src=\"http:\/\/www.budokampsport.se\/sites\/default\/files\/gsi_bild_liggande.jpg\" width=435 height=312><BR>I l\u00f6rdags fyllde UFC Globen. Den 26:e maj kommer n\u00e4sta storgala och i blickf\u00e5nget en svensk j\u00e4ttetalang i Sanny Dahlbeck fr\u00e5n Stockholm och Alex T Harris fr\u00e5n G\u00f6teborg.<\/p><br>","protected":false},"author":7,"featured_media":0,"comment_status":"closed","ping_status":"closed","sticky":false,"template":"","format":"standard","meta":{"_acf_changed":false,"footnotes":""},"categories":[1],"tags":[],"class_list":["post-4180","post","type-post","status-publish","format-standard","hentry","category-okategoriserade"],"acf":[],"yoast_head":"<!-- This site is optimized with the Yoast SEO plugin v26.8 - https:\/\/yoast.com\/product\/yoast-seo-wordpress\/ -->\n<title>Ny j\u00e4ttekampsportsgala till Globen - Svenska Budo &amp; Kampsportsf\u00f6rbundet<\/title>\n<meta name=\"description\" content=\"I l\u00f6rdags fyllde UFC Globen. Den 26:e maj kommer n\u00e4sta storgala och i blickf\u00e5nget en svensk j\u00e4ttetalang i Sanny Dahlbeck fr\u00e5n Stockholm och Alex T Harris fr\u00e5n G\u00f6teborg.\" \/>\n<meta name=\"robots\" content=\"index, follow, max-snippet:-1, max-image-preview:large, max-video-preview:-1\" \/>\n<link rel=\"canonical\" href=\"https:\/\/www.budokampsport.se\/2012\/04\/16\/ny-jattekampsportsgala-till-globen\/\" \/>\n<meta property=\"og:locale\" content=\"sv_SE\" \/>\n<meta property=\"og:type\" content=\"article\" \/>\n<meta property=\"og:title\" content=\"Ny j\u00e4ttekampsportsgala till Globen - Svenska Budo &amp; Kampsportsf\u00f6rbundet\" \/>\n<meta property=\"og:description\" content=\"I l\u00f6rdags fyllde UFC Globen. Den 26:e maj kommer n\u00e4sta storgala och i blickf\u00e5nget en svensk j\u00e4ttetalang i Sanny Dahlbeck fr\u00e5n Stockholm och Alex T Harris fr\u00e5n G\u00f6teborg.\" \/>\n<meta property=\"og:url\" content=\"https:\/\/www.budokampsport.se\/2012\/04\/16\/ny-jattekampsportsgala-till-globen\/\" \/>\n<meta property=\"og:site_name\" content=\"Svenska Budo &amp; Kampsportsf\u00f6rbundet\" \/>\n<meta property=\"article:author\" content=\"https:\/\/www.facebook.com\/jonathan.broberg.7\" \/>\n<meta property=\"article:published_time\" content=\"2012-04-16T10:01:01+00:00\" \/>\n<meta property=\"article:modified_time\" content=\"2016-12-06T21:34:23+00:00\" \/>\n<meta name=\"author\" content=\"Jonathan Broberg\" \/>\n<meta name=\"twitter:card\" content=\"summary_large_image\" \/>\n<meta name=\"twitter:label1\" content=\"Skriven av\" \/>\n\t<meta name=\"twitter:data1\" content=\"Jonathan Broberg\" \/>\n\t<meta name=\"twitter:label2\" content=\"Ber\u00e4knad l\u00e4stid\" \/>\n\t<meta name=\"twitter:data2\" content=\"1 minut\" \/>\n<script type=\"application\/ld+json\" class=\"yoast-schema-graph\">{\"@context\":\"https:\/\/schema.org\",\"@graph\":[{\"@type\":\"Article\",\"@id\":\"https:\/\/www.budokampsport.se\/2012\/04\/16\/ny-jattekampsportsgala-till-globen\/#article\",\"isPartOf\":{\"@id\":\"https:\/\/www.budokampsport.se\/2012\/04\/16\/ny-jattekampsportsgala-till-globen\/\"},\"author\":{\"name\":\"Jonathan Broberg\",\"@id\":\"https:\/\/www.budokampsport.se\/#\/schema\/person\/5c06d81d14850e2a8ce5493386560145\"},\"headline\":\"Ny j\u00e4ttekampsportsgala till Globen\",\"datePublished\":\"2012-04-16T10:01:01+00:00\",\"dateModified\":\"2016-12-06T21:34:23+00:00\",\"mainEntityOfPage\":{\"@id\":\"https:\/\/www.budokampsport.se\/2012\/04\/16\/ny-jattekampsportsgala-till-globen\/\"},\"wordCount\":262,\"inLanguage\":\"sv-SE\"},{\"@type\":\"WebPage\",\"@id\":\"https:\/\/www.budokampsport.se\/2012\/04\/16\/ny-jattekampsportsgala-till-globen\/\",\"url\":\"https:\/\/www.budokampsport.se\/2012\/04\/16\/ny-jattekampsportsgala-till-globen\/\",\"name\":\"Ny j\u00e4ttekampsportsgala till Globen - Svenska Budo &amp; Kampsportsf\u00f6rbundet\",\"isPartOf\":{\"@id\":\"https:\/\/www.budokampsport.se\/#website\"},\"datePublished\":\"2012-04-16T10:01:01+00:00\",\"dateModified\":\"2016-12-06T21:34:23+00:00\",\"author\":{\"@id\":\"https:\/\/www.budokampsport.se\/#\/schema\/person\/5c06d81d14850e2a8ce5493386560145\"},\"description\":\"I l\u00f6rdags fyllde UFC Globen. Den 26:e maj kommer n\u00e4sta storgala och i blickf\u00e5nget en svensk j\u00e4ttetalang i Sanny Dahlbeck fr\u00e5n Stockholm och Alex T Harris fr\u00e5n G\u00f6teborg.\",\"breadcrumb\":{\"@id\":\"https:\/\/www.budokampsport.se\/2012\/04\/16\/ny-jattekampsportsgala-till-globen\/#breadcrumb\"},\"inLanguage\":\"sv-SE\",\"potentialAction\":[{\"@type\":\"ReadAction\",\"target\":[\"https:\/\/www.budokampsport.se\/2012\/04\/16\/ny-jattekampsportsgala-till-globen\/\"]}]},{\"@type\":\"BreadcrumbList\",\"@id\":\"https:\/\/www.budokampsport.se\/2012\/04\/16\/ny-jattekampsportsgala-till-globen\/#breadcrumb\",\"itemListElement\":[{\"@type\":\"ListItem\",\"position\":1,\"name\":\"Hem\",\"item\":\"https:\/\/www.budokampsport.se\/\"},{\"@type\":\"ListItem\",\"position\":2,\"name\":\"Ny j\u00e4ttekampsportsgala till Globen\"}]},{\"@type\":\"WebSite\",\"@id\":\"https:\/\/www.budokampsport.se\/#website\",\"url\":\"https:\/\/www.budokampsport.se\/\",\"name\":\"Svenska Budo &amp; Kampsportsf\u00f6rbundet\",\"description\":\"T\u00e4vling, Tr\u00e4ning, Tradition\",\"potentialAction\":[{\"@type\":\"SearchAction\",\"target\":{\"@type\":\"EntryPoint\",\"urlTemplate\":\"https:\/\/www.budokampsport.se\/?s={search_term_string}\"},\"query-input\":{\"@type\":\"PropertyValueSpecification\",\"valueRequired\":true,\"valueName\":\"search_term_string\"}}],\"inLanguage\":\"sv-SE\"},{\"@type\":\"Person\",\"@id\":\"https:\/\/www.budokampsport.se\/#\/schema\/person\/5c06d81d14850e2a8ce5493386560145\",\"name\":\"Jonathan Broberg\",\"image\":{\"@type\":\"ImageObject\",\"inLanguage\":\"sv-SE\",\"@id\":\"https:\/\/www.budokampsport.se\/#\/schema\/person\/image\/\",\"url\":\"https:\/\/secure.gravatar.com\/avatar\/a58041c6cea9128bd9c40ee2f26d4136?s=96&d=blank&r=g\",\"contentUrl\":\"https:\/\/secure.gravatar.com\/avatar\/a58041c6cea9128bd9c40ee2f26d4136?s=96&d=blank&r=g\",\"caption\":\"Jonathan Broberg\"},\"sameAs\":[\"https:\/\/www.facebook.com\/jonathan.broberg.7\"],\"url\":\"https:\/\/www.budokampsport.se\/author\/jonathan\/\"}]}<\/script>\n<!-- \/ Yoast SEO plugin. -->","yoast_head_json":{"title":"Ny j\u00e4ttekampsportsgala till Globen - Svenska Budo &amp; Kampsportsf\u00f6rbundet","description":"I l\u00f6rdags fyllde UFC Globen. Den 26:e maj kommer n\u00e4sta storgala och i blickf\u00e5nget en svensk j\u00e4ttetalang i Sanny Dahlbeck fr\u00e5n Stockholm och Alex T Harris fr\u00e5n G\u00f6teborg.","robots":{"index":"index","follow":"follow","max-snippet":"max-snippet:-1","max-image-preview":"max-image-preview:large","max-video-preview":"max-video-preview:-1"},"canonical":"https:\/\/www.budokampsport.se\/2012\/04\/16\/ny-jattekampsportsgala-till-globen\/","og_locale":"sv_SE","og_type":"article","og_title":"Ny j\u00e4ttekampsportsgala till Globen - Svenska Budo &amp; Kampsportsf\u00f6rbundet","og_description":"I l\u00f6rdags fyllde UFC Globen. Den 26:e maj kommer n\u00e4sta storgala och i blickf\u00e5nget en svensk j\u00e4ttetalang i Sanny Dahlbeck fr\u00e5n Stockholm och Alex T Harris fr\u00e5n G\u00f6teborg.","og_url":"https:\/\/www.budokampsport.se\/2012\/04\/16\/ny-jattekampsportsgala-till-globen\/","og_site_name":"Svenska Budo &amp; Kampsportsf\u00f6rbundet","article_author":"https:\/\/www.facebook.com\/jonathan.broberg.7","article_published_time":"2012-04-16T10:01:01+00:00","article_modified_time":"2016-12-06T21:34:23+00:00","author":"Jonathan Broberg","twitter_card":"summary_large_image","twitter_misc":{"Skriven av":"Jonathan Broberg","Ber\u00e4knad l\u00e4stid":"1 minut"},"schema":{"@context":"https:\/\/schema.org","@graph":[{"@type":"Article","@id":"https:\/\/www.budokampsport.se\/2012\/04\/16\/ny-jattekampsportsgala-till-globen\/#article","isPartOf":{"@id":"https:\/\/www.budokampsport.se\/2012\/04\/16\/ny-jattekampsportsgala-till-globen\/"},"author":{"name":"Jonathan Broberg","@id":"https:\/\/www.budokampsport.se\/#\/schema\/person\/5c06d81d14850e2a8ce5493386560145"},"headline":"Ny j\u00e4ttekampsportsgala till Globen","datePublished":"2012-04-16T10:01:01+00:00","dateModified":"2016-12-06T21:34:23+00:00","mainEntityOfPage":{"@id":"https:\/\/www.budokampsport.se\/2012\/04\/16\/ny-jattekampsportsgala-till-globen\/"},"wordCount":262,"inLanguage":"sv-SE"},{"@type":"WebPage","@id":"https:\/\/www.budokampsport.se\/2012\/04\/16\/ny-jattekampsportsgala-till-globen\/","url":"https:\/\/www.budokampsport.se\/2012\/04\/16\/ny-jattekampsportsgala-till-globen\/","name":"Ny j\u00e4ttekampsportsgala till Globen - Svenska Budo &amp; Kampsportsf\u00f6rbundet","isPartOf":{"@id":"https:\/\/www.budokampsport.se\/#website"},"datePublished":"2012-04-16T10:01:01+00:00","dateModified":"2016-12-06T21:34:23+00:00","author":{"@id":"https:\/\/www.budokampsport.se\/#\/schema\/person\/5c06d81d14850e2a8ce5493386560145"},"description":"I l\u00f6rdags fyllde UFC Globen. Den 26:e maj kommer n\u00e4sta storgala och i blickf\u00e5nget en svensk j\u00e4ttetalang i Sanny Dahlbeck fr\u00e5n Stockholm och Alex T Harris fr\u00e5n G\u00f6teborg.","breadcrumb":{"@id":"https:\/\/www.budokampsport.se\/2012\/04\/16\/ny-jattekampsportsgala-till-globen\/#breadcrumb"},"inLanguage":"sv-SE","potentialAction":[{"@type":"ReadAction","target":["https:\/\/www.budokampsport.se\/2012\/04\/16\/ny-jattekampsportsgala-till-globen\/"]}]},{"@type":"BreadcrumbList","@id":"https:\/\/www.budokampsport.se\/2012\/04\/16\/ny-jattekampsportsgala-till-globen\/#breadcrumb","itemListElement":[{"@type":"ListItem","position":1,"name":"Hem","item":"https:\/\/www.budokampsport.se\/"},{"@type":"ListItem","position":2,"name":"Ny j\u00e4ttekampsportsgala till Globen"}]},{"@type":"WebSite","@id":"https:\/\/www.budokampsport.se\/#website","url":"https:\/\/www.budokampsport.se\/","name":"Svenska Budo &amp; Kampsportsf\u00f6rbundet","description":"T\u00e4vling, Tr\u00e4ning, Tradition","potentialAction":[{"@type":"SearchAction","target":{"@type":"EntryPoint","urlTemplate":"https:\/\/www.budokampsport.se\/?s={search_term_string}"},"query-input":{"@type":"PropertyValueSpecification","valueRequired":true,"valueName":"search_term_string"}}],"inLanguage":"sv-SE"},{"@type":"Person","@id":"https:\/\/www.budokampsport.se\/#\/schema\/person\/5c06d81d14850e2a8ce5493386560145","name":"Jonathan Broberg","image":{"@type":"ImageObject","inLanguage":"sv-SE","@id":"https:\/\/www.budokampsport.se\/#\/schema\/person\/image\/","url":"https:\/\/secure.gravatar.com\/avatar\/a58041c6cea9128bd9c40ee2f26d4136?s=96&d=blank&r=g","contentUrl":"https:\/\/secure.gravatar.com\/avatar\/a58041c6cea9128bd9c40ee2f26d4136?s=96&d=blank&r=g","caption":"Jonathan Broberg"},"sameAs":["https:\/\/www.facebook.com\/jonathan.broberg.7"],"url":"https:\/\/www.budokampsport.se\/author\/jonathan\/"}]}},"_links":{"self":[{"href":"https:\/\/www.budokampsport.se\/api\/wp\/v2\/posts\/4180","targetHints":{"allow":["GET"]}}],"collection":[{"href":"https:\/\/www.budokampsport.se\/api\/wp\/v2\/posts"}],"about":[{"href":"https:\/\/www.budokampsport.se\/api\/wp\/v2\/types\/post"}],"author":[{"embeddable":true,"href":"https:\/\/www.budokampsport.se\/api\/wp\/v2\/users\/7"}],"replies":[{"embeddable":true,"href":"https:\/\/www.budokampsport.se\/api\/wp\/v2\/comments?post=4180"}],"version-history":[{"count":0,"href":"https:\/\/www.budokampsport.se\/api\/wp\/v2\/posts\/4180\/revisions"}],"wp:attachment":[{"href":"https:\/\/www.budokampsport.se\/api\/wp\/v2\/media?parent=4180"}],"wp:term":[{"taxonomy":"category","embeddable":true,"href":"https:\/\/www.budokampsport.se\/api\/wp\/v2\/categories?post=4180"},{"taxonomy":"post_tag","embeddable":true,"href":"https:\/\/www.budokampsport.se\/api\/wp\/v2\/tags?post=4180"}],"curies":[{"name":"wp","href":"https:\/\/api.w.org\/{rel}","templated":true}]}}