{"id":4193,"date":"2012-04-23T11:32:26","date_gmt":"2012-04-23T09:32:26","guid":{"rendered":"http:\/\/budo.wordpress.dev\/2012\/04\/23\/efter-ufc-sa-tror-kampsportsexperter-om-dess-paverkan\/"},"modified":"2017-01-27T09:13:00","modified_gmt":"2017-01-27T08:13:00","slug":"efter-ufc-sa-tror-kampsportsexperter-om-dess-paverkan","status":"publish","type":"post","link":"https:\/\/www.budokampsport.se\/2012\/04\/23\/efter-ufc-sa-tror-kampsportsexperter-om-dess-paverkan\/","title":{"rendered":"Efter UFC \u2013 s\u00e5 tror kampsportsexperter om dess p\u00e5verkan"},"content":{"rendered":"<p><strong><br \/>\nUFC l\u00e4mnade ett tomrum efter sig, men vad organisationens ankomst till Sverige verkligen kommer att betyda \u00e4r kampsportsmedierna eniga om:<br \/>\n&#8211; Jag som har f\u00f6ljt sportens utveckling i Sverige fr\u00e5n b\u00f6rjan \u00e4r otroligt glad \u00f6ver det mottagande som det nu fick och att vi har en ny svensk superstj\u00e4rna och framtida titelutmanare i Alexander Gustafsson, skriver Fighter Magazines chefsredakt\u00f6r Marko Gyllenland.<!--break--><\/strong><\/p>\n<p>Att UFC betydde mycket f\u00f6r kampsporten i Sverige r\u00e5der det knappast n\u00e5got tvivel om. Men f\u00f6r att f\u00e5 lite mer inblick i vad det faktiskt rent konkret kan betyda tog vi hj\u00e4lp av experter.<\/p>\n<p>Budokampsport.se bad tre kampsportsredakt\u00f6rer att svara p\u00e5 vad de tror UFC kommer att betyda.<\/p>\n<p><strong>Kaveh Sabeghi,en av grundarna\u00a0av\u00a0kimura.se<\/strong><br \/>\n<em><img loading=\"lazy\" decoding=\"async\" src=\"http:\/\/www.budokampsport.se\/sites\/default\/files\/kaveh.jpg\" alt=\"\" width=\"125\" height=\"116\" align=\"right\" \/>\u201dTack vare UFC ankomst till Sverige s\u00e5 har mainstream media b\u00f6rjat prata om MMA. D\u00e5 \u00e4r det b\u00e5de positiva och negativa artiklar men hela tiden s\u00e5 byggs det fler och fler argument och fler och fler blir utbildade. Folk som tolkat sporten som rena misshandeln kommer efter ett tag att bli mildare i sin syn och till\u00e5ta sig sj\u00e4lv att f\u00f6rst\u00e5 teknik och de atletiska prestationerna som finns i sporten. Precis som vilken annan sport som helst s\u00e5 kr\u00e4ver den 14 tr\u00e4ningspass i veckan f\u00f6r ett proffs, den inneh\u00e5ller skador, blod, fusk, historia, utveckling etc. <\/em><\/p>\n<p><em>Ju fler g\u00e5nger UFC kommer till Sverige och kr\u00e4ver en viss vinkling som de gjort s\u00e5 kommer fler medier att skriva om det jag n\u00e4mnde ovan, det sporten kr\u00e4ver av en proffs fighter f\u00f6r att lyckas. Vi ska inte sticka under stolen med att det \u00e4r media som v\u00e4ldigt mycket styr v\u00e5r syn p\u00e5 saker och ting, och det kommer vara media som kommer hj\u00e4lpa MMA att v\u00e4xa.\u201d<\/em><\/p>\n<p><strong>Martin Johansson, grundare och chefsredakt\u00f6r MMANytt.se<br \/>\n<\/strong><em>\u201dFr\u00e5gan \u00e4r ganska sv\u00e5r, men allt pekar p\u00e5 att det kommer bli en positiv utveckling f\u00f6r intresset av kampsporten, fr\u00e4mst MMA. Det roliga med just<br \/>\nUFC: Sweden var att jag hade fler v\u00e4nner som aldrig varit intresserad av MMA tidigare p\u00e5 plats f\u00f6r att se galan, \u00e4n av de som \u00e4r intresserade, vilket givetvis tyder p\u00e5 att det blir mer och mer accepterat hos allm\u00e4nheten.<\/em><\/p>\n<p><em>Att det samtidigt fick ett enormt genomslag i antal artiklar i tidningar som Aftonbladet, Expressen, p\u00e5 TV4 och annan bredmedia \u00e4r f\u00f6rst\u00e5s stort. En annan po\u00e4ng som vi kampsportsintresserade lyckades s\u00e4tta \u00e4r att vi i grund och botten tvingade dit media. De hade egentligen inte riktigt t\u00e4nkt rapportera om det h\u00e4r, men n\u00e4r galan s\u00e5lde slut p\u00e5 3 timmar s\u00e5 stannade de till, t\u00e4nkte f\u00f6r sig sj\u00e4lva och sa &#8220;hoppsan, det fanns visst ett intresse h\u00e4r och vi har bara pratat illa om sporten hittills. Det \u00e4r b\u00e4st vi g\u00f6r en riktig rapport f\u00f6r att se vad det h\u00e4r.&#8221;<\/em><\/p>\n<p><em><img loading=\"lazy\" decoding=\"async\" src=\"http:\/\/www.budokampsport.se\/sites\/default\/files\/martin.jpg\" alt=\"\" width=\"435\" height=\"289\" align=\"middle\" \/><\/p>\n<p>Drygt tv\u00e5 veckor innan galan skedde s\u00e5 h\u00f6ll Svenska MMA-f\u00f6rbundet ett introduktionsseminarium f\u00f6r journalister d\u00e4r de presenterade vad sporten var, vad den inneh\u00f6ll och vilka det faktiskt \u00e4r som f\u00f6ljer sporten. Flera av de som var p\u00e5 plats under seminariet befann sig sedan \u00e4ven p\u00e5 pressbordet i arenan f\u00f6r att se galan live. N\u00e4r jag pratade med dem innan galan s\u00e5 var flera av dem fortfarande ganska skeptiska till det hela, men n\u00e4r galan var \u00f6ver s\u00e5g man p\u00e5 deras ansikten att det h\u00e4r var bland det b\u00e4sta de upplevt. De kunde d\u00e4remot inte teknikerna, de hade sv\u00e5rt att se n\u00e4r n\u00e5gon l\u00e5g i \u00f6verl\u00e4ge, men de gjorde sitt b\u00e4sta \u00e4nd\u00e5. S\u00e5 \u00e4r det f\u00f6r alla &#8220;nyb\u00f6rjare&#8221; inom den h\u00e4r sporten, men de s\u00f6kte sin egen utbildning och jag s\u00e5g att ett par av dem f\u00f6ljde min live-rapportering i sina laptops under galans g\u00e5ng. Samtidigt s\u00e5 ppl\u00e5derade de, dom rycktes med i ett heja p\u00e5 svenskarna och helt enkelt trivdes.<\/em><\/p>\n<p><em>P\u00e5 ett kort perspektiv har det h\u00e4r varit den enskilt viktigaste h\u00e4ndelsen sedan MMA blev lagligt i Sverige under 2007. P\u00e5 l\u00e5ngsiktig h\u00e5ll s\u00e5 var det h\u00e4r punkten n\u00e4r MMA blev rent, blev en folklig sport och det var den h\u00e4r punkten man kan mer och mer b\u00f6rja prata \u00f6ppet om att man \u00e4r ett MMA-fan. Det var h\u00e4r vi fick med journalisterna i bredmedia, och det \u00e4r fr\u00e5n den h\u00e4r punkten som vi kan b\u00f6rja anse sporten som mainstream.\u201d<\/em><\/p>\n<p><strong>Marko Gyllenland, chefsredakt\u00f6r\u00a0Fighter Magazine<\/strong><br \/>\n<em>\u201dUFC ant\u00e5g f\u00e5r stor betydelse f\u00f6r sporten, garanterat.<br \/>\nDet \u00e4r bara att se hur media \u00e4ndrat sin syn p\u00e5 MMA p\u00e5 kort tid och simultant. Det \u00e4r flera \u00e5rs h\u00e5rt arbete av flera personer\u00a0 som gjort detta m\u00f6jligt. Tidigare artiklar om d\u00f6dsgalor etc \u00e4r ett minne blott och prestationerna hamnar p\u00e5 sportsidorna ist\u00e4llet f\u00f6r p\u00e5 n\u00f6jessidorna. Det dr\u00f6jer v\u00e4l inte l\u00e4nge f\u00f6rr\u00e4n skvallerpressen f\u00f6ljer efter och b\u00f6rjar skriva om Alex, Reza, Magnus och alla andra som f\u00e5tt t\u00e4vla i den h\u00f6gsta ligan och om deras privatliv.<\/p>\n<p>Sk\u00e4mt \u00e5sido. Men det faktum att Globen hade publikrekord och att det var en s\u00e5dan grym st\u00e4mning p\u00e5 l\u00e4ktarna samtidigt som det inte syntes n\u00e5gra poliser betyder att sporten \u00e4r h\u00e4r f\u00f6r att stanna. UFC kommer tillbaka kanske redan i h\u00f6st med en ny gala. Jag tror inte detta var nyhetens behag, jag tror n\u00e4sta gala s\u00e4ljer slut \u00e4nnu fortare. Alla som var d\u00e4r kommer vilja g\u00e5 igen och alla deras kompisar som inte var d\u00e4r kommer ocks\u00e5 att vilja g\u00e5. Fr\u00e5gan \u00e4r om UFC inte skulle kunna g\u00f6ra en Bruce Springsten och boka in flera datum p\u00e5 varandra, de skulle mycket v\u00e4l kunna fylla Globen p\u00e5 l\u00f6rdag och sen p\u00e5 s\u00f6ndag igen. Allting finns ju d\u00e4r redan.<\/em><\/p>\n<p><em><img loading=\"lazy\" decoding=\"async\" src=\"http:\/\/www.budokampsport.se\/sites\/default\/files\/marko.jpg\" alt=\"\" width=\"430\" height=\"286\" align=\"middle\" \/><\/p>\n<p>Jag som har f\u00f6ljt sportens utveckling i Sverige fr\u00e5n b\u00f6rjan \u00e4r otroligt glad \u00f6ver det mottagande som det nu fick och att vi har en ny svensk superstj\u00e4rna och framtida titelutmanare i Alexander Gustafsson.<\/p>\n<p>Redan p\u00e5 m\u00e5ndagen kunde vi p\u00e5 passet ursk\u00f6nja en &#8220;Alexander-effekt&#8221; d\u00e5 vi hade en handfull nya medlemmar som ville komma och tr\u00e4na MMA, bland dem tv\u00e5 12-\u00e5riga tjejer. S\u00e5 visst betyder UFC:s ankomst mycket f\u00f6r svensk MMA. Att vi nu har f\u00e5tt fix-stj\u00e4rnor inom MMA betyder bara att fler kommer att f\u00f6lja i deras fotsp\u00e5r. Det inspirerar.<\/p>\n<p>I punktform:<br \/>\n&#8211; Accepterat av media<br \/>\n&#8211; Fortsatt rapportering fr\u00e5n t\u00e4vlingar<br \/>\n&#8211; F\u00f6rst\u00e5else av sporten av allm\u00e4nheten<br \/>\n&#8211; Flera fans och flera \u00e5sk\u00e5dare p\u00e5 t\u00e4vlingarna<br \/>\n&#8211; St\u00f6rre intresse f\u00f6r att tr\u00e4na MMA<br \/>\n&#8211; Fler medlemmar p\u00e5 sikt<\/p>\n<p>Jag hoppas denna boom h\u00e5ller i sig ett antal \u00e5r fram\u00f6ver och att MMA blir lika popul\u00e4rt och l\u00e4tt tillg\u00e4ngligt att f\u00f6lja som fotboll eller hockey.<\/em><\/p>\n<p><em>Utvecklingen g\u00e5r snabbt fram\u00e5t de senaste \u00e5ren och kvalit\u00e9n kommer att \u00f6ka kraftigt de kommande \u00e5ran. Jag bevittnade en amat\u00f6rt\u00e4vling i shootfighting nyligen d\u00e4r till och med debutanterna s\u00e5g vassa ut. Det b\u00e5dar f\u00f6r en stark tillv\u00e4xt i de egna leden. Med den infrastruktur med f\u00f6reningar och f\u00f6rbund vi har i Sverige och med den kunskap som finns hos svenska instrukt\u00f6rer s\u00e5 kommer vi inom n\u00e5gra \u00e5r kunna f\u00e5 fram atleter av v\u00e4rldsklass. Det har vi kunnat visa i alla m\u00f6jliga idrotter trots att vi har s\u00e5 f\u00e5 inv\u00e5nare i landet. S\u00e5 som det ser ut nu s\u00e5 tror jag att vi kan f\u00e5 fram \u00e4nnu fler framtida MMA-stj\u00e4rnor.&#8221;<\/em><\/p>\n<p><strong>Budokampsport.se ber att f\u00e5 tacka ovanst\u00e5ende \u00f6dmjukast f\u00f6r kloka och djupa analyser.<\/strong><\/p>\n<p>Text: Jonathan Broberg<\/p>\n","protected":false},"excerpt":{"rendered":"<p><P><STRONG><IMG alt=\"\" align=middle src=\"http:\/\/www.budokampsport.se\/sites\/default\/files\/ufc.gif\" width=435 height=290><BR>UFC l\u00e4mnade ett tomrum efter sig, men vad organisationens ankomst till Sverige verkligen kommer att betyda \u00e4r kampsportsmedierna eniga om: <BR>\u00a0\u00a0 &#8211; Jag som har f\u00f6ljt sportens utveckling i Sverige fr\u00e5n b\u00f6rjan \u00e4r otroligt glad \u00f6ver det mottagande som det nu fick och att vi har en ny svensk superstj\u00e4rna och framtida titelutmanare i Alexander Gustafsson, skriver Fighter Magazines chefsredakt\u00f6r Marko Gyllenland.<\/p><br>","protected":false},"author":7,"featured_media":0,"comment_status":"closed","ping_status":"closed","sticky":false,"template":"","format":"standard","meta":{"_acf_changed":false,"footnotes":""},"categories":[1],"tags":[],"class_list":["post-4193","post","type-post","status-publish","format-standard","hentry","category-okategoriserade"],"acf":[],"yoast_head":"<!-- This site is optimized with the Yoast SEO plugin v26.8 - https:\/\/yoast.com\/product\/yoast-seo-wordpress\/ -->\n<title>Efter UFC \u2013 s\u00e5 tror kampsportsexperter om dess p\u00e5verkan - Svenska Budo &amp; Kampsportsf\u00f6rbundet<\/title>\n<meta name=\"description\" content=\"UFC l\u00e4mnade ett tomrum efter sig, men vad organisationens ankomst till Sverige verkligen kommer att betyda \u00e4r kampsportsmedierna eniga om: \u00a0\u00a0 - Jag som har f\u00f6ljt sportens utveckling i Sverige fr\u00e5n b\u00f6rjan \u00e4r otroligt glad \u00f6ver det mottagande som det nu fick och att vi har en ny svensk superstj\u00e4rna och framtida titelutmanare i Alexander Gustafsson, skriver Fighter Magazines chefsredakt\u00f6r Marko Gyllenland.\" \/>\n<meta name=\"robots\" content=\"index, follow, max-snippet:-1, max-image-preview:large, max-video-preview:-1\" \/>\n<link rel=\"canonical\" href=\"https:\/\/www.budokampsport.se\/2012\/04\/23\/efter-ufc-sa-tror-kampsportsexperter-om-dess-paverkan\/\" \/>\n<meta property=\"og:locale\" content=\"sv_SE\" \/>\n<meta property=\"og:type\" content=\"article\" \/>\n<meta property=\"og:title\" content=\"Efter UFC \u2013 s\u00e5 tror kampsportsexperter om dess p\u00e5verkan - Svenska Budo &amp; Kampsportsf\u00f6rbundet\" \/>\n<meta property=\"og:description\" content=\"UFC l\u00e4mnade ett tomrum efter sig, men vad organisationens ankomst till Sverige verkligen kommer att betyda \u00e4r kampsportsmedierna eniga om: \u00a0\u00a0 - Jag som har f\u00f6ljt sportens utveckling i Sverige fr\u00e5n b\u00f6rjan \u00e4r otroligt glad \u00f6ver det mottagande som det nu fick och att vi har en ny svensk superstj\u00e4rna och framtida titelutmanare i Alexander Gustafsson, skriver Fighter Magazines chefsredakt\u00f6r Marko Gyllenland.\" \/>\n<meta property=\"og:url\" content=\"https:\/\/www.budokampsport.se\/2012\/04\/23\/efter-ufc-sa-tror-kampsportsexperter-om-dess-paverkan\/\" \/>\n<meta property=\"og:site_name\" content=\"Svenska Budo &amp; Kampsportsf\u00f6rbundet\" \/>\n<meta property=\"article:author\" content=\"https:\/\/www.facebook.com\/jonathan.broberg.7\" \/>\n<meta property=\"article:published_time\" content=\"2012-04-23T09:32:26+00:00\" \/>\n<meta property=\"article:modified_time\" content=\"2017-01-27T08:13:00+00:00\" \/>\n<meta property=\"og:image\" content=\"http:\/\/www.budokampsport.se\/sites\/default\/files\/kaveh.jpg\" \/>\n<meta name=\"author\" content=\"Jonathan Broberg\" \/>\n<meta name=\"twitter:card\" content=\"summary_large_image\" \/>\n<meta name=\"twitter:label1\" content=\"Skriven av\" \/>\n\t<meta name=\"twitter:data1\" content=\"Jonathan Broberg\" \/>\n\t<meta name=\"twitter:label2\" content=\"Ber\u00e4knad l\u00e4stid\" \/>\n\t<meta name=\"twitter:data2\" content=\"7 minuter\" \/>\n<script type=\"application\/ld+json\" class=\"yoast-schema-graph\">{\"@context\":\"https:\/\/schema.org\",\"@graph\":[{\"@type\":\"Article\",\"@id\":\"https:\/\/www.budokampsport.se\/2012\/04\/23\/efter-ufc-sa-tror-kampsportsexperter-om-dess-paverkan\/#article\",\"isPartOf\":{\"@id\":\"https:\/\/www.budokampsport.se\/2012\/04\/23\/efter-ufc-sa-tror-kampsportsexperter-om-dess-paverkan\/\"},\"author\":{\"name\":\"Jonathan Broberg\",\"@id\":\"https:\/\/www.budokampsport.se\/#\/schema\/person\/5c06d81d14850e2a8ce5493386560145\"},\"headline\":\"Efter UFC \u2013 s\u00e5 tror kampsportsexperter om dess p\u00e5verkan\",\"datePublished\":\"2012-04-23T09:32:26+00:00\",\"dateModified\":\"2017-01-27T08:13:00+00:00\",\"mainEntityOfPage\":{\"@id\":\"https:\/\/www.budokampsport.se\/2012\/04\/23\/efter-ufc-sa-tror-kampsportsexperter-om-dess-paverkan\/\"},\"wordCount\":1367,\"image\":{\"@id\":\"https:\/\/www.budokampsport.se\/2012\/04\/23\/efter-ufc-sa-tror-kampsportsexperter-om-dess-paverkan\/#primaryimage\"},\"thumbnailUrl\":\"http:\/\/www.budokampsport.se\/sites\/default\/files\/kaveh.jpg\",\"inLanguage\":\"sv-SE\"},{\"@type\":\"WebPage\",\"@id\":\"https:\/\/www.budokampsport.se\/2012\/04\/23\/efter-ufc-sa-tror-kampsportsexperter-om-dess-paverkan\/\",\"url\":\"https:\/\/www.budokampsport.se\/2012\/04\/23\/efter-ufc-sa-tror-kampsportsexperter-om-dess-paverkan\/\",\"name\":\"Efter UFC \u2013 s\u00e5 tror kampsportsexperter om dess p\u00e5verkan - Svenska Budo &amp; Kampsportsf\u00f6rbundet\",\"isPartOf\":{\"@id\":\"https:\/\/www.budokampsport.se\/#website\"},\"primaryImageOfPage\":{\"@id\":\"https:\/\/www.budokampsport.se\/2012\/04\/23\/efter-ufc-sa-tror-kampsportsexperter-om-dess-paverkan\/#primaryimage\"},\"image\":{\"@id\":\"https:\/\/www.budokampsport.se\/2012\/04\/23\/efter-ufc-sa-tror-kampsportsexperter-om-dess-paverkan\/#primaryimage\"},\"thumbnailUrl\":\"http:\/\/www.budokampsport.se\/sites\/default\/files\/kaveh.jpg\",\"datePublished\":\"2012-04-23T09:32:26+00:00\",\"dateModified\":\"2017-01-27T08:13:00+00:00\",\"author\":{\"@id\":\"https:\/\/www.budokampsport.se\/#\/schema\/person\/5c06d81d14850e2a8ce5493386560145\"},\"description\":\"UFC l\u00e4mnade ett tomrum efter sig, men vad organisationens ankomst till Sverige verkligen kommer att betyda \u00e4r kampsportsmedierna eniga om: \u00a0\u00a0 - Jag som har f\u00f6ljt sportens utveckling i Sverige fr\u00e5n b\u00f6rjan \u00e4r otroligt glad \u00f6ver det mottagande som det nu fick och att vi har en ny svensk superstj\u00e4rna och framtida titelutmanare i Alexander Gustafsson, skriver Fighter Magazines chefsredakt\u00f6r Marko Gyllenland.\",\"breadcrumb\":{\"@id\":\"https:\/\/www.budokampsport.se\/2012\/04\/23\/efter-ufc-sa-tror-kampsportsexperter-om-dess-paverkan\/#breadcrumb\"},\"inLanguage\":\"sv-SE\",\"potentialAction\":[{\"@type\":\"ReadAction\",\"target\":[\"https:\/\/www.budokampsport.se\/2012\/04\/23\/efter-ufc-sa-tror-kampsportsexperter-om-dess-paverkan\/\"]}]},{\"@type\":\"ImageObject\",\"inLanguage\":\"sv-SE\",\"@id\":\"https:\/\/www.budokampsport.se\/2012\/04\/23\/efter-ufc-sa-tror-kampsportsexperter-om-dess-paverkan\/#primaryimage\",\"url\":\"http:\/\/www.budokampsport.se\/sites\/default\/files\/kaveh.jpg\",\"contentUrl\":\"http:\/\/www.budokampsport.se\/sites\/default\/files\/kaveh.jpg\"},{\"@type\":\"BreadcrumbList\",\"@id\":\"https:\/\/www.budokampsport.se\/2012\/04\/23\/efter-ufc-sa-tror-kampsportsexperter-om-dess-paverkan\/#breadcrumb\",\"itemListElement\":[{\"@type\":\"ListItem\",\"position\":1,\"name\":\"Hem\",\"item\":\"https:\/\/www.budokampsport.se\/\"},{\"@type\":\"ListItem\",\"position\":2,\"name\":\"Efter UFC \u2013 s\u00e5 tror kampsportsexperter om dess p\u00e5verkan\"}]},{\"@type\":\"WebSite\",\"@id\":\"https:\/\/www.budokampsport.se\/#website\",\"url\":\"https:\/\/www.budokampsport.se\/\",\"name\":\"Svenska Budo &amp; Kampsportsf\u00f6rbundet\",\"description\":\"T\u00e4vling, Tr\u00e4ning, Tradition\",\"potentialAction\":[{\"@type\":\"SearchAction\",\"target\":{\"@type\":\"EntryPoint\",\"urlTemplate\":\"https:\/\/www.budokampsport.se\/?s={search_term_string}\"},\"query-input\":{\"@type\":\"PropertyValueSpecification\",\"valueRequired\":true,\"valueName\":\"search_term_string\"}}],\"inLanguage\":\"sv-SE\"},{\"@type\":\"Person\",\"@id\":\"https:\/\/www.budokampsport.se\/#\/schema\/person\/5c06d81d14850e2a8ce5493386560145\",\"name\":\"Jonathan Broberg\",\"image\":{\"@type\":\"ImageObject\",\"inLanguage\":\"sv-SE\",\"@id\":\"https:\/\/www.budokampsport.se\/#\/schema\/person\/image\/\",\"url\":\"https:\/\/secure.gravatar.com\/avatar\/a58041c6cea9128bd9c40ee2f26d4136?s=96&d=blank&r=g\",\"contentUrl\":\"https:\/\/secure.gravatar.com\/avatar\/a58041c6cea9128bd9c40ee2f26d4136?s=96&d=blank&r=g\",\"caption\":\"Jonathan Broberg\"},\"sameAs\":[\"https:\/\/www.facebook.com\/jonathan.broberg.7\"],\"url\":\"https:\/\/www.budokampsport.se\/author\/jonathan\/\"}]}<\/script>\n<!-- \/ Yoast SEO plugin. -->","yoast_head_json":{"title":"Efter UFC \u2013 s\u00e5 tror kampsportsexperter om dess p\u00e5verkan - Svenska Budo &amp; Kampsportsf\u00f6rbundet","description":"UFC l\u00e4mnade ett tomrum efter sig, men vad organisationens ankomst till Sverige verkligen kommer att betyda \u00e4r kampsportsmedierna eniga om: \u00a0\u00a0 - Jag som har f\u00f6ljt sportens utveckling i Sverige fr\u00e5n b\u00f6rjan \u00e4r otroligt glad \u00f6ver det mottagande som det nu fick och att vi har en ny svensk superstj\u00e4rna och framtida titelutmanare i Alexander Gustafsson, skriver Fighter Magazines chefsredakt\u00f6r Marko Gyllenland.","robots":{"index":"index","follow":"follow","max-snippet":"max-snippet:-1","max-image-preview":"max-image-preview:large","max-video-preview":"max-video-preview:-1"},"canonical":"https:\/\/www.budokampsport.se\/2012\/04\/23\/efter-ufc-sa-tror-kampsportsexperter-om-dess-paverkan\/","og_locale":"sv_SE","og_type":"article","og_title":"Efter UFC \u2013 s\u00e5 tror kampsportsexperter om dess p\u00e5verkan - Svenska Budo &amp; Kampsportsf\u00f6rbundet","og_description":"UFC l\u00e4mnade ett tomrum efter sig, men vad organisationens ankomst till Sverige verkligen kommer att betyda \u00e4r kampsportsmedierna eniga om: \u00a0\u00a0 - Jag som har f\u00f6ljt sportens utveckling i Sverige fr\u00e5n b\u00f6rjan \u00e4r otroligt glad \u00f6ver det mottagande som det nu fick och att vi har en ny svensk superstj\u00e4rna och framtida titelutmanare i Alexander Gustafsson, skriver Fighter Magazines chefsredakt\u00f6r Marko Gyllenland.","og_url":"https:\/\/www.budokampsport.se\/2012\/04\/23\/efter-ufc-sa-tror-kampsportsexperter-om-dess-paverkan\/","og_site_name":"Svenska Budo &amp; Kampsportsf\u00f6rbundet","article_author":"https:\/\/www.facebook.com\/jonathan.broberg.7","article_published_time":"2012-04-23T09:32:26+00:00","article_modified_time":"2017-01-27T08:13:00+00:00","og_image":[{"url":"http:\/\/www.budokampsport.se\/sites\/default\/files\/kaveh.jpg","type":"","width":"","height":""}],"author":"Jonathan Broberg","twitter_card":"summary_large_image","twitter_misc":{"Skriven av":"Jonathan Broberg","Ber\u00e4knad l\u00e4stid":"7 minuter"},"schema":{"@context":"https:\/\/schema.org","@graph":[{"@type":"Article","@id":"https:\/\/www.budokampsport.se\/2012\/04\/23\/efter-ufc-sa-tror-kampsportsexperter-om-dess-paverkan\/#article","isPartOf":{"@id":"https:\/\/www.budokampsport.se\/2012\/04\/23\/efter-ufc-sa-tror-kampsportsexperter-om-dess-paverkan\/"},"author":{"name":"Jonathan Broberg","@id":"https:\/\/www.budokampsport.se\/#\/schema\/person\/5c06d81d14850e2a8ce5493386560145"},"headline":"Efter UFC \u2013 s\u00e5 tror kampsportsexperter om dess p\u00e5verkan","datePublished":"2012-04-23T09:32:26+00:00","dateModified":"2017-01-27T08:13:00+00:00","mainEntityOfPage":{"@id":"https:\/\/www.budokampsport.se\/2012\/04\/23\/efter-ufc-sa-tror-kampsportsexperter-om-dess-paverkan\/"},"wordCount":1367,"image":{"@id":"https:\/\/www.budokampsport.se\/2012\/04\/23\/efter-ufc-sa-tror-kampsportsexperter-om-dess-paverkan\/#primaryimage"},"thumbnailUrl":"http:\/\/www.budokampsport.se\/sites\/default\/files\/kaveh.jpg","inLanguage":"sv-SE"},{"@type":"WebPage","@id":"https:\/\/www.budokampsport.se\/2012\/04\/23\/efter-ufc-sa-tror-kampsportsexperter-om-dess-paverkan\/","url":"https:\/\/www.budokampsport.se\/2012\/04\/23\/efter-ufc-sa-tror-kampsportsexperter-om-dess-paverkan\/","name":"Efter UFC \u2013 s\u00e5 tror kampsportsexperter om dess p\u00e5verkan - Svenska Budo &amp; Kampsportsf\u00f6rbundet","isPartOf":{"@id":"https:\/\/www.budokampsport.se\/#website"},"primaryImageOfPage":{"@id":"https:\/\/www.budokampsport.se\/2012\/04\/23\/efter-ufc-sa-tror-kampsportsexperter-om-dess-paverkan\/#primaryimage"},"image":{"@id":"https:\/\/www.budokampsport.se\/2012\/04\/23\/efter-ufc-sa-tror-kampsportsexperter-om-dess-paverkan\/#primaryimage"},"thumbnailUrl":"http:\/\/www.budokampsport.se\/sites\/default\/files\/kaveh.jpg","datePublished":"2012-04-23T09:32:26+00:00","dateModified":"2017-01-27T08:13:00+00:00","author":{"@id":"https:\/\/www.budokampsport.se\/#\/schema\/person\/5c06d81d14850e2a8ce5493386560145"},"description":"UFC l\u00e4mnade ett tomrum efter sig, men vad organisationens ankomst till Sverige verkligen kommer att betyda \u00e4r kampsportsmedierna eniga om: \u00a0\u00a0 - Jag som har f\u00f6ljt sportens utveckling i Sverige fr\u00e5n b\u00f6rjan \u00e4r otroligt glad \u00f6ver det mottagande som det nu fick och att vi har en ny svensk superstj\u00e4rna och framtida titelutmanare i Alexander Gustafsson, skriver Fighter Magazines chefsredakt\u00f6r Marko Gyllenland.","breadcrumb":{"@id":"https:\/\/www.budokampsport.se\/2012\/04\/23\/efter-ufc-sa-tror-kampsportsexperter-om-dess-paverkan\/#breadcrumb"},"inLanguage":"sv-SE","potentialAction":[{"@type":"ReadAction","target":["https:\/\/www.budokampsport.se\/2012\/04\/23\/efter-ufc-sa-tror-kampsportsexperter-om-dess-paverkan\/"]}]},{"@type":"ImageObject","inLanguage":"sv-SE","@id":"https:\/\/www.budokampsport.se\/2012\/04\/23\/efter-ufc-sa-tror-kampsportsexperter-om-dess-paverkan\/#primaryimage","url":"http:\/\/www.budokampsport.se\/sites\/default\/files\/kaveh.jpg","contentUrl":"http:\/\/www.budokampsport.se\/sites\/default\/files\/kaveh.jpg"},{"@type":"BreadcrumbList","@id":"https:\/\/www.budokampsport.se\/2012\/04\/23\/efter-ufc-sa-tror-kampsportsexperter-om-dess-paverkan\/#breadcrumb","itemListElement":[{"@type":"ListItem","position":1,"name":"Hem","item":"https:\/\/www.budokampsport.se\/"},{"@type":"ListItem","position":2,"name":"Efter UFC \u2013 s\u00e5 tror kampsportsexperter om dess p\u00e5verkan"}]},{"@type":"WebSite","@id":"https:\/\/www.budokampsport.se\/#website","url":"https:\/\/www.budokampsport.se\/","name":"Svenska Budo &amp; Kampsportsf\u00f6rbundet","description":"T\u00e4vling, Tr\u00e4ning, Tradition","potentialAction":[{"@type":"SearchAction","target":{"@type":"EntryPoint","urlTemplate":"https:\/\/www.budokampsport.se\/?s={search_term_string}"},"query-input":{"@type":"PropertyValueSpecification","valueRequired":true,"valueName":"search_term_string"}}],"inLanguage":"sv-SE"},{"@type":"Person","@id":"https:\/\/www.budokampsport.se\/#\/schema\/person\/5c06d81d14850e2a8ce5493386560145","name":"Jonathan Broberg","image":{"@type":"ImageObject","inLanguage":"sv-SE","@id":"https:\/\/www.budokampsport.se\/#\/schema\/person\/image\/","url":"https:\/\/secure.gravatar.com\/avatar\/a58041c6cea9128bd9c40ee2f26d4136?s=96&d=blank&r=g","contentUrl":"https:\/\/secure.gravatar.com\/avatar\/a58041c6cea9128bd9c40ee2f26d4136?s=96&d=blank&r=g","caption":"Jonathan Broberg"},"sameAs":["https:\/\/www.facebook.com\/jonathan.broberg.7"],"url":"https:\/\/www.budokampsport.se\/author\/jonathan\/"}]}},"_links":{"self":[{"href":"https:\/\/www.budokampsport.se\/api\/wp\/v2\/posts\/4193","targetHints":{"allow":["GET"]}}],"collection":[{"href":"https:\/\/www.budokampsport.se\/api\/wp\/v2\/posts"}],"about":[{"href":"https:\/\/www.budokampsport.se\/api\/wp\/v2\/types\/post"}],"author":[{"embeddable":true,"href":"https:\/\/www.budokampsport.se\/api\/wp\/v2\/users\/7"}],"replies":[{"embeddable":true,"href":"https:\/\/www.budokampsport.se\/api\/wp\/v2\/comments?post=4193"}],"version-history":[{"count":0,"href":"https:\/\/www.budokampsport.se\/api\/wp\/v2\/posts\/4193\/revisions"}],"wp:attachment":[{"href":"https:\/\/www.budokampsport.se\/api\/wp\/v2\/media?parent=4193"}],"wp:term":[{"taxonomy":"category","embeddable":true,"href":"https:\/\/www.budokampsport.se\/api\/wp\/v2\/categories?post=4193"},{"taxonomy":"post_tag","embeddable":true,"href":"https:\/\/www.budokampsport.se\/api\/wp\/v2\/tags?post=4193"}],"curies":[{"name":"wp","href":"https:\/\/api.w.org\/{rel}","templated":true}]}}