{"id":41931,"date":"2017-03-20T13:59:42","date_gmt":"2017-03-20T12:59:42","guid":{"rendered":"http:\/\/www.budokampsport.se\/?p=41931"},"modified":"2017-03-20T13:59:42","modified_gmt":"2017-03-20T12:59:42","slug":"sofia-olofsson-om-nomineringarna-till-kampsportsgalan","status":"publish","type":"post","link":"https:\/\/www.budokampsport.se\/2017\/03\/20\/sofia-olofsson-om-nomineringarna-till-kampsportsgalan\/","title":{"rendered":"Sofia Olofsson om nomineringarna till Kampsportsgalan"},"content":{"rendered":"<p>Sofia Olofsson \u00e4r nominerad i tre kategorier, \u00c5rets m\u00e4starinna, \u00c5rets kampsportare och Folkets pris \u2013 guldtsuban.<\/p>\n<p>Olofsson hade 2016 ett fantastiskt \u00e5r med VM-guld och tv\u00e5 internationella proffstitlar, och blev dessutom utsedd av World Games till \u201dAthlete of the year\u201d.<br \/>\n-Att folk tycker det jag g\u00f6r \u00e4r bra \u00e4r alltid kul f\u00f6r ens ego liksom. Jag var med p\u00e5 Kampsportsgalan f\u00f6rsta g\u00e5ngen f\u00f6rra \u00e5ret, och det var ju riktigt kul och fint inramat, samt att jag vann tv\u00e5 priser. I \u00e5r \u00e4r det roligt att v\u00e5r klubb Odenplan fightgym \u00e4r nominerade ocks\u00e5. Samt Patricia Axling, hon har ju ocks\u00e5 haft ett bra 2016.<\/p>\n<figure id=\"attachment_41933\" aria-describedby=\"caption-attachment-41933\" style=\"width: 850px\" class=\"wp-caption aligncenter\"><a href=\"http:\/\/www.budokampsport.se\/wp-content\/uploads\/2017\/03\/sofia_olofsson.jpg\"><img loading=\"lazy\" decoding=\"async\" class=\"size-full wp-image-41933\" src=\"http:\/\/www.budokampsport.se\/wp-content\/uploads\/2017\/03\/sofia_olofsson.jpg\" alt=\"\" width=\"850\" height=\"567\" srcset=\"https:\/\/www.budokampsport.se\/wp-content\/uploads\/2017\/03\/sofia_olofsson.jpg 850w, https:\/\/www.budokampsport.se\/wp-content\/uploads\/2017\/03\/sofia_olofsson-600x400.jpg 600w, https:\/\/www.budokampsport.se\/wp-content\/uploads\/2017\/03\/sofia_olofsson-278x185.jpg 278w, https:\/\/www.budokampsport.se\/wp-content\/uploads\/2017\/03\/sofia_olofsson-376x251.jpg 376w, https:\/\/www.budokampsport.se\/wp-content\/uploads\/2017\/03\/sofia_olofsson-847x565.jpg 847w, https:\/\/www.budokampsport.se\/wp-content\/uploads\/2017\/03\/sofia_olofsson-572x382.jpg 572w\" sizes=\"auto, (max-width: 850px) 100vw, 850px\" \/><\/a><figcaption id=\"caption-attachment-41933\" class=\"wp-caption-text\">Foto: Hamid Ershad Sarabi<\/figcaption><\/figure>\n<p>Text och rubrikfoto: Jonathan Broberg<\/p>\n","protected":false},"excerpt":{"rendered":"<p>P\u00e5 l\u00f6rdag \u00e4r det \u00e5terigen dags f\u00f6r Kampsportsgalan p\u00e5 Berns salonger i Stockholm. Galan \u00e4r sedan l\u00e4nge sluts\u00e5ld och en som ser fram emot kv\u00e4llen \u00e4r thaiboxningsstj\u00e4rnan Sofia Olofsson.<br \/><br>&#8211; Jag var med p\u00e5 Kampsportsgalan f\u00f6rsta g\u00e5ngen f\u00f6rra \u00e5ret, och det var ju riktigt kul och fint inramat, samt att jag vann tv\u00e5 priser, s\u00e4ger hon till budokampsport.se.<\/p><br>","protected":false},"author":7,"featured_media":37312,"comment_status":"open","ping_status":"open","sticky":false,"template":"","format":"standard","meta":{"_acf_changed":false,"footnotes":""},"categories":[1],"tags":[],"class_list":["post-41931","post","type-post","status-publish","format-standard","has-post-thumbnail","hentry","category-okategoriserade"],"acf":[],"yoast_head":"<!-- This site is optimized with the Yoast SEO plugin v26.8 - https:\/\/yoast.com\/product\/yoast-seo-wordpress\/ -->\n<title>Sofia Olofsson om nomineringarna till Kampsportsgalan - Svenska Budo &amp; Kampsportsf\u00f6rbundet<\/title>\n<meta name=\"description\" content=\"P\u00e5 l\u00f6rdag \u00e4r det \u00e5terigen dags f\u00f6r Kampsportsgalan p\u00e5 Berns salonger i Stockholm. Galan \u00e4r sedan l\u00e4nge sluts\u00e5ld och en som ser fram emot kv\u00e4llen \u00e4r thaiboxningsstj\u00e4rnan Sofia Olofsson. - Jag var med p\u00e5 Kampsportsgalan f\u00f6rsta g\u00e5ngen f\u00f6rra \u00e5ret, och det var ju riktigt kul och fint inramat, samt att jag vann tv\u00e5 priser, s\u00e4ger hon till budokampsport.se.\" \/>\n<meta name=\"robots\" content=\"index, follow, max-snippet:-1, max-image-preview:large, max-video-preview:-1\" \/>\n<link rel=\"canonical\" href=\"https:\/\/www.budokampsport.se\/2017\/03\/20\/sofia-olofsson-om-nomineringarna-till-kampsportsgalan\/\" \/>\n<meta property=\"og:locale\" content=\"sv_SE\" \/>\n<meta property=\"og:type\" content=\"article\" \/>\n<meta property=\"og:title\" content=\"Sofia Olofsson om nomineringarna till Kampsportsgalan - Svenska Budo &amp; Kampsportsf\u00f6rbundet\" \/>\n<meta property=\"og:description\" content=\"P\u00e5 l\u00f6rdag \u00e4r det \u00e5terigen dags f\u00f6r Kampsportsgalan p\u00e5 Berns salonger i Stockholm. Galan \u00e4r sedan l\u00e4nge sluts\u00e5ld och en som ser fram emot kv\u00e4llen \u00e4r thaiboxningsstj\u00e4rnan Sofia Olofsson. - Jag var med p\u00e5 Kampsportsgalan f\u00f6rsta g\u00e5ngen f\u00f6rra \u00e5ret, och det var ju riktigt kul och fint inramat, samt att jag vann tv\u00e5 priser, s\u00e4ger hon till budokampsport.se.\" \/>\n<meta property=\"og:url\" content=\"https:\/\/www.budokampsport.se\/2017\/03\/20\/sofia-olofsson-om-nomineringarna-till-kampsportsgalan\/\" \/>\n<meta property=\"og:site_name\" content=\"Svenska Budo &amp; Kampsportsf\u00f6rbundet\" \/>\n<meta property=\"article:author\" content=\"https:\/\/www.facebook.com\/jonathan.broberg.7\" \/>\n<meta property=\"article:published_time\" content=\"2017-03-20T12:59:42+00:00\" \/>\n<meta property=\"og:image\" content=\"https:\/\/www.budokampsport.se\/wp-content\/uploads\/2017\/01\/sofia_olofsson.jpg\" \/>\n\t<meta property=\"og:image:width\" content=\"850\" \/>\n\t<meta property=\"og:image:height\" content=\"567\" \/>\n\t<meta property=\"og:image:type\" content=\"image\/jpeg\" \/>\n<meta name=\"author\" content=\"Jonathan Broberg\" \/>\n<meta name=\"twitter:card\" content=\"summary_large_image\" \/>\n<meta name=\"twitter:label1\" content=\"Skriven av\" \/>\n\t<meta name=\"twitter:data1\" content=\"Jonathan Broberg\" \/>\n\t<meta name=\"twitter:label2\" content=\"Ber\u00e4knad l\u00e4stid\" \/>\n\t<meta name=\"twitter:data2\" content=\"1 minut\" \/>\n<script type=\"application\/ld+json\" class=\"yoast-schema-graph\">{\"@context\":\"https:\/\/schema.org\",\"@graph\":[{\"@type\":\"Article\",\"@id\":\"https:\/\/www.budokampsport.se\/2017\/03\/20\/sofia-olofsson-om-nomineringarna-till-kampsportsgalan\/#article\",\"isPartOf\":{\"@id\":\"https:\/\/www.budokampsport.se\/2017\/03\/20\/sofia-olofsson-om-nomineringarna-till-kampsportsgalan\/\"},\"author\":{\"name\":\"Jonathan Broberg\",\"@id\":\"https:\/\/www.budokampsport.se\/#\/schema\/person\/5c06d81d14850e2a8ce5493386560145\"},\"headline\":\"Sofia Olofsson om nomineringarna till Kampsportsgalan\",\"datePublished\":\"2017-03-20T12:59:42+00:00\",\"mainEntityOfPage\":{\"@id\":\"https:\/\/www.budokampsport.se\/2017\/03\/20\/sofia-olofsson-om-nomineringarna-till-kampsportsgalan\/\"},\"wordCount\":129,\"commentCount\":0,\"image\":{\"@id\":\"https:\/\/www.budokampsport.se\/2017\/03\/20\/sofia-olofsson-om-nomineringarna-till-kampsportsgalan\/#primaryimage\"},\"thumbnailUrl\":\"https:\/\/www.budokampsport.se\/wp-content\/uploads\/2017\/01\/sofia_olofsson.jpg\",\"inLanguage\":\"sv-SE\",\"potentialAction\":[{\"@type\":\"CommentAction\",\"name\":\"Comment\",\"target\":[\"https:\/\/www.budokampsport.se\/2017\/03\/20\/sofia-olofsson-om-nomineringarna-till-kampsportsgalan\/#respond\"]}]},{\"@type\":\"WebPage\",\"@id\":\"https:\/\/www.budokampsport.se\/2017\/03\/20\/sofia-olofsson-om-nomineringarna-till-kampsportsgalan\/\",\"url\":\"https:\/\/www.budokampsport.se\/2017\/03\/20\/sofia-olofsson-om-nomineringarna-till-kampsportsgalan\/\",\"name\":\"Sofia Olofsson om nomineringarna till Kampsportsgalan - Svenska Budo &amp; Kampsportsf\u00f6rbundet\",\"isPartOf\":{\"@id\":\"https:\/\/www.budokampsport.se\/#website\"},\"primaryImageOfPage\":{\"@id\":\"https:\/\/www.budokampsport.se\/2017\/03\/20\/sofia-olofsson-om-nomineringarna-till-kampsportsgalan\/#primaryimage\"},\"image\":{\"@id\":\"https:\/\/www.budokampsport.se\/2017\/03\/20\/sofia-olofsson-om-nomineringarna-till-kampsportsgalan\/#primaryimage\"},\"thumbnailUrl\":\"https:\/\/www.budokampsport.se\/wp-content\/uploads\/2017\/01\/sofia_olofsson.jpg\",\"datePublished\":\"2017-03-20T12:59:42+00:00\",\"author\":{\"@id\":\"https:\/\/www.budokampsport.se\/#\/schema\/person\/5c06d81d14850e2a8ce5493386560145\"},\"description\":\"P\u00e5 l\u00f6rdag \u00e4r det \u00e5terigen dags f\u00f6r Kampsportsgalan p\u00e5 Berns salonger i Stockholm. Galan \u00e4r sedan l\u00e4nge sluts\u00e5ld och en som ser fram emot kv\u00e4llen \u00e4r thaiboxningsstj\u00e4rnan Sofia Olofsson. - Jag var med p\u00e5 Kampsportsgalan f\u00f6rsta g\u00e5ngen f\u00f6rra \u00e5ret, och det var ju riktigt kul och fint inramat, samt att jag vann tv\u00e5 priser, s\u00e4ger hon till budokampsport.se.\",\"breadcrumb\":{\"@id\":\"https:\/\/www.budokampsport.se\/2017\/03\/20\/sofia-olofsson-om-nomineringarna-till-kampsportsgalan\/#breadcrumb\"},\"inLanguage\":\"sv-SE\",\"potentialAction\":[{\"@type\":\"ReadAction\",\"target\":[\"https:\/\/www.budokampsport.se\/2017\/03\/20\/sofia-olofsson-om-nomineringarna-till-kampsportsgalan\/\"]}]},{\"@type\":\"ImageObject\",\"inLanguage\":\"sv-SE\",\"@id\":\"https:\/\/www.budokampsport.se\/2017\/03\/20\/sofia-olofsson-om-nomineringarna-till-kampsportsgalan\/#primaryimage\",\"url\":\"https:\/\/www.budokampsport.se\/wp-content\/uploads\/2017\/01\/sofia_olofsson.jpg\",\"contentUrl\":\"https:\/\/www.budokampsport.se\/wp-content\/uploads\/2017\/01\/sofia_olofsson.jpg\",\"width\":850,\"height\":567,\"caption\":\"Foto: Jonathan Broberg\"},{\"@type\":\"BreadcrumbList\",\"@id\":\"https:\/\/www.budokampsport.se\/2017\/03\/20\/sofia-olofsson-om-nomineringarna-till-kampsportsgalan\/#breadcrumb\",\"itemListElement\":[{\"@type\":\"ListItem\",\"position\":1,\"name\":\"Hem\",\"item\":\"https:\/\/www.budokampsport.se\/\"},{\"@type\":\"ListItem\",\"position\":2,\"name\":\"Sofia Olofsson om nomineringarna till Kampsportsgalan\"}]},{\"@type\":\"WebSite\",\"@id\":\"https:\/\/www.budokampsport.se\/#website\",\"url\":\"https:\/\/www.budokampsport.se\/\",\"name\":\"Svenska Budo &amp; Kampsportsf\u00f6rbundet\",\"description\":\"T\u00e4vling, Tr\u00e4ning, Tradition\",\"potentialAction\":[{\"@type\":\"SearchAction\",\"target\":{\"@type\":\"EntryPoint\",\"urlTemplate\":\"https:\/\/www.budokampsport.se\/?s={search_term_string}\"},\"query-input\":{\"@type\":\"PropertyValueSpecification\",\"valueRequired\":true,\"valueName\":\"search_term_string\"}}],\"inLanguage\":\"sv-SE\"},{\"@type\":\"Person\",\"@id\":\"https:\/\/www.budokampsport.se\/#\/schema\/person\/5c06d81d14850e2a8ce5493386560145\",\"name\":\"Jonathan Broberg\",\"image\":{\"@type\":\"ImageObject\",\"inLanguage\":\"sv-SE\",\"@id\":\"https:\/\/www.budokampsport.se\/#\/schema\/person\/image\/\",\"url\":\"https:\/\/secure.gravatar.com\/avatar\/a58041c6cea9128bd9c40ee2f26d4136?s=96&d=blank&r=g\",\"contentUrl\":\"https:\/\/secure.gravatar.com\/avatar\/a58041c6cea9128bd9c40ee2f26d4136?s=96&d=blank&r=g\",\"caption\":\"Jonathan Broberg\"},\"sameAs\":[\"https:\/\/www.facebook.com\/jonathan.broberg.7\"],\"url\":\"https:\/\/www.budokampsport.se\/author\/jonathan\/\"}]}<\/script>\n<!-- \/ Yoast SEO plugin. -->","yoast_head_json":{"title":"Sofia Olofsson om nomineringarna till Kampsportsgalan - Svenska Budo &amp; Kampsportsf\u00f6rbundet","description":"P\u00e5 l\u00f6rdag \u00e4r det \u00e5terigen dags f\u00f6r Kampsportsgalan p\u00e5 Berns salonger i Stockholm. Galan \u00e4r sedan l\u00e4nge sluts\u00e5ld och en som ser fram emot kv\u00e4llen \u00e4r thaiboxningsstj\u00e4rnan Sofia Olofsson. - Jag var med p\u00e5 Kampsportsgalan f\u00f6rsta g\u00e5ngen f\u00f6rra \u00e5ret, och det var ju riktigt kul och fint inramat, samt att jag vann tv\u00e5 priser, s\u00e4ger hon till budokampsport.se.","robots":{"index":"index","follow":"follow","max-snippet":"max-snippet:-1","max-image-preview":"max-image-preview:large","max-video-preview":"max-video-preview:-1"},"canonical":"https:\/\/www.budokampsport.se\/2017\/03\/20\/sofia-olofsson-om-nomineringarna-till-kampsportsgalan\/","og_locale":"sv_SE","og_type":"article","og_title":"Sofia Olofsson om nomineringarna till Kampsportsgalan - Svenska Budo &amp; Kampsportsf\u00f6rbundet","og_description":"P\u00e5 l\u00f6rdag \u00e4r det \u00e5terigen dags f\u00f6r Kampsportsgalan p\u00e5 Berns salonger i Stockholm. Galan \u00e4r sedan l\u00e4nge sluts\u00e5ld och en som ser fram emot kv\u00e4llen \u00e4r thaiboxningsstj\u00e4rnan Sofia Olofsson. - Jag var med p\u00e5 Kampsportsgalan f\u00f6rsta g\u00e5ngen f\u00f6rra \u00e5ret, och det var ju riktigt kul och fint inramat, samt att jag vann tv\u00e5 priser, s\u00e4ger hon till budokampsport.se.","og_url":"https:\/\/www.budokampsport.se\/2017\/03\/20\/sofia-olofsson-om-nomineringarna-till-kampsportsgalan\/","og_site_name":"Svenska Budo &amp; Kampsportsf\u00f6rbundet","article_author":"https:\/\/www.facebook.com\/jonathan.broberg.7","article_published_time":"2017-03-20T12:59:42+00:00","og_image":[{"width":850,"height":567,"url":"https:\/\/www.budokampsport.se\/wp-content\/uploads\/2017\/01\/sofia_olofsson.jpg","type":"image\/jpeg"}],"author":"Jonathan Broberg","twitter_card":"summary_large_image","twitter_misc":{"Skriven av":"Jonathan Broberg","Ber\u00e4knad l\u00e4stid":"1 minut"},"schema":{"@context":"https:\/\/schema.org","@graph":[{"@type":"Article","@id":"https:\/\/www.budokampsport.se\/2017\/03\/20\/sofia-olofsson-om-nomineringarna-till-kampsportsgalan\/#article","isPartOf":{"@id":"https:\/\/www.budokampsport.se\/2017\/03\/20\/sofia-olofsson-om-nomineringarna-till-kampsportsgalan\/"},"author":{"name":"Jonathan Broberg","@id":"https:\/\/www.budokampsport.se\/#\/schema\/person\/5c06d81d14850e2a8ce5493386560145"},"headline":"Sofia Olofsson om nomineringarna till Kampsportsgalan","datePublished":"2017-03-20T12:59:42+00:00","mainEntityOfPage":{"@id":"https:\/\/www.budokampsport.se\/2017\/03\/20\/sofia-olofsson-om-nomineringarna-till-kampsportsgalan\/"},"wordCount":129,"commentCount":0,"image":{"@id":"https:\/\/www.budokampsport.se\/2017\/03\/20\/sofia-olofsson-om-nomineringarna-till-kampsportsgalan\/#primaryimage"},"thumbnailUrl":"https:\/\/www.budokampsport.se\/wp-content\/uploads\/2017\/01\/sofia_olofsson.jpg","inLanguage":"sv-SE","potentialAction":[{"@type":"CommentAction","name":"Comment","target":["https:\/\/www.budokampsport.se\/2017\/03\/20\/sofia-olofsson-om-nomineringarna-till-kampsportsgalan\/#respond"]}]},{"@type":"WebPage","@id":"https:\/\/www.budokampsport.se\/2017\/03\/20\/sofia-olofsson-om-nomineringarna-till-kampsportsgalan\/","url":"https:\/\/www.budokampsport.se\/2017\/03\/20\/sofia-olofsson-om-nomineringarna-till-kampsportsgalan\/","name":"Sofia Olofsson om nomineringarna till Kampsportsgalan - Svenska Budo &amp; Kampsportsf\u00f6rbundet","isPartOf":{"@id":"https:\/\/www.budokampsport.se\/#website"},"primaryImageOfPage":{"@id":"https:\/\/www.budokampsport.se\/2017\/03\/20\/sofia-olofsson-om-nomineringarna-till-kampsportsgalan\/#primaryimage"},"image":{"@id":"https:\/\/www.budokampsport.se\/2017\/03\/20\/sofia-olofsson-om-nomineringarna-till-kampsportsgalan\/#primaryimage"},"thumbnailUrl":"https:\/\/www.budokampsport.se\/wp-content\/uploads\/2017\/01\/sofia_olofsson.jpg","datePublished":"2017-03-20T12:59:42+00:00","author":{"@id":"https:\/\/www.budokampsport.se\/#\/schema\/person\/5c06d81d14850e2a8ce5493386560145"},"description":"P\u00e5 l\u00f6rdag \u00e4r det \u00e5terigen dags f\u00f6r Kampsportsgalan p\u00e5 Berns salonger i Stockholm. Galan \u00e4r sedan l\u00e4nge sluts\u00e5ld och en som ser fram emot kv\u00e4llen \u00e4r thaiboxningsstj\u00e4rnan Sofia Olofsson. - Jag var med p\u00e5 Kampsportsgalan f\u00f6rsta g\u00e5ngen f\u00f6rra \u00e5ret, och det var ju riktigt kul och fint inramat, samt att jag vann tv\u00e5 priser, s\u00e4ger hon till budokampsport.se.","breadcrumb":{"@id":"https:\/\/www.budokampsport.se\/2017\/03\/20\/sofia-olofsson-om-nomineringarna-till-kampsportsgalan\/#breadcrumb"},"inLanguage":"sv-SE","potentialAction":[{"@type":"ReadAction","target":["https:\/\/www.budokampsport.se\/2017\/03\/20\/sofia-olofsson-om-nomineringarna-till-kampsportsgalan\/"]}]},{"@type":"ImageObject","inLanguage":"sv-SE","@id":"https:\/\/www.budokampsport.se\/2017\/03\/20\/sofia-olofsson-om-nomineringarna-till-kampsportsgalan\/#primaryimage","url":"https:\/\/www.budokampsport.se\/wp-content\/uploads\/2017\/01\/sofia_olofsson.jpg","contentUrl":"https:\/\/www.budokampsport.se\/wp-content\/uploads\/2017\/01\/sofia_olofsson.jpg","width":850,"height":567,"caption":"Foto: Jonathan Broberg"},{"@type":"BreadcrumbList","@id":"https:\/\/www.budokampsport.se\/2017\/03\/20\/sofia-olofsson-om-nomineringarna-till-kampsportsgalan\/#breadcrumb","itemListElement":[{"@type":"ListItem","position":1,"name":"Hem","item":"https:\/\/www.budokampsport.se\/"},{"@type":"ListItem","position":2,"name":"Sofia Olofsson om nomineringarna till Kampsportsgalan"}]},{"@type":"WebSite","@id":"https:\/\/www.budokampsport.se\/#website","url":"https:\/\/www.budokampsport.se\/","name":"Svenska Budo &amp; Kampsportsf\u00f6rbundet","description":"T\u00e4vling, Tr\u00e4ning, Tradition","potentialAction":[{"@type":"SearchAction","target":{"@type":"EntryPoint","urlTemplate":"https:\/\/www.budokampsport.se\/?s={search_term_string}"},"query-input":{"@type":"PropertyValueSpecification","valueRequired":true,"valueName":"search_term_string"}}],"inLanguage":"sv-SE"},{"@type":"Person","@id":"https:\/\/www.budokampsport.se\/#\/schema\/person\/5c06d81d14850e2a8ce5493386560145","name":"Jonathan Broberg","image":{"@type":"ImageObject","inLanguage":"sv-SE","@id":"https:\/\/www.budokampsport.se\/#\/schema\/person\/image\/","url":"https:\/\/secure.gravatar.com\/avatar\/a58041c6cea9128bd9c40ee2f26d4136?s=96&d=blank&r=g","contentUrl":"https:\/\/secure.gravatar.com\/avatar\/a58041c6cea9128bd9c40ee2f26d4136?s=96&d=blank&r=g","caption":"Jonathan Broberg"},"sameAs":["https:\/\/www.facebook.com\/jonathan.broberg.7"],"url":"https:\/\/www.budokampsport.se\/author\/jonathan\/"}]}},"_links":{"self":[{"href":"https:\/\/www.budokampsport.se\/api\/wp\/v2\/posts\/41931","targetHints":{"allow":["GET"]}}],"collection":[{"href":"https:\/\/www.budokampsport.se\/api\/wp\/v2\/posts"}],"about":[{"href":"https:\/\/www.budokampsport.se\/api\/wp\/v2\/types\/post"}],"author":[{"embeddable":true,"href":"https:\/\/www.budokampsport.se\/api\/wp\/v2\/users\/7"}],"replies":[{"embeddable":true,"href":"https:\/\/www.budokampsport.se\/api\/wp\/v2\/comments?post=41931"}],"version-history":[{"count":0,"href":"https:\/\/www.budokampsport.se\/api\/wp\/v2\/posts\/41931\/revisions"}],"wp:featuredmedia":[{"embeddable":true,"href":"https:\/\/www.budokampsport.se\/api\/wp\/v2\/media\/37312"}],"wp:attachment":[{"href":"https:\/\/www.budokampsport.se\/api\/wp\/v2\/media?parent=41931"}],"wp:term":[{"taxonomy":"category","embeddable":true,"href":"https:\/\/www.budokampsport.se\/api\/wp\/v2\/categories?post=41931"},{"taxonomy":"post_tag","embeddable":true,"href":"https:\/\/www.budokampsport.se\/api\/wp\/v2\/tags?post=41931"}],"curies":[{"name":"wp","href":"https:\/\/api.w.org\/{rel}","templated":true}]}}