{"id":4201,"date":"2012-05-02T09:25:55","date_gmt":"2012-05-02T07:25:55","guid":{"rendered":"http:\/\/budo.wordpress.dev\/2012\/05\/02\/svenska-ju-jutsuframgangar-i-paris\/"},"modified":"2016-12-06T22:34:28","modified_gmt":"2016-12-06T21:34:28","slug":"svenska-ju-jutsuframgangar-i-paris","status":"publish","type":"post","link":"https:\/\/www.budokampsport.se\/2012\/05\/02\/svenska-ju-jutsuframgangar-i-paris\/","title":{"rendered":"Svenska ju-jutsuframg\u00e5ngar i Paris"},"content":{"rendered":"<p><P><STRONG><IMG alt=\"\" align=right src=\"http:\/\/www.budokampsport.se\/sites\/default\/files\/ju_jutsu.jpg\" width=125 height=85>Svensk ju jutsu positionerar sig inf\u00f6r VM i Wien i h\u00f6st. I helgen avgjordes stort\u00e4vlingen Paris Open i den franska huvudstaden och den svenska truppen svarade f\u00f6r fina prestationer.<\/STRONG><\/P> <P><BR>Storstj\u00e4rnan Sara Widgren svarade f\u00f6r ett fint m\u00e4sterskap och kom tv\u00e5a i Paris. Hennes form verkar h\u00e5lla i sig \u00e4ven 2012, vilket b\u00e5dar gott inf\u00f6r h\u00f6stens VM.<!--break--><\/P> <P>D\u00e5 var det kanske lite mer otippat att Sara Svensson, som f\u00f6rvisso svarat f\u00f6r fina resultat f\u00f6rr, vann sin viktklass. Ett mycket gl\u00e4djande formbesked .<\/P> <P><STRONG>Mikael Marffy<\/STRONG>, BJJ- och judostj\u00e4rnan, f\u00f6ljde med till Paris. Det blev succ\u00e9 direkt och \u00e4ven Marffy visade klass och tog hem en str\u00e5lande andraplats.<\/P> <P>Ut\u00f6ver dessa pallplatser k\u00e4mpade svenskarna till sig tre femteplatser ocks\u00e5.<BR><BR>Text: Jonathan Broberg<BR>Foto: Magnus Hartman<\/P><\/p>\n","protected":false},"excerpt":{"rendered":"<p><P><STRONG><IMG alt=\"\" align=right src=\"http:\/\/www.budokampsport.se\/sites\/default\/files\/ju_jutsu.jpg\" width=125 height=85>Svensk ju jutsu positionerar sig inf\u00f6r VM i Wien i h\u00f6st. I helgen avgjordes stort\u00e4vlingen Paris Open i den franska huvudstaden och den svenska truppen svarade f\u00f6r fina prestationer.<\/STRONG><\/P><br \/><br><P><BR>Storstj\u00e4rnan Sara Widgren svarade f\u00f6r ett fint m\u00e4sterskap och kom tv\u00e5a i Paris. Hennes form verkar h\u00e5lla i sig \u00e4ven 2012, vilket b\u00e5dar gott inf\u00f6r h\u00f6stens VM.<\/p><br>","protected":false},"author":7,"featured_media":0,"comment_status":"closed","ping_status":"closed","sticky":false,"template":"","format":"standard","meta":{"_acf_changed":false,"footnotes":""},"categories":[1],"tags":[],"class_list":["post-4201","post","type-post","status-publish","format-standard","hentry","category-okategoriserade"],"acf":[],"yoast_head":"<!-- This site is optimized with the Yoast SEO plugin v26.8 - https:\/\/yoast.com\/product\/yoast-seo-wordpress\/ -->\n<title>Svenska ju-jutsuframg\u00e5ngar i Paris - Svenska Budo &amp; Kampsportsf\u00f6rbundet<\/title>\n<meta name=\"description\" content=\"Svensk ju jutsu positionerar sig inf\u00f6r VM i Wien i h\u00f6st. I helgen avgjordes stort\u00e4vlingen Paris Open i den franska huvudstaden och den svenska truppen svarade f\u00f6r fina prestationer. Storstj\u00e4rnan Sara Widgren svarade f\u00f6r ett fint m\u00e4sterskap och kom tv\u00e5a i Paris. Hennes form verkar h\u00e5lla i sig \u00e4ven 2012, vilket b\u00e5dar gott inf\u00f6r h\u00f6stens VM.\" \/>\n<meta name=\"robots\" content=\"index, follow, max-snippet:-1, max-image-preview:large, max-video-preview:-1\" \/>\n<link rel=\"canonical\" href=\"https:\/\/www.budokampsport.se\/2012\/05\/02\/svenska-ju-jutsuframgangar-i-paris\/\" \/>\n<meta property=\"og:locale\" content=\"sv_SE\" \/>\n<meta property=\"og:type\" content=\"article\" \/>\n<meta property=\"og:title\" content=\"Svenska ju-jutsuframg\u00e5ngar i Paris - Svenska Budo &amp; Kampsportsf\u00f6rbundet\" \/>\n<meta property=\"og:description\" content=\"Svensk ju jutsu positionerar sig inf\u00f6r VM i Wien i h\u00f6st. I helgen avgjordes stort\u00e4vlingen Paris Open i den franska huvudstaden och den svenska truppen svarade f\u00f6r fina prestationer. Storstj\u00e4rnan Sara Widgren svarade f\u00f6r ett fint m\u00e4sterskap och kom tv\u00e5a i Paris. Hennes form verkar h\u00e5lla i sig \u00e4ven 2012, vilket b\u00e5dar gott inf\u00f6r h\u00f6stens VM.\" \/>\n<meta property=\"og:url\" content=\"https:\/\/www.budokampsport.se\/2012\/05\/02\/svenska-ju-jutsuframgangar-i-paris\/\" \/>\n<meta property=\"og:site_name\" content=\"Svenska Budo &amp; Kampsportsf\u00f6rbundet\" \/>\n<meta property=\"article:author\" content=\"https:\/\/www.facebook.com\/jonathan.broberg.7\" \/>\n<meta property=\"article:published_time\" content=\"2012-05-02T07:25:55+00:00\" \/>\n<meta property=\"article:modified_time\" content=\"2016-12-06T21:34:28+00:00\" \/>\n<meta name=\"author\" content=\"Jonathan Broberg\" \/>\n<meta name=\"twitter:card\" content=\"summary_large_image\" \/>\n<meta name=\"twitter:label1\" content=\"Skriven av\" \/>\n\t<meta name=\"twitter:data1\" content=\"Jonathan Broberg\" \/>\n\t<meta name=\"twitter:label2\" content=\"Ber\u00e4knad l\u00e4stid\" \/>\n\t<meta name=\"twitter:data2\" content=\"1 minut\" \/>\n<script type=\"application\/ld+json\" class=\"yoast-schema-graph\">{\"@context\":\"https:\/\/schema.org\",\"@graph\":[{\"@type\":\"Article\",\"@id\":\"https:\/\/www.budokampsport.se\/2012\/05\/02\/svenska-ju-jutsuframgangar-i-paris\/#article\",\"isPartOf\":{\"@id\":\"https:\/\/www.budokampsport.se\/2012\/05\/02\/svenska-ju-jutsuframgangar-i-paris\/\"},\"author\":{\"name\":\"Jonathan Broberg\",\"@id\":\"https:\/\/www.budokampsport.se\/#\/schema\/person\/5c06d81d14850e2a8ce5493386560145\"},\"headline\":\"Svenska ju-jutsuframg\u00e5ngar i Paris\",\"datePublished\":\"2012-05-02T07:25:55+00:00\",\"dateModified\":\"2016-12-06T21:34:28+00:00\",\"mainEntityOfPage\":{\"@id\":\"https:\/\/www.budokampsport.se\/2012\/05\/02\/svenska-ju-jutsuframgangar-i-paris\/\"},\"wordCount\":144,\"inLanguage\":\"sv-SE\"},{\"@type\":\"WebPage\",\"@id\":\"https:\/\/www.budokampsport.se\/2012\/05\/02\/svenska-ju-jutsuframgangar-i-paris\/\",\"url\":\"https:\/\/www.budokampsport.se\/2012\/05\/02\/svenska-ju-jutsuframgangar-i-paris\/\",\"name\":\"Svenska ju-jutsuframg\u00e5ngar i Paris - Svenska Budo &amp; Kampsportsf\u00f6rbundet\",\"isPartOf\":{\"@id\":\"https:\/\/www.budokampsport.se\/#website\"},\"datePublished\":\"2012-05-02T07:25:55+00:00\",\"dateModified\":\"2016-12-06T21:34:28+00:00\",\"author\":{\"@id\":\"https:\/\/www.budokampsport.se\/#\/schema\/person\/5c06d81d14850e2a8ce5493386560145\"},\"description\":\"Svensk ju jutsu positionerar sig inf\u00f6r VM i Wien i h\u00f6st. I helgen avgjordes stort\u00e4vlingen Paris Open i den franska huvudstaden och den svenska truppen svarade f\u00f6r fina prestationer. Storstj\u00e4rnan Sara Widgren svarade f\u00f6r ett fint m\u00e4sterskap och kom tv\u00e5a i Paris. Hennes form verkar h\u00e5lla i sig \u00e4ven 2012, vilket b\u00e5dar gott inf\u00f6r h\u00f6stens VM.\",\"breadcrumb\":{\"@id\":\"https:\/\/www.budokampsport.se\/2012\/05\/02\/svenska-ju-jutsuframgangar-i-paris\/#breadcrumb\"},\"inLanguage\":\"sv-SE\",\"potentialAction\":[{\"@type\":\"ReadAction\",\"target\":[\"https:\/\/www.budokampsport.se\/2012\/05\/02\/svenska-ju-jutsuframgangar-i-paris\/\"]}]},{\"@type\":\"BreadcrumbList\",\"@id\":\"https:\/\/www.budokampsport.se\/2012\/05\/02\/svenska-ju-jutsuframgangar-i-paris\/#breadcrumb\",\"itemListElement\":[{\"@type\":\"ListItem\",\"position\":1,\"name\":\"Hem\",\"item\":\"https:\/\/www.budokampsport.se\/\"},{\"@type\":\"ListItem\",\"position\":2,\"name\":\"Svenska ju-jutsuframg\u00e5ngar i Paris\"}]},{\"@type\":\"WebSite\",\"@id\":\"https:\/\/www.budokampsport.se\/#website\",\"url\":\"https:\/\/www.budokampsport.se\/\",\"name\":\"Svenska Budo &amp; Kampsportsf\u00f6rbundet\",\"description\":\"T\u00e4vling, Tr\u00e4ning, Tradition\",\"potentialAction\":[{\"@type\":\"SearchAction\",\"target\":{\"@type\":\"EntryPoint\",\"urlTemplate\":\"https:\/\/www.budokampsport.se\/?s={search_term_string}\"},\"query-input\":{\"@type\":\"PropertyValueSpecification\",\"valueRequired\":true,\"valueName\":\"search_term_string\"}}],\"inLanguage\":\"sv-SE\"},{\"@type\":\"Person\",\"@id\":\"https:\/\/www.budokampsport.se\/#\/schema\/person\/5c06d81d14850e2a8ce5493386560145\",\"name\":\"Jonathan Broberg\",\"image\":{\"@type\":\"ImageObject\",\"inLanguage\":\"sv-SE\",\"@id\":\"https:\/\/www.budokampsport.se\/#\/schema\/person\/image\/\",\"url\":\"https:\/\/secure.gravatar.com\/avatar\/a58041c6cea9128bd9c40ee2f26d4136?s=96&d=blank&r=g\",\"contentUrl\":\"https:\/\/secure.gravatar.com\/avatar\/a58041c6cea9128bd9c40ee2f26d4136?s=96&d=blank&r=g\",\"caption\":\"Jonathan Broberg\"},\"sameAs\":[\"https:\/\/www.facebook.com\/jonathan.broberg.7\"],\"url\":\"https:\/\/www.budokampsport.se\/author\/jonathan\/\"}]}<\/script>\n<!-- \/ Yoast SEO plugin. -->","yoast_head_json":{"title":"Svenska ju-jutsuframg\u00e5ngar i Paris - Svenska Budo &amp; Kampsportsf\u00f6rbundet","description":"Svensk ju jutsu positionerar sig inf\u00f6r VM i Wien i h\u00f6st. I helgen avgjordes stort\u00e4vlingen Paris Open i den franska huvudstaden och den svenska truppen svarade f\u00f6r fina prestationer. Storstj\u00e4rnan Sara Widgren svarade f\u00f6r ett fint m\u00e4sterskap och kom tv\u00e5a i Paris. Hennes form verkar h\u00e5lla i sig \u00e4ven 2012, vilket b\u00e5dar gott inf\u00f6r h\u00f6stens VM.","robots":{"index":"index","follow":"follow","max-snippet":"max-snippet:-1","max-image-preview":"max-image-preview:large","max-video-preview":"max-video-preview:-1"},"canonical":"https:\/\/www.budokampsport.se\/2012\/05\/02\/svenska-ju-jutsuframgangar-i-paris\/","og_locale":"sv_SE","og_type":"article","og_title":"Svenska ju-jutsuframg\u00e5ngar i Paris - Svenska Budo &amp; Kampsportsf\u00f6rbundet","og_description":"Svensk ju jutsu positionerar sig inf\u00f6r VM i Wien i h\u00f6st. I helgen avgjordes stort\u00e4vlingen Paris Open i den franska huvudstaden och den svenska truppen svarade f\u00f6r fina prestationer. Storstj\u00e4rnan Sara Widgren svarade f\u00f6r ett fint m\u00e4sterskap och kom tv\u00e5a i Paris. Hennes form verkar h\u00e5lla i sig \u00e4ven 2012, vilket b\u00e5dar gott inf\u00f6r h\u00f6stens VM.","og_url":"https:\/\/www.budokampsport.se\/2012\/05\/02\/svenska-ju-jutsuframgangar-i-paris\/","og_site_name":"Svenska Budo &amp; Kampsportsf\u00f6rbundet","article_author":"https:\/\/www.facebook.com\/jonathan.broberg.7","article_published_time":"2012-05-02T07:25:55+00:00","article_modified_time":"2016-12-06T21:34:28+00:00","author":"Jonathan Broberg","twitter_card":"summary_large_image","twitter_misc":{"Skriven av":"Jonathan Broberg","Ber\u00e4knad l\u00e4stid":"1 minut"},"schema":{"@context":"https:\/\/schema.org","@graph":[{"@type":"Article","@id":"https:\/\/www.budokampsport.se\/2012\/05\/02\/svenska-ju-jutsuframgangar-i-paris\/#article","isPartOf":{"@id":"https:\/\/www.budokampsport.se\/2012\/05\/02\/svenska-ju-jutsuframgangar-i-paris\/"},"author":{"name":"Jonathan Broberg","@id":"https:\/\/www.budokampsport.se\/#\/schema\/person\/5c06d81d14850e2a8ce5493386560145"},"headline":"Svenska ju-jutsuframg\u00e5ngar i Paris","datePublished":"2012-05-02T07:25:55+00:00","dateModified":"2016-12-06T21:34:28+00:00","mainEntityOfPage":{"@id":"https:\/\/www.budokampsport.se\/2012\/05\/02\/svenska-ju-jutsuframgangar-i-paris\/"},"wordCount":144,"inLanguage":"sv-SE"},{"@type":"WebPage","@id":"https:\/\/www.budokampsport.se\/2012\/05\/02\/svenska-ju-jutsuframgangar-i-paris\/","url":"https:\/\/www.budokampsport.se\/2012\/05\/02\/svenska-ju-jutsuframgangar-i-paris\/","name":"Svenska ju-jutsuframg\u00e5ngar i Paris - Svenska Budo &amp; Kampsportsf\u00f6rbundet","isPartOf":{"@id":"https:\/\/www.budokampsport.se\/#website"},"datePublished":"2012-05-02T07:25:55+00:00","dateModified":"2016-12-06T21:34:28+00:00","author":{"@id":"https:\/\/www.budokampsport.se\/#\/schema\/person\/5c06d81d14850e2a8ce5493386560145"},"description":"Svensk ju jutsu positionerar sig inf\u00f6r VM i Wien i h\u00f6st. I helgen avgjordes stort\u00e4vlingen Paris Open i den franska huvudstaden och den svenska truppen svarade f\u00f6r fina prestationer. Storstj\u00e4rnan Sara Widgren svarade f\u00f6r ett fint m\u00e4sterskap och kom tv\u00e5a i Paris. Hennes form verkar h\u00e5lla i sig \u00e4ven 2012, vilket b\u00e5dar gott inf\u00f6r h\u00f6stens VM.","breadcrumb":{"@id":"https:\/\/www.budokampsport.se\/2012\/05\/02\/svenska-ju-jutsuframgangar-i-paris\/#breadcrumb"},"inLanguage":"sv-SE","potentialAction":[{"@type":"ReadAction","target":["https:\/\/www.budokampsport.se\/2012\/05\/02\/svenska-ju-jutsuframgangar-i-paris\/"]}]},{"@type":"BreadcrumbList","@id":"https:\/\/www.budokampsport.se\/2012\/05\/02\/svenska-ju-jutsuframgangar-i-paris\/#breadcrumb","itemListElement":[{"@type":"ListItem","position":1,"name":"Hem","item":"https:\/\/www.budokampsport.se\/"},{"@type":"ListItem","position":2,"name":"Svenska ju-jutsuframg\u00e5ngar i Paris"}]},{"@type":"WebSite","@id":"https:\/\/www.budokampsport.se\/#website","url":"https:\/\/www.budokampsport.se\/","name":"Svenska Budo &amp; Kampsportsf\u00f6rbundet","description":"T\u00e4vling, Tr\u00e4ning, Tradition","potentialAction":[{"@type":"SearchAction","target":{"@type":"EntryPoint","urlTemplate":"https:\/\/www.budokampsport.se\/?s={search_term_string}"},"query-input":{"@type":"PropertyValueSpecification","valueRequired":true,"valueName":"search_term_string"}}],"inLanguage":"sv-SE"},{"@type":"Person","@id":"https:\/\/www.budokampsport.se\/#\/schema\/person\/5c06d81d14850e2a8ce5493386560145","name":"Jonathan Broberg","image":{"@type":"ImageObject","inLanguage":"sv-SE","@id":"https:\/\/www.budokampsport.se\/#\/schema\/person\/image\/","url":"https:\/\/secure.gravatar.com\/avatar\/a58041c6cea9128bd9c40ee2f26d4136?s=96&d=blank&r=g","contentUrl":"https:\/\/secure.gravatar.com\/avatar\/a58041c6cea9128bd9c40ee2f26d4136?s=96&d=blank&r=g","caption":"Jonathan Broberg"},"sameAs":["https:\/\/www.facebook.com\/jonathan.broberg.7"],"url":"https:\/\/www.budokampsport.se\/author\/jonathan\/"}]}},"_links":{"self":[{"href":"https:\/\/www.budokampsport.se\/api\/wp\/v2\/posts\/4201","targetHints":{"allow":["GET"]}}],"collection":[{"href":"https:\/\/www.budokampsport.se\/api\/wp\/v2\/posts"}],"about":[{"href":"https:\/\/www.budokampsport.se\/api\/wp\/v2\/types\/post"}],"author":[{"embeddable":true,"href":"https:\/\/www.budokampsport.se\/api\/wp\/v2\/users\/7"}],"replies":[{"embeddable":true,"href":"https:\/\/www.budokampsport.se\/api\/wp\/v2\/comments?post=4201"}],"version-history":[{"count":0,"href":"https:\/\/www.budokampsport.se\/api\/wp\/v2\/posts\/4201\/revisions"}],"wp:attachment":[{"href":"https:\/\/www.budokampsport.se\/api\/wp\/v2\/media?parent=4201"}],"wp:term":[{"taxonomy":"category","embeddable":true,"href":"https:\/\/www.budokampsport.se\/api\/wp\/v2\/categories?post=4201"},{"taxonomy":"post_tag","embeddable":true,"href":"https:\/\/www.budokampsport.se\/api\/wp\/v2\/tags?post=4201"}],"curies":[{"name":"wp","href":"https:\/\/api.w.org\/{rel}","templated":true}]}}