{"id":4203,"date":"2012-05-03T14:13:25","date_gmt":"2012-05-03T12:13:25","guid":{"rendered":"http:\/\/budo.wordpress.dev\/2012\/05\/03\/osterlin-debuterade-nu-ar-hon-bast-i-europa\/"},"modified":"2016-12-06T22:34:28","modified_gmt":"2016-12-06T21:34:28","slug":"osterlin-debuterade-nu-ar-hon-bast-i-europa","status":"publish","type":"post","link":"https:\/\/www.budokampsport.se\/2012\/05\/03\/osterlin-debuterade-nu-ar-hon-bast-i-europa\/","title":{"rendered":"\u00d6sterlin debuterade \u2013 nu \u00e4r hon b\u00e4st i Europa"},"content":{"rendered":"<p><strong>F\u00f6r tv\u00e5 veckor sedan \u00e5kte debutanten Jennifer \u00d6sterlin f\u00f6r f\u00f6rsta g\u00e5ngen till ett stort m\u00e4sterskap ikl\u00e4dd den bl\u00e5gula landslagsdressen. N\u00e4r hon v\u00e4nde hem\u00e5t fr\u00e5n Turkiet gjorde hon det med ett EM-guld h\u00e4ngandes runt halsen.<br \/>\u00a0\u00a0 &#8211; Jag har inte f\u00f6rst\u00e5tt vad som har h\u00e4nt, det g\u00e5r nog inte att fullt ut f\u00f6rst\u00e5 det heller, s\u00e4ger hon till budokampsport.se.<!--break--><\/strong><\/p>\n<p>Det var i januari under SM-veckan i \u00d6stersund som thaiboxnings-Sverige s\u00e5g en ny stj\u00e4rna t\u00e4ndes. Jennifer \u00d6sterlin fr\u00e5n G\u00f6teborg skulle m\u00f6ta den svenska regerande v\u00e4rldsm\u00e4starinnan Sanja Trbojevic fr\u00e5n Malm\u00f6.<\/p>\n<p>Matchen var j\u00e4mn s\u00e5 l\u00e4nge den inte hamnade i ett s\u00e4rskilt moment, \u00d6sterlins favorit \u2013 klinchen. Det blev en v\u00e4ldigt \u00f6verraskande seger som sedermera placerade \u00d6sterlin i den svenska landslagstruppen till EM.<br \/>\u00a0\u00a0 &#8211; Jag har aldrig tidigare ens t\u00e4nkt p\u00e5 landslaget. Och jag har inte ens fattat \u00e4nnu att jag vann SM. Allt har g\u00e5tt s\u00e5 fort. Overkligt fort.<\/p>\n<p>Hon b\u00f6rjade med thaiboxning f\u00f6r drygt tre \u00e5r sedan. Helt utan n\u00e5gra framtida ambitioner om m\u00e4sterskap. Det var tr\u00e4ningen som lockade. F\u00f6rr har \u00d6sterlin h\u00e5llit p\u00e5 en del med ridsport, men lockades av nya utmaningar och gick d\u00e5 f\u00f6rst och provade p\u00e5 thaiboxning.<br \/>\u00a0\u00a0 &#8211; Jag blev som m\u00e5nga andra s\u00e4ger, fast direkt. Idag \u00e4r jag oerh\u00f6rt tacksam f\u00f6r det. Thaiboxningen ger mig s\u00e5 otroligt mycket energi: det \u00e4r gemenskap, och \u00e4ven om jag numera t\u00e4vlar mot andra \u00e4r det sj\u00e4lva t\u00e4vlingen mot sig sj\u00e4lv som \u00e4r det b\u00e4sta av allt.<\/p>\n<p><strong>&#8220;G\u00e5r inte att beskriva&#8221;<\/strong><br \/>S\u00e5 med en inst\u00e4llning om att bara f\u00e5 vara med och uppleva ett m\u00e4sterskap tog \u00d6sterlin sig an EM. Hon fick b\u00f6rja direkt i semifinal mot en ryska.<br \/>\u00a0\u00a0 &#8211; Jag hade lite sv\u00e5rt i inledningen. Jag var nerv\u00f6s och k\u00e4nde att det h\u00e4mmade min thaiboxning. Sedan lyckades jag f\u00e5 tag i henne och f\u00e5 n\u00e5gra tr\u00e4ffar i klinch och d\u00e5 k\u00e4ndes det redan lite b\u00e4ttre. Tillslut tror jag att jag vann r\u00e4tt klart.<\/p>\n<p>Det blev final. Och v\u00e4l d\u00e4r hade nerverna sl\u00e4ppt en del. Jennifer var nu inne i turneringen och i finalen svarade hon f\u00f6r en utomordentligt fin insats.<br \/>\u00a0\u00a0 &#8211; Det blev en speciell match. Det k\u00e4ndes inte riktigt hundra, men jag samlade ihop mig och l\u00f6ste matchen p\u00e5 ett bra s\u00e4tt s\u00e5 sm\u00e5ningom. Och n\u00e4r jag f\u00f6rstod att jag hade vunnit, n\u00e4r jag stod d\u00e4r med Sverigeflaggan runt halsen och min arm lyftes \u2013 det g\u00e5r bara inte att beskriva hur sk\u00f6nt det var.<\/p>\n<p>Men nu \u00e4r Jennifer tillbaka i vardagen igen. Och \u00e4ven om hon har lite sm\u00e5planer f\u00f6r framtiden \u00e4r det \u00e4nd\u00e5 bara att komma tillbaka till klubben och tr\u00e4ningen igen som lockar mest.<br \/>\u00a0\u00a0 &#8211; Mina coacher Jens och Anders h\u00e5ller p\u00e5 och tittar \u00f6ver framtiden nu och jobbar p\u00e5 att f\u00e5 till n\u00e4sta grej, men annars \u00e4r det bara att tr\u00e4na p\u00e5 igen.<\/p>\n<p>Och det \u00e4r bevisligen inte s\u00e5 \u201dbara\u201d. R\u00e4kna med att vi h\u00f6r mycket mer om Jennifer \u00d6sterlin \u00e4ven i framtiden.<\/p>\n<p>Text: Jonathan Broberg<br \/>\u00a0<\/p>\n","protected":false},"excerpt":{"rendered":"<p><strong>F\u00f6r tv\u00e5 veckor sedan \u00e5kte debutanten Jennifer \u00d6sterlin f\u00f6r f\u00f6rsta g\u00e5ngen till ett stort m\u00e4sterskap ikl\u00e4dd den bl\u00e5gula landslagsdressen. N\u00e4r hon v\u00e4nde hem\u00e5t fr\u00e5n Turkiet gjorde hon det med ett EM-guld h\u00e4ngandes runt halsen.<br \/>\u00a0\u00a0 &#8211; Jag har inte f\u00f6rst\u00e5tt vad som har h\u00e4nt, det g\u00e5r nog inte att fullt ut f\u00f6rst\u00e5 det heller, s\u00e4ger hon till budokampsport.se.<\/p><br>","protected":false},"author":7,"featured_media":0,"comment_status":"closed","ping_status":"closed","sticky":false,"template":"","format":"standard","meta":{"_acf_changed":false,"footnotes":""},"categories":[1],"tags":[],"class_list":["post-4203","post","type-post","status-publish","format-standard","hentry","category-okategoriserade"],"acf":[],"yoast_head":"<!-- This site is optimized with the Yoast SEO plugin v26.8 - https:\/\/yoast.com\/product\/yoast-seo-wordpress\/ -->\n<title>\u00d6sterlin debuterade \u2013 nu \u00e4r hon b\u00e4st i Europa - Svenska Budo &amp; Kampsportsf\u00f6rbundet<\/title>\n<meta name=\"description\" content=\"F\u00f6r tv\u00e5 veckor sedan \u00e5kte debutanten Jennifer \u00d6sterlin f\u00f6r f\u00f6rsta g\u00e5ngen till ett stort m\u00e4sterskap ikl\u00e4dd den bl\u00e5gula landslagsdressen. N\u00e4r hon v\u00e4nde hem\u00e5t fr\u00e5n Turkiet gjorde hon det med ett EM-guld h\u00e4ngandes runt halsen.\u00a0\u00a0 - Jag har inte f\u00f6rst\u00e5tt vad som har h\u00e4nt, det g\u00e5r nog inte att fullt ut f\u00f6rst\u00e5 det heller, s\u00e4ger hon till budokampsport.se.\" \/>\n<meta name=\"robots\" content=\"index, follow, max-snippet:-1, max-image-preview:large, max-video-preview:-1\" \/>\n<link rel=\"canonical\" href=\"https:\/\/www.budokampsport.se\/2012\/05\/03\/osterlin-debuterade-nu-ar-hon-bast-i-europa\/\" \/>\n<meta property=\"og:locale\" content=\"sv_SE\" \/>\n<meta property=\"og:type\" content=\"article\" \/>\n<meta property=\"og:title\" content=\"\u00d6sterlin debuterade \u2013 nu \u00e4r hon b\u00e4st i Europa - Svenska Budo &amp; Kampsportsf\u00f6rbundet\" \/>\n<meta property=\"og:description\" content=\"F\u00f6r tv\u00e5 veckor sedan \u00e5kte debutanten Jennifer \u00d6sterlin f\u00f6r f\u00f6rsta g\u00e5ngen till ett stort m\u00e4sterskap ikl\u00e4dd den bl\u00e5gula landslagsdressen. N\u00e4r hon v\u00e4nde hem\u00e5t fr\u00e5n Turkiet gjorde hon det med ett EM-guld h\u00e4ngandes runt halsen.\u00a0\u00a0 - Jag har inte f\u00f6rst\u00e5tt vad som har h\u00e4nt, det g\u00e5r nog inte att fullt ut f\u00f6rst\u00e5 det heller, s\u00e4ger hon till budokampsport.se.\" \/>\n<meta property=\"og:url\" content=\"https:\/\/www.budokampsport.se\/2012\/05\/03\/osterlin-debuterade-nu-ar-hon-bast-i-europa\/\" \/>\n<meta property=\"og:site_name\" content=\"Svenska Budo &amp; Kampsportsf\u00f6rbundet\" \/>\n<meta property=\"article:author\" content=\"https:\/\/www.facebook.com\/jonathan.broberg.7\" \/>\n<meta property=\"article:published_time\" content=\"2012-05-03T12:13:25+00:00\" \/>\n<meta property=\"article:modified_time\" content=\"2016-12-06T21:34:28+00:00\" \/>\n<meta name=\"author\" content=\"Jonathan Broberg\" \/>\n<meta name=\"twitter:card\" content=\"summary_large_image\" \/>\n<meta name=\"twitter:label1\" content=\"Skriven av\" \/>\n\t<meta name=\"twitter:data1\" content=\"Jonathan Broberg\" \/>\n\t<meta name=\"twitter:label2\" content=\"Ber\u00e4knad l\u00e4stid\" \/>\n\t<meta name=\"twitter:data2\" content=\"3 minuter\" \/>\n<script type=\"application\/ld+json\" class=\"yoast-schema-graph\">{\"@context\":\"https:\/\/schema.org\",\"@graph\":[{\"@type\":\"Article\",\"@id\":\"https:\/\/www.budokampsport.se\/2012\/05\/03\/osterlin-debuterade-nu-ar-hon-bast-i-europa\/#article\",\"isPartOf\":{\"@id\":\"https:\/\/www.budokampsport.se\/2012\/05\/03\/osterlin-debuterade-nu-ar-hon-bast-i-europa\/\"},\"author\":{\"name\":\"Jonathan Broberg\",\"@id\":\"https:\/\/www.budokampsport.se\/#\/schema\/person\/5c06d81d14850e2a8ce5493386560145\"},\"headline\":\"\u00d6sterlin debuterade \u2013 nu \u00e4r hon b\u00e4st i Europa\",\"datePublished\":\"2012-05-03T12:13:25+00:00\",\"dateModified\":\"2016-12-06T21:34:28+00:00\",\"mainEntityOfPage\":{\"@id\":\"https:\/\/www.budokampsport.se\/2012\/05\/03\/osterlin-debuterade-nu-ar-hon-bast-i-europa\/\"},\"wordCount\":573,\"inLanguage\":\"sv-SE\"},{\"@type\":\"WebPage\",\"@id\":\"https:\/\/www.budokampsport.se\/2012\/05\/03\/osterlin-debuterade-nu-ar-hon-bast-i-europa\/\",\"url\":\"https:\/\/www.budokampsport.se\/2012\/05\/03\/osterlin-debuterade-nu-ar-hon-bast-i-europa\/\",\"name\":\"\u00d6sterlin debuterade \u2013 nu \u00e4r hon b\u00e4st i Europa - Svenska Budo &amp; Kampsportsf\u00f6rbundet\",\"isPartOf\":{\"@id\":\"https:\/\/www.budokampsport.se\/#website\"},\"datePublished\":\"2012-05-03T12:13:25+00:00\",\"dateModified\":\"2016-12-06T21:34:28+00:00\",\"author\":{\"@id\":\"https:\/\/www.budokampsport.se\/#\/schema\/person\/5c06d81d14850e2a8ce5493386560145\"},\"description\":\"F\u00f6r tv\u00e5 veckor sedan \u00e5kte debutanten Jennifer \u00d6sterlin f\u00f6r f\u00f6rsta g\u00e5ngen till ett stort m\u00e4sterskap ikl\u00e4dd den bl\u00e5gula landslagsdressen. N\u00e4r hon v\u00e4nde hem\u00e5t fr\u00e5n Turkiet gjorde hon det med ett EM-guld h\u00e4ngandes runt halsen.\u00a0\u00a0 - Jag har inte f\u00f6rst\u00e5tt vad som har h\u00e4nt, det g\u00e5r nog inte att fullt ut f\u00f6rst\u00e5 det heller, s\u00e4ger hon till budokampsport.se.\",\"breadcrumb\":{\"@id\":\"https:\/\/www.budokampsport.se\/2012\/05\/03\/osterlin-debuterade-nu-ar-hon-bast-i-europa\/#breadcrumb\"},\"inLanguage\":\"sv-SE\",\"potentialAction\":[{\"@type\":\"ReadAction\",\"target\":[\"https:\/\/www.budokampsport.se\/2012\/05\/03\/osterlin-debuterade-nu-ar-hon-bast-i-europa\/\"]}]},{\"@type\":\"BreadcrumbList\",\"@id\":\"https:\/\/www.budokampsport.se\/2012\/05\/03\/osterlin-debuterade-nu-ar-hon-bast-i-europa\/#breadcrumb\",\"itemListElement\":[{\"@type\":\"ListItem\",\"position\":1,\"name\":\"Hem\",\"item\":\"https:\/\/www.budokampsport.se\/\"},{\"@type\":\"ListItem\",\"position\":2,\"name\":\"\u00d6sterlin debuterade \u2013 nu \u00e4r hon b\u00e4st i Europa\"}]},{\"@type\":\"WebSite\",\"@id\":\"https:\/\/www.budokampsport.se\/#website\",\"url\":\"https:\/\/www.budokampsport.se\/\",\"name\":\"Svenska Budo &amp; Kampsportsf\u00f6rbundet\",\"description\":\"T\u00e4vling, Tr\u00e4ning, Tradition\",\"potentialAction\":[{\"@type\":\"SearchAction\",\"target\":{\"@type\":\"EntryPoint\",\"urlTemplate\":\"https:\/\/www.budokampsport.se\/?s={search_term_string}\"},\"query-input\":{\"@type\":\"PropertyValueSpecification\",\"valueRequired\":true,\"valueName\":\"search_term_string\"}}],\"inLanguage\":\"sv-SE\"},{\"@type\":\"Person\",\"@id\":\"https:\/\/www.budokampsport.se\/#\/schema\/person\/5c06d81d14850e2a8ce5493386560145\",\"name\":\"Jonathan Broberg\",\"image\":{\"@type\":\"ImageObject\",\"inLanguage\":\"sv-SE\",\"@id\":\"https:\/\/www.budokampsport.se\/#\/schema\/person\/image\/\",\"url\":\"https:\/\/secure.gravatar.com\/avatar\/a58041c6cea9128bd9c40ee2f26d4136?s=96&d=blank&r=g\",\"contentUrl\":\"https:\/\/secure.gravatar.com\/avatar\/a58041c6cea9128bd9c40ee2f26d4136?s=96&d=blank&r=g\",\"caption\":\"Jonathan Broberg\"},\"sameAs\":[\"https:\/\/www.facebook.com\/jonathan.broberg.7\"],\"url\":\"https:\/\/www.budokampsport.se\/author\/jonathan\/\"}]}<\/script>\n<!-- \/ Yoast SEO plugin. -->","yoast_head_json":{"title":"\u00d6sterlin debuterade \u2013 nu \u00e4r hon b\u00e4st i Europa - Svenska Budo &amp; Kampsportsf\u00f6rbundet","description":"F\u00f6r tv\u00e5 veckor sedan \u00e5kte debutanten Jennifer \u00d6sterlin f\u00f6r f\u00f6rsta g\u00e5ngen till ett stort m\u00e4sterskap ikl\u00e4dd den bl\u00e5gula landslagsdressen. N\u00e4r hon v\u00e4nde hem\u00e5t fr\u00e5n Turkiet gjorde hon det med ett EM-guld h\u00e4ngandes runt halsen.\u00a0\u00a0 - Jag har inte f\u00f6rst\u00e5tt vad som har h\u00e4nt, det g\u00e5r nog inte att fullt ut f\u00f6rst\u00e5 det heller, s\u00e4ger hon till budokampsport.se.","robots":{"index":"index","follow":"follow","max-snippet":"max-snippet:-1","max-image-preview":"max-image-preview:large","max-video-preview":"max-video-preview:-1"},"canonical":"https:\/\/www.budokampsport.se\/2012\/05\/03\/osterlin-debuterade-nu-ar-hon-bast-i-europa\/","og_locale":"sv_SE","og_type":"article","og_title":"\u00d6sterlin debuterade \u2013 nu \u00e4r hon b\u00e4st i Europa - Svenska Budo &amp; Kampsportsf\u00f6rbundet","og_description":"F\u00f6r tv\u00e5 veckor sedan \u00e5kte debutanten Jennifer \u00d6sterlin f\u00f6r f\u00f6rsta g\u00e5ngen till ett stort m\u00e4sterskap ikl\u00e4dd den bl\u00e5gula landslagsdressen. N\u00e4r hon v\u00e4nde hem\u00e5t fr\u00e5n Turkiet gjorde hon det med ett EM-guld h\u00e4ngandes runt halsen.\u00a0\u00a0 - Jag har inte f\u00f6rst\u00e5tt vad som har h\u00e4nt, det g\u00e5r nog inte att fullt ut f\u00f6rst\u00e5 det heller, s\u00e4ger hon till budokampsport.se.","og_url":"https:\/\/www.budokampsport.se\/2012\/05\/03\/osterlin-debuterade-nu-ar-hon-bast-i-europa\/","og_site_name":"Svenska Budo &amp; Kampsportsf\u00f6rbundet","article_author":"https:\/\/www.facebook.com\/jonathan.broberg.7","article_published_time":"2012-05-03T12:13:25+00:00","article_modified_time":"2016-12-06T21:34:28+00:00","author":"Jonathan Broberg","twitter_card":"summary_large_image","twitter_misc":{"Skriven av":"Jonathan Broberg","Ber\u00e4knad l\u00e4stid":"3 minuter"},"schema":{"@context":"https:\/\/schema.org","@graph":[{"@type":"Article","@id":"https:\/\/www.budokampsport.se\/2012\/05\/03\/osterlin-debuterade-nu-ar-hon-bast-i-europa\/#article","isPartOf":{"@id":"https:\/\/www.budokampsport.se\/2012\/05\/03\/osterlin-debuterade-nu-ar-hon-bast-i-europa\/"},"author":{"name":"Jonathan Broberg","@id":"https:\/\/www.budokampsport.se\/#\/schema\/person\/5c06d81d14850e2a8ce5493386560145"},"headline":"\u00d6sterlin debuterade \u2013 nu \u00e4r hon b\u00e4st i Europa","datePublished":"2012-05-03T12:13:25+00:00","dateModified":"2016-12-06T21:34:28+00:00","mainEntityOfPage":{"@id":"https:\/\/www.budokampsport.se\/2012\/05\/03\/osterlin-debuterade-nu-ar-hon-bast-i-europa\/"},"wordCount":573,"inLanguage":"sv-SE"},{"@type":"WebPage","@id":"https:\/\/www.budokampsport.se\/2012\/05\/03\/osterlin-debuterade-nu-ar-hon-bast-i-europa\/","url":"https:\/\/www.budokampsport.se\/2012\/05\/03\/osterlin-debuterade-nu-ar-hon-bast-i-europa\/","name":"\u00d6sterlin debuterade \u2013 nu \u00e4r hon b\u00e4st i Europa - Svenska Budo &amp; Kampsportsf\u00f6rbundet","isPartOf":{"@id":"https:\/\/www.budokampsport.se\/#website"},"datePublished":"2012-05-03T12:13:25+00:00","dateModified":"2016-12-06T21:34:28+00:00","author":{"@id":"https:\/\/www.budokampsport.se\/#\/schema\/person\/5c06d81d14850e2a8ce5493386560145"},"description":"F\u00f6r tv\u00e5 veckor sedan \u00e5kte debutanten Jennifer \u00d6sterlin f\u00f6r f\u00f6rsta g\u00e5ngen till ett stort m\u00e4sterskap ikl\u00e4dd den bl\u00e5gula landslagsdressen. N\u00e4r hon v\u00e4nde hem\u00e5t fr\u00e5n Turkiet gjorde hon det med ett EM-guld h\u00e4ngandes runt halsen.\u00a0\u00a0 - Jag har inte f\u00f6rst\u00e5tt vad som har h\u00e4nt, det g\u00e5r nog inte att fullt ut f\u00f6rst\u00e5 det heller, s\u00e4ger hon till budokampsport.se.","breadcrumb":{"@id":"https:\/\/www.budokampsport.se\/2012\/05\/03\/osterlin-debuterade-nu-ar-hon-bast-i-europa\/#breadcrumb"},"inLanguage":"sv-SE","potentialAction":[{"@type":"ReadAction","target":["https:\/\/www.budokampsport.se\/2012\/05\/03\/osterlin-debuterade-nu-ar-hon-bast-i-europa\/"]}]},{"@type":"BreadcrumbList","@id":"https:\/\/www.budokampsport.se\/2012\/05\/03\/osterlin-debuterade-nu-ar-hon-bast-i-europa\/#breadcrumb","itemListElement":[{"@type":"ListItem","position":1,"name":"Hem","item":"https:\/\/www.budokampsport.se\/"},{"@type":"ListItem","position":2,"name":"\u00d6sterlin debuterade \u2013 nu \u00e4r hon b\u00e4st i Europa"}]},{"@type":"WebSite","@id":"https:\/\/www.budokampsport.se\/#website","url":"https:\/\/www.budokampsport.se\/","name":"Svenska Budo &amp; Kampsportsf\u00f6rbundet","description":"T\u00e4vling, Tr\u00e4ning, Tradition","potentialAction":[{"@type":"SearchAction","target":{"@type":"EntryPoint","urlTemplate":"https:\/\/www.budokampsport.se\/?s={search_term_string}"},"query-input":{"@type":"PropertyValueSpecification","valueRequired":true,"valueName":"search_term_string"}}],"inLanguage":"sv-SE"},{"@type":"Person","@id":"https:\/\/www.budokampsport.se\/#\/schema\/person\/5c06d81d14850e2a8ce5493386560145","name":"Jonathan Broberg","image":{"@type":"ImageObject","inLanguage":"sv-SE","@id":"https:\/\/www.budokampsport.se\/#\/schema\/person\/image\/","url":"https:\/\/secure.gravatar.com\/avatar\/a58041c6cea9128bd9c40ee2f26d4136?s=96&d=blank&r=g","contentUrl":"https:\/\/secure.gravatar.com\/avatar\/a58041c6cea9128bd9c40ee2f26d4136?s=96&d=blank&r=g","caption":"Jonathan Broberg"},"sameAs":["https:\/\/www.facebook.com\/jonathan.broberg.7"],"url":"https:\/\/www.budokampsport.se\/author\/jonathan\/"}]}},"_links":{"self":[{"href":"https:\/\/www.budokampsport.se\/api\/wp\/v2\/posts\/4203","targetHints":{"allow":["GET"]}}],"collection":[{"href":"https:\/\/www.budokampsport.se\/api\/wp\/v2\/posts"}],"about":[{"href":"https:\/\/www.budokampsport.se\/api\/wp\/v2\/types\/post"}],"author":[{"embeddable":true,"href":"https:\/\/www.budokampsport.se\/api\/wp\/v2\/users\/7"}],"replies":[{"embeddable":true,"href":"https:\/\/www.budokampsport.se\/api\/wp\/v2\/comments?post=4203"}],"version-history":[{"count":0,"href":"https:\/\/www.budokampsport.se\/api\/wp\/v2\/posts\/4203\/revisions"}],"wp:attachment":[{"href":"https:\/\/www.budokampsport.se\/api\/wp\/v2\/media?parent=4203"}],"wp:term":[{"taxonomy":"category","embeddable":true,"href":"https:\/\/www.budokampsport.se\/api\/wp\/v2\/categories?post=4203"},{"taxonomy":"post_tag","embeddable":true,"href":"https:\/\/www.budokampsport.se\/api\/wp\/v2\/tags?post=4203"}],"curies":[{"name":"wp","href":"https:\/\/api.w.org\/{rel}","templated":true}]}}