{"id":4209,"date":"2012-05-09T13:57:28","date_gmt":"2012-05-09T11:57:28","guid":{"rendered":"http:\/\/budo.wordpress.dev\/2012\/05\/09\/infor-sm-i-kickboxning-det-blir-all-time-high\/"},"modified":"2016-12-06T22:34:30","modified_gmt":"2016-12-06T21:34:30","slug":"infor-sm-i-kickboxning-det-blir-all-time-high","status":"publish","type":"post","link":"https:\/\/www.budokampsport.se\/2012\/05\/09\/infor-sm-i-kickboxning-det-blir-all-time-high\/","title":{"rendered":"Inf\u00f6r SM i kickboxning: \u201dDet blir all time high\u201d"},"content":{"rendered":"<p><P><STRONG><IMG alt=\"\" align=right src=\"http:\/\/www.budokampsport.se\/sites\/default\/files\/bjorn_rhodin.jpg\" width=125 height=188>P\u00e5 l\u00f6rdag \u00e4r det dags f\u00f6r SM i kickboxningens light kontakt. Knappa m\u00e5naden senare h\u00e5lls fullkontakts-SM. En separation av stilarna som hittills varit lyckad.<BR>\u00a0\u00a0 &#8211; Det var arrang\u00f6rernas egna vilja, inget som vi fr\u00e5n f\u00f6rbundet best\u00e4llde, s\u00e4ger kickboxningens vice ordf\u00f6rande Bj\u00f6rn Rhodin till budokampsport.se.<!--break--><\/STRONG><\/P> <P>Det \u00e4r f\u00f6rsta \u00e5ret som kickboxningens lightkontakt s\u00e4rdelar SM med fullkontakten. SM i lightdelen arrangeras p\u00e5 s\u00f6ndag i \u00c4ngelholm och fyra veckor senare h\u00e5lls fullkontaktens dito i Stockholm.<\/P> <P>Ett beslut som det diskuterades en hel del om i kickboxningskretsar. <BR>\u00a0\u00a0 &#8211; Vi fr\u00e5n f\u00f6rbundet har inte s\u00e5 att s\u00e4ga best\u00e4llt detta, utan det var helt och h\u00e5llet arrang\u00f6rernas \u00f6nskan. \u00c4ngelholm ville ha lightkontakten och Stockholm Kickboxning ans\u00f6kte om SM i fullkontakt. Sedan blev det som det blev.<\/P> <P>Men redan n u st\u00e5r det klart att separationen tenderar att bli ett lyft \u2013 \u00e5tminstone hittills f\u00f6r lightkontakten.<BR>\u00a0\u00a0 &#8211; Det har varit sinnessjukt m\u00e5nga anm\u00e4lningar till \u00c4ngelholm i helgen. Det blir all time high i antal matcher \u2013 och det med r\u00e5ge! Det \u00e4r s\u00e5 klart hur kul som helst. Vad det beror p\u00e5 f\u00e5r vi utv\u00e4rdera efter SM, men det kanske \u00e4r s\u00e5 att m\u00e5nga nu f\u00e5r m\u00f6jlighet att vara med i b\u00e5de disciplinerna ist\u00e4llet f\u00f6r bara en. <BR>\u00a0\u00a0 &#8211; Vi har \u00e4nnu inte f\u00e5tt n\u00e5gra indikationer om deltagarantalet p\u00e5 fullkontakten, men det beror p\u00e5 att anm\u00e4lningarna och inbjudningarna till klubbarna gick ut i dagarna. Det var lite olyckligt f\u00f6r oss att den h\u00e4r stora thaiboxningsgalan i Globen anordnas p\u00e5 det datum d\u00e5 vi hade t\u00e4nkt att ha SM:et.<\/P> <P>Intresset f\u00f6r kickboxningen i Sverige har \u00f6kat de senaste \u00e5ren. Vad som f\u00f6ranleder detta och vad f\u00f6rbundet kan g\u00f6ra f\u00f6r att f\u00f6rs\u00f6ka bibeh\u00e5lla intresset \u00e4r en inte alldeles enkel ekvation att f\u00e5 ihop.<BR>\u00a0\u00a0 &#8211; Nej, s\u00e5 \u00e4r det. Men vi har en v\u00e4ldigt strukturerad f\u00f6rbundsstrategi som numera genomsyrar hela v\u00e5r verksamhet. Vi har en \u00e5rsplan med olika m\u00e5ls\u00e4ttningar f\u00f6r media, PR, utbildning, landslag och s\u00e5 vidare. Vi \u00e4r noggranna i det vi g\u00f6r och jag tror det tillslut genererar resultat ocks\u00e5.<\/P> <P><STRONG>Bj\u00f6rn, hur menar du d\u00e5 rent konkret?<\/STRONG><BR>\u00a0\u00a0 &#8211; S\u00e4g s\u00e5 h\u00e4r. Vi har m\u00e5l inom exempelvis utbildning som vi vill uppfylla och har en utarbetad kravbild p\u00e5 utbildningen. Uppn\u00e5s dessa leder det till en massa spinn-offeffekter. God utbildning ger b\u00e4ttre ut\u00f6vare, som kanske tar fler medaljer p\u00e5 m\u00e4sterskap, vilket leder till st\u00f6rre mediat\u00e4ckning och d\u00e4rifr\u00e5n kan vi bygga PR.<\/P> <P>Ifjol hade svensk kickboxning ett riktigt pang-\u00e5r p\u00e5 landslagsniv\u00e5, med ett g\u00e4ng VM-medaljer och ett par v\u00e4rldsm\u00e4stare. Men n\u00e5gon risk f\u00f6r m\u00e4ttnadsk\u00e4nsla finns inte, enligt Bj\u00f6rn.<BR>\u00a0\u00a0 &#8211; Nej verkligen inte. Min uppfattning och min magk\u00e4nsla pekar p\u00e5 det motsatta. Vi har snarare en hunger om att f\u00f6rs\u00f6ka vara \u00e4nnu b\u00e4ttre \u00e4n ifjol. Vi har exempelvis konsulterat en extern kraft f\u00f6r att s\u00e4tta en kravprofil p\u00e5 v\u00e5ra landslagsmedlemmar, med vissa m\u00e5lbilder de m\u00e5ste klara av f\u00f6r att kunna vara med i landslaget. Det \u00e4r inriktning p\u00e5 tr\u00e4ningsdos och s\u00e5 vidare. <BR>\u00a0\u00a0 &#8211; Jag k\u00e4nner att vi inom svensk kickboxning \u00e4r extremt sugna p\u00e5 fler framg\u00e5ngar, s\u00e5 p\u00e5 din fr\u00e5ga \u2013 nej, jag upplever ingen m\u00e4ttnadsk\u00e4nsla.<BR><BR>Text: Jonathan Broberg<BR>Foto: Terese Rhodin<\/P><\/p>\n","protected":false},"excerpt":{"rendered":"<p><P><STRONG><IMG alt=\"\" align=right src=\"http:\/\/www.budokampsport.se\/sites\/default\/files\/bjorn_rhodin.jpg\" width=125 height=188>P\u00e5 l\u00f6rdag \u00e4r det dags f\u00f6r SM i kickboxningens light kontakt. Knappa m\u00e5naden senare h\u00e5lls fullkontakts-SM. En separation av stilarna som hittills varit lyckad.<BR>\u00a0\u00a0 &#8211; Det var arrang\u00f6rernas egna vilja, inget som vi fr\u00e5n f\u00f6rbundet best\u00e4llde, s\u00e4ger kickboxningens vice ordf\u00f6rande Bj\u00f6rn Rhodin till budokampsport.se.<\/p><br>","protected":false},"author":7,"featured_media":0,"comment_status":"closed","ping_status":"closed","sticky":false,"template":"","format":"standard","meta":{"_acf_changed":false,"footnotes":""},"categories":[1],"tags":[],"class_list":["post-4209","post","type-post","status-publish","format-standard","hentry","category-okategoriserade"],"acf":[],"yoast_head":"<!-- This site is optimized with the Yoast SEO plugin v26.8 - https:\/\/yoast.com\/product\/yoast-seo-wordpress\/ -->\n<title>Inf\u00f6r SM i kickboxning: \u201dDet blir all time high\u201d - Svenska Budo &amp; Kampsportsf\u00f6rbundet<\/title>\n<meta name=\"description\" content=\"P\u00e5 l\u00f6rdag \u00e4r det dags f\u00f6r SM i kickboxningens light kontakt. Knappa m\u00e5naden senare h\u00e5lls fullkontakts-SM. En separation av stilarna som hittills varit lyckad.\u00a0\u00a0 - Det var arrang\u00f6rernas egna vilja, inget som vi fr\u00e5n f\u00f6rbundet best\u00e4llde, s\u00e4ger kickboxningens vice ordf\u00f6rande Bj\u00f6rn Rhodin till budokampsport.se.\" \/>\n<meta name=\"robots\" content=\"index, follow, max-snippet:-1, max-image-preview:large, max-video-preview:-1\" \/>\n<link rel=\"canonical\" href=\"https:\/\/www.budokampsport.se\/2012\/05\/09\/infor-sm-i-kickboxning-det-blir-all-time-high\/\" \/>\n<meta property=\"og:locale\" content=\"sv_SE\" \/>\n<meta property=\"og:type\" content=\"article\" \/>\n<meta property=\"og:title\" content=\"Inf\u00f6r SM i kickboxning: \u201dDet blir all time high\u201d - Svenska Budo &amp; Kampsportsf\u00f6rbundet\" \/>\n<meta property=\"og:description\" content=\"P\u00e5 l\u00f6rdag \u00e4r det dags f\u00f6r SM i kickboxningens light kontakt. Knappa m\u00e5naden senare h\u00e5lls fullkontakts-SM. En separation av stilarna som hittills varit lyckad.\u00a0\u00a0 - Det var arrang\u00f6rernas egna vilja, inget som vi fr\u00e5n f\u00f6rbundet best\u00e4llde, s\u00e4ger kickboxningens vice ordf\u00f6rande Bj\u00f6rn Rhodin till budokampsport.se.\" \/>\n<meta property=\"og:url\" content=\"https:\/\/www.budokampsport.se\/2012\/05\/09\/infor-sm-i-kickboxning-det-blir-all-time-high\/\" \/>\n<meta property=\"og:site_name\" content=\"Svenska Budo &amp; Kampsportsf\u00f6rbundet\" \/>\n<meta property=\"article:author\" content=\"https:\/\/www.facebook.com\/jonathan.broberg.7\" \/>\n<meta property=\"article:published_time\" content=\"2012-05-09T11:57:28+00:00\" \/>\n<meta property=\"article:modified_time\" content=\"2016-12-06T21:34:30+00:00\" \/>\n<meta name=\"author\" content=\"Jonathan Broberg\" \/>\n<meta name=\"twitter:card\" content=\"summary_large_image\" \/>\n<meta name=\"twitter:label1\" content=\"Skriven av\" \/>\n\t<meta name=\"twitter:data1\" content=\"Jonathan Broberg\" \/>\n\t<meta name=\"twitter:label2\" content=\"Ber\u00e4knad l\u00e4stid\" \/>\n\t<meta name=\"twitter:data2\" content=\"3 minuter\" \/>\n<script type=\"application\/ld+json\" class=\"yoast-schema-graph\">{\"@context\":\"https:\/\/schema.org\",\"@graph\":[{\"@type\":\"Article\",\"@id\":\"https:\/\/www.budokampsport.se\/2012\/05\/09\/infor-sm-i-kickboxning-det-blir-all-time-high\/#article\",\"isPartOf\":{\"@id\":\"https:\/\/www.budokampsport.se\/2012\/05\/09\/infor-sm-i-kickboxning-det-blir-all-time-high\/\"},\"author\":{\"name\":\"Jonathan Broberg\",\"@id\":\"https:\/\/www.budokampsport.se\/#\/schema\/person\/5c06d81d14850e2a8ce5493386560145\"},\"headline\":\"Inf\u00f6r SM i kickboxning: \u201dDet blir all time high\u201d\",\"datePublished\":\"2012-05-09T11:57:28+00:00\",\"dateModified\":\"2016-12-06T21:34:30+00:00\",\"mainEntityOfPage\":{\"@id\":\"https:\/\/www.budokampsport.se\/2012\/05\/09\/infor-sm-i-kickboxning-det-blir-all-time-high\/\"},\"wordCount\":610,\"inLanguage\":\"sv-SE\"},{\"@type\":\"WebPage\",\"@id\":\"https:\/\/www.budokampsport.se\/2012\/05\/09\/infor-sm-i-kickboxning-det-blir-all-time-high\/\",\"url\":\"https:\/\/www.budokampsport.se\/2012\/05\/09\/infor-sm-i-kickboxning-det-blir-all-time-high\/\",\"name\":\"Inf\u00f6r SM i kickboxning: \u201dDet blir all time high\u201d - Svenska Budo &amp; Kampsportsf\u00f6rbundet\",\"isPartOf\":{\"@id\":\"https:\/\/www.budokampsport.se\/#website\"},\"datePublished\":\"2012-05-09T11:57:28+00:00\",\"dateModified\":\"2016-12-06T21:34:30+00:00\",\"author\":{\"@id\":\"https:\/\/www.budokampsport.se\/#\/schema\/person\/5c06d81d14850e2a8ce5493386560145\"},\"description\":\"P\u00e5 l\u00f6rdag \u00e4r det dags f\u00f6r SM i kickboxningens light kontakt. Knappa m\u00e5naden senare h\u00e5lls fullkontakts-SM. En separation av stilarna som hittills varit lyckad.\u00a0\u00a0 - Det var arrang\u00f6rernas egna vilja, inget som vi fr\u00e5n f\u00f6rbundet best\u00e4llde, s\u00e4ger kickboxningens vice ordf\u00f6rande Bj\u00f6rn Rhodin till budokampsport.se.\",\"breadcrumb\":{\"@id\":\"https:\/\/www.budokampsport.se\/2012\/05\/09\/infor-sm-i-kickboxning-det-blir-all-time-high\/#breadcrumb\"},\"inLanguage\":\"sv-SE\",\"potentialAction\":[{\"@type\":\"ReadAction\",\"target\":[\"https:\/\/www.budokampsport.se\/2012\/05\/09\/infor-sm-i-kickboxning-det-blir-all-time-high\/\"]}]},{\"@type\":\"BreadcrumbList\",\"@id\":\"https:\/\/www.budokampsport.se\/2012\/05\/09\/infor-sm-i-kickboxning-det-blir-all-time-high\/#breadcrumb\",\"itemListElement\":[{\"@type\":\"ListItem\",\"position\":1,\"name\":\"Hem\",\"item\":\"https:\/\/www.budokampsport.se\/\"},{\"@type\":\"ListItem\",\"position\":2,\"name\":\"Inf\u00f6r SM i kickboxning: \u201dDet blir all time high\u201d\"}]},{\"@type\":\"WebSite\",\"@id\":\"https:\/\/www.budokampsport.se\/#website\",\"url\":\"https:\/\/www.budokampsport.se\/\",\"name\":\"Svenska Budo &amp; Kampsportsf\u00f6rbundet\",\"description\":\"T\u00e4vling, Tr\u00e4ning, Tradition\",\"potentialAction\":[{\"@type\":\"SearchAction\",\"target\":{\"@type\":\"EntryPoint\",\"urlTemplate\":\"https:\/\/www.budokampsport.se\/?s={search_term_string}\"},\"query-input\":{\"@type\":\"PropertyValueSpecification\",\"valueRequired\":true,\"valueName\":\"search_term_string\"}}],\"inLanguage\":\"sv-SE\"},{\"@type\":\"Person\",\"@id\":\"https:\/\/www.budokampsport.se\/#\/schema\/person\/5c06d81d14850e2a8ce5493386560145\",\"name\":\"Jonathan Broberg\",\"image\":{\"@type\":\"ImageObject\",\"inLanguage\":\"sv-SE\",\"@id\":\"https:\/\/www.budokampsport.se\/#\/schema\/person\/image\/\",\"url\":\"https:\/\/secure.gravatar.com\/avatar\/a58041c6cea9128bd9c40ee2f26d4136?s=96&d=blank&r=g\",\"contentUrl\":\"https:\/\/secure.gravatar.com\/avatar\/a58041c6cea9128bd9c40ee2f26d4136?s=96&d=blank&r=g\",\"caption\":\"Jonathan Broberg\"},\"sameAs\":[\"https:\/\/www.facebook.com\/jonathan.broberg.7\"],\"url\":\"https:\/\/www.budokampsport.se\/author\/jonathan\/\"}]}<\/script>\n<!-- \/ Yoast SEO plugin. -->","yoast_head_json":{"title":"Inf\u00f6r SM i kickboxning: \u201dDet blir all time high\u201d - Svenska Budo &amp; Kampsportsf\u00f6rbundet","description":"P\u00e5 l\u00f6rdag \u00e4r det dags f\u00f6r SM i kickboxningens light kontakt. Knappa m\u00e5naden senare h\u00e5lls fullkontakts-SM. En separation av stilarna som hittills varit lyckad.\u00a0\u00a0 - Det var arrang\u00f6rernas egna vilja, inget som vi fr\u00e5n f\u00f6rbundet best\u00e4llde, s\u00e4ger kickboxningens vice ordf\u00f6rande Bj\u00f6rn Rhodin till budokampsport.se.","robots":{"index":"index","follow":"follow","max-snippet":"max-snippet:-1","max-image-preview":"max-image-preview:large","max-video-preview":"max-video-preview:-1"},"canonical":"https:\/\/www.budokampsport.se\/2012\/05\/09\/infor-sm-i-kickboxning-det-blir-all-time-high\/","og_locale":"sv_SE","og_type":"article","og_title":"Inf\u00f6r SM i kickboxning: \u201dDet blir all time high\u201d - Svenska Budo &amp; Kampsportsf\u00f6rbundet","og_description":"P\u00e5 l\u00f6rdag \u00e4r det dags f\u00f6r SM i kickboxningens light kontakt. Knappa m\u00e5naden senare h\u00e5lls fullkontakts-SM. En separation av stilarna som hittills varit lyckad.\u00a0\u00a0 - Det var arrang\u00f6rernas egna vilja, inget som vi fr\u00e5n f\u00f6rbundet best\u00e4llde, s\u00e4ger kickboxningens vice ordf\u00f6rande Bj\u00f6rn Rhodin till budokampsport.se.","og_url":"https:\/\/www.budokampsport.se\/2012\/05\/09\/infor-sm-i-kickboxning-det-blir-all-time-high\/","og_site_name":"Svenska Budo &amp; Kampsportsf\u00f6rbundet","article_author":"https:\/\/www.facebook.com\/jonathan.broberg.7","article_published_time":"2012-05-09T11:57:28+00:00","article_modified_time":"2016-12-06T21:34:30+00:00","author":"Jonathan Broberg","twitter_card":"summary_large_image","twitter_misc":{"Skriven av":"Jonathan Broberg","Ber\u00e4knad l\u00e4stid":"3 minuter"},"schema":{"@context":"https:\/\/schema.org","@graph":[{"@type":"Article","@id":"https:\/\/www.budokampsport.se\/2012\/05\/09\/infor-sm-i-kickboxning-det-blir-all-time-high\/#article","isPartOf":{"@id":"https:\/\/www.budokampsport.se\/2012\/05\/09\/infor-sm-i-kickboxning-det-blir-all-time-high\/"},"author":{"name":"Jonathan Broberg","@id":"https:\/\/www.budokampsport.se\/#\/schema\/person\/5c06d81d14850e2a8ce5493386560145"},"headline":"Inf\u00f6r SM i kickboxning: \u201dDet blir all time high\u201d","datePublished":"2012-05-09T11:57:28+00:00","dateModified":"2016-12-06T21:34:30+00:00","mainEntityOfPage":{"@id":"https:\/\/www.budokampsport.se\/2012\/05\/09\/infor-sm-i-kickboxning-det-blir-all-time-high\/"},"wordCount":610,"inLanguage":"sv-SE"},{"@type":"WebPage","@id":"https:\/\/www.budokampsport.se\/2012\/05\/09\/infor-sm-i-kickboxning-det-blir-all-time-high\/","url":"https:\/\/www.budokampsport.se\/2012\/05\/09\/infor-sm-i-kickboxning-det-blir-all-time-high\/","name":"Inf\u00f6r SM i kickboxning: \u201dDet blir all time high\u201d - Svenska Budo &amp; Kampsportsf\u00f6rbundet","isPartOf":{"@id":"https:\/\/www.budokampsport.se\/#website"},"datePublished":"2012-05-09T11:57:28+00:00","dateModified":"2016-12-06T21:34:30+00:00","author":{"@id":"https:\/\/www.budokampsport.se\/#\/schema\/person\/5c06d81d14850e2a8ce5493386560145"},"description":"P\u00e5 l\u00f6rdag \u00e4r det dags f\u00f6r SM i kickboxningens light kontakt. Knappa m\u00e5naden senare h\u00e5lls fullkontakts-SM. En separation av stilarna som hittills varit lyckad.\u00a0\u00a0 - Det var arrang\u00f6rernas egna vilja, inget som vi fr\u00e5n f\u00f6rbundet best\u00e4llde, s\u00e4ger kickboxningens vice ordf\u00f6rande Bj\u00f6rn Rhodin till budokampsport.se.","breadcrumb":{"@id":"https:\/\/www.budokampsport.se\/2012\/05\/09\/infor-sm-i-kickboxning-det-blir-all-time-high\/#breadcrumb"},"inLanguage":"sv-SE","potentialAction":[{"@type":"ReadAction","target":["https:\/\/www.budokampsport.se\/2012\/05\/09\/infor-sm-i-kickboxning-det-blir-all-time-high\/"]}]},{"@type":"BreadcrumbList","@id":"https:\/\/www.budokampsport.se\/2012\/05\/09\/infor-sm-i-kickboxning-det-blir-all-time-high\/#breadcrumb","itemListElement":[{"@type":"ListItem","position":1,"name":"Hem","item":"https:\/\/www.budokampsport.se\/"},{"@type":"ListItem","position":2,"name":"Inf\u00f6r SM i kickboxning: \u201dDet blir all time high\u201d"}]},{"@type":"WebSite","@id":"https:\/\/www.budokampsport.se\/#website","url":"https:\/\/www.budokampsport.se\/","name":"Svenska Budo &amp; Kampsportsf\u00f6rbundet","description":"T\u00e4vling, Tr\u00e4ning, Tradition","potentialAction":[{"@type":"SearchAction","target":{"@type":"EntryPoint","urlTemplate":"https:\/\/www.budokampsport.se\/?s={search_term_string}"},"query-input":{"@type":"PropertyValueSpecification","valueRequired":true,"valueName":"search_term_string"}}],"inLanguage":"sv-SE"},{"@type":"Person","@id":"https:\/\/www.budokampsport.se\/#\/schema\/person\/5c06d81d14850e2a8ce5493386560145","name":"Jonathan Broberg","image":{"@type":"ImageObject","inLanguage":"sv-SE","@id":"https:\/\/www.budokampsport.se\/#\/schema\/person\/image\/","url":"https:\/\/secure.gravatar.com\/avatar\/a58041c6cea9128bd9c40ee2f26d4136?s=96&d=blank&r=g","contentUrl":"https:\/\/secure.gravatar.com\/avatar\/a58041c6cea9128bd9c40ee2f26d4136?s=96&d=blank&r=g","caption":"Jonathan Broberg"},"sameAs":["https:\/\/www.facebook.com\/jonathan.broberg.7"],"url":"https:\/\/www.budokampsport.se\/author\/jonathan\/"}]}},"_links":{"self":[{"href":"https:\/\/www.budokampsport.se\/api\/wp\/v2\/posts\/4209","targetHints":{"allow":["GET"]}}],"collection":[{"href":"https:\/\/www.budokampsport.se\/api\/wp\/v2\/posts"}],"about":[{"href":"https:\/\/www.budokampsport.se\/api\/wp\/v2\/types\/post"}],"author":[{"embeddable":true,"href":"https:\/\/www.budokampsport.se\/api\/wp\/v2\/users\/7"}],"replies":[{"embeddable":true,"href":"https:\/\/www.budokampsport.se\/api\/wp\/v2\/comments?post=4209"}],"version-history":[{"count":0,"href":"https:\/\/www.budokampsport.se\/api\/wp\/v2\/posts\/4209\/revisions"}],"wp:attachment":[{"href":"https:\/\/www.budokampsport.se\/api\/wp\/v2\/media?parent=4209"}],"wp:term":[{"taxonomy":"category","embeddable":true,"href":"https:\/\/www.budokampsport.se\/api\/wp\/v2\/categories?post=4209"},{"taxonomy":"post_tag","embeddable":true,"href":"https:\/\/www.budokampsport.se\/api\/wp\/v2\/tags?post=4209"}],"curies":[{"name":"wp","href":"https:\/\/api.w.org\/{rel}","templated":true}]}}