{"id":4211,"date":"2012-05-11T12:31:18","date_gmt":"2012-05-11T10:31:18","guid":{"rendered":"http:\/\/budo.wordpress.dev\/2012\/05\/11\/svenska-vm-truppen-i-kendo\/"},"modified":"2016-12-06T22:34:30","modified_gmt":"2016-12-06T21:34:30","slug":"svenska-vm-truppen-i-kendo","status":"publish","type":"post","link":"https:\/\/www.budokampsport.se\/2012\/05\/11\/svenska-vm-truppen-i-kendo\/","title":{"rendered":"Svenska VM-truppen i kendo"},"content":{"rendered":"<p><P><STRONG><IMG alt=\"\" align=middle src=\"http:\/\/www.budokampsport.se\/sites\/default\/files\/_MG_2377.jpg\"><BR>Det \u00e4r tv\u00e5 veckor kvar till VM i kendo. Detta \u00e5r \u00e4r VM f\u00f6rlagt i det pittoreska Novara i Italien och h\u00e5ller p\u00e5 fr\u00e5n 25 till 27 maj.Sverige skickar tolv idrottare till VM.<!--break--><\/STRONG><\/P> <P>Det \u00e4r i \u00e5r exakt 42 \u00e5r sedan det f\u00f6rsta v\u00e4rldsm\u00e4sterskapet i kendo h\u00f6lls. D\u00e5, 1970, hette v\u00e4rdstaden Tokyo. D\u00e4refter har VM arrangerats vart tredje \u00e5r i \u00e5tta olika nationer.<\/P> <P>\u00c5rets VM i Italien blir det 15:e m\u00e4sterskapet i historien. Sverige skickar en tolv idrottare stor trupp, varav sju herrar och fem damer.<BR><STRONG><BR>H\u00e4r \u00e4r laget:<BR><\/STRONG>Coach &#8211; Kumi Sato<BR>Managers &#8211; Bertil Rosenberg och Christian Strandberg<\/P> <P><STRONG>Herrar:<\/STRONG><BR>Jun Yamazaki, kapten<BR>Henrik Johansson<BR>Juan-Sebastian Sato-Folatre<BR>Josef Segerstedt<BR>Jimmy Cedervall<BR>Ambj\u00f6rn Holmkvist<BR>G\u00f6ran Gutierrez-Aranda<\/P> <P><STRONG>Damer: <\/STRONG><BR>Micaela Ahlstam, kapten<BR>Michiko Komaki<BR>Fanny Lindstr\u00f6m<BR>Maja V\u00e5gberg<BR>Klara Dahlberg<\/P> <P><IMG alt=\"\" align=middle src=\"http:\/\/www.budokampsport.se\/sites\/default\/files\/kendo.jpg\" width=400 height=260><BR><BR>Kendo \u00e4r en japansk kampsport som ursprungligen kallades kenjutsu, sv\u00e4rdsteknik. Den utvecklades av samurajer, fr\u00e4mst under inb\u00f6rdeskrigen i Japan p\u00e5 1500-talet.<BR><BR><STRONG>Kenjutsu ut\u00f6vades <\/STRONG>i b\u00f6rjan mest som kata (form) med tr\u00e4sv\u00e4rd. Senare blev det shinai, ett sv\u00e4rd av bambu, och skyddsrustning f\u00f6r tr\u00e4nings\u00e4ndam\u00e5l. I Japan finns flera miljoner ut\u00f6vare av kendo, fr\u00e5n cirka 5 upp till 95 \u00e5rs \u00e5lder. P\u00e5 det japanska gymnasiet v\u00e4ljer man mellan judo och kendo inom ramen f\u00f6r idrotts\u00e4mnet.<BR><BR><IMG alt=\"\" align=right src=\"http:\/\/www.budokampsport.se\/sites\/default\/files\/novara.gif\" width=120 height=97>1970 bildades Internationella Kendofederationen, som idag best\u00e5r av 41 nationer. Vart tredje \u00e5r h\u00e5lls VM, och EM \u00e4r det alla andra \u00e5r.<BR><BR><A href=\"http:\/\/www.15wkc-italy.org\/index.html\">Mer information om \u00e5rets VM finns att finna h\u00e4r.<\/A><BR><BR>Text: Jonathan Broberg<BR>Rubrikfoto: Jonathan Broberg<BR>Artikelfoto: Magnus Hartman<\/P><\/p>\n","protected":false},"excerpt":{"rendered":"<p><P><STRONG><IMG alt=\"\" align=middle src=\"http:\/\/www.budokampsport.se\/sites\/default\/files\/_MG_2377.jpg\"><BR>Det \u00e4r tv\u00e5 veckor kvar till VM i kendo. Detta \u00e5r \u00e4r VM f\u00f6rlagt i det pittoreska Novara i Italien och h\u00e5ller p\u00e5 fr\u00e5n 25 till 27 maj.Sverige skickar tolv idrottare till VM.<\/p><br>","protected":false},"author":7,"featured_media":0,"comment_status":"closed","ping_status":"closed","sticky":false,"template":"","format":"standard","meta":{"_acf_changed":false,"footnotes":""},"categories":[1],"tags":[],"class_list":["post-4211","post","type-post","status-publish","format-standard","hentry","category-okategoriserade"],"acf":[],"yoast_head":"<!-- This site is optimized with the Yoast SEO plugin v26.8 - https:\/\/yoast.com\/product\/yoast-seo-wordpress\/ -->\n<title>Svenska VM-truppen i kendo - Svenska Budo &amp; Kampsportsf\u00f6rbundet<\/title>\n<meta name=\"description\" content=\"Det \u00e4r tv\u00e5 veckor kvar till VM i kendo. Detta \u00e5r \u00e4r VM f\u00f6rlagt i det pittoreska Novara i Italien och h\u00e5ller p\u00e5 fr\u00e5n 25 till 27 maj.Sverige skickar tolv idrottare till VM.\" \/>\n<meta name=\"robots\" content=\"index, follow, max-snippet:-1, max-image-preview:large, max-video-preview:-1\" \/>\n<link rel=\"canonical\" href=\"https:\/\/www.budokampsport.se\/2012\/05\/11\/svenska-vm-truppen-i-kendo\/\" \/>\n<meta property=\"og:locale\" content=\"sv_SE\" \/>\n<meta property=\"og:type\" content=\"article\" \/>\n<meta property=\"og:title\" content=\"Svenska VM-truppen i kendo - Svenska Budo &amp; Kampsportsf\u00f6rbundet\" \/>\n<meta property=\"og:description\" content=\"Det \u00e4r tv\u00e5 veckor kvar till VM i kendo. Detta \u00e5r \u00e4r VM f\u00f6rlagt i det pittoreska Novara i Italien och h\u00e5ller p\u00e5 fr\u00e5n 25 till 27 maj.Sverige skickar tolv idrottare till VM.\" \/>\n<meta property=\"og:url\" content=\"https:\/\/www.budokampsport.se\/2012\/05\/11\/svenska-vm-truppen-i-kendo\/\" \/>\n<meta property=\"og:site_name\" content=\"Svenska Budo &amp; Kampsportsf\u00f6rbundet\" \/>\n<meta property=\"article:author\" content=\"https:\/\/www.facebook.com\/jonathan.broberg.7\" \/>\n<meta property=\"article:published_time\" content=\"2012-05-11T10:31:18+00:00\" \/>\n<meta property=\"article:modified_time\" content=\"2016-12-06T21:34:30+00:00\" \/>\n<meta name=\"author\" content=\"Jonathan Broberg\" \/>\n<meta name=\"twitter:card\" content=\"summary_large_image\" \/>\n<meta name=\"twitter:label1\" content=\"Skriven av\" \/>\n\t<meta name=\"twitter:data1\" content=\"Jonathan Broberg\" \/>\n\t<meta name=\"twitter:label2\" content=\"Ber\u00e4knad l\u00e4stid\" \/>\n\t<meta name=\"twitter:data2\" content=\"1 minut\" \/>\n<script type=\"application\/ld+json\" class=\"yoast-schema-graph\">{\"@context\":\"https:\/\/schema.org\",\"@graph\":[{\"@type\":\"Article\",\"@id\":\"https:\/\/www.budokampsport.se\/2012\/05\/11\/svenska-vm-truppen-i-kendo\/#article\",\"isPartOf\":{\"@id\":\"https:\/\/www.budokampsport.se\/2012\/05\/11\/svenska-vm-truppen-i-kendo\/\"},\"author\":{\"name\":\"Jonathan Broberg\",\"@id\":\"https:\/\/www.budokampsport.se\/#\/schema\/person\/5c06d81d14850e2a8ce5493386560145\"},\"headline\":\"Svenska VM-truppen i kendo\",\"datePublished\":\"2012-05-11T10:31:18+00:00\",\"dateModified\":\"2016-12-06T21:34:30+00:00\",\"mainEntityOfPage\":{\"@id\":\"https:\/\/www.budokampsport.se\/2012\/05\/11\/svenska-vm-truppen-i-kendo\/\"},\"wordCount\":260,\"inLanguage\":\"sv-SE\"},{\"@type\":\"WebPage\",\"@id\":\"https:\/\/www.budokampsport.se\/2012\/05\/11\/svenska-vm-truppen-i-kendo\/\",\"url\":\"https:\/\/www.budokampsport.se\/2012\/05\/11\/svenska-vm-truppen-i-kendo\/\",\"name\":\"Svenska VM-truppen i kendo - Svenska Budo &amp; Kampsportsf\u00f6rbundet\",\"isPartOf\":{\"@id\":\"https:\/\/www.budokampsport.se\/#website\"},\"datePublished\":\"2012-05-11T10:31:18+00:00\",\"dateModified\":\"2016-12-06T21:34:30+00:00\",\"author\":{\"@id\":\"https:\/\/www.budokampsport.se\/#\/schema\/person\/5c06d81d14850e2a8ce5493386560145\"},\"description\":\"Det \u00e4r tv\u00e5 veckor kvar till VM i kendo. Detta \u00e5r \u00e4r VM f\u00f6rlagt i det pittoreska Novara i Italien och h\u00e5ller p\u00e5 fr\u00e5n 25 till 27 maj.Sverige skickar tolv idrottare till VM.\",\"breadcrumb\":{\"@id\":\"https:\/\/www.budokampsport.se\/2012\/05\/11\/svenska-vm-truppen-i-kendo\/#breadcrumb\"},\"inLanguage\":\"sv-SE\",\"potentialAction\":[{\"@type\":\"ReadAction\",\"target\":[\"https:\/\/www.budokampsport.se\/2012\/05\/11\/svenska-vm-truppen-i-kendo\/\"]}]},{\"@type\":\"BreadcrumbList\",\"@id\":\"https:\/\/www.budokampsport.se\/2012\/05\/11\/svenska-vm-truppen-i-kendo\/#breadcrumb\",\"itemListElement\":[{\"@type\":\"ListItem\",\"position\":1,\"name\":\"Hem\",\"item\":\"https:\/\/www.budokampsport.se\/\"},{\"@type\":\"ListItem\",\"position\":2,\"name\":\"Svenska VM-truppen i kendo\"}]},{\"@type\":\"WebSite\",\"@id\":\"https:\/\/www.budokampsport.se\/#website\",\"url\":\"https:\/\/www.budokampsport.se\/\",\"name\":\"Svenska Budo &amp; Kampsportsf\u00f6rbundet\",\"description\":\"T\u00e4vling, Tr\u00e4ning, Tradition\",\"potentialAction\":[{\"@type\":\"SearchAction\",\"target\":{\"@type\":\"EntryPoint\",\"urlTemplate\":\"https:\/\/www.budokampsport.se\/?s={search_term_string}\"},\"query-input\":{\"@type\":\"PropertyValueSpecification\",\"valueRequired\":true,\"valueName\":\"search_term_string\"}}],\"inLanguage\":\"sv-SE\"},{\"@type\":\"Person\",\"@id\":\"https:\/\/www.budokampsport.se\/#\/schema\/person\/5c06d81d14850e2a8ce5493386560145\",\"name\":\"Jonathan Broberg\",\"image\":{\"@type\":\"ImageObject\",\"inLanguage\":\"sv-SE\",\"@id\":\"https:\/\/www.budokampsport.se\/#\/schema\/person\/image\/\",\"url\":\"https:\/\/secure.gravatar.com\/avatar\/a58041c6cea9128bd9c40ee2f26d4136?s=96&d=blank&r=g\",\"contentUrl\":\"https:\/\/secure.gravatar.com\/avatar\/a58041c6cea9128bd9c40ee2f26d4136?s=96&d=blank&r=g\",\"caption\":\"Jonathan Broberg\"},\"sameAs\":[\"https:\/\/www.facebook.com\/jonathan.broberg.7\"],\"url\":\"https:\/\/www.budokampsport.se\/author\/jonathan\/\"}]}<\/script>\n<!-- \/ Yoast SEO plugin. -->","yoast_head_json":{"title":"Svenska VM-truppen i kendo - Svenska Budo &amp; Kampsportsf\u00f6rbundet","description":"Det \u00e4r tv\u00e5 veckor kvar till VM i kendo. Detta \u00e5r \u00e4r VM f\u00f6rlagt i det pittoreska Novara i Italien och h\u00e5ller p\u00e5 fr\u00e5n 25 till 27 maj.Sverige skickar tolv idrottare till VM.","robots":{"index":"index","follow":"follow","max-snippet":"max-snippet:-1","max-image-preview":"max-image-preview:large","max-video-preview":"max-video-preview:-1"},"canonical":"https:\/\/www.budokampsport.se\/2012\/05\/11\/svenska-vm-truppen-i-kendo\/","og_locale":"sv_SE","og_type":"article","og_title":"Svenska VM-truppen i kendo - Svenska Budo &amp; Kampsportsf\u00f6rbundet","og_description":"Det \u00e4r tv\u00e5 veckor kvar till VM i kendo. Detta \u00e5r \u00e4r VM f\u00f6rlagt i det pittoreska Novara i Italien och h\u00e5ller p\u00e5 fr\u00e5n 25 till 27 maj.Sverige skickar tolv idrottare till VM.","og_url":"https:\/\/www.budokampsport.se\/2012\/05\/11\/svenska-vm-truppen-i-kendo\/","og_site_name":"Svenska Budo &amp; Kampsportsf\u00f6rbundet","article_author":"https:\/\/www.facebook.com\/jonathan.broberg.7","article_published_time":"2012-05-11T10:31:18+00:00","article_modified_time":"2016-12-06T21:34:30+00:00","author":"Jonathan Broberg","twitter_card":"summary_large_image","twitter_misc":{"Skriven av":"Jonathan Broberg","Ber\u00e4knad l\u00e4stid":"1 minut"},"schema":{"@context":"https:\/\/schema.org","@graph":[{"@type":"Article","@id":"https:\/\/www.budokampsport.se\/2012\/05\/11\/svenska-vm-truppen-i-kendo\/#article","isPartOf":{"@id":"https:\/\/www.budokampsport.se\/2012\/05\/11\/svenska-vm-truppen-i-kendo\/"},"author":{"name":"Jonathan Broberg","@id":"https:\/\/www.budokampsport.se\/#\/schema\/person\/5c06d81d14850e2a8ce5493386560145"},"headline":"Svenska VM-truppen i kendo","datePublished":"2012-05-11T10:31:18+00:00","dateModified":"2016-12-06T21:34:30+00:00","mainEntityOfPage":{"@id":"https:\/\/www.budokampsport.se\/2012\/05\/11\/svenska-vm-truppen-i-kendo\/"},"wordCount":260,"inLanguage":"sv-SE"},{"@type":"WebPage","@id":"https:\/\/www.budokampsport.se\/2012\/05\/11\/svenska-vm-truppen-i-kendo\/","url":"https:\/\/www.budokampsport.se\/2012\/05\/11\/svenska-vm-truppen-i-kendo\/","name":"Svenska VM-truppen i kendo - Svenska Budo &amp; Kampsportsf\u00f6rbundet","isPartOf":{"@id":"https:\/\/www.budokampsport.se\/#website"},"datePublished":"2012-05-11T10:31:18+00:00","dateModified":"2016-12-06T21:34:30+00:00","author":{"@id":"https:\/\/www.budokampsport.se\/#\/schema\/person\/5c06d81d14850e2a8ce5493386560145"},"description":"Det \u00e4r tv\u00e5 veckor kvar till VM i kendo. Detta \u00e5r \u00e4r VM f\u00f6rlagt i det pittoreska Novara i Italien och h\u00e5ller p\u00e5 fr\u00e5n 25 till 27 maj.Sverige skickar tolv idrottare till VM.","breadcrumb":{"@id":"https:\/\/www.budokampsport.se\/2012\/05\/11\/svenska-vm-truppen-i-kendo\/#breadcrumb"},"inLanguage":"sv-SE","potentialAction":[{"@type":"ReadAction","target":["https:\/\/www.budokampsport.se\/2012\/05\/11\/svenska-vm-truppen-i-kendo\/"]}]},{"@type":"BreadcrumbList","@id":"https:\/\/www.budokampsport.se\/2012\/05\/11\/svenska-vm-truppen-i-kendo\/#breadcrumb","itemListElement":[{"@type":"ListItem","position":1,"name":"Hem","item":"https:\/\/www.budokampsport.se\/"},{"@type":"ListItem","position":2,"name":"Svenska VM-truppen i kendo"}]},{"@type":"WebSite","@id":"https:\/\/www.budokampsport.se\/#website","url":"https:\/\/www.budokampsport.se\/","name":"Svenska Budo &amp; Kampsportsf\u00f6rbundet","description":"T\u00e4vling, Tr\u00e4ning, Tradition","potentialAction":[{"@type":"SearchAction","target":{"@type":"EntryPoint","urlTemplate":"https:\/\/www.budokampsport.se\/?s={search_term_string}"},"query-input":{"@type":"PropertyValueSpecification","valueRequired":true,"valueName":"search_term_string"}}],"inLanguage":"sv-SE"},{"@type":"Person","@id":"https:\/\/www.budokampsport.se\/#\/schema\/person\/5c06d81d14850e2a8ce5493386560145","name":"Jonathan Broberg","image":{"@type":"ImageObject","inLanguage":"sv-SE","@id":"https:\/\/www.budokampsport.se\/#\/schema\/person\/image\/","url":"https:\/\/secure.gravatar.com\/avatar\/a58041c6cea9128bd9c40ee2f26d4136?s=96&d=blank&r=g","contentUrl":"https:\/\/secure.gravatar.com\/avatar\/a58041c6cea9128bd9c40ee2f26d4136?s=96&d=blank&r=g","caption":"Jonathan Broberg"},"sameAs":["https:\/\/www.facebook.com\/jonathan.broberg.7"],"url":"https:\/\/www.budokampsport.se\/author\/jonathan\/"}]}},"_links":{"self":[{"href":"https:\/\/www.budokampsport.se\/api\/wp\/v2\/posts\/4211","targetHints":{"allow":["GET"]}}],"collection":[{"href":"https:\/\/www.budokampsport.se\/api\/wp\/v2\/posts"}],"about":[{"href":"https:\/\/www.budokampsport.se\/api\/wp\/v2\/types\/post"}],"author":[{"embeddable":true,"href":"https:\/\/www.budokampsport.se\/api\/wp\/v2\/users\/7"}],"replies":[{"embeddable":true,"href":"https:\/\/www.budokampsport.se\/api\/wp\/v2\/comments?post=4211"}],"version-history":[{"count":0,"href":"https:\/\/www.budokampsport.se\/api\/wp\/v2\/posts\/4211\/revisions"}],"wp:attachment":[{"href":"https:\/\/www.budokampsport.se\/api\/wp\/v2\/media?parent=4211"}],"wp:term":[{"taxonomy":"category","embeddable":true,"href":"https:\/\/www.budokampsport.se\/api\/wp\/v2\/categories?post=4211"},{"taxonomy":"post_tag","embeddable":true,"href":"https:\/\/www.budokampsport.se\/api\/wp\/v2\/tags?post=4211"}],"curies":[{"name":"wp","href":"https:\/\/api.w.org\/{rel}","templated":true}]}}