{"id":42144,"date":"2017-03-23T11:15:08","date_gmt":"2017-03-23T10:15:08","guid":{"rendered":"http:\/\/www.budokampsport.se\/?p=42144"},"modified":"2017-03-23T11:17:53","modified_gmt":"2017-03-23T10:17:53","slug":"kendo-stjarnorna-om-nomineringen-till-kampsportsgalan","status":"publish","type":"post","link":"https:\/\/www.budokampsport.se\/2017\/03\/23\/kendo-stjarnorna-om-nomineringen-till-kampsportsgalan\/","title":{"rendered":"Kendo-stj\u00e4rnorna om nomineringen till Kampsportsgalan"},"content":{"rendered":"<p>Ren Watanabe har varit en fast och stabil landslagspj\u00e4s i kendo under flera \u00e5r och var med om EM-bronset ifjol. Han \u00e4r glad och stolt \u00f6ver nomineringen till Kampsportsgalan, men mest blev han f\u00f6rbluffad.<br \/>\n&#8211; Jag blev j\u00e4ttef\u00f6rv\u00e5nad, kendo \u00e4r s\u00e5 liten art i Sverige s\u00e5 jag var \u00f6verraskad att vi var med p\u00e5 radarn, men det \u00e4r f\u00f6rst\u00e5s j\u00e4tteroligt.<br \/>\n&#8211; Jag fick reda p\u00e5 det genom att \u201dHenke\u201d skicka en l\u00e4nk p\u00e5 facebook, och jag blev som sagt b\u00e5de f\u00f6rv\u00e5nad och det k\u00e4ndes v\u00e4ldigt roligt.<br \/>\n<a href=\"http:\/\/www.budokampsport.se\/wp-content\/uploads\/2017\/03\/goran.jpg\"><img loading=\"lazy\" decoding=\"async\" class=\"alignright size-thumbnail wp-image-42151\" src=\"http:\/\/www.budokampsport.se\/wp-content\/uploads\/2017\/03\/goran-278x185.jpg\" alt=\"\" width=\"278\" height=\"185\" srcset=\"https:\/\/www.budokampsport.se\/wp-content\/uploads\/2017\/03\/goran-278x185.jpg 278w, https:\/\/www.budokampsport.se\/wp-content\/uploads\/2017\/03\/goran-600x400.jpg 600w, https:\/\/www.budokampsport.se\/wp-content\/uploads\/2017\/03\/goran-376x251.jpg 376w, https:\/\/www.budokampsport.se\/wp-content\/uploads\/2017\/03\/goran-847x565.jpg 847w, https:\/\/www.budokampsport.se\/wp-content\/uploads\/2017\/03\/goran-572x382.jpg 572w, https:\/\/www.budokampsport.se\/wp-content\/uploads\/2017\/03\/goran.jpg 850w\" sizes=\"auto, (max-width: 278px) 100vw, 278px\" \/><\/a><br \/>\n<strong>&#8220;Fanns inte p\u00e5 v\u00e4rldskartan&#8221;<\/strong><br \/>\nG\u00f6ran Guti\u00e9rrez-Aranda blev uppm\u00e4rksammad f\u00f6r en historisk po\u00e4ng i VM i Japan 2014, n\u00e4r han kvitterade till 1-1 och ordnade oavgjort mot den japanske storstj\u00e4rnan Madsua. En po\u00e4ng G\u00f6ran, som ocks\u00e5 var med i laget som vann EM-brons, fortfarande f\u00e5r energi utav.<br \/>\n&#8211; Jag har ridit vidare p\u00e5 po\u00e4ngen jag vann i VM mot Matsuda, jag skulle ljuga om jag sagt att jag inte tagit med mig det. Sj\u00e4lvklart. Den tekniken jag satte har jag f\u00f6rs\u00f6kt slipa \u00e4nnu mer p\u00e5, man f\u00e5r inte vara r\u00e4dd f\u00f6r att vara offensiv i kendo. Och det klart att det ingjutit respekt att jag tog den po\u00e4ngen.<br \/>\n&#8211; Men att vi skulle bli nominerade till galan \u00e4r f\u00f6r mig en stor \u00f6verraskning, det fanns inte p\u00e5 v\u00e4rldskartan. Men det \u00e4r kul att kendo f\u00e5r ett erk\u00e4nnande.<\/p>\n<p><em><strong>Webbs\u00e4ndning av galan &#8211; 99 kronor<\/strong><\/em><br \/>\n<em>Kampsportsgalan kommer attt s\u00e4ndas live p\u00e5 webben. S\u00e4ndningen startar 18.50. Galan b\u00f6rjar tio minuter senare.<\/em><br \/>\n<em>Kommentator: Karsten Landin<\/em><br \/>\n<em><strong><a href=\"http:\/\/www.budokampsport.se\/video.php\">L\u00e4nk till s\u00e4ndningen<\/a><\/strong><\/em><\/p>\n<p>Text och foto: Jonathan Broberg<\/p>\n","protected":false},"excerpt":{"rendered":"<p>Svensk kendo vann sin f\u00f6rsta m\u00e4sterskapsmedalj p\u00e5 14 \u00e5r under 2016, n\u00e4r Sverige i lagt\u00e4vlingen i EM vann ett brons. Laget som vann bronset \u00e4r nominerade till Kampsportsgalan p\u00e5 l\u00f6rdag i kategorien \u00c5rets traditionella ut\u00f6vare.<br \/><br>&#8211; Jag blev f\u00f6rv\u00e5nad att vi var med p\u00e5 radarn, s\u00e4ger Ren Watanabe, som var med om lagbronset, till budokampsport.se.<\/p><br>","protected":false},"author":7,"featured_media":42150,"comment_status":"open","ping_status":"open","sticky":false,"template":"","format":"standard","meta":{"_acf_changed":false,"footnotes":""},"categories":[1],"tags":[],"class_list":["post-42144","post","type-post","status-publish","format-standard","has-post-thumbnail","hentry","category-okategoriserade"],"acf":[],"yoast_head":"<!-- This site is optimized with the Yoast SEO plugin v26.8 - https:\/\/yoast.com\/product\/yoast-seo-wordpress\/ -->\n<title>Kendo-stj\u00e4rnorna om nomineringen till Kampsportsgalan - Svenska Budo &amp; Kampsportsf\u00f6rbundet<\/title>\n<meta name=\"description\" content=\"Svensk kendo vann sin f\u00f6rsta m\u00e4sterskapsmedalj p\u00e5 14 \u00e5r under 2016, n\u00e4r Sverige i lagt\u00e4vlingen i EM vann ett brons. Laget som vann bronset \u00e4r nominerade till Kampsportsgalan p\u00e5 l\u00f6rdag i kategorien \u00c5rets traditionella ut\u00f6vare. - Jag blev f\u00f6rv\u00e5nad att vi var med p\u00e5 radarn, s\u00e4ger Ren Watanabe, som var med om lagbronset, till budokampsport.se.\" \/>\n<meta name=\"robots\" content=\"index, follow, max-snippet:-1, max-image-preview:large, max-video-preview:-1\" \/>\n<link rel=\"canonical\" href=\"https:\/\/www.budokampsport.se\/2017\/03\/23\/kendo-stjarnorna-om-nomineringen-till-kampsportsgalan\/\" \/>\n<meta property=\"og:locale\" content=\"sv_SE\" \/>\n<meta property=\"og:type\" content=\"article\" \/>\n<meta property=\"og:title\" content=\"Kendo-stj\u00e4rnorna om nomineringen till Kampsportsgalan - Svenska Budo &amp; Kampsportsf\u00f6rbundet\" \/>\n<meta property=\"og:description\" content=\"Svensk kendo vann sin f\u00f6rsta m\u00e4sterskapsmedalj p\u00e5 14 \u00e5r under 2016, n\u00e4r Sverige i lagt\u00e4vlingen i EM vann ett brons. Laget som vann bronset \u00e4r nominerade till Kampsportsgalan p\u00e5 l\u00f6rdag i kategorien \u00c5rets traditionella ut\u00f6vare. - Jag blev f\u00f6rv\u00e5nad att vi var med p\u00e5 radarn, s\u00e4ger Ren Watanabe, som var med om lagbronset, till budokampsport.se.\" \/>\n<meta property=\"og:url\" content=\"https:\/\/www.budokampsport.se\/2017\/03\/23\/kendo-stjarnorna-om-nomineringen-till-kampsportsgalan\/\" \/>\n<meta property=\"og:site_name\" content=\"Svenska Budo &amp; Kampsportsf\u00f6rbundet\" \/>\n<meta property=\"article:author\" content=\"https:\/\/www.facebook.com\/jonathan.broberg.7\" \/>\n<meta property=\"article:published_time\" content=\"2017-03-23T10:15:08+00:00\" \/>\n<meta property=\"article:modified_time\" content=\"2017-03-23T10:17:53+00:00\" \/>\n<meta property=\"og:image\" content=\"https:\/\/www.budokampsport.se\/wp-content\/uploads\/2017\/03\/ren.jpg\" \/>\n\t<meta property=\"og:image:width\" content=\"850\" \/>\n\t<meta property=\"og:image:height\" content=\"567\" \/>\n\t<meta property=\"og:image:type\" content=\"image\/jpeg\" \/>\n<meta name=\"author\" content=\"Jonathan Broberg\" \/>\n<meta name=\"twitter:card\" content=\"summary_large_image\" \/>\n<meta name=\"twitter:label1\" content=\"Skriven av\" \/>\n\t<meta name=\"twitter:data1\" content=\"Jonathan Broberg\" \/>\n\t<meta name=\"twitter:label2\" content=\"Ber\u00e4knad l\u00e4stid\" \/>\n\t<meta name=\"twitter:data2\" content=\"1 minut\" \/>\n<script type=\"application\/ld+json\" class=\"yoast-schema-graph\">{\"@context\":\"https:\/\/schema.org\",\"@graph\":[{\"@type\":\"Article\",\"@id\":\"https:\/\/www.budokampsport.se\/2017\/03\/23\/kendo-stjarnorna-om-nomineringen-till-kampsportsgalan\/#article\",\"isPartOf\":{\"@id\":\"https:\/\/www.budokampsport.se\/2017\/03\/23\/kendo-stjarnorna-om-nomineringen-till-kampsportsgalan\/\"},\"author\":{\"name\":\"Jonathan Broberg\",\"@id\":\"https:\/\/www.budokampsport.se\/#\/schema\/person\/5c06d81d14850e2a8ce5493386560145\"},\"headline\":\"Kendo-stj\u00e4rnorna om nomineringen till Kampsportsgalan\",\"datePublished\":\"2017-03-23T10:15:08+00:00\",\"dateModified\":\"2017-03-23T10:17:53+00:00\",\"mainEntityOfPage\":{\"@id\":\"https:\/\/www.budokampsport.se\/2017\/03\/23\/kendo-stjarnorna-om-nomineringen-till-kampsportsgalan\/\"},\"wordCount\":300,\"commentCount\":0,\"image\":{\"@id\":\"https:\/\/www.budokampsport.se\/2017\/03\/23\/kendo-stjarnorna-om-nomineringen-till-kampsportsgalan\/#primaryimage\"},\"thumbnailUrl\":\"https:\/\/www.budokampsport.se\/wp-content\/uploads\/2017\/03\/ren.jpg\",\"inLanguage\":\"sv-SE\",\"potentialAction\":[{\"@type\":\"CommentAction\",\"name\":\"Comment\",\"target\":[\"https:\/\/www.budokampsport.se\/2017\/03\/23\/kendo-stjarnorna-om-nomineringen-till-kampsportsgalan\/#respond\"]}]},{\"@type\":\"WebPage\",\"@id\":\"https:\/\/www.budokampsport.se\/2017\/03\/23\/kendo-stjarnorna-om-nomineringen-till-kampsportsgalan\/\",\"url\":\"https:\/\/www.budokampsport.se\/2017\/03\/23\/kendo-stjarnorna-om-nomineringen-till-kampsportsgalan\/\",\"name\":\"Kendo-stj\u00e4rnorna om nomineringen till Kampsportsgalan - Svenska Budo &amp; Kampsportsf\u00f6rbundet\",\"isPartOf\":{\"@id\":\"https:\/\/www.budokampsport.se\/#website\"},\"primaryImageOfPage\":{\"@id\":\"https:\/\/www.budokampsport.se\/2017\/03\/23\/kendo-stjarnorna-om-nomineringen-till-kampsportsgalan\/#primaryimage\"},\"image\":{\"@id\":\"https:\/\/www.budokampsport.se\/2017\/03\/23\/kendo-stjarnorna-om-nomineringen-till-kampsportsgalan\/#primaryimage\"},\"thumbnailUrl\":\"https:\/\/www.budokampsport.se\/wp-content\/uploads\/2017\/03\/ren.jpg\",\"datePublished\":\"2017-03-23T10:15:08+00:00\",\"dateModified\":\"2017-03-23T10:17:53+00:00\",\"author\":{\"@id\":\"https:\/\/www.budokampsport.se\/#\/schema\/person\/5c06d81d14850e2a8ce5493386560145\"},\"description\":\"Svensk kendo vann sin f\u00f6rsta m\u00e4sterskapsmedalj p\u00e5 14 \u00e5r under 2016, n\u00e4r Sverige i lagt\u00e4vlingen i EM vann ett brons. Laget som vann bronset \u00e4r nominerade till Kampsportsgalan p\u00e5 l\u00f6rdag i kategorien \u00c5rets traditionella ut\u00f6vare. - Jag blev f\u00f6rv\u00e5nad att vi var med p\u00e5 radarn, s\u00e4ger Ren Watanabe, som var med om lagbronset, till budokampsport.se.\",\"breadcrumb\":{\"@id\":\"https:\/\/www.budokampsport.se\/2017\/03\/23\/kendo-stjarnorna-om-nomineringen-till-kampsportsgalan\/#breadcrumb\"},\"inLanguage\":\"sv-SE\",\"potentialAction\":[{\"@type\":\"ReadAction\",\"target\":[\"https:\/\/www.budokampsport.se\/2017\/03\/23\/kendo-stjarnorna-om-nomineringen-till-kampsportsgalan\/\"]}]},{\"@type\":\"ImageObject\",\"inLanguage\":\"sv-SE\",\"@id\":\"https:\/\/www.budokampsport.se\/2017\/03\/23\/kendo-stjarnorna-om-nomineringen-till-kampsportsgalan\/#primaryimage\",\"url\":\"https:\/\/www.budokampsport.se\/wp-content\/uploads\/2017\/03\/ren.jpg\",\"contentUrl\":\"https:\/\/www.budokampsport.se\/wp-content\/uploads\/2017\/03\/ren.jpg\",\"width\":850,\"height\":567,\"caption\":\"Foto: Jonathan Broberg\"},{\"@type\":\"BreadcrumbList\",\"@id\":\"https:\/\/www.budokampsport.se\/2017\/03\/23\/kendo-stjarnorna-om-nomineringen-till-kampsportsgalan\/#breadcrumb\",\"itemListElement\":[{\"@type\":\"ListItem\",\"position\":1,\"name\":\"Hem\",\"item\":\"https:\/\/www.budokampsport.se\/\"},{\"@type\":\"ListItem\",\"position\":2,\"name\":\"Kendo-stj\u00e4rnorna om nomineringen till Kampsportsgalan\"}]},{\"@type\":\"WebSite\",\"@id\":\"https:\/\/www.budokampsport.se\/#website\",\"url\":\"https:\/\/www.budokampsport.se\/\",\"name\":\"Svenska Budo &amp; Kampsportsf\u00f6rbundet\",\"description\":\"T\u00e4vling, Tr\u00e4ning, Tradition\",\"potentialAction\":[{\"@type\":\"SearchAction\",\"target\":{\"@type\":\"EntryPoint\",\"urlTemplate\":\"https:\/\/www.budokampsport.se\/?s={search_term_string}\"},\"query-input\":{\"@type\":\"PropertyValueSpecification\",\"valueRequired\":true,\"valueName\":\"search_term_string\"}}],\"inLanguage\":\"sv-SE\"},{\"@type\":\"Person\",\"@id\":\"https:\/\/www.budokampsport.se\/#\/schema\/person\/5c06d81d14850e2a8ce5493386560145\",\"name\":\"Jonathan Broberg\",\"image\":{\"@type\":\"ImageObject\",\"inLanguage\":\"sv-SE\",\"@id\":\"https:\/\/www.budokampsport.se\/#\/schema\/person\/image\/\",\"url\":\"https:\/\/secure.gravatar.com\/avatar\/a58041c6cea9128bd9c40ee2f26d4136?s=96&d=blank&r=g\",\"contentUrl\":\"https:\/\/secure.gravatar.com\/avatar\/a58041c6cea9128bd9c40ee2f26d4136?s=96&d=blank&r=g\",\"caption\":\"Jonathan Broberg\"},\"sameAs\":[\"https:\/\/www.facebook.com\/jonathan.broberg.7\"],\"url\":\"https:\/\/www.budokampsport.se\/author\/jonathan\/\"}]}<\/script>\n<!-- \/ Yoast SEO plugin. -->","yoast_head_json":{"title":"Kendo-stj\u00e4rnorna om nomineringen till Kampsportsgalan - Svenska Budo &amp; Kampsportsf\u00f6rbundet","description":"Svensk kendo vann sin f\u00f6rsta m\u00e4sterskapsmedalj p\u00e5 14 \u00e5r under 2016, n\u00e4r Sverige i lagt\u00e4vlingen i EM vann ett brons. Laget som vann bronset \u00e4r nominerade till Kampsportsgalan p\u00e5 l\u00f6rdag i kategorien \u00c5rets traditionella ut\u00f6vare. - Jag blev f\u00f6rv\u00e5nad att vi var med p\u00e5 radarn, s\u00e4ger Ren Watanabe, som var med om lagbronset, till budokampsport.se.","robots":{"index":"index","follow":"follow","max-snippet":"max-snippet:-1","max-image-preview":"max-image-preview:large","max-video-preview":"max-video-preview:-1"},"canonical":"https:\/\/www.budokampsport.se\/2017\/03\/23\/kendo-stjarnorna-om-nomineringen-till-kampsportsgalan\/","og_locale":"sv_SE","og_type":"article","og_title":"Kendo-stj\u00e4rnorna om nomineringen till Kampsportsgalan - Svenska Budo &amp; Kampsportsf\u00f6rbundet","og_description":"Svensk kendo vann sin f\u00f6rsta m\u00e4sterskapsmedalj p\u00e5 14 \u00e5r under 2016, n\u00e4r Sverige i lagt\u00e4vlingen i EM vann ett brons. Laget som vann bronset \u00e4r nominerade till Kampsportsgalan p\u00e5 l\u00f6rdag i kategorien \u00c5rets traditionella ut\u00f6vare. - Jag blev f\u00f6rv\u00e5nad att vi var med p\u00e5 radarn, s\u00e4ger Ren Watanabe, som var med om lagbronset, till budokampsport.se.","og_url":"https:\/\/www.budokampsport.se\/2017\/03\/23\/kendo-stjarnorna-om-nomineringen-till-kampsportsgalan\/","og_site_name":"Svenska Budo &amp; Kampsportsf\u00f6rbundet","article_author":"https:\/\/www.facebook.com\/jonathan.broberg.7","article_published_time":"2017-03-23T10:15:08+00:00","article_modified_time":"2017-03-23T10:17:53+00:00","og_image":[{"width":850,"height":567,"url":"https:\/\/www.budokampsport.se\/wp-content\/uploads\/2017\/03\/ren.jpg","type":"image\/jpeg"}],"author":"Jonathan Broberg","twitter_card":"summary_large_image","twitter_misc":{"Skriven av":"Jonathan Broberg","Ber\u00e4knad l\u00e4stid":"1 minut"},"schema":{"@context":"https:\/\/schema.org","@graph":[{"@type":"Article","@id":"https:\/\/www.budokampsport.se\/2017\/03\/23\/kendo-stjarnorna-om-nomineringen-till-kampsportsgalan\/#article","isPartOf":{"@id":"https:\/\/www.budokampsport.se\/2017\/03\/23\/kendo-stjarnorna-om-nomineringen-till-kampsportsgalan\/"},"author":{"name":"Jonathan Broberg","@id":"https:\/\/www.budokampsport.se\/#\/schema\/person\/5c06d81d14850e2a8ce5493386560145"},"headline":"Kendo-stj\u00e4rnorna om nomineringen till Kampsportsgalan","datePublished":"2017-03-23T10:15:08+00:00","dateModified":"2017-03-23T10:17:53+00:00","mainEntityOfPage":{"@id":"https:\/\/www.budokampsport.se\/2017\/03\/23\/kendo-stjarnorna-om-nomineringen-till-kampsportsgalan\/"},"wordCount":300,"commentCount":0,"image":{"@id":"https:\/\/www.budokampsport.se\/2017\/03\/23\/kendo-stjarnorna-om-nomineringen-till-kampsportsgalan\/#primaryimage"},"thumbnailUrl":"https:\/\/www.budokampsport.se\/wp-content\/uploads\/2017\/03\/ren.jpg","inLanguage":"sv-SE","potentialAction":[{"@type":"CommentAction","name":"Comment","target":["https:\/\/www.budokampsport.se\/2017\/03\/23\/kendo-stjarnorna-om-nomineringen-till-kampsportsgalan\/#respond"]}]},{"@type":"WebPage","@id":"https:\/\/www.budokampsport.se\/2017\/03\/23\/kendo-stjarnorna-om-nomineringen-till-kampsportsgalan\/","url":"https:\/\/www.budokampsport.se\/2017\/03\/23\/kendo-stjarnorna-om-nomineringen-till-kampsportsgalan\/","name":"Kendo-stj\u00e4rnorna om nomineringen till Kampsportsgalan - Svenska Budo &amp; Kampsportsf\u00f6rbundet","isPartOf":{"@id":"https:\/\/www.budokampsport.se\/#website"},"primaryImageOfPage":{"@id":"https:\/\/www.budokampsport.se\/2017\/03\/23\/kendo-stjarnorna-om-nomineringen-till-kampsportsgalan\/#primaryimage"},"image":{"@id":"https:\/\/www.budokampsport.se\/2017\/03\/23\/kendo-stjarnorna-om-nomineringen-till-kampsportsgalan\/#primaryimage"},"thumbnailUrl":"https:\/\/www.budokampsport.se\/wp-content\/uploads\/2017\/03\/ren.jpg","datePublished":"2017-03-23T10:15:08+00:00","dateModified":"2017-03-23T10:17:53+00:00","author":{"@id":"https:\/\/www.budokampsport.se\/#\/schema\/person\/5c06d81d14850e2a8ce5493386560145"},"description":"Svensk kendo vann sin f\u00f6rsta m\u00e4sterskapsmedalj p\u00e5 14 \u00e5r under 2016, n\u00e4r Sverige i lagt\u00e4vlingen i EM vann ett brons. Laget som vann bronset \u00e4r nominerade till Kampsportsgalan p\u00e5 l\u00f6rdag i kategorien \u00c5rets traditionella ut\u00f6vare. - Jag blev f\u00f6rv\u00e5nad att vi var med p\u00e5 radarn, s\u00e4ger Ren Watanabe, som var med om lagbronset, till budokampsport.se.","breadcrumb":{"@id":"https:\/\/www.budokampsport.se\/2017\/03\/23\/kendo-stjarnorna-om-nomineringen-till-kampsportsgalan\/#breadcrumb"},"inLanguage":"sv-SE","potentialAction":[{"@type":"ReadAction","target":["https:\/\/www.budokampsport.se\/2017\/03\/23\/kendo-stjarnorna-om-nomineringen-till-kampsportsgalan\/"]}]},{"@type":"ImageObject","inLanguage":"sv-SE","@id":"https:\/\/www.budokampsport.se\/2017\/03\/23\/kendo-stjarnorna-om-nomineringen-till-kampsportsgalan\/#primaryimage","url":"https:\/\/www.budokampsport.se\/wp-content\/uploads\/2017\/03\/ren.jpg","contentUrl":"https:\/\/www.budokampsport.se\/wp-content\/uploads\/2017\/03\/ren.jpg","width":850,"height":567,"caption":"Foto: Jonathan Broberg"},{"@type":"BreadcrumbList","@id":"https:\/\/www.budokampsport.se\/2017\/03\/23\/kendo-stjarnorna-om-nomineringen-till-kampsportsgalan\/#breadcrumb","itemListElement":[{"@type":"ListItem","position":1,"name":"Hem","item":"https:\/\/www.budokampsport.se\/"},{"@type":"ListItem","position":2,"name":"Kendo-stj\u00e4rnorna om nomineringen till Kampsportsgalan"}]},{"@type":"WebSite","@id":"https:\/\/www.budokampsport.se\/#website","url":"https:\/\/www.budokampsport.se\/","name":"Svenska Budo &amp; Kampsportsf\u00f6rbundet","description":"T\u00e4vling, Tr\u00e4ning, Tradition","potentialAction":[{"@type":"SearchAction","target":{"@type":"EntryPoint","urlTemplate":"https:\/\/www.budokampsport.se\/?s={search_term_string}"},"query-input":{"@type":"PropertyValueSpecification","valueRequired":true,"valueName":"search_term_string"}}],"inLanguage":"sv-SE"},{"@type":"Person","@id":"https:\/\/www.budokampsport.se\/#\/schema\/person\/5c06d81d14850e2a8ce5493386560145","name":"Jonathan Broberg","image":{"@type":"ImageObject","inLanguage":"sv-SE","@id":"https:\/\/www.budokampsport.se\/#\/schema\/person\/image\/","url":"https:\/\/secure.gravatar.com\/avatar\/a58041c6cea9128bd9c40ee2f26d4136?s=96&d=blank&r=g","contentUrl":"https:\/\/secure.gravatar.com\/avatar\/a58041c6cea9128bd9c40ee2f26d4136?s=96&d=blank&r=g","caption":"Jonathan Broberg"},"sameAs":["https:\/\/www.facebook.com\/jonathan.broberg.7"],"url":"https:\/\/www.budokampsport.se\/author\/jonathan\/"}]}},"_links":{"self":[{"href":"https:\/\/www.budokampsport.se\/api\/wp\/v2\/posts\/42144","targetHints":{"allow":["GET"]}}],"collection":[{"href":"https:\/\/www.budokampsport.se\/api\/wp\/v2\/posts"}],"about":[{"href":"https:\/\/www.budokampsport.se\/api\/wp\/v2\/types\/post"}],"author":[{"embeddable":true,"href":"https:\/\/www.budokampsport.se\/api\/wp\/v2\/users\/7"}],"replies":[{"embeddable":true,"href":"https:\/\/www.budokampsport.se\/api\/wp\/v2\/comments?post=42144"}],"version-history":[{"count":0,"href":"https:\/\/www.budokampsport.se\/api\/wp\/v2\/posts\/42144\/revisions"}],"wp:featuredmedia":[{"embeddable":true,"href":"https:\/\/www.budokampsport.se\/api\/wp\/v2\/media\/42150"}],"wp:attachment":[{"href":"https:\/\/www.budokampsport.se\/api\/wp\/v2\/media?parent=42144"}],"wp:term":[{"taxonomy":"category","embeddable":true,"href":"https:\/\/www.budokampsport.se\/api\/wp\/v2\/categories?post=42144"},{"taxonomy":"post_tag","embeddable":true,"href":"https:\/\/www.budokampsport.se\/api\/wp\/v2\/tags?post=42144"}],"curies":[{"name":"wp","href":"https:\/\/api.w.org\/{rel}","templated":true}]}}