{"id":4225,"date":"2012-05-29T09:08:29","date_gmt":"2012-05-29T07:08:29","guid":{"rendered":"http:\/\/budo.wordpress.dev\/2012\/05\/29\/svenska-budo-kampsportsforbundet-soker-en-ekonomadministrator-pa-heltid\/"},"modified":"2016-12-06T22:34:33","modified_gmt":"2016-12-06T21:34:33","slug":"svenska-budo-kampsportsforbundet-soker-en-ekonomadministrator-pa-heltid","status":"publish","type":"post","link":"https:\/\/www.budokampsport.se\/2012\/05\/29\/svenska-budo-kampsportsforbundet-soker-en-ekonomadministrator-pa-heltid\/","title":{"rendered":"Svenska Budo &#038; Kampsportsf\u00f6rbundet s\u00f6ker en ekonom\/administrat\u00f6r p\u00e5 heltid"},"content":{"rendered":"<p><P><STRONG><IMG alt=\"\" align=right src=\"http:\/\/www.budokampsport.se\/sites\/default\/files\/tsuba.jpg\" width=100 height=82>Svenska Budo &#038; Kampsportsf\u00f6rbundet s\u00f6ker nu en ekonom\/administrat\u00f6r p\u00e5 heltid till kansliet vid Skanstull i Stockholm.<!--break--><\/STRONG><BR><BR>Svenska Budo &#038; Kampsportsf\u00f6rbundet \u00e4r ett idrottsf\u00f6rbund som administrerar 22 olika idrotter. Vi har 37000 medlemmar f\u00f6rdelade i 675 f\u00f6reningar och kansliet ligger p\u00e5 S\u00f6dermalm i Stockholm.<BR><BR>Arbetsuppgifterna \u00e4r bokf\u00f6ring, kontering, deklarationer, l\u00f6nehantering och reser\u00e4kningar. I tj\u00e4nsten ing\u00e5r andra administrativa arbetsuppgifter s\u00e5som hantering av t\u00e4vlingslicenser, utskick, behandla sanktionsans\u00f6kningar fr\u00e5n f\u00f6reningar. Det kan ocks\u00e5 inneb\u00e4ra att f\u00f6rbereda m\u00f6ten och springa \u00e4renden.<\/P> <P><STRONG>Kvalifikationer:<\/STRONG><BR>Dokumenterad utbildning i ekonomi och l\u00f6neadministration.<BR>Vana fr\u00e5n arbete i VISMA.<BR>Beh\u00e4rska svenska obehindrat i tal och skrift.<BR>Arbeta sj\u00e4lvst\u00e4ndigt och ha ett \u00f6ga f\u00f6r vad som beh\u00f6ver g\u00f6ras. <BR>Vara positiv, l\u00e4ttsam och ha en f\u00f6rm\u00e5ga att ta egna initiativ. <BR>Beh\u00e4rska Officepaketet.<\/P> <P>Personen m\u00e5ste fungera i ett litet sammanhang och vara beredd p\u00e5 att rycka in d\u00e4r det beh\u00f6vs.<\/P> <P><STRONG>Meriterande:<\/STRONG><BR>Erfarenhet fr\u00e5n att ha arbetat administrativt inom idrottsr\u00f6relsen.<BR>Beh\u00e4rska engelska i tal och skrift.<\/P> <P>Tj\u00e4nsten \u00e4r heltid m\u00e5ndag-fredag, andra tider kan f\u00f6rekomma vid s\u00e4rskilda evenemang.<\/P> <P><STRONG>Vi vill att du i din ans\u00f6kan svarar p\u00e5 tre fr\u00e5gor.<BR><\/STRONG>1. Varf\u00f6r vill du jobba med ekonomi och administration?<BR>2. Hur hanterar du stressiga situationer?<BR>3. Varf\u00f6r vill du ha det h\u00e4r jobbet?<\/P> <P>Vi till\u00e4mpar sex m\u00e5naders provanst\u00e4llning.<\/P> <P>Vi tar endast emot skriftliga ans\u00f6kningar via e-post <A href=\"mailto:thun@budo.se\">thun@budo.se<\/A>, det g\u00e5r bra att ringa om ni har n\u00e5gra fr\u00e5gor.<\/P> <P>Skriv g\u00e4rna om du har n\u00e5got l\u00f6neanspr\u00e5k.<\/P> <P>Sista ans\u00f6kningsdag \u00e4r 17 juni.<\/P> <P><STRONG>Mona Lundkvist<\/STRONG><BR>Generalsekreterare<BR>0708-488 295<\/P><\/p>\n","protected":false},"excerpt":{"rendered":"<p><P><STRONG><IMG alt=\"\" align=right src=\"http:\/\/www.budokampsport.se\/sites\/default\/files\/tsuba.jpg\" width=100 height=82>Svenska Budo &#038; Kampsportsf\u00f6rbundet s\u00f6ker nu en ekonom\/administrat\u00f6r p\u00e5 heltid till kansliet vid Skanstull i Stockholm.<\/p><br>","protected":false},"author":7,"featured_media":0,"comment_status":"closed","ping_status":"closed","sticky":false,"template":"","format":"standard","meta":{"_acf_changed":false,"footnotes":""},"categories":[1],"tags":[],"class_list":["post-4225","post","type-post","status-publish","format-standard","hentry","category-okategoriserade"],"acf":[],"yoast_head":"<!-- This site is optimized with the Yoast SEO plugin v26.8 - https:\/\/yoast.com\/product\/yoast-seo-wordpress\/ -->\n<title>Svenska Budo &amp; Kampsportsf\u00f6rbundet s\u00f6ker en ekonom\/administrat\u00f6r p\u00e5 heltid - Svenska Budo &amp; Kampsportsf\u00f6rbundet<\/title>\n<meta name=\"description\" content=\"Svenska Budo &amp; Kampsportsf\u00f6rbundet s\u00f6ker nu en ekonom\/administrat\u00f6r p\u00e5 heltid till kansliet vid Skanstull i Stockholm.\" \/>\n<meta name=\"robots\" content=\"index, follow, max-snippet:-1, max-image-preview:large, max-video-preview:-1\" \/>\n<link rel=\"canonical\" href=\"https:\/\/www.budokampsport.se\/2012\/05\/29\/svenska-budo-kampsportsforbundet-soker-en-ekonomadministrator-pa-heltid\/\" \/>\n<meta property=\"og:locale\" content=\"sv_SE\" \/>\n<meta property=\"og:type\" content=\"article\" \/>\n<meta property=\"og:title\" content=\"Svenska Budo &amp; Kampsportsf\u00f6rbundet s\u00f6ker en ekonom\/administrat\u00f6r p\u00e5 heltid - Svenska Budo &amp; Kampsportsf\u00f6rbundet\" \/>\n<meta property=\"og:description\" content=\"Svenska Budo &amp; Kampsportsf\u00f6rbundet s\u00f6ker nu en ekonom\/administrat\u00f6r p\u00e5 heltid till kansliet vid Skanstull i Stockholm.\" \/>\n<meta property=\"og:url\" content=\"https:\/\/www.budokampsport.se\/2012\/05\/29\/svenska-budo-kampsportsforbundet-soker-en-ekonomadministrator-pa-heltid\/\" \/>\n<meta property=\"og:site_name\" content=\"Svenska Budo &amp; Kampsportsf\u00f6rbundet\" \/>\n<meta property=\"article:author\" content=\"https:\/\/www.facebook.com\/jonathan.broberg.7\" \/>\n<meta property=\"article:published_time\" content=\"2012-05-29T07:08:29+00:00\" \/>\n<meta property=\"article:modified_time\" content=\"2016-12-06T21:34:33+00:00\" \/>\n<meta name=\"author\" content=\"Jonathan Broberg\" \/>\n<meta name=\"twitter:card\" content=\"summary_large_image\" \/>\n<meta name=\"twitter:label1\" content=\"Skriven av\" \/>\n\t<meta name=\"twitter:data1\" content=\"Jonathan Broberg\" \/>\n\t<meta name=\"twitter:label2\" content=\"Ber\u00e4knad l\u00e4stid\" \/>\n\t<meta name=\"twitter:data2\" content=\"1 minut\" \/>\n<script type=\"application\/ld+json\" class=\"yoast-schema-graph\">{\"@context\":\"https:\/\/schema.org\",\"@graph\":[{\"@type\":\"Article\",\"@id\":\"https:\/\/www.budokampsport.se\/2012\/05\/29\/svenska-budo-kampsportsforbundet-soker-en-ekonomadministrator-pa-heltid\/#article\",\"isPartOf\":{\"@id\":\"https:\/\/www.budokampsport.se\/2012\/05\/29\/svenska-budo-kampsportsforbundet-soker-en-ekonomadministrator-pa-heltid\/\"},\"author\":{\"name\":\"Jonathan Broberg\",\"@id\":\"https:\/\/www.budokampsport.se\/#\/schema\/person\/5c06d81d14850e2a8ce5493386560145\"},\"headline\":\"Svenska Budo &#038; Kampsportsf\u00f6rbundet s\u00f6ker en ekonom\/administrat\u00f6r p\u00e5 heltid\",\"datePublished\":\"2012-05-29T07:08:29+00:00\",\"dateModified\":\"2016-12-06T21:34:33+00:00\",\"mainEntityOfPage\":{\"@id\":\"https:\/\/www.budokampsport.se\/2012\/05\/29\/svenska-budo-kampsportsforbundet-soker-en-ekonomadministrator-pa-heltid\/\"},\"wordCount\":302,\"inLanguage\":\"sv-SE\"},{\"@type\":\"WebPage\",\"@id\":\"https:\/\/www.budokampsport.se\/2012\/05\/29\/svenska-budo-kampsportsforbundet-soker-en-ekonomadministrator-pa-heltid\/\",\"url\":\"https:\/\/www.budokampsport.se\/2012\/05\/29\/svenska-budo-kampsportsforbundet-soker-en-ekonomadministrator-pa-heltid\/\",\"name\":\"Svenska Budo & Kampsportsf\u00f6rbundet s\u00f6ker en ekonom\/administrat\u00f6r p\u00e5 heltid - Svenska Budo &amp; Kampsportsf\u00f6rbundet\",\"isPartOf\":{\"@id\":\"https:\/\/www.budokampsport.se\/#website\"},\"datePublished\":\"2012-05-29T07:08:29+00:00\",\"dateModified\":\"2016-12-06T21:34:33+00:00\",\"author\":{\"@id\":\"https:\/\/www.budokampsport.se\/#\/schema\/person\/5c06d81d14850e2a8ce5493386560145\"},\"description\":\"Svenska Budo & Kampsportsf\u00f6rbundet s\u00f6ker nu en ekonom\/administrat\u00f6r p\u00e5 heltid till kansliet vid Skanstull i Stockholm.\",\"breadcrumb\":{\"@id\":\"https:\/\/www.budokampsport.se\/2012\/05\/29\/svenska-budo-kampsportsforbundet-soker-en-ekonomadministrator-pa-heltid\/#breadcrumb\"},\"inLanguage\":\"sv-SE\",\"potentialAction\":[{\"@type\":\"ReadAction\",\"target\":[\"https:\/\/www.budokampsport.se\/2012\/05\/29\/svenska-budo-kampsportsforbundet-soker-en-ekonomadministrator-pa-heltid\/\"]}]},{\"@type\":\"BreadcrumbList\",\"@id\":\"https:\/\/www.budokampsport.se\/2012\/05\/29\/svenska-budo-kampsportsforbundet-soker-en-ekonomadministrator-pa-heltid\/#breadcrumb\",\"itemListElement\":[{\"@type\":\"ListItem\",\"position\":1,\"name\":\"Hem\",\"item\":\"https:\/\/www.budokampsport.se\/\"},{\"@type\":\"ListItem\",\"position\":2,\"name\":\"Svenska Budo &#038; Kampsportsf\u00f6rbundet s\u00f6ker en ekonom\/administrat\u00f6r p\u00e5 heltid\"}]},{\"@type\":\"WebSite\",\"@id\":\"https:\/\/www.budokampsport.se\/#website\",\"url\":\"https:\/\/www.budokampsport.se\/\",\"name\":\"Svenska Budo &amp; Kampsportsf\u00f6rbundet\",\"description\":\"T\u00e4vling, Tr\u00e4ning, Tradition\",\"potentialAction\":[{\"@type\":\"SearchAction\",\"target\":{\"@type\":\"EntryPoint\",\"urlTemplate\":\"https:\/\/www.budokampsport.se\/?s={search_term_string}\"},\"query-input\":{\"@type\":\"PropertyValueSpecification\",\"valueRequired\":true,\"valueName\":\"search_term_string\"}}],\"inLanguage\":\"sv-SE\"},{\"@type\":\"Person\",\"@id\":\"https:\/\/www.budokampsport.se\/#\/schema\/person\/5c06d81d14850e2a8ce5493386560145\",\"name\":\"Jonathan Broberg\",\"image\":{\"@type\":\"ImageObject\",\"inLanguage\":\"sv-SE\",\"@id\":\"https:\/\/www.budokampsport.se\/#\/schema\/person\/image\/\",\"url\":\"https:\/\/secure.gravatar.com\/avatar\/a58041c6cea9128bd9c40ee2f26d4136?s=96&d=blank&r=g\",\"contentUrl\":\"https:\/\/secure.gravatar.com\/avatar\/a58041c6cea9128bd9c40ee2f26d4136?s=96&d=blank&r=g\",\"caption\":\"Jonathan Broberg\"},\"sameAs\":[\"https:\/\/www.facebook.com\/jonathan.broberg.7\"],\"url\":\"https:\/\/www.budokampsport.se\/author\/jonathan\/\"}]}<\/script>\n<!-- \/ Yoast SEO plugin. -->","yoast_head_json":{"title":"Svenska Budo & Kampsportsf\u00f6rbundet s\u00f6ker en ekonom\/administrat\u00f6r p\u00e5 heltid - Svenska Budo &amp; Kampsportsf\u00f6rbundet","description":"Svenska Budo & Kampsportsf\u00f6rbundet s\u00f6ker nu en ekonom\/administrat\u00f6r p\u00e5 heltid till kansliet vid Skanstull i Stockholm.","robots":{"index":"index","follow":"follow","max-snippet":"max-snippet:-1","max-image-preview":"max-image-preview:large","max-video-preview":"max-video-preview:-1"},"canonical":"https:\/\/www.budokampsport.se\/2012\/05\/29\/svenska-budo-kampsportsforbundet-soker-en-ekonomadministrator-pa-heltid\/","og_locale":"sv_SE","og_type":"article","og_title":"Svenska Budo & Kampsportsf\u00f6rbundet s\u00f6ker en ekonom\/administrat\u00f6r p\u00e5 heltid - Svenska Budo &amp; Kampsportsf\u00f6rbundet","og_description":"Svenska Budo & Kampsportsf\u00f6rbundet s\u00f6ker nu en ekonom\/administrat\u00f6r p\u00e5 heltid till kansliet vid Skanstull i Stockholm.","og_url":"https:\/\/www.budokampsport.se\/2012\/05\/29\/svenska-budo-kampsportsforbundet-soker-en-ekonomadministrator-pa-heltid\/","og_site_name":"Svenska Budo &amp; Kampsportsf\u00f6rbundet","article_author":"https:\/\/www.facebook.com\/jonathan.broberg.7","article_published_time":"2012-05-29T07:08:29+00:00","article_modified_time":"2016-12-06T21:34:33+00:00","author":"Jonathan Broberg","twitter_card":"summary_large_image","twitter_misc":{"Skriven av":"Jonathan Broberg","Ber\u00e4knad l\u00e4stid":"1 minut"},"schema":{"@context":"https:\/\/schema.org","@graph":[{"@type":"Article","@id":"https:\/\/www.budokampsport.se\/2012\/05\/29\/svenska-budo-kampsportsforbundet-soker-en-ekonomadministrator-pa-heltid\/#article","isPartOf":{"@id":"https:\/\/www.budokampsport.se\/2012\/05\/29\/svenska-budo-kampsportsforbundet-soker-en-ekonomadministrator-pa-heltid\/"},"author":{"name":"Jonathan Broberg","@id":"https:\/\/www.budokampsport.se\/#\/schema\/person\/5c06d81d14850e2a8ce5493386560145"},"headline":"Svenska Budo &#038; Kampsportsf\u00f6rbundet s\u00f6ker en ekonom\/administrat\u00f6r p\u00e5 heltid","datePublished":"2012-05-29T07:08:29+00:00","dateModified":"2016-12-06T21:34:33+00:00","mainEntityOfPage":{"@id":"https:\/\/www.budokampsport.se\/2012\/05\/29\/svenska-budo-kampsportsforbundet-soker-en-ekonomadministrator-pa-heltid\/"},"wordCount":302,"inLanguage":"sv-SE"},{"@type":"WebPage","@id":"https:\/\/www.budokampsport.se\/2012\/05\/29\/svenska-budo-kampsportsforbundet-soker-en-ekonomadministrator-pa-heltid\/","url":"https:\/\/www.budokampsport.se\/2012\/05\/29\/svenska-budo-kampsportsforbundet-soker-en-ekonomadministrator-pa-heltid\/","name":"Svenska Budo & Kampsportsf\u00f6rbundet s\u00f6ker en ekonom\/administrat\u00f6r p\u00e5 heltid - Svenska Budo &amp; Kampsportsf\u00f6rbundet","isPartOf":{"@id":"https:\/\/www.budokampsport.se\/#website"},"datePublished":"2012-05-29T07:08:29+00:00","dateModified":"2016-12-06T21:34:33+00:00","author":{"@id":"https:\/\/www.budokampsport.se\/#\/schema\/person\/5c06d81d14850e2a8ce5493386560145"},"description":"Svenska Budo & Kampsportsf\u00f6rbundet s\u00f6ker nu en ekonom\/administrat\u00f6r p\u00e5 heltid till kansliet vid Skanstull i Stockholm.","breadcrumb":{"@id":"https:\/\/www.budokampsport.se\/2012\/05\/29\/svenska-budo-kampsportsforbundet-soker-en-ekonomadministrator-pa-heltid\/#breadcrumb"},"inLanguage":"sv-SE","potentialAction":[{"@type":"ReadAction","target":["https:\/\/www.budokampsport.se\/2012\/05\/29\/svenska-budo-kampsportsforbundet-soker-en-ekonomadministrator-pa-heltid\/"]}]},{"@type":"BreadcrumbList","@id":"https:\/\/www.budokampsport.se\/2012\/05\/29\/svenska-budo-kampsportsforbundet-soker-en-ekonomadministrator-pa-heltid\/#breadcrumb","itemListElement":[{"@type":"ListItem","position":1,"name":"Hem","item":"https:\/\/www.budokampsport.se\/"},{"@type":"ListItem","position":2,"name":"Svenska Budo &#038; Kampsportsf\u00f6rbundet s\u00f6ker en ekonom\/administrat\u00f6r p\u00e5 heltid"}]},{"@type":"WebSite","@id":"https:\/\/www.budokampsport.se\/#website","url":"https:\/\/www.budokampsport.se\/","name":"Svenska Budo &amp; Kampsportsf\u00f6rbundet","description":"T\u00e4vling, Tr\u00e4ning, Tradition","potentialAction":[{"@type":"SearchAction","target":{"@type":"EntryPoint","urlTemplate":"https:\/\/www.budokampsport.se\/?s={search_term_string}"},"query-input":{"@type":"PropertyValueSpecification","valueRequired":true,"valueName":"search_term_string"}}],"inLanguage":"sv-SE"},{"@type":"Person","@id":"https:\/\/www.budokampsport.se\/#\/schema\/person\/5c06d81d14850e2a8ce5493386560145","name":"Jonathan Broberg","image":{"@type":"ImageObject","inLanguage":"sv-SE","@id":"https:\/\/www.budokampsport.se\/#\/schema\/person\/image\/","url":"https:\/\/secure.gravatar.com\/avatar\/a58041c6cea9128bd9c40ee2f26d4136?s=96&d=blank&r=g","contentUrl":"https:\/\/secure.gravatar.com\/avatar\/a58041c6cea9128bd9c40ee2f26d4136?s=96&d=blank&r=g","caption":"Jonathan Broberg"},"sameAs":["https:\/\/www.facebook.com\/jonathan.broberg.7"],"url":"https:\/\/www.budokampsport.se\/author\/jonathan\/"}]}},"_links":{"self":[{"href":"https:\/\/www.budokampsport.se\/api\/wp\/v2\/posts\/4225","targetHints":{"allow":["GET"]}}],"collection":[{"href":"https:\/\/www.budokampsport.se\/api\/wp\/v2\/posts"}],"about":[{"href":"https:\/\/www.budokampsport.se\/api\/wp\/v2\/types\/post"}],"author":[{"embeddable":true,"href":"https:\/\/www.budokampsport.se\/api\/wp\/v2\/users\/7"}],"replies":[{"embeddable":true,"href":"https:\/\/www.budokampsport.se\/api\/wp\/v2\/comments?post=4225"}],"version-history":[{"count":0,"href":"https:\/\/www.budokampsport.se\/api\/wp\/v2\/posts\/4225\/revisions"}],"wp:attachment":[{"href":"https:\/\/www.budokampsport.se\/api\/wp\/v2\/media?parent=4225"}],"wp:term":[{"taxonomy":"category","embeddable":true,"href":"https:\/\/www.budokampsport.se\/api\/wp\/v2\/categories?post=4225"},{"taxonomy":"post_tag","embeddable":true,"href":"https:\/\/www.budokampsport.se\/api\/wp\/v2\/tags?post=4225"}],"curies":[{"name":"wp","href":"https:\/\/api.w.org\/{rel}","templated":true}]}}