{"id":4249,"date":"2012-07-09T15:43:39","date_gmt":"2012-07-09T13:43:39","guid":{"rendered":"http:\/\/budo.wordpress.dev\/2012\/07\/09\/sanjas-gladjebesked-med-till-thaiboxnings-vm\/"},"modified":"2016-12-06T22:34:37","modified_gmt":"2016-12-06T21:34:37","slug":"sanjas-gladjebesked-med-till-thaiboxnings-vm","status":"publish","type":"post","link":"https:\/\/www.budokampsport.se\/2012\/07\/09\/sanjas-gladjebesked-med-till-thaiboxnings-vm\/","title":{"rendered":"Sanjas gl\u00e4djebesked \u2013 med till thaiboxnings-VM"},"content":{"rendered":"<p><P><STRONG><IMG alt=\"\" align=right src=\"http:\/\/www.budokampsport.se\/sites\/default\/files\/sanja.jpg\" width=120 height=136>Ifjol chockade Malm\u00f6tjejen Sanja Trbojevic p\u00e5 VM i thaiboxning genom att som debutant tillslut st\u00e5 \u00f6verst p\u00e5 prispallen. Nu \u00e4r hon uttagen till VM i S:t Petersburg \u2013 i -75kg, en viktklass \u00f6ver hennes normala.<BR>\u00a0\u00a0 &#8211; Det spelar inte s\u00e5 stor roll. \u00c4r jag bara tr\u00e4nad g\u00f6r inte de d\u00e4r fyra kilona s\u00e5 mycket skillnad, s\u00e4ger hon till budokampsport.se.<!--break--><\/STRONG><BR>\u00a0<BR>Fr\u00e5n ingenstans svepte en orkan in \u00f6ver Thaiboxnings-Sverige ifjol. Malm\u00f6tjejen Sanja Trbojevic \u00f6verraskade allt och alla p\u00e5 SM, vann och blev uttgaen till landslaget f\u00f6r f\u00f6rsta g\u00e5ngen. Av bara farten vann hon hela VM i -67kg.<BR>\u00a0<BR>Men under SM i \u00d6stersund fick hon se g\u00f6teborgskan Jennifer \u00d6sterlin g\u00f6ra \u2013 en \u201dSanja\u201d. \u00d6sterling vann finalen, blev i sin tur uttagen till EM som debutant och vann sedermera \u00e4ven EM-guld.<BR>\u00a0<BR>Nu st\u00e5r det klart att Sverige skickar b\u00e5de \u00d6sterling och Trbojevic till VM. Dessutom \u00e4r sedan tidigare Elina Nilsson uttagen och p\u00e5 pappret ser Sverige of\u00f6rsk\u00e4mt stakrt ut i de h\u00f6gre damklasserna.<BR>\u00a0\u00a0 &#8211; SM gick inte som jag hade t\u00e4nkt mig och d\u00e4rf\u00f6r k\u00e4nns det sk\u00f6nt att \u00e4nd\u00e5 kunna f\u00f6lja med p\u00e5 VM. Jag \u00e4r riktigt laddad.<BR><STRONG>\u00a0<BR>&#8220;Kul att f\u00e5 t\u00e4vla p\u00e5 VM igen&#8221;<\/STRONG><BR>De flesta i truppen kommer snart in i en bantningsperiod. Det slipper Trbojevic eftersom hon kommer att f\u00e5 st\u00e4lla upp i -75kg, en viktklass \u00f6ver hennes normala.<BR>\u00a0\u00a0 &#8211; Det tror jag inte spelar s\u00e5 stor roll egentligen. \u00c4r jag bara bra tr\u00e4nad g\u00f6r inte de fyra kilona s\u00e5 stor skillnad. Jag har inte s\u00e5 bra koll p\u00e5 vilka som jag kommer att f\u00e5 m\u00f6ta. Jag vet inte vilka som \u00e4r med i den viktklassen, men det \u00e4r klart att det ska bli kul att f\u00e5 t\u00e4vla p\u00e5 ett VM igen.<BR>\u00a0<BR>\u00c4nnu har Sanja Trbojevic inte startat med tr\u00e4ningen inf\u00f6r VM. Men snart ska hon tillsammans med sina tr\u00e4nare s\u00e4tta upp tr\u00e4ningsschemat.<BR>\u00a0\u00a0 &#8211; Just nu k\u00f6r jag ungef\u00e4r tre g\u00e5nger i veckan. Det blir betydligt mer snart. Jag ser verkligen fram emot det h\u00e4r, avslutar hon.<BR><BR><IMG alt=\"\" align=middle src=\"http:\/\/www.budokampsport.se\/sites\/default\/files\/sanja.gif\" width=435 height=290><BR><BR>Text: Jonathan Broberg<\/P><\/p>\n","protected":false},"excerpt":{"rendered":"<p><P><STRONG><IMG alt=\"\" align=right src=\"http:\/\/www.budokampsport.se\/sites\/default\/files\/sanja.jpg\" width=120 height=136>Ifjol chockade Malm\u00f6tjejen Sanja Trbojevic p\u00e5 VM i thaiboxning genom att som debutant tillslut st\u00e5 \u00f6verst p\u00e5 prispallen. Nu \u00e4r hon uttagen till VM i S:t Petersburg \u2013 i -75kg, en viktklass \u00f6ver hennes normala.<BR>\u00a0\u00a0 &#8211; Det spelar inte s\u00e5 stor roll. \u00c4r jag bara tr\u00e4nad g\u00f6r inte de d\u00e4r fyra kilona s\u00e5 mycket skillnad, s\u00e4ger hon till budokampsport.se.<\/p><br>","protected":false},"author":7,"featured_media":0,"comment_status":"closed","ping_status":"closed","sticky":false,"template":"","format":"standard","meta":{"_acf_changed":false,"footnotes":""},"categories":[1],"tags":[],"class_list":["post-4249","post","type-post","status-publish","format-standard","hentry","category-okategoriserade"],"acf":[],"yoast_head":"<!-- This site is optimized with the Yoast SEO plugin v26.8 - https:\/\/yoast.com\/product\/yoast-seo-wordpress\/ -->\n<title>Sanjas gl\u00e4djebesked \u2013 med till thaiboxnings-VM - Svenska Budo &amp; Kampsportsf\u00f6rbundet<\/title>\n<meta name=\"description\" content=\"Ifjol chockade Malm\u00f6tjejen Sanja Trbojevic p\u00e5 VM i thaiboxning genom att som debutant tillslut st\u00e5 \u00f6verst p\u00e5 prispallen. Nu \u00e4r hon uttagen till VM i S:t Petersburg \u2013 i -75kg, en viktklass \u00f6ver hennes normala.\u00a0\u00a0 - Det spelar inte s\u00e5 stor roll. \u00c4r jag bara tr\u00e4nad g\u00f6r inte de d\u00e4r fyra kilona s\u00e5 mycket skillnad, s\u00e4ger hon till budokampsport.se.\" \/>\n<meta name=\"robots\" content=\"index, follow, max-snippet:-1, max-image-preview:large, max-video-preview:-1\" \/>\n<link rel=\"canonical\" href=\"https:\/\/www.budokampsport.se\/2012\/07\/09\/sanjas-gladjebesked-med-till-thaiboxnings-vm\/\" \/>\n<meta property=\"og:locale\" content=\"sv_SE\" \/>\n<meta property=\"og:type\" content=\"article\" \/>\n<meta property=\"og:title\" content=\"Sanjas gl\u00e4djebesked \u2013 med till thaiboxnings-VM - Svenska Budo &amp; Kampsportsf\u00f6rbundet\" \/>\n<meta property=\"og:description\" content=\"Ifjol chockade Malm\u00f6tjejen Sanja Trbojevic p\u00e5 VM i thaiboxning genom att som debutant tillslut st\u00e5 \u00f6verst p\u00e5 prispallen. Nu \u00e4r hon uttagen till VM i S:t Petersburg \u2013 i -75kg, en viktklass \u00f6ver hennes normala.\u00a0\u00a0 - Det spelar inte s\u00e5 stor roll. \u00c4r jag bara tr\u00e4nad g\u00f6r inte de d\u00e4r fyra kilona s\u00e5 mycket skillnad, s\u00e4ger hon till budokampsport.se.\" \/>\n<meta property=\"og:url\" content=\"https:\/\/www.budokampsport.se\/2012\/07\/09\/sanjas-gladjebesked-med-till-thaiboxnings-vm\/\" \/>\n<meta property=\"og:site_name\" content=\"Svenska Budo &amp; Kampsportsf\u00f6rbundet\" \/>\n<meta property=\"article:author\" content=\"https:\/\/www.facebook.com\/jonathan.broberg.7\" \/>\n<meta property=\"article:published_time\" content=\"2012-07-09T13:43:39+00:00\" \/>\n<meta property=\"article:modified_time\" content=\"2016-12-06T21:34:37+00:00\" \/>\n<meta name=\"author\" content=\"Jonathan Broberg\" \/>\n<meta name=\"twitter:card\" content=\"summary_large_image\" \/>\n<meta name=\"twitter:label1\" content=\"Skriven av\" \/>\n\t<meta name=\"twitter:data1\" content=\"Jonathan Broberg\" \/>\n\t<meta name=\"twitter:label2\" content=\"Ber\u00e4knad l\u00e4stid\" \/>\n\t<meta name=\"twitter:data2\" content=\"2 minuter\" \/>\n<script type=\"application\/ld+json\" class=\"yoast-schema-graph\">{\"@context\":\"https:\/\/schema.org\",\"@graph\":[{\"@type\":\"Article\",\"@id\":\"https:\/\/www.budokampsport.se\/2012\/07\/09\/sanjas-gladjebesked-med-till-thaiboxnings-vm\/#article\",\"isPartOf\":{\"@id\":\"https:\/\/www.budokampsport.se\/2012\/07\/09\/sanjas-gladjebesked-med-till-thaiboxnings-vm\/\"},\"author\":{\"name\":\"Jonathan Broberg\",\"@id\":\"https:\/\/www.budokampsport.se\/#\/schema\/person\/5c06d81d14850e2a8ce5493386560145\"},\"headline\":\"Sanjas gl\u00e4djebesked \u2013 med till thaiboxnings-VM\",\"datePublished\":\"2012-07-09T13:43:39+00:00\",\"dateModified\":\"2016-12-06T21:34:37+00:00\",\"mainEntityOfPage\":{\"@id\":\"https:\/\/www.budokampsport.se\/2012\/07\/09\/sanjas-gladjebesked-med-till-thaiboxnings-vm\/\"},\"wordCount\":376,\"inLanguage\":\"sv-SE\"},{\"@type\":\"WebPage\",\"@id\":\"https:\/\/www.budokampsport.se\/2012\/07\/09\/sanjas-gladjebesked-med-till-thaiboxnings-vm\/\",\"url\":\"https:\/\/www.budokampsport.se\/2012\/07\/09\/sanjas-gladjebesked-med-till-thaiboxnings-vm\/\",\"name\":\"Sanjas gl\u00e4djebesked \u2013 med till thaiboxnings-VM - Svenska Budo &amp; Kampsportsf\u00f6rbundet\",\"isPartOf\":{\"@id\":\"https:\/\/www.budokampsport.se\/#website\"},\"datePublished\":\"2012-07-09T13:43:39+00:00\",\"dateModified\":\"2016-12-06T21:34:37+00:00\",\"author\":{\"@id\":\"https:\/\/www.budokampsport.se\/#\/schema\/person\/5c06d81d14850e2a8ce5493386560145\"},\"description\":\"Ifjol chockade Malm\u00f6tjejen Sanja Trbojevic p\u00e5 VM i thaiboxning genom att som debutant tillslut st\u00e5 \u00f6verst p\u00e5 prispallen. Nu \u00e4r hon uttagen till VM i S:t Petersburg \u2013 i -75kg, en viktklass \u00f6ver hennes normala.\u00a0\u00a0 - Det spelar inte s\u00e5 stor roll. \u00c4r jag bara tr\u00e4nad g\u00f6r inte de d\u00e4r fyra kilona s\u00e5 mycket skillnad, s\u00e4ger hon till budokampsport.se.\",\"breadcrumb\":{\"@id\":\"https:\/\/www.budokampsport.se\/2012\/07\/09\/sanjas-gladjebesked-med-till-thaiboxnings-vm\/#breadcrumb\"},\"inLanguage\":\"sv-SE\",\"potentialAction\":[{\"@type\":\"ReadAction\",\"target\":[\"https:\/\/www.budokampsport.se\/2012\/07\/09\/sanjas-gladjebesked-med-till-thaiboxnings-vm\/\"]}]},{\"@type\":\"BreadcrumbList\",\"@id\":\"https:\/\/www.budokampsport.se\/2012\/07\/09\/sanjas-gladjebesked-med-till-thaiboxnings-vm\/#breadcrumb\",\"itemListElement\":[{\"@type\":\"ListItem\",\"position\":1,\"name\":\"Hem\",\"item\":\"https:\/\/www.budokampsport.se\/\"},{\"@type\":\"ListItem\",\"position\":2,\"name\":\"Sanjas gl\u00e4djebesked \u2013 med till thaiboxnings-VM\"}]},{\"@type\":\"WebSite\",\"@id\":\"https:\/\/www.budokampsport.se\/#website\",\"url\":\"https:\/\/www.budokampsport.se\/\",\"name\":\"Svenska Budo &amp; Kampsportsf\u00f6rbundet\",\"description\":\"T\u00e4vling, Tr\u00e4ning, Tradition\",\"potentialAction\":[{\"@type\":\"SearchAction\",\"target\":{\"@type\":\"EntryPoint\",\"urlTemplate\":\"https:\/\/www.budokampsport.se\/?s={search_term_string}\"},\"query-input\":{\"@type\":\"PropertyValueSpecification\",\"valueRequired\":true,\"valueName\":\"search_term_string\"}}],\"inLanguage\":\"sv-SE\"},{\"@type\":\"Person\",\"@id\":\"https:\/\/www.budokampsport.se\/#\/schema\/person\/5c06d81d14850e2a8ce5493386560145\",\"name\":\"Jonathan Broberg\",\"image\":{\"@type\":\"ImageObject\",\"inLanguage\":\"sv-SE\",\"@id\":\"https:\/\/www.budokampsport.se\/#\/schema\/person\/image\/\",\"url\":\"https:\/\/secure.gravatar.com\/avatar\/a58041c6cea9128bd9c40ee2f26d4136?s=96&d=blank&r=g\",\"contentUrl\":\"https:\/\/secure.gravatar.com\/avatar\/a58041c6cea9128bd9c40ee2f26d4136?s=96&d=blank&r=g\",\"caption\":\"Jonathan Broberg\"},\"sameAs\":[\"https:\/\/www.facebook.com\/jonathan.broberg.7\"],\"url\":\"https:\/\/www.budokampsport.se\/author\/jonathan\/\"}]}<\/script>\n<!-- \/ Yoast SEO plugin. -->","yoast_head_json":{"title":"Sanjas gl\u00e4djebesked \u2013 med till thaiboxnings-VM - Svenska Budo &amp; Kampsportsf\u00f6rbundet","description":"Ifjol chockade Malm\u00f6tjejen Sanja Trbojevic p\u00e5 VM i thaiboxning genom att som debutant tillslut st\u00e5 \u00f6verst p\u00e5 prispallen. Nu \u00e4r hon uttagen till VM i S:t Petersburg \u2013 i -75kg, en viktklass \u00f6ver hennes normala.\u00a0\u00a0 - Det spelar inte s\u00e5 stor roll. \u00c4r jag bara tr\u00e4nad g\u00f6r inte de d\u00e4r fyra kilona s\u00e5 mycket skillnad, s\u00e4ger hon till budokampsport.se.","robots":{"index":"index","follow":"follow","max-snippet":"max-snippet:-1","max-image-preview":"max-image-preview:large","max-video-preview":"max-video-preview:-1"},"canonical":"https:\/\/www.budokampsport.se\/2012\/07\/09\/sanjas-gladjebesked-med-till-thaiboxnings-vm\/","og_locale":"sv_SE","og_type":"article","og_title":"Sanjas gl\u00e4djebesked \u2013 med till thaiboxnings-VM - Svenska Budo &amp; Kampsportsf\u00f6rbundet","og_description":"Ifjol chockade Malm\u00f6tjejen Sanja Trbojevic p\u00e5 VM i thaiboxning genom att som debutant tillslut st\u00e5 \u00f6verst p\u00e5 prispallen. Nu \u00e4r hon uttagen till VM i S:t Petersburg \u2013 i -75kg, en viktklass \u00f6ver hennes normala.\u00a0\u00a0 - Det spelar inte s\u00e5 stor roll. \u00c4r jag bara tr\u00e4nad g\u00f6r inte de d\u00e4r fyra kilona s\u00e5 mycket skillnad, s\u00e4ger hon till budokampsport.se.","og_url":"https:\/\/www.budokampsport.se\/2012\/07\/09\/sanjas-gladjebesked-med-till-thaiboxnings-vm\/","og_site_name":"Svenska Budo &amp; Kampsportsf\u00f6rbundet","article_author":"https:\/\/www.facebook.com\/jonathan.broberg.7","article_published_time":"2012-07-09T13:43:39+00:00","article_modified_time":"2016-12-06T21:34:37+00:00","author":"Jonathan Broberg","twitter_card":"summary_large_image","twitter_misc":{"Skriven av":"Jonathan Broberg","Ber\u00e4knad l\u00e4stid":"2 minuter"},"schema":{"@context":"https:\/\/schema.org","@graph":[{"@type":"Article","@id":"https:\/\/www.budokampsport.se\/2012\/07\/09\/sanjas-gladjebesked-med-till-thaiboxnings-vm\/#article","isPartOf":{"@id":"https:\/\/www.budokampsport.se\/2012\/07\/09\/sanjas-gladjebesked-med-till-thaiboxnings-vm\/"},"author":{"name":"Jonathan Broberg","@id":"https:\/\/www.budokampsport.se\/#\/schema\/person\/5c06d81d14850e2a8ce5493386560145"},"headline":"Sanjas gl\u00e4djebesked \u2013 med till thaiboxnings-VM","datePublished":"2012-07-09T13:43:39+00:00","dateModified":"2016-12-06T21:34:37+00:00","mainEntityOfPage":{"@id":"https:\/\/www.budokampsport.se\/2012\/07\/09\/sanjas-gladjebesked-med-till-thaiboxnings-vm\/"},"wordCount":376,"inLanguage":"sv-SE"},{"@type":"WebPage","@id":"https:\/\/www.budokampsport.se\/2012\/07\/09\/sanjas-gladjebesked-med-till-thaiboxnings-vm\/","url":"https:\/\/www.budokampsport.se\/2012\/07\/09\/sanjas-gladjebesked-med-till-thaiboxnings-vm\/","name":"Sanjas gl\u00e4djebesked \u2013 med till thaiboxnings-VM - Svenska Budo &amp; Kampsportsf\u00f6rbundet","isPartOf":{"@id":"https:\/\/www.budokampsport.se\/#website"},"datePublished":"2012-07-09T13:43:39+00:00","dateModified":"2016-12-06T21:34:37+00:00","author":{"@id":"https:\/\/www.budokampsport.se\/#\/schema\/person\/5c06d81d14850e2a8ce5493386560145"},"description":"Ifjol chockade Malm\u00f6tjejen Sanja Trbojevic p\u00e5 VM i thaiboxning genom att som debutant tillslut st\u00e5 \u00f6verst p\u00e5 prispallen. Nu \u00e4r hon uttagen till VM i S:t Petersburg \u2013 i -75kg, en viktklass \u00f6ver hennes normala.\u00a0\u00a0 - Det spelar inte s\u00e5 stor roll. \u00c4r jag bara tr\u00e4nad g\u00f6r inte de d\u00e4r fyra kilona s\u00e5 mycket skillnad, s\u00e4ger hon till budokampsport.se.","breadcrumb":{"@id":"https:\/\/www.budokampsport.se\/2012\/07\/09\/sanjas-gladjebesked-med-till-thaiboxnings-vm\/#breadcrumb"},"inLanguage":"sv-SE","potentialAction":[{"@type":"ReadAction","target":["https:\/\/www.budokampsport.se\/2012\/07\/09\/sanjas-gladjebesked-med-till-thaiboxnings-vm\/"]}]},{"@type":"BreadcrumbList","@id":"https:\/\/www.budokampsport.se\/2012\/07\/09\/sanjas-gladjebesked-med-till-thaiboxnings-vm\/#breadcrumb","itemListElement":[{"@type":"ListItem","position":1,"name":"Hem","item":"https:\/\/www.budokampsport.se\/"},{"@type":"ListItem","position":2,"name":"Sanjas gl\u00e4djebesked \u2013 med till thaiboxnings-VM"}]},{"@type":"WebSite","@id":"https:\/\/www.budokampsport.se\/#website","url":"https:\/\/www.budokampsport.se\/","name":"Svenska Budo &amp; Kampsportsf\u00f6rbundet","description":"T\u00e4vling, Tr\u00e4ning, Tradition","potentialAction":[{"@type":"SearchAction","target":{"@type":"EntryPoint","urlTemplate":"https:\/\/www.budokampsport.se\/?s={search_term_string}"},"query-input":{"@type":"PropertyValueSpecification","valueRequired":true,"valueName":"search_term_string"}}],"inLanguage":"sv-SE"},{"@type":"Person","@id":"https:\/\/www.budokampsport.se\/#\/schema\/person\/5c06d81d14850e2a8ce5493386560145","name":"Jonathan Broberg","image":{"@type":"ImageObject","inLanguage":"sv-SE","@id":"https:\/\/www.budokampsport.se\/#\/schema\/person\/image\/","url":"https:\/\/secure.gravatar.com\/avatar\/a58041c6cea9128bd9c40ee2f26d4136?s=96&d=blank&r=g","contentUrl":"https:\/\/secure.gravatar.com\/avatar\/a58041c6cea9128bd9c40ee2f26d4136?s=96&d=blank&r=g","caption":"Jonathan Broberg"},"sameAs":["https:\/\/www.facebook.com\/jonathan.broberg.7"],"url":"https:\/\/www.budokampsport.se\/author\/jonathan\/"}]}},"_links":{"self":[{"href":"https:\/\/www.budokampsport.se\/api\/wp\/v2\/posts\/4249","targetHints":{"allow":["GET"]}}],"collection":[{"href":"https:\/\/www.budokampsport.se\/api\/wp\/v2\/posts"}],"about":[{"href":"https:\/\/www.budokampsport.se\/api\/wp\/v2\/types\/post"}],"author":[{"embeddable":true,"href":"https:\/\/www.budokampsport.se\/api\/wp\/v2\/users\/7"}],"replies":[{"embeddable":true,"href":"https:\/\/www.budokampsport.se\/api\/wp\/v2\/comments?post=4249"}],"version-history":[{"count":0,"href":"https:\/\/www.budokampsport.se\/api\/wp\/v2\/posts\/4249\/revisions"}],"wp:attachment":[{"href":"https:\/\/www.budokampsport.se\/api\/wp\/v2\/media?parent=4249"}],"wp:term":[{"taxonomy":"category","embeddable":true,"href":"https:\/\/www.budokampsport.se\/api\/wp\/v2\/categories?post=4249"},{"taxonomy":"post_tag","embeddable":true,"href":"https:\/\/www.budokampsport.se\/api\/wp\/v2\/tags?post=4249"}],"curies":[{"name":"wp","href":"https:\/\/api.w.org\/{rel}","templated":true}]}}