{"id":42629,"date":"2017-03-31T16:28:59","date_gmt":"2017-03-31T14:28:59","guid":{"rendered":"http:\/\/www.budokampsport.se\/?p=42629"},"modified":"2017-03-31T22:06:43","modified_gmt":"2017-03-31T20:06:43","slug":"just-nu-mangder-med-medaljklara-svenskar-sofia","status":"publish","type":"post","link":"https:\/\/www.budokampsport.se\/2017\/03\/31\/just-nu-mangder-med-medaljklara-svenskar-sofia\/","title":{"rendered":"Just nu: M\u00e4ngder med medaljklara svenskar i Sofia"},"content":{"rendered":"<p>I damernas flugvikt -56,7kg vann <strong>Anja Saxmark<\/strong> \u00f6ver brittiskan Beckie Ainscough p\u00e5 submission, och \u00e4r klar f\u00f6r semifinal mot finskan Anette \u00d6sterberg.<\/p>\n<p>I bantamvikten vann <strong>Eva-My Persson<\/strong> \u00f6ver Chamia Chabbi fr\u00e5n Finland, \u00e4ven det p\u00e5 submission, och kommer att st\u00e4llas mot Manon Fiorot fr\u00e5n Frankrike i semifinal.<\/p>\n<p><strong>Dennis Ryd\u00e9n<\/strong> \u00e5kte d\u00e4remot p\u00e5 ett submission-avslut d\u00e5 bulgaren Nikolay Ivaylov vann i herrarnas flugviktskvartsfinal.<\/p>\n<p>I en rafflande tillst\u00e4llning besegrade<strong> Hoger Salih<\/strong> irl\u00e4ndaren Austin Lynch p\u00e5 enh\u00e4lligt domslut, och \u00e4r klar f\u00f6r semifinal i herrarnas fj\u00e4dervikt. D\u00e4r v\u00e4ntar bulgaren Borislav Angelov.<\/p>\n<p>I lightweight forts\u00e4tter <strong>Tobias Harila<\/strong> att imponera. Han vann \u00f6ver Cieran Clark fr\u00e5n Irland p\u00e5 knock, och kommer i sin semifinal att st\u00e4llas mot Iordan Marinov fr\u00e5n Bulgarien.<\/p>\n<p><strong>Axel Karlsson<\/strong> gick vidare till semifinal i weltervikt via en stabil seger p\u00e5 enh\u00e4lligt domslut \u00f6ver Al\u00f6ex Elsey fr\u00e5n Storbritannien.<\/p>\n<p>\u00c4ven <strong>Oskar Carlstr\u00f6m-Biller<\/strong> \u00e4r vidare i weltervikt via vinst \u00f6ver Dawid Zan fr\u00e5n Polen p\u00e5 enh\u00e4lligt domslut.<\/p>\n<p>Bulgaren Valeri Atanasov hade sv\u00e5rt att freda sig fr\u00e5n energiske <strong>Khaled Laallam<\/strong>, och svensken vann p\u00e5 enh\u00e4lligt domslut och \u00e4r vidare till semifinal i herrarnas middleweight.<\/p>\n<p><strong>Heytam Tounes<\/strong> \u00e4r ocks\u00e5 semifinalklar. Detta efter en imponerande viktoria \u00f6ver bulgaren Rusi Minev i middleweigth.<\/p>\n<p><strong>Anton Turkalj <\/strong>besegrade Gabriele Bartoni fr\u00e5n Italien via submission, och \u00e4r vidare i l\u00e4ttungvikt.\u00a0<strong><br \/>\n<\/strong><strong><br \/>\nChristoffer Hillsj\u00f6 f<\/strong>\u00f6ll d\u00e4remot mot Kudaibergen Toleubayev fr\u00e5n Kazakstan, medan<strong> Irman Smajic <\/strong>gick vidare i tungviktsklassen efter seger p\u00e5 teknisk knockout \u00f6ver \u00f6sterrikaren Damian Visenjak.<strong>\u00a0<\/strong><\/p>\n<p><em>Vi uppdaterar texten frekvent utefter resultaten fr\u00e5n Sofia under kv\u00e4llen.<\/em><\/p>\n<p>Text: Jonathan Broberg<br \/>\nFoto: Christer Ringblom (Fotot: Khaled Laallams hand till v\u00e4ders)<\/p>\n","protected":false},"excerpt":{"rendered":"<p>Det forts\u00e4tter att g\u00e5 bra f\u00f6r det svenska MMA-landslaget under European Open i Sofia i Bulgarien. Flera \u00e4r semifinalklara.<\/p><br>","protected":false},"author":7,"featured_media":42630,"comment_status":"open","ping_status":"open","sticky":false,"template":"","format":"standard","meta":{"_acf_changed":false,"footnotes":""},"categories":[1],"tags":[],"class_list":["post-42629","post","type-post","status-publish","format-standard","has-post-thumbnail","hentry","category-okategoriserade"],"acf":[],"yoast_head":"<!-- This site is optimized with the Yoast SEO plugin v26.8 - https:\/\/yoast.com\/product\/yoast-seo-wordpress\/ -->\n<title>Just nu: M\u00e4ngder med medaljklara svenskar i Sofia - Svenska Budo &amp; Kampsportsf\u00f6rbundet<\/title>\n<meta name=\"description\" content=\"Det forts\u00e4tter att g\u00e5 bra f\u00f6r det svenska MMA-landslaget under European Open i Sofia i Bulgarien. Flera \u00e4r semifinalklara.\" \/>\n<meta name=\"robots\" content=\"index, follow, max-snippet:-1, max-image-preview:large, max-video-preview:-1\" \/>\n<link rel=\"canonical\" href=\"https:\/\/www.budokampsport.se\/2017\/03\/31\/just-nu-mangder-med-medaljklara-svenskar-sofia\/\" \/>\n<meta property=\"og:locale\" content=\"sv_SE\" \/>\n<meta property=\"og:type\" content=\"article\" \/>\n<meta property=\"og:title\" content=\"Just nu: M\u00e4ngder med medaljklara svenskar i Sofia - Svenska Budo &amp; Kampsportsf\u00f6rbundet\" \/>\n<meta property=\"og:description\" content=\"Det forts\u00e4tter att g\u00e5 bra f\u00f6r det svenska MMA-landslaget under European Open i Sofia i Bulgarien. Flera \u00e4r semifinalklara.\" \/>\n<meta property=\"og:url\" content=\"https:\/\/www.budokampsport.se\/2017\/03\/31\/just-nu-mangder-med-medaljklara-svenskar-sofia\/\" \/>\n<meta property=\"og:site_name\" content=\"Svenska Budo &amp; Kampsportsf\u00f6rbundet\" \/>\n<meta property=\"article:author\" content=\"https:\/\/www.facebook.com\/jonathan.broberg.7\" \/>\n<meta property=\"article:published_time\" content=\"2017-03-31T14:28:59+00:00\" \/>\n<meta property=\"article:modified_time\" content=\"2017-03-31T20:06:43+00:00\" \/>\n<meta property=\"og:image\" content=\"https:\/\/www.budokampsport.se\/wp-content\/uploads\/2017\/03\/khaled.jpg\" \/>\n\t<meta property=\"og:image:width\" content=\"850\" \/>\n\t<meta property=\"og:image:height\" content=\"465\" \/>\n\t<meta property=\"og:image:type\" content=\"image\/jpeg\" \/>\n<meta name=\"author\" content=\"Jonathan Broberg\" \/>\n<meta name=\"twitter:card\" content=\"summary_large_image\" \/>\n<meta name=\"twitter:label1\" content=\"Skriven av\" \/>\n\t<meta name=\"twitter:data1\" content=\"Jonathan Broberg\" \/>\n\t<meta name=\"twitter:label2\" content=\"Ber\u00e4knad l\u00e4stid\" \/>\n\t<meta name=\"twitter:data2\" content=\"1 minut\" \/>\n<script type=\"application\/ld+json\" class=\"yoast-schema-graph\">{\"@context\":\"https:\/\/schema.org\",\"@graph\":[{\"@type\":\"Article\",\"@id\":\"https:\/\/www.budokampsport.se\/2017\/03\/31\/just-nu-mangder-med-medaljklara-svenskar-sofia\/#article\",\"isPartOf\":{\"@id\":\"https:\/\/www.budokampsport.se\/2017\/03\/31\/just-nu-mangder-med-medaljklara-svenskar-sofia\/\"},\"author\":{\"name\":\"Jonathan Broberg\",\"@id\":\"https:\/\/www.budokampsport.se\/#\/schema\/person\/5c06d81d14850e2a8ce5493386560145\"},\"headline\":\"Just nu: M\u00e4ngder med medaljklara svenskar i Sofia\",\"datePublished\":\"2017-03-31T14:28:59+00:00\",\"dateModified\":\"2017-03-31T20:06:43+00:00\",\"mainEntityOfPage\":{\"@id\":\"https:\/\/www.budokampsport.se\/2017\/03\/31\/just-nu-mangder-med-medaljklara-svenskar-sofia\/\"},\"wordCount\":300,\"commentCount\":0,\"image\":{\"@id\":\"https:\/\/www.budokampsport.se\/2017\/03\/31\/just-nu-mangder-med-medaljklara-svenskar-sofia\/#primaryimage\"},\"thumbnailUrl\":\"https:\/\/www.budokampsport.se\/wp-content\/uploads\/2017\/03\/khaled.jpg\",\"inLanguage\":\"sv-SE\",\"potentialAction\":[{\"@type\":\"CommentAction\",\"name\":\"Comment\",\"target\":[\"https:\/\/www.budokampsport.se\/2017\/03\/31\/just-nu-mangder-med-medaljklara-svenskar-sofia\/#respond\"]}]},{\"@type\":\"WebPage\",\"@id\":\"https:\/\/www.budokampsport.se\/2017\/03\/31\/just-nu-mangder-med-medaljklara-svenskar-sofia\/\",\"url\":\"https:\/\/www.budokampsport.se\/2017\/03\/31\/just-nu-mangder-med-medaljklara-svenskar-sofia\/\",\"name\":\"Just nu: M\u00e4ngder med medaljklara svenskar i Sofia - Svenska Budo &amp; Kampsportsf\u00f6rbundet\",\"isPartOf\":{\"@id\":\"https:\/\/www.budokampsport.se\/#website\"},\"primaryImageOfPage\":{\"@id\":\"https:\/\/www.budokampsport.se\/2017\/03\/31\/just-nu-mangder-med-medaljklara-svenskar-sofia\/#primaryimage\"},\"image\":{\"@id\":\"https:\/\/www.budokampsport.se\/2017\/03\/31\/just-nu-mangder-med-medaljklara-svenskar-sofia\/#primaryimage\"},\"thumbnailUrl\":\"https:\/\/www.budokampsport.se\/wp-content\/uploads\/2017\/03\/khaled.jpg\",\"datePublished\":\"2017-03-31T14:28:59+00:00\",\"dateModified\":\"2017-03-31T20:06:43+00:00\",\"author\":{\"@id\":\"https:\/\/www.budokampsport.se\/#\/schema\/person\/5c06d81d14850e2a8ce5493386560145\"},\"description\":\"Det forts\u00e4tter att g\u00e5 bra f\u00f6r det svenska MMA-landslaget under European Open i Sofia i Bulgarien. Flera \u00e4r semifinalklara.\",\"breadcrumb\":{\"@id\":\"https:\/\/www.budokampsport.se\/2017\/03\/31\/just-nu-mangder-med-medaljklara-svenskar-sofia\/#breadcrumb\"},\"inLanguage\":\"sv-SE\",\"potentialAction\":[{\"@type\":\"ReadAction\",\"target\":[\"https:\/\/www.budokampsport.se\/2017\/03\/31\/just-nu-mangder-med-medaljklara-svenskar-sofia\/\"]}]},{\"@type\":\"ImageObject\",\"inLanguage\":\"sv-SE\",\"@id\":\"https:\/\/www.budokampsport.se\/2017\/03\/31\/just-nu-mangder-med-medaljklara-svenskar-sofia\/#primaryimage\",\"url\":\"https:\/\/www.budokampsport.se\/wp-content\/uploads\/2017\/03\/khaled.jpg\",\"contentUrl\":\"https:\/\/www.budokampsport.se\/wp-content\/uploads\/2017\/03\/khaled.jpg\",\"width\":850,\"height\":465,\"caption\":\"Foto: Christer Ringblom\"},{\"@type\":\"BreadcrumbList\",\"@id\":\"https:\/\/www.budokampsport.se\/2017\/03\/31\/just-nu-mangder-med-medaljklara-svenskar-sofia\/#breadcrumb\",\"itemListElement\":[{\"@type\":\"ListItem\",\"position\":1,\"name\":\"Hem\",\"item\":\"https:\/\/www.budokampsport.se\/\"},{\"@type\":\"ListItem\",\"position\":2,\"name\":\"Just nu: M\u00e4ngder med medaljklara svenskar i Sofia\"}]},{\"@type\":\"WebSite\",\"@id\":\"https:\/\/www.budokampsport.se\/#website\",\"url\":\"https:\/\/www.budokampsport.se\/\",\"name\":\"Svenska Budo &amp; Kampsportsf\u00f6rbundet\",\"description\":\"T\u00e4vling, Tr\u00e4ning, Tradition\",\"potentialAction\":[{\"@type\":\"SearchAction\",\"target\":{\"@type\":\"EntryPoint\",\"urlTemplate\":\"https:\/\/www.budokampsport.se\/?s={search_term_string}\"},\"query-input\":{\"@type\":\"PropertyValueSpecification\",\"valueRequired\":true,\"valueName\":\"search_term_string\"}}],\"inLanguage\":\"sv-SE\"},{\"@type\":\"Person\",\"@id\":\"https:\/\/www.budokampsport.se\/#\/schema\/person\/5c06d81d14850e2a8ce5493386560145\",\"name\":\"Jonathan Broberg\",\"image\":{\"@type\":\"ImageObject\",\"inLanguage\":\"sv-SE\",\"@id\":\"https:\/\/www.budokampsport.se\/#\/schema\/person\/image\/\",\"url\":\"https:\/\/secure.gravatar.com\/avatar\/a58041c6cea9128bd9c40ee2f26d4136?s=96&d=blank&r=g\",\"contentUrl\":\"https:\/\/secure.gravatar.com\/avatar\/a58041c6cea9128bd9c40ee2f26d4136?s=96&d=blank&r=g\",\"caption\":\"Jonathan Broberg\"},\"sameAs\":[\"https:\/\/www.facebook.com\/jonathan.broberg.7\"],\"url\":\"https:\/\/www.budokampsport.se\/author\/jonathan\/\"}]}<\/script>\n<!-- \/ Yoast SEO plugin. -->","yoast_head_json":{"title":"Just nu: M\u00e4ngder med medaljklara svenskar i Sofia - Svenska Budo &amp; Kampsportsf\u00f6rbundet","description":"Det forts\u00e4tter att g\u00e5 bra f\u00f6r det svenska MMA-landslaget under European Open i Sofia i Bulgarien. Flera \u00e4r semifinalklara.","robots":{"index":"index","follow":"follow","max-snippet":"max-snippet:-1","max-image-preview":"max-image-preview:large","max-video-preview":"max-video-preview:-1"},"canonical":"https:\/\/www.budokampsport.se\/2017\/03\/31\/just-nu-mangder-med-medaljklara-svenskar-sofia\/","og_locale":"sv_SE","og_type":"article","og_title":"Just nu: M\u00e4ngder med medaljklara svenskar i Sofia - Svenska Budo &amp; Kampsportsf\u00f6rbundet","og_description":"Det forts\u00e4tter att g\u00e5 bra f\u00f6r det svenska MMA-landslaget under European Open i Sofia i Bulgarien. Flera \u00e4r semifinalklara.","og_url":"https:\/\/www.budokampsport.se\/2017\/03\/31\/just-nu-mangder-med-medaljklara-svenskar-sofia\/","og_site_name":"Svenska Budo &amp; Kampsportsf\u00f6rbundet","article_author":"https:\/\/www.facebook.com\/jonathan.broberg.7","article_published_time":"2017-03-31T14:28:59+00:00","article_modified_time":"2017-03-31T20:06:43+00:00","og_image":[{"width":850,"height":465,"url":"https:\/\/www.budokampsport.se\/wp-content\/uploads\/2017\/03\/khaled.jpg","type":"image\/jpeg"}],"author":"Jonathan Broberg","twitter_card":"summary_large_image","twitter_misc":{"Skriven av":"Jonathan Broberg","Ber\u00e4knad l\u00e4stid":"1 minut"},"schema":{"@context":"https:\/\/schema.org","@graph":[{"@type":"Article","@id":"https:\/\/www.budokampsport.se\/2017\/03\/31\/just-nu-mangder-med-medaljklara-svenskar-sofia\/#article","isPartOf":{"@id":"https:\/\/www.budokampsport.se\/2017\/03\/31\/just-nu-mangder-med-medaljklara-svenskar-sofia\/"},"author":{"name":"Jonathan Broberg","@id":"https:\/\/www.budokampsport.se\/#\/schema\/person\/5c06d81d14850e2a8ce5493386560145"},"headline":"Just nu: M\u00e4ngder med medaljklara svenskar i Sofia","datePublished":"2017-03-31T14:28:59+00:00","dateModified":"2017-03-31T20:06:43+00:00","mainEntityOfPage":{"@id":"https:\/\/www.budokampsport.se\/2017\/03\/31\/just-nu-mangder-med-medaljklara-svenskar-sofia\/"},"wordCount":300,"commentCount":0,"image":{"@id":"https:\/\/www.budokampsport.se\/2017\/03\/31\/just-nu-mangder-med-medaljklara-svenskar-sofia\/#primaryimage"},"thumbnailUrl":"https:\/\/www.budokampsport.se\/wp-content\/uploads\/2017\/03\/khaled.jpg","inLanguage":"sv-SE","potentialAction":[{"@type":"CommentAction","name":"Comment","target":["https:\/\/www.budokampsport.se\/2017\/03\/31\/just-nu-mangder-med-medaljklara-svenskar-sofia\/#respond"]}]},{"@type":"WebPage","@id":"https:\/\/www.budokampsport.se\/2017\/03\/31\/just-nu-mangder-med-medaljklara-svenskar-sofia\/","url":"https:\/\/www.budokampsport.se\/2017\/03\/31\/just-nu-mangder-med-medaljklara-svenskar-sofia\/","name":"Just nu: M\u00e4ngder med medaljklara svenskar i Sofia - Svenska Budo &amp; Kampsportsf\u00f6rbundet","isPartOf":{"@id":"https:\/\/www.budokampsport.se\/#website"},"primaryImageOfPage":{"@id":"https:\/\/www.budokampsport.se\/2017\/03\/31\/just-nu-mangder-med-medaljklara-svenskar-sofia\/#primaryimage"},"image":{"@id":"https:\/\/www.budokampsport.se\/2017\/03\/31\/just-nu-mangder-med-medaljklara-svenskar-sofia\/#primaryimage"},"thumbnailUrl":"https:\/\/www.budokampsport.se\/wp-content\/uploads\/2017\/03\/khaled.jpg","datePublished":"2017-03-31T14:28:59+00:00","dateModified":"2017-03-31T20:06:43+00:00","author":{"@id":"https:\/\/www.budokampsport.se\/#\/schema\/person\/5c06d81d14850e2a8ce5493386560145"},"description":"Det forts\u00e4tter att g\u00e5 bra f\u00f6r det svenska MMA-landslaget under European Open i Sofia i Bulgarien. Flera \u00e4r semifinalklara.","breadcrumb":{"@id":"https:\/\/www.budokampsport.se\/2017\/03\/31\/just-nu-mangder-med-medaljklara-svenskar-sofia\/#breadcrumb"},"inLanguage":"sv-SE","potentialAction":[{"@type":"ReadAction","target":["https:\/\/www.budokampsport.se\/2017\/03\/31\/just-nu-mangder-med-medaljklara-svenskar-sofia\/"]}]},{"@type":"ImageObject","inLanguage":"sv-SE","@id":"https:\/\/www.budokampsport.se\/2017\/03\/31\/just-nu-mangder-med-medaljklara-svenskar-sofia\/#primaryimage","url":"https:\/\/www.budokampsport.se\/wp-content\/uploads\/2017\/03\/khaled.jpg","contentUrl":"https:\/\/www.budokampsport.se\/wp-content\/uploads\/2017\/03\/khaled.jpg","width":850,"height":465,"caption":"Foto: Christer Ringblom"},{"@type":"BreadcrumbList","@id":"https:\/\/www.budokampsport.se\/2017\/03\/31\/just-nu-mangder-med-medaljklara-svenskar-sofia\/#breadcrumb","itemListElement":[{"@type":"ListItem","position":1,"name":"Hem","item":"https:\/\/www.budokampsport.se\/"},{"@type":"ListItem","position":2,"name":"Just nu: M\u00e4ngder med medaljklara svenskar i Sofia"}]},{"@type":"WebSite","@id":"https:\/\/www.budokampsport.se\/#website","url":"https:\/\/www.budokampsport.se\/","name":"Svenska Budo &amp; Kampsportsf\u00f6rbundet","description":"T\u00e4vling, Tr\u00e4ning, Tradition","potentialAction":[{"@type":"SearchAction","target":{"@type":"EntryPoint","urlTemplate":"https:\/\/www.budokampsport.se\/?s={search_term_string}"},"query-input":{"@type":"PropertyValueSpecification","valueRequired":true,"valueName":"search_term_string"}}],"inLanguage":"sv-SE"},{"@type":"Person","@id":"https:\/\/www.budokampsport.se\/#\/schema\/person\/5c06d81d14850e2a8ce5493386560145","name":"Jonathan Broberg","image":{"@type":"ImageObject","inLanguage":"sv-SE","@id":"https:\/\/www.budokampsport.se\/#\/schema\/person\/image\/","url":"https:\/\/secure.gravatar.com\/avatar\/a58041c6cea9128bd9c40ee2f26d4136?s=96&d=blank&r=g","contentUrl":"https:\/\/secure.gravatar.com\/avatar\/a58041c6cea9128bd9c40ee2f26d4136?s=96&d=blank&r=g","caption":"Jonathan Broberg"},"sameAs":["https:\/\/www.facebook.com\/jonathan.broberg.7"],"url":"https:\/\/www.budokampsport.se\/author\/jonathan\/"}]}},"_links":{"self":[{"href":"https:\/\/www.budokampsport.se\/api\/wp\/v2\/posts\/42629","targetHints":{"allow":["GET"]}}],"collection":[{"href":"https:\/\/www.budokampsport.se\/api\/wp\/v2\/posts"}],"about":[{"href":"https:\/\/www.budokampsport.se\/api\/wp\/v2\/types\/post"}],"author":[{"embeddable":true,"href":"https:\/\/www.budokampsport.se\/api\/wp\/v2\/users\/7"}],"replies":[{"embeddable":true,"href":"https:\/\/www.budokampsport.se\/api\/wp\/v2\/comments?post=42629"}],"version-history":[{"count":0,"href":"https:\/\/www.budokampsport.se\/api\/wp\/v2\/posts\/42629\/revisions"}],"wp:featuredmedia":[{"embeddable":true,"href":"https:\/\/www.budokampsport.se\/api\/wp\/v2\/media\/42630"}],"wp:attachment":[{"href":"https:\/\/www.budokampsport.se\/api\/wp\/v2\/media?parent=42629"}],"wp:term":[{"taxonomy":"category","embeddable":true,"href":"https:\/\/www.budokampsport.se\/api\/wp\/v2\/categories?post=42629"},{"taxonomy":"post_tag","embeddable":true,"href":"https:\/\/www.budokampsport.se\/api\/wp\/v2\/tags?post=42629"}],"curies":[{"name":"wp","href":"https:\/\/api.w.org\/{rel}","templated":true}]}}