{"id":4289,"date":"2012-09-06T11:53:15","date_gmt":"2012-09-06T09:53:15","guid":{"rendered":"http:\/\/budo.wordpress.dev\/2012\/09\/06\/amnen-forekommande-i-olika-kosttillskott-ar-officiellt-halsofarliga\/"},"modified":"2016-12-06T22:34:46","modified_gmt":"2016-12-06T21:34:46","slug":"amnen-forekommande-i-olika-kosttillskott-ar-officiellt-halsofarliga","status":"publish","type":"post","link":"https:\/\/www.budokampsport.se\/2012\/09\/06\/amnen-forekommande-i-olika-kosttillskott-ar-officiellt-halsofarliga\/","title":{"rendered":"\u00c4mnen f\u00f6rekommande i olika kosttillskott \u00e4r officiellt h\u00e4lsofarliga"},"content":{"rendered":"<p><P><STRONG><IMG alt=\"\" align=right src=\"http:\/\/www.budokampsport.se\/sites\/default\/files\/tsuba.jpg\" width=100 height=82>Regeringen har beslutat att klassificera \u00e4mnena DMMA, 5-it, 4-APB, 5-APB och 6-AP som h\u00e4lsofarliga. Fr\u00e5n och med 4:e september \u00e4r detta ocks\u00e5 lagstadgat.\u00a0<BR>\u201d4 \u00a7 Den som upps\u00e5tligen bryter mot 3 \u00a7 f\u00f6rsta stycket 2, 3, 4, 5 eller 6 d\u00f6ms till b\u00f6ter eller f\u00e4ngelse i h\u00f6gst ett \u00e5r.\u201d, st\u00e5r det i den nya lagen.<!--break--><\/STRONG><BR><BR>S\u00e5 h\u00e4r st\u00e5r det i lagen som helhet:<BR><BR>Lag (1999:42) om f\u00f6rbud mot vissa h\u00e4lsofarliga varor:<BR>\u201d3 \u00a7 Varor som avses i denna lag f\u00e5r inte utan tillst\u00e5nd<BR>1. inf\u00f6ras till landet,<BR>2. \u00f6verl\u00e5tas,<BR>3. framst\u00e4llas,<BR>4. f\u00f6rv\u00e4rvas i \u00f6verl\u00e5telsesyfte,<BR>5. bjudas ut till f\u00f6rs\u00e4ljning, eller<BR>6. innehas.\u201d<BR>\u201d4 \u00a7 Den som upps\u00e5tligen bryter mot 3 \u00a7 f\u00f6rsta stycket 2, 3, 4, 5 eller 6 d\u00f6ms till b\u00f6ter eller f\u00e4ngelse i h\u00f6gst ett \u00e5r.\u201d<BR>Till lagen h\u00f6r \u201dF\u00f6rordning (1999:58) om f\u00f6rbud mot vissa h\u00e4lsofarliga varor\u201d. I den f\u00f6rordningen kommer enligt Socialdepartementet fr\u00e5n och med den 4 september \u00e4ven DMAA, 5-IT, 4-APB, 5-APB, och 6-AP att listas.<BR><BR>K\u00e4lla: foodmonitor.se<\/P><\/p>\n","protected":false},"excerpt":{"rendered":"<p><P><STRONG><IMG alt=\"\" align=right src=\"http:\/\/www.budokampsport.se\/sites\/default\/files\/tsuba.jpg\" width=100 height=82>Regeringen har beslutat att klassificera \u00e4mnena DMMA, 5-it, 4-APB, 5-APB och 6-AP som h\u00e4lsofarliga. Fr\u00e5n och med 4:e september \u00e4r detta ocks\u00e5 lagstadgat.\u00a0<BR>\u201d4 \u00a7 Den som upps\u00e5tligen bryter mot 3 \u00a7 f\u00f6rsta stycket 2, 3, 4, 5 eller 6 d\u00f6ms till b\u00f6ter eller f\u00e4ngelse i h\u00f6gst ett \u00e5r.\u201d, st\u00e5r det i den nya lagen.<\/p><br>","protected":false},"author":7,"featured_media":0,"comment_status":"closed","ping_status":"closed","sticky":false,"template":"","format":"standard","meta":{"_acf_changed":false,"footnotes":""},"categories":[1],"tags":[],"class_list":["post-4289","post","type-post","status-publish","format-standard","hentry","category-okategoriserade"],"acf":[],"yoast_head":"<!-- This site is optimized with the Yoast SEO plugin v26.8 - https:\/\/yoast.com\/product\/yoast-seo-wordpress\/ -->\n<title>\u00c4mnen f\u00f6rekommande i olika kosttillskott \u00e4r officiellt h\u00e4lsofarliga - Svenska Budo &amp; Kampsportsf\u00f6rbundet<\/title>\n<meta name=\"description\" content=\"Regeringen har beslutat att klassificera \u00e4mnena DMMA, 5-it, 4-APB, 5-APB och 6-AP som h\u00e4lsofarliga. Fr\u00e5n och med 4:e september \u00e4r detta ocks\u00e5 lagstadgat.\u00a0\u201d4 \u00a7 Den som upps\u00e5tligen bryter mot 3 \u00a7 f\u00f6rsta stycket 2, 3, 4, 5 eller 6 d\u00f6ms till b\u00f6ter eller f\u00e4ngelse i h\u00f6gst ett \u00e5r.\u201d, st\u00e5r det i den nya lagen.\" \/>\n<meta name=\"robots\" content=\"index, follow, max-snippet:-1, max-image-preview:large, max-video-preview:-1\" \/>\n<link rel=\"canonical\" href=\"https:\/\/www.budokampsport.se\/2012\/09\/06\/amnen-forekommande-i-olika-kosttillskott-ar-officiellt-halsofarliga\/\" \/>\n<meta property=\"og:locale\" content=\"sv_SE\" \/>\n<meta property=\"og:type\" content=\"article\" \/>\n<meta property=\"og:title\" content=\"\u00c4mnen f\u00f6rekommande i olika kosttillskott \u00e4r officiellt h\u00e4lsofarliga - Svenska Budo &amp; Kampsportsf\u00f6rbundet\" \/>\n<meta property=\"og:description\" content=\"Regeringen har beslutat att klassificera \u00e4mnena DMMA, 5-it, 4-APB, 5-APB och 6-AP som h\u00e4lsofarliga. Fr\u00e5n och med 4:e september \u00e4r detta ocks\u00e5 lagstadgat.\u00a0\u201d4 \u00a7 Den som upps\u00e5tligen bryter mot 3 \u00a7 f\u00f6rsta stycket 2, 3, 4, 5 eller 6 d\u00f6ms till b\u00f6ter eller f\u00e4ngelse i h\u00f6gst ett \u00e5r.\u201d, st\u00e5r det i den nya lagen.\" \/>\n<meta property=\"og:url\" content=\"https:\/\/www.budokampsport.se\/2012\/09\/06\/amnen-forekommande-i-olika-kosttillskott-ar-officiellt-halsofarliga\/\" \/>\n<meta property=\"og:site_name\" content=\"Svenska Budo &amp; Kampsportsf\u00f6rbundet\" \/>\n<meta property=\"article:author\" content=\"https:\/\/www.facebook.com\/jonathan.broberg.7\" \/>\n<meta property=\"article:published_time\" content=\"2012-09-06T09:53:15+00:00\" \/>\n<meta property=\"article:modified_time\" content=\"2016-12-06T21:34:46+00:00\" \/>\n<meta name=\"author\" content=\"Jonathan Broberg\" \/>\n<meta name=\"twitter:card\" content=\"summary_large_image\" \/>\n<meta name=\"twitter:label1\" content=\"Skriven av\" \/>\n\t<meta name=\"twitter:data1\" content=\"Jonathan Broberg\" \/>\n\t<meta name=\"twitter:label2\" content=\"Ber\u00e4knad l\u00e4stid\" \/>\n\t<meta name=\"twitter:data2\" content=\"1 minut\" \/>\n<script type=\"application\/ld+json\" class=\"yoast-schema-graph\">{\"@context\":\"https:\/\/schema.org\",\"@graph\":[{\"@type\":\"Article\",\"@id\":\"https:\/\/www.budokampsport.se\/2012\/09\/06\/amnen-forekommande-i-olika-kosttillskott-ar-officiellt-halsofarliga\/#article\",\"isPartOf\":{\"@id\":\"https:\/\/www.budokampsport.se\/2012\/09\/06\/amnen-forekommande-i-olika-kosttillskott-ar-officiellt-halsofarliga\/\"},\"author\":{\"name\":\"Jonathan Broberg\",\"@id\":\"https:\/\/www.budokampsport.se\/#\/schema\/person\/5c06d81d14850e2a8ce5493386560145\"},\"headline\":\"\u00c4mnen f\u00f6rekommande i olika kosttillskott \u00e4r officiellt h\u00e4lsofarliga\",\"datePublished\":\"2012-09-06T09:53:15+00:00\",\"dateModified\":\"2016-12-06T21:34:46+00:00\",\"mainEntityOfPage\":{\"@id\":\"https:\/\/www.budokampsport.se\/2012\/09\/06\/amnen-forekommande-i-olika-kosttillskott-ar-officiellt-halsofarliga\/\"},\"wordCount\":181,\"inLanguage\":\"sv-SE\"},{\"@type\":\"WebPage\",\"@id\":\"https:\/\/www.budokampsport.se\/2012\/09\/06\/amnen-forekommande-i-olika-kosttillskott-ar-officiellt-halsofarliga\/\",\"url\":\"https:\/\/www.budokampsport.se\/2012\/09\/06\/amnen-forekommande-i-olika-kosttillskott-ar-officiellt-halsofarliga\/\",\"name\":\"\u00c4mnen f\u00f6rekommande i olika kosttillskott \u00e4r officiellt h\u00e4lsofarliga - Svenska Budo &amp; Kampsportsf\u00f6rbundet\",\"isPartOf\":{\"@id\":\"https:\/\/www.budokampsport.se\/#website\"},\"datePublished\":\"2012-09-06T09:53:15+00:00\",\"dateModified\":\"2016-12-06T21:34:46+00:00\",\"author\":{\"@id\":\"https:\/\/www.budokampsport.se\/#\/schema\/person\/5c06d81d14850e2a8ce5493386560145\"},\"description\":\"Regeringen har beslutat att klassificera \u00e4mnena DMMA, 5-it, 4-APB, 5-APB och 6-AP som h\u00e4lsofarliga. Fr\u00e5n och med 4:e september \u00e4r detta ocks\u00e5 lagstadgat.\u00a0\u201d4 \u00a7 Den som upps\u00e5tligen bryter mot 3 \u00a7 f\u00f6rsta stycket 2, 3, 4, 5 eller 6 d\u00f6ms till b\u00f6ter eller f\u00e4ngelse i h\u00f6gst ett \u00e5r.\u201d, st\u00e5r det i den nya lagen.\",\"breadcrumb\":{\"@id\":\"https:\/\/www.budokampsport.se\/2012\/09\/06\/amnen-forekommande-i-olika-kosttillskott-ar-officiellt-halsofarliga\/#breadcrumb\"},\"inLanguage\":\"sv-SE\",\"potentialAction\":[{\"@type\":\"ReadAction\",\"target\":[\"https:\/\/www.budokampsport.se\/2012\/09\/06\/amnen-forekommande-i-olika-kosttillskott-ar-officiellt-halsofarliga\/\"]}]},{\"@type\":\"BreadcrumbList\",\"@id\":\"https:\/\/www.budokampsport.se\/2012\/09\/06\/amnen-forekommande-i-olika-kosttillskott-ar-officiellt-halsofarliga\/#breadcrumb\",\"itemListElement\":[{\"@type\":\"ListItem\",\"position\":1,\"name\":\"Hem\",\"item\":\"https:\/\/www.budokampsport.se\/\"},{\"@type\":\"ListItem\",\"position\":2,\"name\":\"\u00c4mnen f\u00f6rekommande i olika kosttillskott \u00e4r officiellt h\u00e4lsofarliga\"}]},{\"@type\":\"WebSite\",\"@id\":\"https:\/\/www.budokampsport.se\/#website\",\"url\":\"https:\/\/www.budokampsport.se\/\",\"name\":\"Svenska Budo &amp; Kampsportsf\u00f6rbundet\",\"description\":\"T\u00e4vling, Tr\u00e4ning, Tradition\",\"potentialAction\":[{\"@type\":\"SearchAction\",\"target\":{\"@type\":\"EntryPoint\",\"urlTemplate\":\"https:\/\/www.budokampsport.se\/?s={search_term_string}\"},\"query-input\":{\"@type\":\"PropertyValueSpecification\",\"valueRequired\":true,\"valueName\":\"search_term_string\"}}],\"inLanguage\":\"sv-SE\"},{\"@type\":\"Person\",\"@id\":\"https:\/\/www.budokampsport.se\/#\/schema\/person\/5c06d81d14850e2a8ce5493386560145\",\"name\":\"Jonathan Broberg\",\"image\":{\"@type\":\"ImageObject\",\"inLanguage\":\"sv-SE\",\"@id\":\"https:\/\/www.budokampsport.se\/#\/schema\/person\/image\/\",\"url\":\"https:\/\/secure.gravatar.com\/avatar\/a58041c6cea9128bd9c40ee2f26d4136?s=96&d=blank&r=g\",\"contentUrl\":\"https:\/\/secure.gravatar.com\/avatar\/a58041c6cea9128bd9c40ee2f26d4136?s=96&d=blank&r=g\",\"caption\":\"Jonathan Broberg\"},\"sameAs\":[\"https:\/\/www.facebook.com\/jonathan.broberg.7\"],\"url\":\"https:\/\/www.budokampsport.se\/author\/jonathan\/\"}]}<\/script>\n<!-- \/ Yoast SEO plugin. -->","yoast_head_json":{"title":"\u00c4mnen f\u00f6rekommande i olika kosttillskott \u00e4r officiellt h\u00e4lsofarliga - Svenska Budo &amp; Kampsportsf\u00f6rbundet","description":"Regeringen har beslutat att klassificera \u00e4mnena DMMA, 5-it, 4-APB, 5-APB och 6-AP som h\u00e4lsofarliga. Fr\u00e5n och med 4:e september \u00e4r detta ocks\u00e5 lagstadgat.\u00a0\u201d4 \u00a7 Den som upps\u00e5tligen bryter mot 3 \u00a7 f\u00f6rsta stycket 2, 3, 4, 5 eller 6 d\u00f6ms till b\u00f6ter eller f\u00e4ngelse i h\u00f6gst ett \u00e5r.\u201d, st\u00e5r det i den nya lagen.","robots":{"index":"index","follow":"follow","max-snippet":"max-snippet:-1","max-image-preview":"max-image-preview:large","max-video-preview":"max-video-preview:-1"},"canonical":"https:\/\/www.budokampsport.se\/2012\/09\/06\/amnen-forekommande-i-olika-kosttillskott-ar-officiellt-halsofarliga\/","og_locale":"sv_SE","og_type":"article","og_title":"\u00c4mnen f\u00f6rekommande i olika kosttillskott \u00e4r officiellt h\u00e4lsofarliga - Svenska Budo &amp; Kampsportsf\u00f6rbundet","og_description":"Regeringen har beslutat att klassificera \u00e4mnena DMMA, 5-it, 4-APB, 5-APB och 6-AP som h\u00e4lsofarliga. Fr\u00e5n och med 4:e september \u00e4r detta ocks\u00e5 lagstadgat.\u00a0\u201d4 \u00a7 Den som upps\u00e5tligen bryter mot 3 \u00a7 f\u00f6rsta stycket 2, 3, 4, 5 eller 6 d\u00f6ms till b\u00f6ter eller f\u00e4ngelse i h\u00f6gst ett \u00e5r.\u201d, st\u00e5r det i den nya lagen.","og_url":"https:\/\/www.budokampsport.se\/2012\/09\/06\/amnen-forekommande-i-olika-kosttillskott-ar-officiellt-halsofarliga\/","og_site_name":"Svenska Budo &amp; Kampsportsf\u00f6rbundet","article_author":"https:\/\/www.facebook.com\/jonathan.broberg.7","article_published_time":"2012-09-06T09:53:15+00:00","article_modified_time":"2016-12-06T21:34:46+00:00","author":"Jonathan Broberg","twitter_card":"summary_large_image","twitter_misc":{"Skriven av":"Jonathan Broberg","Ber\u00e4knad l\u00e4stid":"1 minut"},"schema":{"@context":"https:\/\/schema.org","@graph":[{"@type":"Article","@id":"https:\/\/www.budokampsport.se\/2012\/09\/06\/amnen-forekommande-i-olika-kosttillskott-ar-officiellt-halsofarliga\/#article","isPartOf":{"@id":"https:\/\/www.budokampsport.se\/2012\/09\/06\/amnen-forekommande-i-olika-kosttillskott-ar-officiellt-halsofarliga\/"},"author":{"name":"Jonathan Broberg","@id":"https:\/\/www.budokampsport.se\/#\/schema\/person\/5c06d81d14850e2a8ce5493386560145"},"headline":"\u00c4mnen f\u00f6rekommande i olika kosttillskott \u00e4r officiellt h\u00e4lsofarliga","datePublished":"2012-09-06T09:53:15+00:00","dateModified":"2016-12-06T21:34:46+00:00","mainEntityOfPage":{"@id":"https:\/\/www.budokampsport.se\/2012\/09\/06\/amnen-forekommande-i-olika-kosttillskott-ar-officiellt-halsofarliga\/"},"wordCount":181,"inLanguage":"sv-SE"},{"@type":"WebPage","@id":"https:\/\/www.budokampsport.se\/2012\/09\/06\/amnen-forekommande-i-olika-kosttillskott-ar-officiellt-halsofarliga\/","url":"https:\/\/www.budokampsport.se\/2012\/09\/06\/amnen-forekommande-i-olika-kosttillskott-ar-officiellt-halsofarliga\/","name":"\u00c4mnen f\u00f6rekommande i olika kosttillskott \u00e4r officiellt h\u00e4lsofarliga - Svenska Budo &amp; Kampsportsf\u00f6rbundet","isPartOf":{"@id":"https:\/\/www.budokampsport.se\/#website"},"datePublished":"2012-09-06T09:53:15+00:00","dateModified":"2016-12-06T21:34:46+00:00","author":{"@id":"https:\/\/www.budokampsport.se\/#\/schema\/person\/5c06d81d14850e2a8ce5493386560145"},"description":"Regeringen har beslutat att klassificera \u00e4mnena DMMA, 5-it, 4-APB, 5-APB och 6-AP som h\u00e4lsofarliga. Fr\u00e5n och med 4:e september \u00e4r detta ocks\u00e5 lagstadgat.\u00a0\u201d4 \u00a7 Den som upps\u00e5tligen bryter mot 3 \u00a7 f\u00f6rsta stycket 2, 3, 4, 5 eller 6 d\u00f6ms till b\u00f6ter eller f\u00e4ngelse i h\u00f6gst ett \u00e5r.\u201d, st\u00e5r det i den nya lagen.","breadcrumb":{"@id":"https:\/\/www.budokampsport.se\/2012\/09\/06\/amnen-forekommande-i-olika-kosttillskott-ar-officiellt-halsofarliga\/#breadcrumb"},"inLanguage":"sv-SE","potentialAction":[{"@type":"ReadAction","target":["https:\/\/www.budokampsport.se\/2012\/09\/06\/amnen-forekommande-i-olika-kosttillskott-ar-officiellt-halsofarliga\/"]}]},{"@type":"BreadcrumbList","@id":"https:\/\/www.budokampsport.se\/2012\/09\/06\/amnen-forekommande-i-olika-kosttillskott-ar-officiellt-halsofarliga\/#breadcrumb","itemListElement":[{"@type":"ListItem","position":1,"name":"Hem","item":"https:\/\/www.budokampsport.se\/"},{"@type":"ListItem","position":2,"name":"\u00c4mnen f\u00f6rekommande i olika kosttillskott \u00e4r officiellt h\u00e4lsofarliga"}]},{"@type":"WebSite","@id":"https:\/\/www.budokampsport.se\/#website","url":"https:\/\/www.budokampsport.se\/","name":"Svenska Budo &amp; Kampsportsf\u00f6rbundet","description":"T\u00e4vling, Tr\u00e4ning, Tradition","potentialAction":[{"@type":"SearchAction","target":{"@type":"EntryPoint","urlTemplate":"https:\/\/www.budokampsport.se\/?s={search_term_string}"},"query-input":{"@type":"PropertyValueSpecification","valueRequired":true,"valueName":"search_term_string"}}],"inLanguage":"sv-SE"},{"@type":"Person","@id":"https:\/\/www.budokampsport.se\/#\/schema\/person\/5c06d81d14850e2a8ce5493386560145","name":"Jonathan Broberg","image":{"@type":"ImageObject","inLanguage":"sv-SE","@id":"https:\/\/www.budokampsport.se\/#\/schema\/person\/image\/","url":"https:\/\/secure.gravatar.com\/avatar\/a58041c6cea9128bd9c40ee2f26d4136?s=96&d=blank&r=g","contentUrl":"https:\/\/secure.gravatar.com\/avatar\/a58041c6cea9128bd9c40ee2f26d4136?s=96&d=blank&r=g","caption":"Jonathan Broberg"},"sameAs":["https:\/\/www.facebook.com\/jonathan.broberg.7"],"url":"https:\/\/www.budokampsport.se\/author\/jonathan\/"}]}},"_links":{"self":[{"href":"https:\/\/www.budokampsport.se\/api\/wp\/v2\/posts\/4289","targetHints":{"allow":["GET"]}}],"collection":[{"href":"https:\/\/www.budokampsport.se\/api\/wp\/v2\/posts"}],"about":[{"href":"https:\/\/www.budokampsport.se\/api\/wp\/v2\/types\/post"}],"author":[{"embeddable":true,"href":"https:\/\/www.budokampsport.se\/api\/wp\/v2\/users\/7"}],"replies":[{"embeddable":true,"href":"https:\/\/www.budokampsport.se\/api\/wp\/v2\/comments?post=4289"}],"version-history":[{"count":0,"href":"https:\/\/www.budokampsport.se\/api\/wp\/v2\/posts\/4289\/revisions"}],"wp:attachment":[{"href":"https:\/\/www.budokampsport.se\/api\/wp\/v2\/media?parent=4289"}],"wp:term":[{"taxonomy":"category","embeddable":true,"href":"https:\/\/www.budokampsport.se\/api\/wp\/v2\/categories?post=4289"},{"taxonomy":"post_tag","embeddable":true,"href":"https:\/\/www.budokampsport.se\/api\/wp\/v2\/tags?post=4289"}],"curies":[{"name":"wp","href":"https:\/\/api.w.org\/{rel}","templated":true}]}}