{"id":43381,"date":"2017-04-11T15:49:10","date_gmt":"2017-04-11T13:49:10","guid":{"rendered":"http:\/\/www.budokampsport.se\/?p=43381"},"modified":"2017-04-12T20:19:22","modified_gmt":"2017-04-12T18:19:22","slug":"nya-instruktorer","status":"publish","type":"post","link":"https:\/\/www.budokampsport.se\/2017\/04\/11\/nya-instruktorer\/","title":{"rendered":"Nya instrukt\u00f6rer"},"content":{"rendered":"<p>Under helgen den 8-9 april samlades ett laddat g\u00e4ng deltagare p\u00e5 idrottens utvecklingscentrum Bos\u00f6n utanf\u00f6r Stockholm. Guidade av utbildare Altan Celik och Christian Sandberg tog de sig tillsammans an tr\u00e4narutbildningens steg 1 respektive steg 2. Efter tv\u00e5 intensiva dagar med teori och praktik kunde deltagarna kvittera ut sina v\u00e4lf\u00f6rtj\u00e4nta instrukt\u00f6rslicenser och blicka fram mot att sprida sina kunskaper vidare runt om i landet.<\/p>\n<p><img loading=\"lazy\" decoding=\"async\" class=\"alignnone size-medium wp-image-43387\" src=\"http:\/\/www.budokampsport.se\/wp-content\/uploads\/2017\/04\/Tranarutbildning-2017-Teori-Praktik-Foto-Christian-Sandberg-376x376.jpg\" alt=\"\" width=\"376\" height=\"376\" srcset=\"https:\/\/www.budokampsport.se\/wp-content\/uploads\/2017\/04\/Tranarutbildning-2017-Teori-Praktik-Foto-Christian-Sandberg-376x376.jpg 376w, https:\/\/www.budokampsport.se\/wp-content\/uploads\/2017\/04\/Tranarutbildning-2017-Teori-Praktik-Foto-Christian-Sandberg-100x100.jpg 100w, https:\/\/www.budokampsport.se\/wp-content\/uploads\/2017\/04\/Tranarutbildning-2017-Teori-Praktik-Foto-Christian-Sandberg-600x600.jpg 600w, https:\/\/www.budokampsport.se\/wp-content\/uploads\/2017\/04\/Tranarutbildning-2017-Teori-Praktik-Foto-Christian-Sandberg-278x278.jpg 278w, https:\/\/www.budokampsport.se\/wp-content\/uploads\/2017\/04\/Tranarutbildning-2017-Teori-Praktik-Foto-Christian-Sandberg-572x572.jpg 572w, https:\/\/www.budokampsport.se\/wp-content\/uploads\/2017\/04\/Tranarutbildning-2017-Teori-Praktik-Foto-Christian-Sandberg.jpg 720w\" sizes=\"auto, (max-width: 376px) 100vw, 376px\" \/><\/p>\n<p><strong>Kommande utbildningsm\u00f6jligheter<\/strong><br \/>\nPlanerade utbildningar under v\u00e5ren d\u00e4r anm\u00e4lan \u00e4nnu \u00e4r \u00f6ppen \u00e4r tr\u00e4narutbildning steg 3\u00a0som arrangeras \u00f6ver tv\u00e5 helger i maj samt barnledarutbildningen som arrangeras den 27 maj. Anm\u00e4lan till respektive utbildning g\u00f6rs via l\u00e4nk p\u00e5 <a href=\"http:\/\/www.budokampsport.se\/forbund\/utbildningar\/\">utbildningssidan<\/a>.<\/p>\n<p><strong>Arrangera tr\u00e4narutbildning i h\u00f6st?<\/strong><br \/>\n\u00c4r din f\u00f6rening intresserad av att arrangera en tr\u00e4narutbildning under h\u00f6sten? Kontakta i s\u00e5 fall <a href=\"mailto:arnbom@budo.se\">arnbom@budo.se<\/a> f\u00f6r mer information.<\/p>\n<p>Foto: Christian Sandberg<\/p>\n","protected":false},"excerpt":{"rendered":"<p>Under helgen den 8-9 april samlades ett laddat g\u00e4ng deltagare [&#8230;]<\/p><br>","protected":false},"author":47,"featured_media":43382,"comment_status":"open","ping_status":"open","sticky":false,"template":"","format":"standard","meta":{"_acf_changed":false,"footnotes":""},"categories":[1],"tags":[],"class_list":["post-43381","post","type-post","status-publish","format-standard","has-post-thumbnail","hentry","category-okategoriserade"],"acf":[],"yoast_head":"<!-- This site is optimized with the Yoast SEO plugin v26.8 - https:\/\/yoast.com\/product\/yoast-seo-wordpress\/ -->\n<title>Nya instrukt\u00f6rer - Svenska Budo &amp; Kampsportsf\u00f6rbundet<\/title>\n<meta name=\"description\" content=\"Under helgen den 8-9 april samlades ett laddat g\u00e4ng deltagare p\u00e5 idrottens utvecklingscentrum Bos\u00f6n utanf\u00f6r Stockholm. Guidade av utbildare Altan Celik\" \/>\n<meta name=\"robots\" content=\"index, follow, max-snippet:-1, max-image-preview:large, max-video-preview:-1\" \/>\n<link rel=\"canonical\" href=\"https:\/\/www.budokampsport.se\/2017\/04\/11\/nya-instruktorer\/\" \/>\n<meta property=\"og:locale\" content=\"sv_SE\" \/>\n<meta property=\"og:type\" content=\"article\" \/>\n<meta property=\"og:title\" content=\"Nya instrukt\u00f6rer - Svenska Budo &amp; Kampsportsf\u00f6rbundet\" \/>\n<meta property=\"og:description\" content=\"Under helgen den 8-9 april samlades ett laddat g\u00e4ng deltagare p\u00e5 idrottens utvecklingscentrum Bos\u00f6n utanf\u00f6r Stockholm. Guidade av utbildare Altan Celik\" \/>\n<meta property=\"og:url\" content=\"https:\/\/www.budokampsport.se\/2017\/04\/11\/nya-instruktorer\/\" \/>\n<meta property=\"og:site_name\" content=\"Svenska Budo &amp; Kampsportsf\u00f6rbundet\" \/>\n<meta property=\"article:published_time\" content=\"2017-04-11T13:49:10+00:00\" \/>\n<meta property=\"article:modified_time\" content=\"2017-04-12T18:19:22+00:00\" \/>\n<meta property=\"og:image\" content=\"https:\/\/www.budokampsport.se\/wp-content\/uploads\/2017\/04\/Tranarutbildning-2017-Gruppbild-Foto-Christian-Sandberg-e1624880665258.jpg\" \/>\n\t<meta property=\"og:image:width\" content=\"850\" \/>\n\t<meta property=\"og:image:height\" content=\"638\" \/>\n\t<meta property=\"og:image:type\" content=\"image\/jpeg\" \/>\n<meta name=\"author\" content=\"Sofia Arnbom\" \/>\n<meta name=\"twitter:card\" content=\"summary_large_image\" \/>\n<meta name=\"twitter:label1\" content=\"Skriven av\" \/>\n\t<meta name=\"twitter:data1\" content=\"Sofia Arnbom\" \/>\n\t<meta name=\"twitter:label2\" content=\"Ber\u00e4knad l\u00e4stid\" \/>\n\t<meta name=\"twitter:data2\" content=\"1 minut\" \/>\n<script type=\"application\/ld+json\" class=\"yoast-schema-graph\">{\"@context\":\"https:\/\/schema.org\",\"@graph\":[{\"@type\":\"Article\",\"@id\":\"https:\/\/www.budokampsport.se\/2017\/04\/11\/nya-instruktorer\/#article\",\"isPartOf\":{\"@id\":\"https:\/\/www.budokampsport.se\/2017\/04\/11\/nya-instruktorer\/\"},\"author\":{\"name\":\"Sofia Arnbom\",\"@id\":\"https:\/\/www.budokampsport.se\/#\/schema\/person\/666f754cfbc6f9a83a8c253cd24ad660\"},\"headline\":\"Nya instrukt\u00f6rer\",\"datePublished\":\"2017-04-11T13:49:10+00:00\",\"dateModified\":\"2017-04-12T18:19:22+00:00\",\"mainEntityOfPage\":{\"@id\":\"https:\/\/www.budokampsport.se\/2017\/04\/11\/nya-instruktorer\/\"},\"wordCount\":150,\"commentCount\":1,\"image\":{\"@id\":\"https:\/\/www.budokampsport.se\/2017\/04\/11\/nya-instruktorer\/#primaryimage\"},\"thumbnailUrl\":\"https:\/\/www.budokampsport.se\/wp-content\/uploads\/2017\/04\/Tranarutbildning-2017-Gruppbild-Foto-Christian-Sandberg-e1624880665258.jpg\",\"inLanguage\":\"sv-SE\",\"potentialAction\":[{\"@type\":\"CommentAction\",\"name\":\"Comment\",\"target\":[\"https:\/\/www.budokampsport.se\/2017\/04\/11\/nya-instruktorer\/#respond\"]}]},{\"@type\":\"WebPage\",\"@id\":\"https:\/\/www.budokampsport.se\/2017\/04\/11\/nya-instruktorer\/\",\"url\":\"https:\/\/www.budokampsport.se\/2017\/04\/11\/nya-instruktorer\/\",\"name\":\"Nya instrukt\u00f6rer - Svenska Budo &amp; Kampsportsf\u00f6rbundet\",\"isPartOf\":{\"@id\":\"https:\/\/www.budokampsport.se\/#website\"},\"primaryImageOfPage\":{\"@id\":\"https:\/\/www.budokampsport.se\/2017\/04\/11\/nya-instruktorer\/#primaryimage\"},\"image\":{\"@id\":\"https:\/\/www.budokampsport.se\/2017\/04\/11\/nya-instruktorer\/#primaryimage\"},\"thumbnailUrl\":\"https:\/\/www.budokampsport.se\/wp-content\/uploads\/2017\/04\/Tranarutbildning-2017-Gruppbild-Foto-Christian-Sandberg-e1624880665258.jpg\",\"datePublished\":\"2017-04-11T13:49:10+00:00\",\"dateModified\":\"2017-04-12T18:19:22+00:00\",\"author\":{\"@id\":\"https:\/\/www.budokampsport.se\/#\/schema\/person\/666f754cfbc6f9a83a8c253cd24ad660\"},\"description\":\"Under helgen den 8-9 april samlades ett laddat g\u00e4ng deltagare p\u00e5 idrottens utvecklingscentrum Bos\u00f6n utanf\u00f6r Stockholm. Guidade av utbildare Altan Celik\",\"breadcrumb\":{\"@id\":\"https:\/\/www.budokampsport.se\/2017\/04\/11\/nya-instruktorer\/#breadcrumb\"},\"inLanguage\":\"sv-SE\",\"potentialAction\":[{\"@type\":\"ReadAction\",\"target\":[\"https:\/\/www.budokampsport.se\/2017\/04\/11\/nya-instruktorer\/\"]}]},{\"@type\":\"ImageObject\",\"inLanguage\":\"sv-SE\",\"@id\":\"https:\/\/www.budokampsport.se\/2017\/04\/11\/nya-instruktorer\/#primaryimage\",\"url\":\"https:\/\/www.budokampsport.se\/wp-content\/uploads\/2017\/04\/Tranarutbildning-2017-Gruppbild-Foto-Christian-Sandberg-e1624880665258.jpg\",\"contentUrl\":\"https:\/\/www.budokampsport.se\/wp-content\/uploads\/2017\/04\/Tranarutbildning-2017-Gruppbild-Foto-Christian-Sandberg-e1624880665258.jpg\",\"width\":850,\"height\":638},{\"@type\":\"BreadcrumbList\",\"@id\":\"https:\/\/www.budokampsport.se\/2017\/04\/11\/nya-instruktorer\/#breadcrumb\",\"itemListElement\":[{\"@type\":\"ListItem\",\"position\":1,\"name\":\"Hem\",\"item\":\"https:\/\/www.budokampsport.se\/\"},{\"@type\":\"ListItem\",\"position\":2,\"name\":\"Nya instrukt\u00f6rer\"}]},{\"@type\":\"WebSite\",\"@id\":\"https:\/\/www.budokampsport.se\/#website\",\"url\":\"https:\/\/www.budokampsport.se\/\",\"name\":\"Svenska Budo &amp; Kampsportsf\u00f6rbundet\",\"description\":\"T\u00e4vling, Tr\u00e4ning, Tradition\",\"potentialAction\":[{\"@type\":\"SearchAction\",\"target\":{\"@type\":\"EntryPoint\",\"urlTemplate\":\"https:\/\/www.budokampsport.se\/?s={search_term_string}\"},\"query-input\":{\"@type\":\"PropertyValueSpecification\",\"valueRequired\":true,\"valueName\":\"search_term_string\"}}],\"inLanguage\":\"sv-SE\"},{\"@type\":\"Person\",\"@id\":\"https:\/\/www.budokampsport.se\/#\/schema\/person\/666f754cfbc6f9a83a8c253cd24ad660\",\"name\":\"Sofia Arnbom\",\"image\":{\"@type\":\"ImageObject\",\"inLanguage\":\"sv-SE\",\"@id\":\"https:\/\/www.budokampsport.se\/#\/schema\/person\/image\/\",\"url\":\"https:\/\/secure.gravatar.com\/avatar\/a69f673c99635f06ea6cb1eb10ca7e92?s=96&d=blank&r=g\",\"contentUrl\":\"https:\/\/secure.gravatar.com\/avatar\/a69f673c99635f06ea6cb1eb10ca7e92?s=96&d=blank&r=g\",\"caption\":\"Sofia Arnbom\"},\"url\":\"https:\/\/www.budokampsport.se\/author\/sofia-arnbom\/\"}]}<\/script>\n<!-- \/ Yoast SEO plugin. -->","yoast_head_json":{"title":"Nya instrukt\u00f6rer - Svenska Budo &amp; Kampsportsf\u00f6rbundet","description":"Under helgen den 8-9 april samlades ett laddat g\u00e4ng deltagare p\u00e5 idrottens utvecklingscentrum Bos\u00f6n utanf\u00f6r Stockholm. Guidade av utbildare Altan Celik","robots":{"index":"index","follow":"follow","max-snippet":"max-snippet:-1","max-image-preview":"max-image-preview:large","max-video-preview":"max-video-preview:-1"},"canonical":"https:\/\/www.budokampsport.se\/2017\/04\/11\/nya-instruktorer\/","og_locale":"sv_SE","og_type":"article","og_title":"Nya instrukt\u00f6rer - Svenska Budo &amp; Kampsportsf\u00f6rbundet","og_description":"Under helgen den 8-9 april samlades ett laddat g\u00e4ng deltagare p\u00e5 idrottens utvecklingscentrum Bos\u00f6n utanf\u00f6r Stockholm. Guidade av utbildare Altan Celik","og_url":"https:\/\/www.budokampsport.se\/2017\/04\/11\/nya-instruktorer\/","og_site_name":"Svenska Budo &amp; Kampsportsf\u00f6rbundet","article_published_time":"2017-04-11T13:49:10+00:00","article_modified_time":"2017-04-12T18:19:22+00:00","og_image":[{"width":850,"height":638,"url":"https:\/\/www.budokampsport.se\/wp-content\/uploads\/2017\/04\/Tranarutbildning-2017-Gruppbild-Foto-Christian-Sandberg-e1624880665258.jpg","type":"image\/jpeg"}],"author":"Sofia Arnbom","twitter_card":"summary_large_image","twitter_misc":{"Skriven av":"Sofia Arnbom","Ber\u00e4knad l\u00e4stid":"1 minut"},"schema":{"@context":"https:\/\/schema.org","@graph":[{"@type":"Article","@id":"https:\/\/www.budokampsport.se\/2017\/04\/11\/nya-instruktorer\/#article","isPartOf":{"@id":"https:\/\/www.budokampsport.se\/2017\/04\/11\/nya-instruktorer\/"},"author":{"name":"Sofia Arnbom","@id":"https:\/\/www.budokampsport.se\/#\/schema\/person\/666f754cfbc6f9a83a8c253cd24ad660"},"headline":"Nya instrukt\u00f6rer","datePublished":"2017-04-11T13:49:10+00:00","dateModified":"2017-04-12T18:19:22+00:00","mainEntityOfPage":{"@id":"https:\/\/www.budokampsport.se\/2017\/04\/11\/nya-instruktorer\/"},"wordCount":150,"commentCount":1,"image":{"@id":"https:\/\/www.budokampsport.se\/2017\/04\/11\/nya-instruktorer\/#primaryimage"},"thumbnailUrl":"https:\/\/www.budokampsport.se\/wp-content\/uploads\/2017\/04\/Tranarutbildning-2017-Gruppbild-Foto-Christian-Sandberg-e1624880665258.jpg","inLanguage":"sv-SE","potentialAction":[{"@type":"CommentAction","name":"Comment","target":["https:\/\/www.budokampsport.se\/2017\/04\/11\/nya-instruktorer\/#respond"]}]},{"@type":"WebPage","@id":"https:\/\/www.budokampsport.se\/2017\/04\/11\/nya-instruktorer\/","url":"https:\/\/www.budokampsport.se\/2017\/04\/11\/nya-instruktorer\/","name":"Nya instrukt\u00f6rer - Svenska Budo &amp; Kampsportsf\u00f6rbundet","isPartOf":{"@id":"https:\/\/www.budokampsport.se\/#website"},"primaryImageOfPage":{"@id":"https:\/\/www.budokampsport.se\/2017\/04\/11\/nya-instruktorer\/#primaryimage"},"image":{"@id":"https:\/\/www.budokampsport.se\/2017\/04\/11\/nya-instruktorer\/#primaryimage"},"thumbnailUrl":"https:\/\/www.budokampsport.se\/wp-content\/uploads\/2017\/04\/Tranarutbildning-2017-Gruppbild-Foto-Christian-Sandberg-e1624880665258.jpg","datePublished":"2017-04-11T13:49:10+00:00","dateModified":"2017-04-12T18:19:22+00:00","author":{"@id":"https:\/\/www.budokampsport.se\/#\/schema\/person\/666f754cfbc6f9a83a8c253cd24ad660"},"description":"Under helgen den 8-9 april samlades ett laddat g\u00e4ng deltagare p\u00e5 idrottens utvecklingscentrum Bos\u00f6n utanf\u00f6r Stockholm. Guidade av utbildare Altan Celik","breadcrumb":{"@id":"https:\/\/www.budokampsport.se\/2017\/04\/11\/nya-instruktorer\/#breadcrumb"},"inLanguage":"sv-SE","potentialAction":[{"@type":"ReadAction","target":["https:\/\/www.budokampsport.se\/2017\/04\/11\/nya-instruktorer\/"]}]},{"@type":"ImageObject","inLanguage":"sv-SE","@id":"https:\/\/www.budokampsport.se\/2017\/04\/11\/nya-instruktorer\/#primaryimage","url":"https:\/\/www.budokampsport.se\/wp-content\/uploads\/2017\/04\/Tranarutbildning-2017-Gruppbild-Foto-Christian-Sandberg-e1624880665258.jpg","contentUrl":"https:\/\/www.budokampsport.se\/wp-content\/uploads\/2017\/04\/Tranarutbildning-2017-Gruppbild-Foto-Christian-Sandberg-e1624880665258.jpg","width":850,"height":638},{"@type":"BreadcrumbList","@id":"https:\/\/www.budokampsport.se\/2017\/04\/11\/nya-instruktorer\/#breadcrumb","itemListElement":[{"@type":"ListItem","position":1,"name":"Hem","item":"https:\/\/www.budokampsport.se\/"},{"@type":"ListItem","position":2,"name":"Nya instrukt\u00f6rer"}]},{"@type":"WebSite","@id":"https:\/\/www.budokampsport.se\/#website","url":"https:\/\/www.budokampsport.se\/","name":"Svenska Budo &amp; Kampsportsf\u00f6rbundet","description":"T\u00e4vling, Tr\u00e4ning, Tradition","potentialAction":[{"@type":"SearchAction","target":{"@type":"EntryPoint","urlTemplate":"https:\/\/www.budokampsport.se\/?s={search_term_string}"},"query-input":{"@type":"PropertyValueSpecification","valueRequired":true,"valueName":"search_term_string"}}],"inLanguage":"sv-SE"},{"@type":"Person","@id":"https:\/\/www.budokampsport.se\/#\/schema\/person\/666f754cfbc6f9a83a8c253cd24ad660","name":"Sofia Arnbom","image":{"@type":"ImageObject","inLanguage":"sv-SE","@id":"https:\/\/www.budokampsport.se\/#\/schema\/person\/image\/","url":"https:\/\/secure.gravatar.com\/avatar\/a69f673c99635f06ea6cb1eb10ca7e92?s=96&d=blank&r=g","contentUrl":"https:\/\/secure.gravatar.com\/avatar\/a69f673c99635f06ea6cb1eb10ca7e92?s=96&d=blank&r=g","caption":"Sofia Arnbom"},"url":"https:\/\/www.budokampsport.se\/author\/sofia-arnbom\/"}]}},"_links":{"self":[{"href":"https:\/\/www.budokampsport.se\/api\/wp\/v2\/posts\/43381","targetHints":{"allow":["GET"]}}],"collection":[{"href":"https:\/\/www.budokampsport.se\/api\/wp\/v2\/posts"}],"about":[{"href":"https:\/\/www.budokampsport.se\/api\/wp\/v2\/types\/post"}],"author":[{"embeddable":true,"href":"https:\/\/www.budokampsport.se\/api\/wp\/v2\/users\/47"}],"replies":[{"embeddable":true,"href":"https:\/\/www.budokampsport.se\/api\/wp\/v2\/comments?post=43381"}],"version-history":[{"count":0,"href":"https:\/\/www.budokampsport.se\/api\/wp\/v2\/posts\/43381\/revisions"}],"wp:featuredmedia":[{"embeddable":true,"href":"https:\/\/www.budokampsport.se\/api\/wp\/v2\/media\/43382"}],"wp:attachment":[{"href":"https:\/\/www.budokampsport.se\/api\/wp\/v2\/media?parent=43381"}],"wp:term":[{"taxonomy":"category","embeddable":true,"href":"https:\/\/www.budokampsport.se\/api\/wp\/v2\/categories?post=43381"},{"taxonomy":"post_tag","embeddable":true,"href":"https:\/\/www.budokampsport.se\/api\/wp\/v2\/tags?post=43381"}],"curies":[{"name":"wp","href":"https:\/\/api.w.org\/{rel}","templated":true}]}}