{"id":4348,"date":"2012-10-17T15:03:53","date_gmt":"2012-10-17T13:03:53","guid":{"rendered":"http:\/\/budo.wordpress.dev\/2012\/10\/17\/karin-edenius-i-radio-infor-em-i-kickboxning\/"},"modified":"2016-12-06T22:34:59","modified_gmt":"2016-12-06T21:34:59","slug":"karin-edenius-i-radio-infor-em-i-kickboxning","status":"publish","type":"post","link":"https:\/\/www.budokampsport.se\/2012\/10\/17\/karin-edenius-i-radio-infor-em-i-kickboxning\/","title":{"rendered":"Karin Edenius i radio inf\u00f6r EM i kickboxning"},"content":{"rendered":"<p><P><STRONG>EM\u00a0i kickboxning \u00e4r drygt tv\u00e5 veckor bort och landslagets regerande v\u00e4rldsm\u00e4starinna Karin Edenius var idag med i Radio Uppland inf\u00f6r m\u00e4sterskapet.<\/STRONG><\/P> <OBJECT id=srembeddedplayer codeBase=\"http:\/\/download.macromedia.com\/pub\/shockwave\/cabs\/flash\/swflash.cab#version=10,0,0,0\" classid=clsid:d27cdb6e-ae6d-11cf-96b8-444553540000 width=475 align=middle height=218><PARAM NAME=\"_cx\" VALUE=\"5080\"><PARAM NAME=\"_cy\" VALUE=\"5080\"><PARAM NAME=\"FlashVars\" VALUE=\"playlist=http%3a%2f%2fsverigesradio.se%2fapi%2fradio%2fradio.aspx%3ftype%3ddb%26id%3d4205733%26codingformat%3d.m4a%26metafile%3dasx%26preview%3ddb%26isembedplayer%3dtrue\"><PARAM NAME=\"Movie\" VALUE=\"http:\/\/sverigesradio.se\/api\/flash\/player_embed.swf?8\"><PARAM NAME=\"Src\" VALUE=\"http:\/\/sverigesradio.se\/api\/flash\/player_embed.swf?8\"><PARAM NAME=\"WMode\" VALUE=\"Window\"><PARAM NAME=\"Play\" VALUE=\"-1\"><PARAM NAME=\"Loop\" VALUE=\"-1\"><PARAM NAME=\"Quality\" VALUE=\"High\"><PARAM NAME=\"SAlign\" VALUE=\"LT\"><PARAM NAME=\"Menu\" VALUE=\"-1\"><PARAM NAME=\"Base\" VALUE=\"\"><PARAM NAME=\"AllowScriptAccess\" VALUE=\"\"><PARAM NAME=\"Scale\" VALUE=\"NoScale\"><PARAM NAME=\"DeviceFont\" VALUE=\"0\"><PARAM NAME=\"EmbedMovie\" VALUE=\"0\"><PARAM NAME=\"BGColor\" VALUE=\"\"><PARAM NAME=\"SWRemote\" VALUE=\"\"><PARAM NAME=\"MovieData\" VALUE=\"\"><PARAM NAME=\"SeamlessTabbing\" VALUE=\"1\"><PARAM NAME=\"Profile\" VALUE=\"0\"><PARAM NAME=\"ProfileAddress\" VALUE=\"\"><PARAM NAME=\"ProfilePort\" VALUE=\"0\"><PARAM NAME=\"AllowNetworking\" VALUE=\"all\"><PARAM NAME=\"AllowFullScreen\" VALUE=\"false\"> <object type=\"application\/x-shockwave-flash\" width=\"475\" height=\"218\" name=\"flash\" data=\"http:\/\/sverigesradio.se\/api\/flash\/player_embed.swf?8\"><param name=\"allowFullScreen\" value=\"false\" \/><param name=\"movie\" value=\"http:\/\/sverigesradio.se\/api\/flash\/player_embed.swf?8\" \/><param name=\"quality\" value=\"high\" \/><param name=\"flashvars\" value=\"playlist=http%3a%2f%2fsverigesradio.se%2fapi%2fradio%2fradio.aspx%3ftype%3ddb%26id%3d4205733%26codingformat%3d.m4a%26metafile%3dasx%26preview%3ddb%26isembedplayer%3dtrue\" \/><param name=\"pluginurl\" value=\"http:\/\/get.adobe.com\/se\/flashplayer\/\" \/><a href=\"http:\/\/sverigesradio.se\/topsy\/ljudfil\/4205733.m4a\">Lyssna: PoB Perra Provar P\u00e5: Kickboxning<\/a><\/object><\/OBJECT> <P><!--break--><\/P><\/p>\n","protected":false},"excerpt":{"rendered":"<p><P><STRONG>EM\u00a0i kickboxning \u00e4r drygt tv\u00e5 veckor bort och landslagets regerande v\u00e4rldsm\u00e4starinna Karin Edenius var idag med i Radio Uppland inf\u00f6r m\u00e4sterskapet.<\/STRONG><\/P><br \/><br><OBJECT id=srembeddedplayer codeBase=\"http:\/\/download.macromedia.com\/pub\/shockwave\/cabs\/flash\/swflash.cab#version=10,0,0,0\" classid=clsid:d27cdb6e-ae6d-11cf-96b8-444553540000 width=475 align=middle height=218><PARAM NAME=\"_cx\" VALUE=\"5080\"><PARAM NAME=\"_cy\" VALUE=\"5080\"><PARAM NAME=\"FlashVars\" VALUE=\"playlist=http%3a%2f%2fsverigesradio.se%2fapi%2fradio%2fradio.aspx%3ftype%3ddb%26id%3d4205733%26codingformat%3d.m4a%26metafile%3dasx%26preview%3ddb%26isembedplayer%3dtrue\"><PARAM NAME=\"Movie\" VALUE=\"http:\/\/sverigesradio.se\/api\/flash\/player_embed.swf?8\"><PARAM NAME=\"Src\" VALUE=\"http:\/\/sverigesradio.se\/api\/flash\/player_embed.swf?8\"><PARAM NAME=\"WMode\" VALUE=\"Window\"><PARAM NAME=\"Play\" VALUE=\"-1\"><PARAM NAME=\"Loop\" VALUE=\"-1\"><PARAM NAME=\"Quality\" VALUE=\"High\"><PARAM NAME=\"SAlign\" VALUE=\"LT\"><PARAM NAME=\"Menu\" VALUE=\"-1\"><PARAM NAME=\"Base\" VALUE=\"\"><PARAM NAME=\"AllowScriptAccess\" VALUE=\"\"><PARAM NAME=\"Scale\" VALUE=\"NoScale\"><PARAM NAME=\"DeviceFont\" VALUE=\"0\"><PARAM NAME=\"EmbedMovie\" VALUE=\"0\"><PARAM NAME=\"BGColor\" VALUE=\"\"><PARAM NAME=\"SWRemote\" VALUE=\"\"><PARAM NAME=\"MovieData\" VALUE=\"\"><PARAM NAME=\"SeamlessTabbing\" VALUE=\"1\"><PARAM NAME=\"Profile\" VALUE=\"0\"><PARAM NAME=\"ProfileAddress\" VALUE=\"\"><PARAM NAME=\"ProfilePort\" VALUE=\"0\"><PARAM NAME=\"AllowNetworking\" VALUE=\"all\"><PARAM NAME=\"AllowFullScreen\" VALUE=\"false\"><br \/><br><object type=\"application\/x-shockwave-flash\" width=\"475\" height=\"218\" name=\"flash\" data=\"http:\/\/sverigesradio.se\/api\/flash\/player_embed.swf?8\"><param name=\"allowFullScreen\" value=\"false\" \/><param name=\"movie\" value=\"http:\/\/sverigesradio.se\/api\/flash\/player_embed.swf?8\" \/><param name=\"quality\" value=\"high\" \/><param name=\"flashvars\" value=\"playlist=http%3a%2f%2fsverigesradio.se%2fapi%2fradio%2fradio.aspx%3ftype%3ddb%26id%3d4205733%26codingformat%3d.m4a%26metafile%3dasx%26preview%3ddb%26isembedplayer%3dtrue\" \/><param name=\"pluginurl\" value=\"http:\/\/get.adobe.com\/se\/flashplayer\/\" \/><a href=\"http:\/\/sverigesradio.se\/topsy\/ljudfil\/4205733.m4a\">Lyssna: PoB Perra Provar P\u00e5: Kickboxning<\/a><\/object><\/OBJECT><br \/><br><P><\/p><br>","protected":false},"author":7,"featured_media":0,"comment_status":"closed","ping_status":"closed","sticky":false,"template":"","format":"standard","meta":{"_acf_changed":false,"footnotes":""},"categories":[1],"tags":[],"class_list":["post-4348","post","type-post","status-publish","format-standard","hentry","category-okategoriserade"],"acf":[],"yoast_head":"<!-- This site is optimized with the Yoast SEO plugin v26.8 - https:\/\/yoast.com\/product\/yoast-seo-wordpress\/ -->\n<title>Karin Edenius i radio inf\u00f6r EM i kickboxning - Svenska Budo &amp; Kampsportsf\u00f6rbundet<\/title>\n<meta name=\"description\" content=\"EM\u00a0i kickboxning \u00e4r drygt tv\u00e5 veckor bort och landslagets regerande v\u00e4rldsm\u00e4starinna Karin Edenius var idag med i Radio Uppland inf\u00f6r m\u00e4sterskapet.    Lyssna: PoB Perra Provar P\u00e5: Kickboxning\" \/>\n<meta name=\"robots\" content=\"index, follow, max-snippet:-1, max-image-preview:large, max-video-preview:-1\" \/>\n<link rel=\"canonical\" href=\"https:\/\/www.budokampsport.se\/2012\/10\/17\/karin-edenius-i-radio-infor-em-i-kickboxning\/\" \/>\n<meta property=\"og:locale\" content=\"sv_SE\" \/>\n<meta property=\"og:type\" content=\"article\" \/>\n<meta property=\"og:title\" content=\"Karin Edenius i radio inf\u00f6r EM i kickboxning - Svenska Budo &amp; Kampsportsf\u00f6rbundet\" \/>\n<meta property=\"og:description\" content=\"EM\u00a0i kickboxning \u00e4r drygt tv\u00e5 veckor bort och landslagets regerande v\u00e4rldsm\u00e4starinna Karin Edenius var idag med i Radio Uppland inf\u00f6r m\u00e4sterskapet.    Lyssna: PoB Perra Provar P\u00e5: Kickboxning\" \/>\n<meta property=\"og:url\" content=\"https:\/\/www.budokampsport.se\/2012\/10\/17\/karin-edenius-i-radio-infor-em-i-kickboxning\/\" \/>\n<meta property=\"og:site_name\" content=\"Svenska Budo &amp; Kampsportsf\u00f6rbundet\" \/>\n<meta property=\"article:author\" content=\"https:\/\/www.facebook.com\/jonathan.broberg.7\" \/>\n<meta property=\"article:published_time\" content=\"2012-10-17T13:03:53+00:00\" \/>\n<meta property=\"article:modified_time\" content=\"2016-12-06T21:34:59+00:00\" \/>\n<meta name=\"author\" content=\"Jonathan Broberg\" \/>\n<meta name=\"twitter:card\" content=\"summary_large_image\" \/>\n<meta name=\"twitter:label1\" content=\"Skriven av\" \/>\n\t<meta name=\"twitter:data1\" content=\"Jonathan Broberg\" \/>\n<script type=\"application\/ld+json\" class=\"yoast-schema-graph\">{\"@context\":\"https:\/\/schema.org\",\"@graph\":[{\"@type\":\"Article\",\"@id\":\"https:\/\/www.budokampsport.se\/2012\/10\/17\/karin-edenius-i-radio-infor-em-i-kickboxning\/#article\",\"isPartOf\":{\"@id\":\"https:\/\/www.budokampsport.se\/2012\/10\/17\/karin-edenius-i-radio-infor-em-i-kickboxning\/\"},\"author\":{\"name\":\"Jonathan Broberg\",\"@id\":\"https:\/\/www.budokampsport.se\/#\/schema\/person\/5c06d81d14850e2a8ce5493386560145\"},\"headline\":\"Karin Edenius i radio inf\u00f6r EM i kickboxning\",\"datePublished\":\"2012-10-17T13:03:53+00:00\",\"dateModified\":\"2016-12-06T21:34:59+00:00\",\"mainEntityOfPage\":{\"@id\":\"https:\/\/www.budokampsport.se\/2012\/10\/17\/karin-edenius-i-radio-infor-em-i-kickboxning\/\"},\"wordCount\":41,\"inLanguage\":\"sv-SE\"},{\"@type\":\"WebPage\",\"@id\":\"https:\/\/www.budokampsport.se\/2012\/10\/17\/karin-edenius-i-radio-infor-em-i-kickboxning\/\",\"url\":\"https:\/\/www.budokampsport.se\/2012\/10\/17\/karin-edenius-i-radio-infor-em-i-kickboxning\/\",\"name\":\"Karin Edenius i radio inf\u00f6r EM i kickboxning - Svenska Budo &amp; Kampsportsf\u00f6rbundet\",\"isPartOf\":{\"@id\":\"https:\/\/www.budokampsport.se\/#website\"},\"datePublished\":\"2012-10-17T13:03:53+00:00\",\"dateModified\":\"2016-12-06T21:34:59+00:00\",\"author\":{\"@id\":\"https:\/\/www.budokampsport.se\/#\/schema\/person\/5c06d81d14850e2a8ce5493386560145\"},\"description\":\"EM\u00a0i kickboxning \u00e4r drygt tv\u00e5 veckor bort och landslagets regerande v\u00e4rldsm\u00e4starinna Karin Edenius var idag med i Radio Uppland inf\u00f6r m\u00e4sterskapet. Lyssna: PoB Perra Provar P\u00e5: Kickboxning\",\"breadcrumb\":{\"@id\":\"https:\/\/www.budokampsport.se\/2012\/10\/17\/karin-edenius-i-radio-infor-em-i-kickboxning\/#breadcrumb\"},\"inLanguage\":\"sv-SE\",\"potentialAction\":[{\"@type\":\"ReadAction\",\"target\":[\"https:\/\/www.budokampsport.se\/2012\/10\/17\/karin-edenius-i-radio-infor-em-i-kickboxning\/\"]}]},{\"@type\":\"BreadcrumbList\",\"@id\":\"https:\/\/www.budokampsport.se\/2012\/10\/17\/karin-edenius-i-radio-infor-em-i-kickboxning\/#breadcrumb\",\"itemListElement\":[{\"@type\":\"ListItem\",\"position\":1,\"name\":\"Hem\",\"item\":\"https:\/\/www.budokampsport.se\/\"},{\"@type\":\"ListItem\",\"position\":2,\"name\":\"Karin Edenius i radio inf\u00f6r EM i kickboxning\"}]},{\"@type\":\"WebSite\",\"@id\":\"https:\/\/www.budokampsport.se\/#website\",\"url\":\"https:\/\/www.budokampsport.se\/\",\"name\":\"Svenska Budo &amp; Kampsportsf\u00f6rbundet\",\"description\":\"T\u00e4vling, Tr\u00e4ning, Tradition\",\"potentialAction\":[{\"@type\":\"SearchAction\",\"target\":{\"@type\":\"EntryPoint\",\"urlTemplate\":\"https:\/\/www.budokampsport.se\/?s={search_term_string}\"},\"query-input\":{\"@type\":\"PropertyValueSpecification\",\"valueRequired\":true,\"valueName\":\"search_term_string\"}}],\"inLanguage\":\"sv-SE\"},{\"@type\":\"Person\",\"@id\":\"https:\/\/www.budokampsport.se\/#\/schema\/person\/5c06d81d14850e2a8ce5493386560145\",\"name\":\"Jonathan Broberg\",\"image\":{\"@type\":\"ImageObject\",\"inLanguage\":\"sv-SE\",\"@id\":\"https:\/\/www.budokampsport.se\/#\/schema\/person\/image\/\",\"url\":\"https:\/\/secure.gravatar.com\/avatar\/a58041c6cea9128bd9c40ee2f26d4136?s=96&d=blank&r=g\",\"contentUrl\":\"https:\/\/secure.gravatar.com\/avatar\/a58041c6cea9128bd9c40ee2f26d4136?s=96&d=blank&r=g\",\"caption\":\"Jonathan Broberg\"},\"sameAs\":[\"https:\/\/www.facebook.com\/jonathan.broberg.7\"],\"url\":\"https:\/\/www.budokampsport.se\/author\/jonathan\/\"}]}<\/script>\n<!-- \/ Yoast SEO plugin. -->","yoast_head_json":{"title":"Karin Edenius i radio inf\u00f6r EM i kickboxning - Svenska Budo &amp; Kampsportsf\u00f6rbundet","description":"EM\u00a0i kickboxning \u00e4r drygt tv\u00e5 veckor bort och landslagets regerande v\u00e4rldsm\u00e4starinna Karin Edenius var idag med i Radio Uppland inf\u00f6r m\u00e4sterskapet.    Lyssna: PoB Perra Provar P\u00e5: Kickboxning","robots":{"index":"index","follow":"follow","max-snippet":"max-snippet:-1","max-image-preview":"max-image-preview:large","max-video-preview":"max-video-preview:-1"},"canonical":"https:\/\/www.budokampsport.se\/2012\/10\/17\/karin-edenius-i-radio-infor-em-i-kickboxning\/","og_locale":"sv_SE","og_type":"article","og_title":"Karin Edenius i radio inf\u00f6r EM i kickboxning - Svenska Budo &amp; Kampsportsf\u00f6rbundet","og_description":"EM\u00a0i kickboxning \u00e4r drygt tv\u00e5 veckor bort och landslagets regerande v\u00e4rldsm\u00e4starinna Karin Edenius var idag med i Radio Uppland inf\u00f6r m\u00e4sterskapet.    Lyssna: PoB Perra Provar P\u00e5: Kickboxning","og_url":"https:\/\/www.budokampsport.se\/2012\/10\/17\/karin-edenius-i-radio-infor-em-i-kickboxning\/","og_site_name":"Svenska Budo &amp; Kampsportsf\u00f6rbundet","article_author":"https:\/\/www.facebook.com\/jonathan.broberg.7","article_published_time":"2012-10-17T13:03:53+00:00","article_modified_time":"2016-12-06T21:34:59+00:00","author":"Jonathan Broberg","twitter_card":"summary_large_image","twitter_misc":{"Skriven av":"Jonathan Broberg"},"schema":{"@context":"https:\/\/schema.org","@graph":[{"@type":"Article","@id":"https:\/\/www.budokampsport.se\/2012\/10\/17\/karin-edenius-i-radio-infor-em-i-kickboxning\/#article","isPartOf":{"@id":"https:\/\/www.budokampsport.se\/2012\/10\/17\/karin-edenius-i-radio-infor-em-i-kickboxning\/"},"author":{"name":"Jonathan Broberg","@id":"https:\/\/www.budokampsport.se\/#\/schema\/person\/5c06d81d14850e2a8ce5493386560145"},"headline":"Karin Edenius i radio inf\u00f6r EM i kickboxning","datePublished":"2012-10-17T13:03:53+00:00","dateModified":"2016-12-06T21:34:59+00:00","mainEntityOfPage":{"@id":"https:\/\/www.budokampsport.se\/2012\/10\/17\/karin-edenius-i-radio-infor-em-i-kickboxning\/"},"wordCount":41,"inLanguage":"sv-SE"},{"@type":"WebPage","@id":"https:\/\/www.budokampsport.se\/2012\/10\/17\/karin-edenius-i-radio-infor-em-i-kickboxning\/","url":"https:\/\/www.budokampsport.se\/2012\/10\/17\/karin-edenius-i-radio-infor-em-i-kickboxning\/","name":"Karin Edenius i radio inf\u00f6r EM i kickboxning - Svenska Budo &amp; Kampsportsf\u00f6rbundet","isPartOf":{"@id":"https:\/\/www.budokampsport.se\/#website"},"datePublished":"2012-10-17T13:03:53+00:00","dateModified":"2016-12-06T21:34:59+00:00","author":{"@id":"https:\/\/www.budokampsport.se\/#\/schema\/person\/5c06d81d14850e2a8ce5493386560145"},"description":"EM\u00a0i kickboxning \u00e4r drygt tv\u00e5 veckor bort och landslagets regerande v\u00e4rldsm\u00e4starinna Karin Edenius var idag med i Radio Uppland inf\u00f6r m\u00e4sterskapet. Lyssna: PoB Perra Provar P\u00e5: Kickboxning","breadcrumb":{"@id":"https:\/\/www.budokampsport.se\/2012\/10\/17\/karin-edenius-i-radio-infor-em-i-kickboxning\/#breadcrumb"},"inLanguage":"sv-SE","potentialAction":[{"@type":"ReadAction","target":["https:\/\/www.budokampsport.se\/2012\/10\/17\/karin-edenius-i-radio-infor-em-i-kickboxning\/"]}]},{"@type":"BreadcrumbList","@id":"https:\/\/www.budokampsport.se\/2012\/10\/17\/karin-edenius-i-radio-infor-em-i-kickboxning\/#breadcrumb","itemListElement":[{"@type":"ListItem","position":1,"name":"Hem","item":"https:\/\/www.budokampsport.se\/"},{"@type":"ListItem","position":2,"name":"Karin Edenius i radio inf\u00f6r EM i kickboxning"}]},{"@type":"WebSite","@id":"https:\/\/www.budokampsport.se\/#website","url":"https:\/\/www.budokampsport.se\/","name":"Svenska Budo &amp; Kampsportsf\u00f6rbundet","description":"T\u00e4vling, Tr\u00e4ning, Tradition","potentialAction":[{"@type":"SearchAction","target":{"@type":"EntryPoint","urlTemplate":"https:\/\/www.budokampsport.se\/?s={search_term_string}"},"query-input":{"@type":"PropertyValueSpecification","valueRequired":true,"valueName":"search_term_string"}}],"inLanguage":"sv-SE"},{"@type":"Person","@id":"https:\/\/www.budokampsport.se\/#\/schema\/person\/5c06d81d14850e2a8ce5493386560145","name":"Jonathan Broberg","image":{"@type":"ImageObject","inLanguage":"sv-SE","@id":"https:\/\/www.budokampsport.se\/#\/schema\/person\/image\/","url":"https:\/\/secure.gravatar.com\/avatar\/a58041c6cea9128bd9c40ee2f26d4136?s=96&d=blank&r=g","contentUrl":"https:\/\/secure.gravatar.com\/avatar\/a58041c6cea9128bd9c40ee2f26d4136?s=96&d=blank&r=g","caption":"Jonathan Broberg"},"sameAs":["https:\/\/www.facebook.com\/jonathan.broberg.7"],"url":"https:\/\/www.budokampsport.se\/author\/jonathan\/"}]}},"_links":{"self":[{"href":"https:\/\/www.budokampsport.se\/api\/wp\/v2\/posts\/4348","targetHints":{"allow":["GET"]}}],"collection":[{"href":"https:\/\/www.budokampsport.se\/api\/wp\/v2\/posts"}],"about":[{"href":"https:\/\/www.budokampsport.se\/api\/wp\/v2\/types\/post"}],"author":[{"embeddable":true,"href":"https:\/\/www.budokampsport.se\/api\/wp\/v2\/users\/7"}],"replies":[{"embeddable":true,"href":"https:\/\/www.budokampsport.se\/api\/wp\/v2\/comments?post=4348"}],"version-history":[{"count":0,"href":"https:\/\/www.budokampsport.se\/api\/wp\/v2\/posts\/4348\/revisions"}],"wp:attachment":[{"href":"https:\/\/www.budokampsport.se\/api\/wp\/v2\/media?parent=4348"}],"wp:term":[{"taxonomy":"category","embeddable":true,"href":"https:\/\/www.budokampsport.se\/api\/wp\/v2\/categories?post=4348"},{"taxonomy":"post_tag","embeddable":true,"href":"https:\/\/www.budokampsport.se\/api\/wp\/v2\/tags?post=4348"}],"curies":[{"name":"wp","href":"https:\/\/api.w.org\/{rel}","templated":true}]}}