{"id":4383,"date":"2012-11-01T09:34:56","date_gmt":"2012-11-01T08:34:56","guid":{"rendered":"http:\/\/budo.wordpress.dev\/2012\/11\/01\/besam-yousef-skadad-och-missar-ufc-154\/"},"modified":"2016-12-06T22:35:06","modified_gmt":"2016-12-06T21:35:06","slug":"besam-yousef-skadad-och-missar-ufc-154","status":"publish","type":"post","link":"https:\/\/www.budokampsport.se\/2012\/11\/01\/besam-yousef-skadad-och-missar-ufc-154\/","title":{"rendered":"Besam Yousef skadad och missar UFC 154"},"content":{"rendered":"<p><P><STRONG><IMG alt=\"\" align=middle src=\"http:\/\/www.budokampsport.se\/sites\/default\/files\/besam.gif\" width=435 height=290><BR>F\u00f6rst blev Besam Yousefs motst\u00e5ndare skadad och byttes mot Matt Riddle. Nu har tyv\u00e4rr svenske Yousef ocks\u00e5 skadat sig och kan d\u00e4rf\u00f6r inte st\u00e4lla upp p\u00e5 UFC 154, som var t\u00e4nkt.<!--break--><\/STRONG><\/P> <P>Besam Yousef har ett fyra matchers l\u00e5ngt kontrakt med UFC. Den f\u00f6rsta matchen \u00e4r avklarad, d\u00e5 han f\u00f6rlorade i Globengalan mot danske Simoen Thoresen.<\/P> <P>Yousefs avhopp inneb\u00e4r att John Maguire ers\u00e4tter.<\/P><\/p>\n","protected":false},"excerpt":{"rendered":"<p><P><STRONG><IMG alt=\"\" align=middle src=\"http:\/\/www.budokampsport.se\/sites\/default\/files\/besam.gif\" width=435 height=290><BR>F\u00f6rst blev Besam Yousefs motst\u00e5ndare skadad och byttes mot Matt Riddle. Nu har tyv\u00e4rr svenske Yousef ocks\u00e5 skadat sig och kan d\u00e4rf\u00f6r inte st\u00e4lla upp p\u00e5 UFC 154, som var t\u00e4nkt.<\/p><br>","protected":false},"author":7,"featured_media":0,"comment_status":"closed","ping_status":"closed","sticky":false,"template":"","format":"standard","meta":{"_acf_changed":false,"footnotes":""},"categories":[1],"tags":[],"class_list":["post-4383","post","type-post","status-publish","format-standard","hentry","category-okategoriserade"],"acf":[],"yoast_head":"<!-- This site is optimized with the Yoast SEO plugin v26.8 - https:\/\/yoast.com\/product\/yoast-seo-wordpress\/ -->\n<title>Besam Yousef skadad och missar UFC 154 - Svenska Budo &amp; Kampsportsf\u00f6rbundet<\/title>\n<meta name=\"description\" content=\"F\u00f6rst blev Besam Yousefs motst\u00e5ndare skadad och byttes mot Matt Riddle. Nu har tyv\u00e4rr svenske Yousef ocks\u00e5 skadat sig och kan d\u00e4rf\u00f6r inte st\u00e4lla upp p\u00e5 UFC 154, som var t\u00e4nkt.\" \/>\n<meta name=\"robots\" content=\"index, follow, max-snippet:-1, max-image-preview:large, max-video-preview:-1\" \/>\n<link rel=\"canonical\" href=\"https:\/\/www.budokampsport.se\/2012\/11\/01\/besam-yousef-skadad-och-missar-ufc-154\/\" \/>\n<meta property=\"og:locale\" content=\"sv_SE\" \/>\n<meta property=\"og:type\" content=\"article\" \/>\n<meta property=\"og:title\" content=\"Besam Yousef skadad och missar UFC 154 - Svenska Budo &amp; Kampsportsf\u00f6rbundet\" \/>\n<meta property=\"og:description\" content=\"F\u00f6rst blev Besam Yousefs motst\u00e5ndare skadad och byttes mot Matt Riddle. Nu har tyv\u00e4rr svenske Yousef ocks\u00e5 skadat sig och kan d\u00e4rf\u00f6r inte st\u00e4lla upp p\u00e5 UFC 154, som var t\u00e4nkt.\" \/>\n<meta property=\"og:url\" content=\"https:\/\/www.budokampsport.se\/2012\/11\/01\/besam-yousef-skadad-och-missar-ufc-154\/\" \/>\n<meta property=\"og:site_name\" content=\"Svenska Budo &amp; Kampsportsf\u00f6rbundet\" \/>\n<meta property=\"article:author\" content=\"https:\/\/www.facebook.com\/jonathan.broberg.7\" \/>\n<meta property=\"article:published_time\" content=\"2012-11-01T08:34:56+00:00\" \/>\n<meta property=\"article:modified_time\" content=\"2016-12-06T21:35:06+00:00\" \/>\n<meta name=\"author\" content=\"Jonathan Broberg\" \/>\n<meta name=\"twitter:card\" content=\"summary_large_image\" \/>\n<meta name=\"twitter:label1\" content=\"Skriven av\" \/>\n\t<meta name=\"twitter:data1\" content=\"Jonathan Broberg\" \/>\n<script type=\"application\/ld+json\" class=\"yoast-schema-graph\">{\"@context\":\"https:\/\/schema.org\",\"@graph\":[{\"@type\":\"Article\",\"@id\":\"https:\/\/www.budokampsport.se\/2012\/11\/01\/besam-yousef-skadad-och-missar-ufc-154\/#article\",\"isPartOf\":{\"@id\":\"https:\/\/www.budokampsport.se\/2012\/11\/01\/besam-yousef-skadad-och-missar-ufc-154\/\"},\"author\":{\"name\":\"Jonathan Broberg\",\"@id\":\"https:\/\/www.budokampsport.se\/#\/schema\/person\/5c06d81d14850e2a8ce5493386560145\"},\"headline\":\"Besam Yousef skadad och missar UFC 154\",\"datePublished\":\"2012-11-01T08:34:56+00:00\",\"dateModified\":\"2016-12-06T21:35:06+00:00\",\"mainEntityOfPage\":{\"@id\":\"https:\/\/www.budokampsport.se\/2012\/11\/01\/besam-yousef-skadad-och-missar-ufc-154\/\"},\"wordCount\":79,\"inLanguage\":\"sv-SE\"},{\"@type\":\"WebPage\",\"@id\":\"https:\/\/www.budokampsport.se\/2012\/11\/01\/besam-yousef-skadad-och-missar-ufc-154\/\",\"url\":\"https:\/\/www.budokampsport.se\/2012\/11\/01\/besam-yousef-skadad-och-missar-ufc-154\/\",\"name\":\"Besam Yousef skadad och missar UFC 154 - Svenska Budo &amp; Kampsportsf\u00f6rbundet\",\"isPartOf\":{\"@id\":\"https:\/\/www.budokampsport.se\/#website\"},\"datePublished\":\"2012-11-01T08:34:56+00:00\",\"dateModified\":\"2016-12-06T21:35:06+00:00\",\"author\":{\"@id\":\"https:\/\/www.budokampsport.se\/#\/schema\/person\/5c06d81d14850e2a8ce5493386560145\"},\"description\":\"F\u00f6rst blev Besam Yousefs motst\u00e5ndare skadad och byttes mot Matt Riddle. Nu har tyv\u00e4rr svenske Yousef ocks\u00e5 skadat sig och kan d\u00e4rf\u00f6r inte st\u00e4lla upp p\u00e5 UFC 154, som var t\u00e4nkt.\",\"breadcrumb\":{\"@id\":\"https:\/\/www.budokampsport.se\/2012\/11\/01\/besam-yousef-skadad-och-missar-ufc-154\/#breadcrumb\"},\"inLanguage\":\"sv-SE\",\"potentialAction\":[{\"@type\":\"ReadAction\",\"target\":[\"https:\/\/www.budokampsport.se\/2012\/11\/01\/besam-yousef-skadad-och-missar-ufc-154\/\"]}]},{\"@type\":\"BreadcrumbList\",\"@id\":\"https:\/\/www.budokampsport.se\/2012\/11\/01\/besam-yousef-skadad-och-missar-ufc-154\/#breadcrumb\",\"itemListElement\":[{\"@type\":\"ListItem\",\"position\":1,\"name\":\"Hem\",\"item\":\"https:\/\/www.budokampsport.se\/\"},{\"@type\":\"ListItem\",\"position\":2,\"name\":\"Besam Yousef skadad och missar UFC 154\"}]},{\"@type\":\"WebSite\",\"@id\":\"https:\/\/www.budokampsport.se\/#website\",\"url\":\"https:\/\/www.budokampsport.se\/\",\"name\":\"Svenska Budo &amp; Kampsportsf\u00f6rbundet\",\"description\":\"T\u00e4vling, Tr\u00e4ning, Tradition\",\"potentialAction\":[{\"@type\":\"SearchAction\",\"target\":{\"@type\":\"EntryPoint\",\"urlTemplate\":\"https:\/\/www.budokampsport.se\/?s={search_term_string}\"},\"query-input\":{\"@type\":\"PropertyValueSpecification\",\"valueRequired\":true,\"valueName\":\"search_term_string\"}}],\"inLanguage\":\"sv-SE\"},{\"@type\":\"Person\",\"@id\":\"https:\/\/www.budokampsport.se\/#\/schema\/person\/5c06d81d14850e2a8ce5493386560145\",\"name\":\"Jonathan Broberg\",\"image\":{\"@type\":\"ImageObject\",\"inLanguage\":\"sv-SE\",\"@id\":\"https:\/\/www.budokampsport.se\/#\/schema\/person\/image\/\",\"url\":\"https:\/\/secure.gravatar.com\/avatar\/a58041c6cea9128bd9c40ee2f26d4136?s=96&d=blank&r=g\",\"contentUrl\":\"https:\/\/secure.gravatar.com\/avatar\/a58041c6cea9128bd9c40ee2f26d4136?s=96&d=blank&r=g\",\"caption\":\"Jonathan Broberg\"},\"sameAs\":[\"https:\/\/www.facebook.com\/jonathan.broberg.7\"],\"url\":\"https:\/\/www.budokampsport.se\/author\/jonathan\/\"}]}<\/script>\n<!-- \/ Yoast SEO plugin. -->","yoast_head_json":{"title":"Besam Yousef skadad och missar UFC 154 - Svenska Budo &amp; Kampsportsf\u00f6rbundet","description":"F\u00f6rst blev Besam Yousefs motst\u00e5ndare skadad och byttes mot Matt Riddle. Nu har tyv\u00e4rr svenske Yousef ocks\u00e5 skadat sig och kan d\u00e4rf\u00f6r inte st\u00e4lla upp p\u00e5 UFC 154, som var t\u00e4nkt.","robots":{"index":"index","follow":"follow","max-snippet":"max-snippet:-1","max-image-preview":"max-image-preview:large","max-video-preview":"max-video-preview:-1"},"canonical":"https:\/\/www.budokampsport.se\/2012\/11\/01\/besam-yousef-skadad-och-missar-ufc-154\/","og_locale":"sv_SE","og_type":"article","og_title":"Besam Yousef skadad och missar UFC 154 - Svenska Budo &amp; Kampsportsf\u00f6rbundet","og_description":"F\u00f6rst blev Besam Yousefs motst\u00e5ndare skadad och byttes mot Matt Riddle. Nu har tyv\u00e4rr svenske Yousef ocks\u00e5 skadat sig och kan d\u00e4rf\u00f6r inte st\u00e4lla upp p\u00e5 UFC 154, som var t\u00e4nkt.","og_url":"https:\/\/www.budokampsport.se\/2012\/11\/01\/besam-yousef-skadad-och-missar-ufc-154\/","og_site_name":"Svenska Budo &amp; Kampsportsf\u00f6rbundet","article_author":"https:\/\/www.facebook.com\/jonathan.broberg.7","article_published_time":"2012-11-01T08:34:56+00:00","article_modified_time":"2016-12-06T21:35:06+00:00","author":"Jonathan Broberg","twitter_card":"summary_large_image","twitter_misc":{"Skriven av":"Jonathan Broberg"},"schema":{"@context":"https:\/\/schema.org","@graph":[{"@type":"Article","@id":"https:\/\/www.budokampsport.se\/2012\/11\/01\/besam-yousef-skadad-och-missar-ufc-154\/#article","isPartOf":{"@id":"https:\/\/www.budokampsport.se\/2012\/11\/01\/besam-yousef-skadad-och-missar-ufc-154\/"},"author":{"name":"Jonathan Broberg","@id":"https:\/\/www.budokampsport.se\/#\/schema\/person\/5c06d81d14850e2a8ce5493386560145"},"headline":"Besam Yousef skadad och missar UFC 154","datePublished":"2012-11-01T08:34:56+00:00","dateModified":"2016-12-06T21:35:06+00:00","mainEntityOfPage":{"@id":"https:\/\/www.budokampsport.se\/2012\/11\/01\/besam-yousef-skadad-och-missar-ufc-154\/"},"wordCount":79,"inLanguage":"sv-SE"},{"@type":"WebPage","@id":"https:\/\/www.budokampsport.se\/2012\/11\/01\/besam-yousef-skadad-och-missar-ufc-154\/","url":"https:\/\/www.budokampsport.se\/2012\/11\/01\/besam-yousef-skadad-och-missar-ufc-154\/","name":"Besam Yousef skadad och missar UFC 154 - Svenska Budo &amp; Kampsportsf\u00f6rbundet","isPartOf":{"@id":"https:\/\/www.budokampsport.se\/#website"},"datePublished":"2012-11-01T08:34:56+00:00","dateModified":"2016-12-06T21:35:06+00:00","author":{"@id":"https:\/\/www.budokampsport.se\/#\/schema\/person\/5c06d81d14850e2a8ce5493386560145"},"description":"F\u00f6rst blev Besam Yousefs motst\u00e5ndare skadad och byttes mot Matt Riddle. Nu har tyv\u00e4rr svenske Yousef ocks\u00e5 skadat sig och kan d\u00e4rf\u00f6r inte st\u00e4lla upp p\u00e5 UFC 154, som var t\u00e4nkt.","breadcrumb":{"@id":"https:\/\/www.budokampsport.se\/2012\/11\/01\/besam-yousef-skadad-och-missar-ufc-154\/#breadcrumb"},"inLanguage":"sv-SE","potentialAction":[{"@type":"ReadAction","target":["https:\/\/www.budokampsport.se\/2012\/11\/01\/besam-yousef-skadad-och-missar-ufc-154\/"]}]},{"@type":"BreadcrumbList","@id":"https:\/\/www.budokampsport.se\/2012\/11\/01\/besam-yousef-skadad-och-missar-ufc-154\/#breadcrumb","itemListElement":[{"@type":"ListItem","position":1,"name":"Hem","item":"https:\/\/www.budokampsport.se\/"},{"@type":"ListItem","position":2,"name":"Besam Yousef skadad och missar UFC 154"}]},{"@type":"WebSite","@id":"https:\/\/www.budokampsport.se\/#website","url":"https:\/\/www.budokampsport.se\/","name":"Svenska Budo &amp; Kampsportsf\u00f6rbundet","description":"T\u00e4vling, Tr\u00e4ning, Tradition","potentialAction":[{"@type":"SearchAction","target":{"@type":"EntryPoint","urlTemplate":"https:\/\/www.budokampsport.se\/?s={search_term_string}"},"query-input":{"@type":"PropertyValueSpecification","valueRequired":true,"valueName":"search_term_string"}}],"inLanguage":"sv-SE"},{"@type":"Person","@id":"https:\/\/www.budokampsport.se\/#\/schema\/person\/5c06d81d14850e2a8ce5493386560145","name":"Jonathan Broberg","image":{"@type":"ImageObject","inLanguage":"sv-SE","@id":"https:\/\/www.budokampsport.se\/#\/schema\/person\/image\/","url":"https:\/\/secure.gravatar.com\/avatar\/a58041c6cea9128bd9c40ee2f26d4136?s=96&d=blank&r=g","contentUrl":"https:\/\/secure.gravatar.com\/avatar\/a58041c6cea9128bd9c40ee2f26d4136?s=96&d=blank&r=g","caption":"Jonathan Broberg"},"sameAs":["https:\/\/www.facebook.com\/jonathan.broberg.7"],"url":"https:\/\/www.budokampsport.se\/author\/jonathan\/"}]}},"_links":{"self":[{"href":"https:\/\/www.budokampsport.se\/api\/wp\/v2\/posts\/4383","targetHints":{"allow":["GET"]}}],"collection":[{"href":"https:\/\/www.budokampsport.se\/api\/wp\/v2\/posts"}],"about":[{"href":"https:\/\/www.budokampsport.se\/api\/wp\/v2\/types\/post"}],"author":[{"embeddable":true,"href":"https:\/\/www.budokampsport.se\/api\/wp\/v2\/users\/7"}],"replies":[{"embeddable":true,"href":"https:\/\/www.budokampsport.se\/api\/wp\/v2\/comments?post=4383"}],"version-history":[{"count":0,"href":"https:\/\/www.budokampsport.se\/api\/wp\/v2\/posts\/4383\/revisions"}],"wp:attachment":[{"href":"https:\/\/www.budokampsport.se\/api\/wp\/v2\/media?parent=4383"}],"wp:term":[{"taxonomy":"category","embeddable":true,"href":"https:\/\/www.budokampsport.se\/api\/wp\/v2\/categories?post=4383"},{"taxonomy":"post_tag","embeddable":true,"href":"https:\/\/www.budokampsport.se\/api\/wp\/v2\/tags?post=4383"}],"curies":[{"name":"wp","href":"https:\/\/api.w.org\/{rel}","templated":true}]}}