{"id":43854,"date":"2017-04-21T11:28:42","date_gmt":"2017-04-21T09:28:42","guid":{"rendered":"http:\/\/www.budokampsport.se\/?p=43854"},"modified":"2017-04-21T11:28:42","modified_gmt":"2017-04-21T09:28:42","slug":"vm-kempo-narmar-sig","status":"publish","type":"post","link":"https:\/\/www.budokampsport.se\/2017\/04\/21\/vm-kempo-narmar-sig\/","title":{"rendered":"VM i kempo n\u00e4rmar sig"},"content":{"rendered":"<p>H\u00e4r \u00e4r truppen i sin helhet.<\/p>\n<p><strong>T\u00e4vlande<\/strong><br \/>\nTilda Ek<br \/>\nJens Nykvist<br \/>\nAlve Lundberg<br \/>\nBenjamin Olsson<br \/>\nMatilda Hansson<br \/>\nSofia Si\u00f6land<br \/>\nLiam Kvist<br \/>\nElize Larsson<br \/>\n<strong>Coacher<\/strong><br \/>\nMartin J\u00f6nsson<br \/>\nAnders Olsson<br \/>\nM\u00e4sterskapet inleds p\u00e5 onsdag i n\u00e4sta vecka och avslutas p\u00e5 s\u00f6ndag.<\/p>\n<p>Foto: Martin J\u00f6nsson (arkivbild p\u00e5 Tilda Ek)<\/p>\n","protected":false},"excerpt":{"rendered":"<p>Det b\u00f6rjar bli dags f\u00f6r en tung m\u00e4sterskapsperiod inom kampsporten nu och redan n\u00e4sta vecka inleds VM i kempo i Albufeira i Portugal. Med i den svenska truppen finns bland andra regerande v\u00e4rldsm\u00e4starinnan Tilda Ek.<\/p><br>","protected":false},"author":7,"featured_media":43855,"comment_status":"open","ping_status":"open","sticky":false,"template":"","format":"standard","meta":{"_acf_changed":false,"footnotes":""},"categories":[1],"tags":[],"class_list":["post-43854","post","type-post","status-publish","format-standard","has-post-thumbnail","hentry","category-okategoriserade"],"acf":[],"yoast_head":"<!-- This site is optimized with the Yoast SEO plugin v26.8 - https:\/\/yoast.com\/product\/yoast-seo-wordpress\/ -->\n<title>VM i kempo n\u00e4rmar sig - Svenska Budo &amp; Kampsportsf\u00f6rbundet<\/title>\n<meta name=\"description\" content=\"Det b\u00f6rjar bli dags f\u00f6r en tung m\u00e4sterskapsperiod inom kampsporten nu och redan n\u00e4sta vecka inleds VM i kempo i Albufeira i Portugal. Med i den svenska truppen finns bland andra regerande v\u00e4rldsm\u00e4starinnan Tilda Ek.\" \/>\n<meta name=\"robots\" content=\"index, follow, max-snippet:-1, max-image-preview:large, max-video-preview:-1\" \/>\n<link rel=\"canonical\" href=\"https:\/\/www.budokampsport.se\/2017\/04\/21\/vm-kempo-narmar-sig\/\" \/>\n<meta property=\"og:locale\" content=\"sv_SE\" \/>\n<meta property=\"og:type\" content=\"article\" \/>\n<meta property=\"og:title\" content=\"VM i kempo n\u00e4rmar sig - Svenska Budo &amp; Kampsportsf\u00f6rbundet\" \/>\n<meta property=\"og:description\" content=\"Det b\u00f6rjar bli dags f\u00f6r en tung m\u00e4sterskapsperiod inom kampsporten nu och redan n\u00e4sta vecka inleds VM i kempo i Albufeira i Portugal. Med i den svenska truppen finns bland andra regerande v\u00e4rldsm\u00e4starinnan Tilda Ek.\" \/>\n<meta property=\"og:url\" content=\"https:\/\/www.budokampsport.se\/2017\/04\/21\/vm-kempo-narmar-sig\/\" \/>\n<meta property=\"og:site_name\" content=\"Svenska Budo &amp; Kampsportsf\u00f6rbundet\" \/>\n<meta property=\"article:author\" content=\"https:\/\/www.facebook.com\/jonathan.broberg.7\" \/>\n<meta property=\"article:published_time\" content=\"2017-04-21T09:28:42+00:00\" \/>\n<meta property=\"og:image\" content=\"https:\/\/www.budokampsport.se\/wp-content\/uploads\/2017\/04\/tilda-ek.jpg\" \/>\n\t<meta property=\"og:image:width\" content=\"680\" \/>\n\t<meta property=\"og:image:height\" content=\"383\" \/>\n\t<meta property=\"og:image:type\" content=\"image\/jpeg\" \/>\n<meta name=\"author\" content=\"Jonathan Broberg\" \/>\n<meta name=\"twitter:card\" content=\"summary_large_image\" \/>\n<meta name=\"twitter:label1\" content=\"Skriven av\" \/>\n\t<meta name=\"twitter:data1\" content=\"Jonathan Broberg\" \/>\n<script type=\"application\/ld+json\" class=\"yoast-schema-graph\">{\"@context\":\"https:\/\/schema.org\",\"@graph\":[{\"@type\":\"Article\",\"@id\":\"https:\/\/www.budokampsport.se\/2017\/04\/21\/vm-kempo-narmar-sig\/#article\",\"isPartOf\":{\"@id\":\"https:\/\/www.budokampsport.se\/2017\/04\/21\/vm-kempo-narmar-sig\/\"},\"author\":{\"name\":\"Jonathan Broberg\",\"@id\":\"https:\/\/www.budokampsport.se\/#\/schema\/person\/5c06d81d14850e2a8ce5493386560145\"},\"headline\":\"VM i kempo n\u00e4rmar sig\",\"datePublished\":\"2017-04-21T09:28:42+00:00\",\"mainEntityOfPage\":{\"@id\":\"https:\/\/www.budokampsport.se\/2017\/04\/21\/vm-kempo-narmar-sig\/\"},\"wordCount\":60,\"commentCount\":0,\"image\":{\"@id\":\"https:\/\/www.budokampsport.se\/2017\/04\/21\/vm-kempo-narmar-sig\/#primaryimage\"},\"thumbnailUrl\":\"https:\/\/www.budokampsport.se\/wp-content\/uploads\/2017\/04\/tilda-ek.jpg\",\"inLanguage\":\"sv-SE\",\"potentialAction\":[{\"@type\":\"CommentAction\",\"name\":\"Comment\",\"target\":[\"https:\/\/www.budokampsport.se\/2017\/04\/21\/vm-kempo-narmar-sig\/#respond\"]}]},{\"@type\":\"WebPage\",\"@id\":\"https:\/\/www.budokampsport.se\/2017\/04\/21\/vm-kempo-narmar-sig\/\",\"url\":\"https:\/\/www.budokampsport.se\/2017\/04\/21\/vm-kempo-narmar-sig\/\",\"name\":\"VM i kempo n\u00e4rmar sig - Svenska Budo &amp; Kampsportsf\u00f6rbundet\",\"isPartOf\":{\"@id\":\"https:\/\/www.budokampsport.se\/#website\"},\"primaryImageOfPage\":{\"@id\":\"https:\/\/www.budokampsport.se\/2017\/04\/21\/vm-kempo-narmar-sig\/#primaryimage\"},\"image\":{\"@id\":\"https:\/\/www.budokampsport.se\/2017\/04\/21\/vm-kempo-narmar-sig\/#primaryimage\"},\"thumbnailUrl\":\"https:\/\/www.budokampsport.se\/wp-content\/uploads\/2017\/04\/tilda-ek.jpg\",\"datePublished\":\"2017-04-21T09:28:42+00:00\",\"author\":{\"@id\":\"https:\/\/www.budokampsport.se\/#\/schema\/person\/5c06d81d14850e2a8ce5493386560145\"},\"description\":\"Det b\u00f6rjar bli dags f\u00f6r en tung m\u00e4sterskapsperiod inom kampsporten nu och redan n\u00e4sta vecka inleds VM i kempo i Albufeira i Portugal. Med i den svenska truppen finns bland andra regerande v\u00e4rldsm\u00e4starinnan Tilda Ek.\",\"breadcrumb\":{\"@id\":\"https:\/\/www.budokampsport.se\/2017\/04\/21\/vm-kempo-narmar-sig\/#breadcrumb\"},\"inLanguage\":\"sv-SE\",\"potentialAction\":[{\"@type\":\"ReadAction\",\"target\":[\"https:\/\/www.budokampsport.se\/2017\/04\/21\/vm-kempo-narmar-sig\/\"]}]},{\"@type\":\"ImageObject\",\"inLanguage\":\"sv-SE\",\"@id\":\"https:\/\/www.budokampsport.se\/2017\/04\/21\/vm-kempo-narmar-sig\/#primaryimage\",\"url\":\"https:\/\/www.budokampsport.se\/wp-content\/uploads\/2017\/04\/tilda-ek.jpg\",\"contentUrl\":\"https:\/\/www.budokampsport.se\/wp-content\/uploads\/2017\/04\/tilda-ek.jpg\",\"width\":680,\"height\":383,\"caption\":\"Foto: Martin J\u00f6nsson\"},{\"@type\":\"BreadcrumbList\",\"@id\":\"https:\/\/www.budokampsport.se\/2017\/04\/21\/vm-kempo-narmar-sig\/#breadcrumb\",\"itemListElement\":[{\"@type\":\"ListItem\",\"position\":1,\"name\":\"Hem\",\"item\":\"https:\/\/www.budokampsport.se\/\"},{\"@type\":\"ListItem\",\"position\":2,\"name\":\"VM i kempo n\u00e4rmar sig\"}]},{\"@type\":\"WebSite\",\"@id\":\"https:\/\/www.budokampsport.se\/#website\",\"url\":\"https:\/\/www.budokampsport.se\/\",\"name\":\"Svenska Budo &amp; Kampsportsf\u00f6rbundet\",\"description\":\"T\u00e4vling, Tr\u00e4ning, Tradition\",\"potentialAction\":[{\"@type\":\"SearchAction\",\"target\":{\"@type\":\"EntryPoint\",\"urlTemplate\":\"https:\/\/www.budokampsport.se\/?s={search_term_string}\"},\"query-input\":{\"@type\":\"PropertyValueSpecification\",\"valueRequired\":true,\"valueName\":\"search_term_string\"}}],\"inLanguage\":\"sv-SE\"},{\"@type\":\"Person\",\"@id\":\"https:\/\/www.budokampsport.se\/#\/schema\/person\/5c06d81d14850e2a8ce5493386560145\",\"name\":\"Jonathan Broberg\",\"image\":{\"@type\":\"ImageObject\",\"inLanguage\":\"sv-SE\",\"@id\":\"https:\/\/www.budokampsport.se\/#\/schema\/person\/image\/\",\"url\":\"https:\/\/secure.gravatar.com\/avatar\/a58041c6cea9128bd9c40ee2f26d4136?s=96&d=blank&r=g\",\"contentUrl\":\"https:\/\/secure.gravatar.com\/avatar\/a58041c6cea9128bd9c40ee2f26d4136?s=96&d=blank&r=g\",\"caption\":\"Jonathan Broberg\"},\"sameAs\":[\"https:\/\/www.facebook.com\/jonathan.broberg.7\"],\"url\":\"https:\/\/www.budokampsport.se\/author\/jonathan\/\"}]}<\/script>\n<!-- \/ Yoast SEO plugin. -->","yoast_head_json":{"title":"VM i kempo n\u00e4rmar sig - Svenska Budo &amp; Kampsportsf\u00f6rbundet","description":"Det b\u00f6rjar bli dags f\u00f6r en tung m\u00e4sterskapsperiod inom kampsporten nu och redan n\u00e4sta vecka inleds VM i kempo i Albufeira i Portugal. Med i den svenska truppen finns bland andra regerande v\u00e4rldsm\u00e4starinnan Tilda Ek.","robots":{"index":"index","follow":"follow","max-snippet":"max-snippet:-1","max-image-preview":"max-image-preview:large","max-video-preview":"max-video-preview:-1"},"canonical":"https:\/\/www.budokampsport.se\/2017\/04\/21\/vm-kempo-narmar-sig\/","og_locale":"sv_SE","og_type":"article","og_title":"VM i kempo n\u00e4rmar sig - Svenska Budo &amp; Kampsportsf\u00f6rbundet","og_description":"Det b\u00f6rjar bli dags f\u00f6r en tung m\u00e4sterskapsperiod inom kampsporten nu och redan n\u00e4sta vecka inleds VM i kempo i Albufeira i Portugal. Med i den svenska truppen finns bland andra regerande v\u00e4rldsm\u00e4starinnan Tilda Ek.","og_url":"https:\/\/www.budokampsport.se\/2017\/04\/21\/vm-kempo-narmar-sig\/","og_site_name":"Svenska Budo &amp; Kampsportsf\u00f6rbundet","article_author":"https:\/\/www.facebook.com\/jonathan.broberg.7","article_published_time":"2017-04-21T09:28:42+00:00","og_image":[{"width":680,"height":383,"url":"https:\/\/www.budokampsport.se\/wp-content\/uploads\/2017\/04\/tilda-ek.jpg","type":"image\/jpeg"}],"author":"Jonathan Broberg","twitter_card":"summary_large_image","twitter_misc":{"Skriven av":"Jonathan Broberg"},"schema":{"@context":"https:\/\/schema.org","@graph":[{"@type":"Article","@id":"https:\/\/www.budokampsport.se\/2017\/04\/21\/vm-kempo-narmar-sig\/#article","isPartOf":{"@id":"https:\/\/www.budokampsport.se\/2017\/04\/21\/vm-kempo-narmar-sig\/"},"author":{"name":"Jonathan Broberg","@id":"https:\/\/www.budokampsport.se\/#\/schema\/person\/5c06d81d14850e2a8ce5493386560145"},"headline":"VM i kempo n\u00e4rmar sig","datePublished":"2017-04-21T09:28:42+00:00","mainEntityOfPage":{"@id":"https:\/\/www.budokampsport.se\/2017\/04\/21\/vm-kempo-narmar-sig\/"},"wordCount":60,"commentCount":0,"image":{"@id":"https:\/\/www.budokampsport.se\/2017\/04\/21\/vm-kempo-narmar-sig\/#primaryimage"},"thumbnailUrl":"https:\/\/www.budokampsport.se\/wp-content\/uploads\/2017\/04\/tilda-ek.jpg","inLanguage":"sv-SE","potentialAction":[{"@type":"CommentAction","name":"Comment","target":["https:\/\/www.budokampsport.se\/2017\/04\/21\/vm-kempo-narmar-sig\/#respond"]}]},{"@type":"WebPage","@id":"https:\/\/www.budokampsport.se\/2017\/04\/21\/vm-kempo-narmar-sig\/","url":"https:\/\/www.budokampsport.se\/2017\/04\/21\/vm-kempo-narmar-sig\/","name":"VM i kempo n\u00e4rmar sig - Svenska Budo &amp; Kampsportsf\u00f6rbundet","isPartOf":{"@id":"https:\/\/www.budokampsport.se\/#website"},"primaryImageOfPage":{"@id":"https:\/\/www.budokampsport.se\/2017\/04\/21\/vm-kempo-narmar-sig\/#primaryimage"},"image":{"@id":"https:\/\/www.budokampsport.se\/2017\/04\/21\/vm-kempo-narmar-sig\/#primaryimage"},"thumbnailUrl":"https:\/\/www.budokampsport.se\/wp-content\/uploads\/2017\/04\/tilda-ek.jpg","datePublished":"2017-04-21T09:28:42+00:00","author":{"@id":"https:\/\/www.budokampsport.se\/#\/schema\/person\/5c06d81d14850e2a8ce5493386560145"},"description":"Det b\u00f6rjar bli dags f\u00f6r en tung m\u00e4sterskapsperiod inom kampsporten nu och redan n\u00e4sta vecka inleds VM i kempo i Albufeira i Portugal. Med i den svenska truppen finns bland andra regerande v\u00e4rldsm\u00e4starinnan Tilda Ek.","breadcrumb":{"@id":"https:\/\/www.budokampsport.se\/2017\/04\/21\/vm-kempo-narmar-sig\/#breadcrumb"},"inLanguage":"sv-SE","potentialAction":[{"@type":"ReadAction","target":["https:\/\/www.budokampsport.se\/2017\/04\/21\/vm-kempo-narmar-sig\/"]}]},{"@type":"ImageObject","inLanguage":"sv-SE","@id":"https:\/\/www.budokampsport.se\/2017\/04\/21\/vm-kempo-narmar-sig\/#primaryimage","url":"https:\/\/www.budokampsport.se\/wp-content\/uploads\/2017\/04\/tilda-ek.jpg","contentUrl":"https:\/\/www.budokampsport.se\/wp-content\/uploads\/2017\/04\/tilda-ek.jpg","width":680,"height":383,"caption":"Foto: Martin J\u00f6nsson"},{"@type":"BreadcrumbList","@id":"https:\/\/www.budokampsport.se\/2017\/04\/21\/vm-kempo-narmar-sig\/#breadcrumb","itemListElement":[{"@type":"ListItem","position":1,"name":"Hem","item":"https:\/\/www.budokampsport.se\/"},{"@type":"ListItem","position":2,"name":"VM i kempo n\u00e4rmar sig"}]},{"@type":"WebSite","@id":"https:\/\/www.budokampsport.se\/#website","url":"https:\/\/www.budokampsport.se\/","name":"Svenska Budo &amp; Kampsportsf\u00f6rbundet","description":"T\u00e4vling, Tr\u00e4ning, Tradition","potentialAction":[{"@type":"SearchAction","target":{"@type":"EntryPoint","urlTemplate":"https:\/\/www.budokampsport.se\/?s={search_term_string}"},"query-input":{"@type":"PropertyValueSpecification","valueRequired":true,"valueName":"search_term_string"}}],"inLanguage":"sv-SE"},{"@type":"Person","@id":"https:\/\/www.budokampsport.se\/#\/schema\/person\/5c06d81d14850e2a8ce5493386560145","name":"Jonathan Broberg","image":{"@type":"ImageObject","inLanguage":"sv-SE","@id":"https:\/\/www.budokampsport.se\/#\/schema\/person\/image\/","url":"https:\/\/secure.gravatar.com\/avatar\/a58041c6cea9128bd9c40ee2f26d4136?s=96&d=blank&r=g","contentUrl":"https:\/\/secure.gravatar.com\/avatar\/a58041c6cea9128bd9c40ee2f26d4136?s=96&d=blank&r=g","caption":"Jonathan Broberg"},"sameAs":["https:\/\/www.facebook.com\/jonathan.broberg.7"],"url":"https:\/\/www.budokampsport.se\/author\/jonathan\/"}]}},"_links":{"self":[{"href":"https:\/\/www.budokampsport.se\/api\/wp\/v2\/posts\/43854","targetHints":{"allow":["GET"]}}],"collection":[{"href":"https:\/\/www.budokampsport.se\/api\/wp\/v2\/posts"}],"about":[{"href":"https:\/\/www.budokampsport.se\/api\/wp\/v2\/types\/post"}],"author":[{"embeddable":true,"href":"https:\/\/www.budokampsport.se\/api\/wp\/v2\/users\/7"}],"replies":[{"embeddable":true,"href":"https:\/\/www.budokampsport.se\/api\/wp\/v2\/comments?post=43854"}],"version-history":[{"count":0,"href":"https:\/\/www.budokampsport.se\/api\/wp\/v2\/posts\/43854\/revisions"}],"wp:featuredmedia":[{"embeddable":true,"href":"https:\/\/www.budokampsport.se\/api\/wp\/v2\/media\/43855"}],"wp:attachment":[{"href":"https:\/\/www.budokampsport.se\/api\/wp\/v2\/media?parent=43854"}],"wp:term":[{"taxonomy":"category","embeddable":true,"href":"https:\/\/www.budokampsport.se\/api\/wp\/v2\/categories?post=43854"},{"taxonomy":"post_tag","embeddable":true,"href":"https:\/\/www.budokampsport.se\/api\/wp\/v2\/tags?post=43854"}],"curies":[{"name":"wp","href":"https:\/\/api.w.org\/{rel}","templated":true}]}}