{"id":4388,"date":"2012-11-23T10:48:29","date_gmt":"2012-11-23T09:48:29","guid":{"rendered":"http:\/\/budo.wordpress.dev\/2012\/11\/23\/en-vecka-kvar-pa-ansokningstiden-till-thaiboxningsgymnasiet\/"},"modified":"2016-12-06T22:35:07","modified_gmt":"2016-12-06T21:35:07","slug":"en-vecka-kvar-pa-ansokningstiden-till-thaiboxningsgymnasiet","status":"publish","type":"post","link":"https:\/\/www.budokampsport.se\/2012\/11\/23\/en-vecka-kvar-pa-ansokningstiden-till-thaiboxningsgymnasiet\/","title":{"rendered":"En vecka kvar p\u00e5 ans\u00f6kningstiden till thaiboxningsgymnasiet"},"content":{"rendered":"<p><P><STRONG><IMG alt=\"\" align=right src=\"http:\/\/www.budokampsport.se\/sites\/default\/files\/thaiboxning_gymnasium.gif\" width=100 height=144>Om en vecka, den 1:a december, g\u00e5r ans\u00f6kningstiden ut f\u00f6r att s\u00f6ka sig till Sveriges f\u00f6rsta renodlade thaiboxningsgymnasium. Det \u00e4r ett unikt tillf\u00e4lle att kombinera studier med thaiboxning. Du beh\u00f6ver heller inte byta f\u00f6rening f\u00f6r att studera vid gymnasiet.<\/STRONG><\/P> <P><A href=\"https:\/\/response.questback.com\/idrott2\/avqdtbhwgo\/\">H\u00e4r s\u00f6ker du till Sveriges f\u00f6rsta thaiboxningsgymnasium.<\/A><!--break--><\/P><\/p>\n","protected":false},"excerpt":{"rendered":"<p><P><STRONG><IMG alt=\"\" align=right src=\"http:\/\/www.budokampsport.se\/sites\/default\/files\/thaiboxning_gymnasium.gif\" width=100 height=144>Om en vecka, den 1:a december, g\u00e5r ans\u00f6kningstiden ut f\u00f6r att s\u00f6ka sig till Sveriges f\u00f6rsta renodlade thaiboxningsgymnasium. Det \u00e4r ett unikt tillf\u00e4lle att kombinera studier med thaiboxning. Du beh\u00f6ver heller inte byta f\u00f6rening f\u00f6r att studera vid gymnasiet.<\/STRONG><\/P><br \/><br><P><A href=\"https:\/\/response.questback.com\/idrott2\/avqdtbhwgo\/\">H\u00e4r s\u00f6ker du till Sveriges f\u00f6rsta thaiboxningsgymnasium.<\/A><\/p><br>","protected":false},"author":7,"featured_media":0,"comment_status":"closed","ping_status":"closed","sticky":false,"template":"","format":"standard","meta":{"_acf_changed":false,"footnotes":""},"categories":[1],"tags":[],"class_list":["post-4388","post","type-post","status-publish","format-standard","hentry","category-okategoriserade"],"acf":[],"yoast_head":"<!-- This site is optimized with the Yoast SEO plugin v26.8 - https:\/\/yoast.com\/product\/yoast-seo-wordpress\/ -->\n<title>En vecka kvar p\u00e5 ans\u00f6kningstiden till thaiboxningsgymnasiet - Svenska Budo &amp; Kampsportsf\u00f6rbundet<\/title>\n<meta name=\"description\" content=\"Om en vecka, den 1:a december, g\u00e5r ans\u00f6kningstiden ut f\u00f6r att s\u00f6ka sig till Sveriges f\u00f6rsta renodlade thaiboxningsgymnasium. Det \u00e4r ett unikt tillf\u00e4lle att kombinera studier med thaiboxning. Du beh\u00f6ver heller inte byta f\u00f6rening f\u00f6r att studera vid gymnasiet. H\u00e4r s\u00f6ker du till Sveriges f\u00f6rsta thaiboxningsgymnasium.\" \/>\n<meta name=\"robots\" content=\"index, follow, max-snippet:-1, max-image-preview:large, max-video-preview:-1\" \/>\n<link rel=\"canonical\" href=\"https:\/\/www.budokampsport.se\/2012\/11\/23\/en-vecka-kvar-pa-ansokningstiden-till-thaiboxningsgymnasiet\/\" \/>\n<meta property=\"og:locale\" content=\"sv_SE\" \/>\n<meta property=\"og:type\" content=\"article\" \/>\n<meta property=\"og:title\" content=\"En vecka kvar p\u00e5 ans\u00f6kningstiden till thaiboxningsgymnasiet - Svenska Budo &amp; Kampsportsf\u00f6rbundet\" \/>\n<meta property=\"og:description\" content=\"Om en vecka, den 1:a december, g\u00e5r ans\u00f6kningstiden ut f\u00f6r att s\u00f6ka sig till Sveriges f\u00f6rsta renodlade thaiboxningsgymnasium. Det \u00e4r ett unikt tillf\u00e4lle att kombinera studier med thaiboxning. Du beh\u00f6ver heller inte byta f\u00f6rening f\u00f6r att studera vid gymnasiet. H\u00e4r s\u00f6ker du till Sveriges f\u00f6rsta thaiboxningsgymnasium.\" \/>\n<meta property=\"og:url\" content=\"https:\/\/www.budokampsport.se\/2012\/11\/23\/en-vecka-kvar-pa-ansokningstiden-till-thaiboxningsgymnasiet\/\" \/>\n<meta property=\"og:site_name\" content=\"Svenska Budo &amp; Kampsportsf\u00f6rbundet\" \/>\n<meta property=\"article:author\" content=\"https:\/\/www.facebook.com\/jonathan.broberg.7\" \/>\n<meta property=\"article:published_time\" content=\"2012-11-23T09:48:29+00:00\" \/>\n<meta property=\"article:modified_time\" content=\"2016-12-06T21:35:07+00:00\" \/>\n<meta name=\"author\" content=\"Jonathan Broberg\" \/>\n<meta name=\"twitter:card\" content=\"summary_large_image\" \/>\n<meta name=\"twitter:label1\" content=\"Skriven av\" \/>\n\t<meta name=\"twitter:data1\" content=\"Jonathan Broberg\" \/>\n<script type=\"application\/ld+json\" class=\"yoast-schema-graph\">{\"@context\":\"https:\/\/schema.org\",\"@graph\":[{\"@type\":\"Article\",\"@id\":\"https:\/\/www.budokampsport.se\/2012\/11\/23\/en-vecka-kvar-pa-ansokningstiden-till-thaiboxningsgymnasiet\/#article\",\"isPartOf\":{\"@id\":\"https:\/\/www.budokampsport.se\/2012\/11\/23\/en-vecka-kvar-pa-ansokningstiden-till-thaiboxningsgymnasiet\/\"},\"author\":{\"name\":\"Jonathan Broberg\",\"@id\":\"https:\/\/www.budokampsport.se\/#\/schema\/person\/5c06d81d14850e2a8ce5493386560145\"},\"headline\":\"En vecka kvar p\u00e5 ans\u00f6kningstiden till thaiboxningsgymnasiet\",\"datePublished\":\"2012-11-23T09:48:29+00:00\",\"dateModified\":\"2016-12-06T21:35:07+00:00\",\"mainEntityOfPage\":{\"@id\":\"https:\/\/www.budokampsport.se\/2012\/11\/23\/en-vecka-kvar-pa-ansokningstiden-till-thaiboxningsgymnasiet\/\"},\"wordCount\":66,\"inLanguage\":\"sv-SE\"},{\"@type\":\"WebPage\",\"@id\":\"https:\/\/www.budokampsport.se\/2012\/11\/23\/en-vecka-kvar-pa-ansokningstiden-till-thaiboxningsgymnasiet\/\",\"url\":\"https:\/\/www.budokampsport.se\/2012\/11\/23\/en-vecka-kvar-pa-ansokningstiden-till-thaiboxningsgymnasiet\/\",\"name\":\"En vecka kvar p\u00e5 ans\u00f6kningstiden till thaiboxningsgymnasiet - Svenska Budo &amp; Kampsportsf\u00f6rbundet\",\"isPartOf\":{\"@id\":\"https:\/\/www.budokampsport.se\/#website\"},\"datePublished\":\"2012-11-23T09:48:29+00:00\",\"dateModified\":\"2016-12-06T21:35:07+00:00\",\"author\":{\"@id\":\"https:\/\/www.budokampsport.se\/#\/schema\/person\/5c06d81d14850e2a8ce5493386560145\"},\"description\":\"Om en vecka, den 1:a december, g\u00e5r ans\u00f6kningstiden ut f\u00f6r att s\u00f6ka sig till Sveriges f\u00f6rsta renodlade thaiboxningsgymnasium. Det \u00e4r ett unikt tillf\u00e4lle att kombinera studier med thaiboxning. Du beh\u00f6ver heller inte byta f\u00f6rening f\u00f6r att studera vid gymnasiet. H\u00e4r s\u00f6ker du till Sveriges f\u00f6rsta thaiboxningsgymnasium.\",\"breadcrumb\":{\"@id\":\"https:\/\/www.budokampsport.se\/2012\/11\/23\/en-vecka-kvar-pa-ansokningstiden-till-thaiboxningsgymnasiet\/#breadcrumb\"},\"inLanguage\":\"sv-SE\",\"potentialAction\":[{\"@type\":\"ReadAction\",\"target\":[\"https:\/\/www.budokampsport.se\/2012\/11\/23\/en-vecka-kvar-pa-ansokningstiden-till-thaiboxningsgymnasiet\/\"]}]},{\"@type\":\"BreadcrumbList\",\"@id\":\"https:\/\/www.budokampsport.se\/2012\/11\/23\/en-vecka-kvar-pa-ansokningstiden-till-thaiboxningsgymnasiet\/#breadcrumb\",\"itemListElement\":[{\"@type\":\"ListItem\",\"position\":1,\"name\":\"Hem\",\"item\":\"https:\/\/www.budokampsport.se\/\"},{\"@type\":\"ListItem\",\"position\":2,\"name\":\"En vecka kvar p\u00e5 ans\u00f6kningstiden till thaiboxningsgymnasiet\"}]},{\"@type\":\"WebSite\",\"@id\":\"https:\/\/www.budokampsport.se\/#website\",\"url\":\"https:\/\/www.budokampsport.se\/\",\"name\":\"Svenska Budo &amp; Kampsportsf\u00f6rbundet\",\"description\":\"T\u00e4vling, Tr\u00e4ning, Tradition\",\"potentialAction\":[{\"@type\":\"SearchAction\",\"target\":{\"@type\":\"EntryPoint\",\"urlTemplate\":\"https:\/\/www.budokampsport.se\/?s={search_term_string}\"},\"query-input\":{\"@type\":\"PropertyValueSpecification\",\"valueRequired\":true,\"valueName\":\"search_term_string\"}}],\"inLanguage\":\"sv-SE\"},{\"@type\":\"Person\",\"@id\":\"https:\/\/www.budokampsport.se\/#\/schema\/person\/5c06d81d14850e2a8ce5493386560145\",\"name\":\"Jonathan Broberg\",\"image\":{\"@type\":\"ImageObject\",\"inLanguage\":\"sv-SE\",\"@id\":\"https:\/\/www.budokampsport.se\/#\/schema\/person\/image\/\",\"url\":\"https:\/\/secure.gravatar.com\/avatar\/a58041c6cea9128bd9c40ee2f26d4136?s=96&d=blank&r=g\",\"contentUrl\":\"https:\/\/secure.gravatar.com\/avatar\/a58041c6cea9128bd9c40ee2f26d4136?s=96&d=blank&r=g\",\"caption\":\"Jonathan Broberg\"},\"sameAs\":[\"https:\/\/www.facebook.com\/jonathan.broberg.7\"],\"url\":\"https:\/\/www.budokampsport.se\/author\/jonathan\/\"}]}<\/script>\n<!-- \/ Yoast SEO plugin. -->","yoast_head_json":{"title":"En vecka kvar p\u00e5 ans\u00f6kningstiden till thaiboxningsgymnasiet - Svenska Budo &amp; Kampsportsf\u00f6rbundet","description":"Om en vecka, den 1:a december, g\u00e5r ans\u00f6kningstiden ut f\u00f6r att s\u00f6ka sig till Sveriges f\u00f6rsta renodlade thaiboxningsgymnasium. Det \u00e4r ett unikt tillf\u00e4lle att kombinera studier med thaiboxning. Du beh\u00f6ver heller inte byta f\u00f6rening f\u00f6r att studera vid gymnasiet. H\u00e4r s\u00f6ker du till Sveriges f\u00f6rsta thaiboxningsgymnasium.","robots":{"index":"index","follow":"follow","max-snippet":"max-snippet:-1","max-image-preview":"max-image-preview:large","max-video-preview":"max-video-preview:-1"},"canonical":"https:\/\/www.budokampsport.se\/2012\/11\/23\/en-vecka-kvar-pa-ansokningstiden-till-thaiboxningsgymnasiet\/","og_locale":"sv_SE","og_type":"article","og_title":"En vecka kvar p\u00e5 ans\u00f6kningstiden till thaiboxningsgymnasiet - Svenska Budo &amp; Kampsportsf\u00f6rbundet","og_description":"Om en vecka, den 1:a december, g\u00e5r ans\u00f6kningstiden ut f\u00f6r att s\u00f6ka sig till Sveriges f\u00f6rsta renodlade thaiboxningsgymnasium. Det \u00e4r ett unikt tillf\u00e4lle att kombinera studier med thaiboxning. Du beh\u00f6ver heller inte byta f\u00f6rening f\u00f6r att studera vid gymnasiet. H\u00e4r s\u00f6ker du till Sveriges f\u00f6rsta thaiboxningsgymnasium.","og_url":"https:\/\/www.budokampsport.se\/2012\/11\/23\/en-vecka-kvar-pa-ansokningstiden-till-thaiboxningsgymnasiet\/","og_site_name":"Svenska Budo &amp; Kampsportsf\u00f6rbundet","article_author":"https:\/\/www.facebook.com\/jonathan.broberg.7","article_published_time":"2012-11-23T09:48:29+00:00","article_modified_time":"2016-12-06T21:35:07+00:00","author":"Jonathan Broberg","twitter_card":"summary_large_image","twitter_misc":{"Skriven av":"Jonathan Broberg"},"schema":{"@context":"https:\/\/schema.org","@graph":[{"@type":"Article","@id":"https:\/\/www.budokampsport.se\/2012\/11\/23\/en-vecka-kvar-pa-ansokningstiden-till-thaiboxningsgymnasiet\/#article","isPartOf":{"@id":"https:\/\/www.budokampsport.se\/2012\/11\/23\/en-vecka-kvar-pa-ansokningstiden-till-thaiboxningsgymnasiet\/"},"author":{"name":"Jonathan Broberg","@id":"https:\/\/www.budokampsport.se\/#\/schema\/person\/5c06d81d14850e2a8ce5493386560145"},"headline":"En vecka kvar p\u00e5 ans\u00f6kningstiden till thaiboxningsgymnasiet","datePublished":"2012-11-23T09:48:29+00:00","dateModified":"2016-12-06T21:35:07+00:00","mainEntityOfPage":{"@id":"https:\/\/www.budokampsport.se\/2012\/11\/23\/en-vecka-kvar-pa-ansokningstiden-till-thaiboxningsgymnasiet\/"},"wordCount":66,"inLanguage":"sv-SE"},{"@type":"WebPage","@id":"https:\/\/www.budokampsport.se\/2012\/11\/23\/en-vecka-kvar-pa-ansokningstiden-till-thaiboxningsgymnasiet\/","url":"https:\/\/www.budokampsport.se\/2012\/11\/23\/en-vecka-kvar-pa-ansokningstiden-till-thaiboxningsgymnasiet\/","name":"En vecka kvar p\u00e5 ans\u00f6kningstiden till thaiboxningsgymnasiet - Svenska Budo &amp; Kampsportsf\u00f6rbundet","isPartOf":{"@id":"https:\/\/www.budokampsport.se\/#website"},"datePublished":"2012-11-23T09:48:29+00:00","dateModified":"2016-12-06T21:35:07+00:00","author":{"@id":"https:\/\/www.budokampsport.se\/#\/schema\/person\/5c06d81d14850e2a8ce5493386560145"},"description":"Om en vecka, den 1:a december, g\u00e5r ans\u00f6kningstiden ut f\u00f6r att s\u00f6ka sig till Sveriges f\u00f6rsta renodlade thaiboxningsgymnasium. Det \u00e4r ett unikt tillf\u00e4lle att kombinera studier med thaiboxning. Du beh\u00f6ver heller inte byta f\u00f6rening f\u00f6r att studera vid gymnasiet. H\u00e4r s\u00f6ker du till Sveriges f\u00f6rsta thaiboxningsgymnasium.","breadcrumb":{"@id":"https:\/\/www.budokampsport.se\/2012\/11\/23\/en-vecka-kvar-pa-ansokningstiden-till-thaiboxningsgymnasiet\/#breadcrumb"},"inLanguage":"sv-SE","potentialAction":[{"@type":"ReadAction","target":["https:\/\/www.budokampsport.se\/2012\/11\/23\/en-vecka-kvar-pa-ansokningstiden-till-thaiboxningsgymnasiet\/"]}]},{"@type":"BreadcrumbList","@id":"https:\/\/www.budokampsport.se\/2012\/11\/23\/en-vecka-kvar-pa-ansokningstiden-till-thaiboxningsgymnasiet\/#breadcrumb","itemListElement":[{"@type":"ListItem","position":1,"name":"Hem","item":"https:\/\/www.budokampsport.se\/"},{"@type":"ListItem","position":2,"name":"En vecka kvar p\u00e5 ans\u00f6kningstiden till thaiboxningsgymnasiet"}]},{"@type":"WebSite","@id":"https:\/\/www.budokampsport.se\/#website","url":"https:\/\/www.budokampsport.se\/","name":"Svenska Budo &amp; Kampsportsf\u00f6rbundet","description":"T\u00e4vling, Tr\u00e4ning, Tradition","potentialAction":[{"@type":"SearchAction","target":{"@type":"EntryPoint","urlTemplate":"https:\/\/www.budokampsport.se\/?s={search_term_string}"},"query-input":{"@type":"PropertyValueSpecification","valueRequired":true,"valueName":"search_term_string"}}],"inLanguage":"sv-SE"},{"@type":"Person","@id":"https:\/\/www.budokampsport.se\/#\/schema\/person\/5c06d81d14850e2a8ce5493386560145","name":"Jonathan Broberg","image":{"@type":"ImageObject","inLanguage":"sv-SE","@id":"https:\/\/www.budokampsport.se\/#\/schema\/person\/image\/","url":"https:\/\/secure.gravatar.com\/avatar\/a58041c6cea9128bd9c40ee2f26d4136?s=96&d=blank&r=g","contentUrl":"https:\/\/secure.gravatar.com\/avatar\/a58041c6cea9128bd9c40ee2f26d4136?s=96&d=blank&r=g","caption":"Jonathan Broberg"},"sameAs":["https:\/\/www.facebook.com\/jonathan.broberg.7"],"url":"https:\/\/www.budokampsport.se\/author\/jonathan\/"}]}},"_links":{"self":[{"href":"https:\/\/www.budokampsport.se\/api\/wp\/v2\/posts\/4388","targetHints":{"allow":["GET"]}}],"collection":[{"href":"https:\/\/www.budokampsport.se\/api\/wp\/v2\/posts"}],"about":[{"href":"https:\/\/www.budokampsport.se\/api\/wp\/v2\/types\/post"}],"author":[{"embeddable":true,"href":"https:\/\/www.budokampsport.se\/api\/wp\/v2\/users\/7"}],"replies":[{"embeddable":true,"href":"https:\/\/www.budokampsport.se\/api\/wp\/v2\/comments?post=4388"}],"version-history":[{"count":0,"href":"https:\/\/www.budokampsport.se\/api\/wp\/v2\/posts\/4388\/revisions"}],"wp:attachment":[{"href":"https:\/\/www.budokampsport.se\/api\/wp\/v2\/media?parent=4388"}],"wp:term":[{"taxonomy":"category","embeddable":true,"href":"https:\/\/www.budokampsport.se\/api\/wp\/v2\/categories?post=4388"},{"taxonomy":"post_tag","embeddable":true,"href":"https:\/\/www.budokampsport.se\/api\/wp\/v2\/tags?post=4388"}],"curies":[{"name":"wp","href":"https:\/\/api.w.org\/{rel}","templated":true}]}}