{"id":4411,"date":"2012-12-07T13:18:25","date_gmt":"2012-12-07T12:18:25","guid":{"rendered":"http:\/\/budo.wordpress.dev\/2012\/12\/07\/sa-firar-profilerna-jul-pierre-dahl-vd-och-grundare-budo-fitness\/"},"modified":"2016-12-06T22:35:11","modified_gmt":"2016-12-06T21:35:11","slug":"sa-firar-profilerna-jul-pierre-dahl-vd-och-grundare-budo-fitness","status":"publish","type":"post","link":"https:\/\/www.budokampsport.se\/2012\/12\/07\/sa-firar-profilerna-jul-pierre-dahl-vd-och-grundare-budo-fitness\/","title":{"rendered":"S\u00e5 firar profilerna jul &#8211; Pierre Dahl, VD och grundare Budo &#038; Fitness"},"content":{"rendered":"<p><strong>Budokampsport.se forts\u00e4tter v\u00e5r nedr\u00e4kning till jul med v\u00e5r artikelserie om v\u00e5ra profilers jul och denna g\u00e5ng har det blivit tur f\u00f6r entrepren\u00f6ren, grundaren och VD:n f\u00f6r Budo &#038; Fitness Butikerna Pierre Dahl.<!--break--><\/strong><\/p>\n<p>Det har varit ett framg\u00e5ngsrikt \u00e5r f\u00f6r svensk budo och kampsport, vilket ocks\u00e5 smittat av sig till f\u00f6retagarna runt sporten i Sverige.<\/p>\n<p>Pierre Dahl sitter sannolikt p\u00e5 ett av svensk kampsports allra starkaste varum\u00e4rken, Budo &#038; Fitness Butikerna, och 2012 har varit det mest framg\u00e5ngsrika \u00e5ret \u00e4ven f\u00f6r dem.<\/p>\n<p>Men Dahl \u00e4r ocks\u00e5 djupt involverad i kampsport i stort och har under \u00e5ret f\u00e5tt uppleva en \u00f6nskedr\u00f6m inom sitt kampsportande \u2013 att kunna st\u00e5 p\u00e5 samma matta som sina barn.<\/p>\n<p><strong>Pierre, om du ser tillbaka p\u00e5 2012, hur har det \u00e5ret varit f\u00f6r dig b\u00e5de personligt och inom jobbet?<\/strong><br \/>\u00a0 &#8211; 2012 har varit ett stort \u00e5r f\u00f6r mig b\u00e5de privat s\u00e5v\u00e4l som f\u00f6r Budo &#038; Fitness Butikerna. Det har i \u00e5r g\u00e5tt hela 20 \u00e5r sedan vi startade Budo &#038; Fitness Butikerna i Sverige.<br \/>\u00a0 &#8211; Blickar tillbaks n\u00e4r jag tr\u00e4ngdes med Alan Bergstr\u00f6m och Fredrik Paulun i en 10kvm butik p\u00e5 Luntmakargatan i kvarteret bakom Sveav\u00e4gen. Nu 20 \u00e5r senare, \u00f6ver 20 butiker senare och Europas st\u00f6rsta varuhus f\u00f6r Budo &#038; Fitness \u00e4r jag riktigt stolt \u00f6ver att f\u00e5 visa upp det b\u00e4sta och mest framg\u00e5ngsrika \u00e5ret n\u00e5gonsin i v\u00e5r historia. Allt tack vare ett grymt starkt Sverige-team med v\u00e5ra ledare Fredrik Halld\u00e9n, vice VD och Hayes Jemide, regionschef.<br \/>\u00a0\u00a0<br \/>\u00a0\u00a0 \u00a0&#8211; En av mina st\u00f6rsta dr\u00f6mmar har uppfyllts, att f\u00e5 vara p\u00e5 mattan och k\u00f6ra tillsammans med mina barn. De har f\u00e5tt v\u00e4lja stil och klubb, valet blev Nacka Dojo med Ingemar Sk\u00f6ld som tr\u00e4nare och S\u00f6dermalms Shaolin med Thabo Motsieloa som tr\u00e4nare, en riktigt bra allround kombination. Underbart att f\u00e5 svettas, \u00f6va Japanska namnen p\u00e5 alla kasten och fasth\u00e5llningarna inf\u00f6r gradering och dela mattan, mittsar, slag och sparkar med dem under ledning av Thabo, k\u00e4nns som cirkeln p\u00e5 n\u00e5got vis sluter sig&#8230;<br \/>\u00a0\u00a0 &#8211; Det har ocks\u00e5 varit fantastiskt sp\u00e4nnande att f\u00f6lja kampsports-Sveriges utveckling under \u00e5ret. Hur vi utvecklats och vuxit p\u00e5 internationella arenan med en rad framg\u00e5ngsrika fighters inte minst de jag f\u00f6ljt n\u00e4rmast Nils Widlund och Maria Olsson. \u00c4ven v\u00e5ra kampsportsevent har utvecklats, fler, b\u00e4ttre arrangemang och b\u00e4ttre matchningar. Vem trodde vi skulle ha UFC i Stockholm f\u00f6r n\u00e5gra \u00e5r sedan&#8230;<\/p>\n<p><strong>Hur kommer du att fira julen?<\/strong><br \/>\u00a0\u00a0 &#8211; F\u00f6rst helt klassisk Julafton hemma med familjen. Julmysmorgon med klappar framf\u00f6r brasan och sen massor med k\u00f6ttbullar och Jansson, Karl Bertil Jonsson och Tomten \u00e4r far till alla barnen. Fram\u00e5t mellandagarna blir det att vi som vanligt r\u00f6r oss mot varmare breddgrader&#8230;..<\/p>\n<p><strong><img decoding=\"async\" alt=\"\" src=\"http:\/\/www.budokampsport.se\/sites\/default\/files\/dahl.jpg\" style=\"height:433px; width:435px\"><\/p>\n<p>Vad \u00f6nskar du dig mest av allt i julklapp?<\/strong><br \/>\u00a0\u00a0\u00a0&#8211; Budo &#038; Fitness worldvide, v\u00e4rldsherrav\u00e4lde, n\u00e4\u00e4\u00e4\u00e4\u00e4&#8230; Jag b\u00f6rjar komma i den \u00e5ldern n\u00e4r man ist\u00e4llet b\u00f6rjar t\u00e4nka p\u00e5 h\u00e4lsa och v\u00e4lm\u00e5ende, s\u00e5 jag \u00f6nskar att min familj och mina v\u00e4nner har god h\u00e4lsa och \u00e4r lycklig.<\/p>\n<p><strong>Har du n\u00e5got ny\u00e5rsl\u00f6fte, i s\u00e5 fall vad och varf\u00f6r?<\/strong><br \/>\u00a0\u00a0\u00a0&#8211; Faktiskt att ta det lite lugnare med tr\u00e4ningen. Har blivit s\u00e5 taggad p\u00e5 gamla dar att jag k\u00f6rt lite f\u00f6r h\u00e5rt med mig sj\u00e4lv, sparrat lite f\u00f6r h\u00e5rt, slagit s\u00f6nder leder och k\u00f6rt lite f\u00f6r tungt p\u00e5 gymmet. M\u00e5ste l\u00e4ra mig att f\u00e5 balans, inte som alltid svart eller vitt och fullt \u00f6s.<\/p>\n<p><strong>Om du blickar fram mot 2013, vad tror du om det \u00e5ret b\u00e5de personligt och idrottsligt?<\/strong><br \/>\u00a0\u00a0 &#8211; Jag ska h\u00e5lla formen, se till att ha kul med tr\u00e4ningen. B\u00f6rja kika p\u00e5 att bygga en liten Dojo p\u00e5 tomten under v\u00e5ren och forts\u00e4tta att utveckla Budo &#038; Fitness och mig sj\u00e4lv som entrepren\u00f6r.<\/p>\n<p><em><strong>Imorgon forts\u00e4tter julnedr\u00e4kningen med en ny profil d\u00e5 f\u00f6re detta v\u00e4rldsm\u00e4staren i kickboxning Mikael B\u00e4ckstr\u00f6m ska f\u00e5 ber\u00e4tta om sin kommande jul. Budokampsport.se \u00f6nskar givetvis\u00a0Pierre en riktigt god jul och gott nytt \u00e5r.<\/strong><\/em><\/p>\n<p><strong>Tidigare artiklar i serien<\/strong><br \/><a href=\"http:\/\/www.budokampsport.se\/nyheter\/2012\/3\/sa-firar-profilerna-jul-maria-engqvist-iaido-och-jodolandslaget\">Maria Engqvist<\/a><br \/><a href=\"http:\/\/www.budokampsport.se\/nyheter\/2012\/4\/sa-firar-profilerna-jul-bjorn-rhodin-vice-ordforande-kickboxningsforbundet\">Bj\u00f6rn Rhodin<\/a><\/p>\n<p>Text: Jonathan Broberg<\/p>\n","protected":false},"excerpt":{"rendered":"<p><strong>Budokampsport.se forts\u00e4tter v\u00e5r nedr\u00e4kning till jul med v\u00e5r artikelserie om v\u00e5ra profilers jul och denna g\u00e5ng har det blivit tur f\u00f6r entrepren\u00f6ren, grundaren och VD:n f\u00f6r Budo &#038; Fitness Butikerna Pierre Dahl.<\/p><br>","protected":false},"author":7,"featured_media":0,"comment_status":"closed","ping_status":"closed","sticky":false,"template":"","format":"standard","meta":{"_acf_changed":false,"footnotes":""},"categories":[1],"tags":[],"class_list":["post-4411","post","type-post","status-publish","format-standard","hentry","category-okategoriserade"],"acf":[],"yoast_head":"<!-- This site is optimized with the Yoast SEO plugin v26.8 - https:\/\/yoast.com\/product\/yoast-seo-wordpress\/ -->\n<title>S\u00e5 firar profilerna jul - Pierre Dahl, VD och grundare Budo &amp; Fitness - Svenska Budo &amp; Kampsportsf\u00f6rbundet<\/title>\n<meta name=\"description\" content=\"Budokampsport.se forts\u00e4tter v\u00e5r nedr\u00e4kning till jul med v\u00e5r artikelserie om v\u00e5ra profilers jul och denna g\u00e5ng har det blivit tur f\u00f6r entrepren\u00f6ren, grundaren och VD:n f\u00f6r Budo &amp; Fitness Butikerna Pierre Dahl.\" \/>\n<meta name=\"robots\" content=\"index, follow, max-snippet:-1, max-image-preview:large, max-video-preview:-1\" \/>\n<link rel=\"canonical\" href=\"https:\/\/www.budokampsport.se\/2012\/12\/07\/sa-firar-profilerna-jul-pierre-dahl-vd-och-grundare-budo-fitness\/\" \/>\n<meta property=\"og:locale\" content=\"sv_SE\" \/>\n<meta property=\"og:type\" content=\"article\" \/>\n<meta property=\"og:title\" content=\"S\u00e5 firar profilerna jul - Pierre Dahl, VD och grundare Budo &amp; Fitness - Svenska Budo &amp; Kampsportsf\u00f6rbundet\" \/>\n<meta property=\"og:description\" content=\"Budokampsport.se forts\u00e4tter v\u00e5r nedr\u00e4kning till jul med v\u00e5r artikelserie om v\u00e5ra profilers jul och denna g\u00e5ng har det blivit tur f\u00f6r entrepren\u00f6ren, grundaren och VD:n f\u00f6r Budo &amp; Fitness Butikerna Pierre Dahl.\" \/>\n<meta property=\"og:url\" content=\"https:\/\/www.budokampsport.se\/2012\/12\/07\/sa-firar-profilerna-jul-pierre-dahl-vd-och-grundare-budo-fitness\/\" \/>\n<meta property=\"og:site_name\" content=\"Svenska Budo &amp; Kampsportsf\u00f6rbundet\" \/>\n<meta property=\"article:author\" content=\"https:\/\/www.facebook.com\/jonathan.broberg.7\" \/>\n<meta property=\"article:published_time\" content=\"2012-12-07T12:18:25+00:00\" \/>\n<meta property=\"article:modified_time\" content=\"2016-12-06T21:35:11+00:00\" \/>\n<meta property=\"og:image\" content=\"http:\/\/www.budokampsport.se\/sites\/default\/files\/dahl.jpg\" \/>\n<meta name=\"author\" content=\"Jonathan Broberg\" \/>\n<meta name=\"twitter:card\" content=\"summary_large_image\" \/>\n<meta name=\"twitter:label1\" content=\"Skriven av\" \/>\n\t<meta name=\"twitter:data1\" content=\"Jonathan Broberg\" \/>\n\t<meta name=\"twitter:label2\" content=\"Ber\u00e4knad l\u00e4stid\" \/>\n\t<meta name=\"twitter:data2\" content=\"4 minuter\" \/>\n<script type=\"application\/ld+json\" class=\"yoast-schema-graph\">{\"@context\":\"https:\/\/schema.org\",\"@graph\":[{\"@type\":\"Article\",\"@id\":\"https:\/\/www.budokampsport.se\/2012\/12\/07\/sa-firar-profilerna-jul-pierre-dahl-vd-och-grundare-budo-fitness\/#article\",\"isPartOf\":{\"@id\":\"https:\/\/www.budokampsport.se\/2012\/12\/07\/sa-firar-profilerna-jul-pierre-dahl-vd-och-grundare-budo-fitness\/\"},\"author\":{\"name\":\"Jonathan Broberg\",\"@id\":\"https:\/\/www.budokampsport.se\/#\/schema\/person\/5c06d81d14850e2a8ce5493386560145\"},\"headline\":\"S\u00e5 firar profilerna jul &#8211; Pierre Dahl, VD och grundare Budo &#038; Fitness\",\"datePublished\":\"2012-12-07T12:18:25+00:00\",\"dateModified\":\"2016-12-06T21:35:11+00:00\",\"mainEntityOfPage\":{\"@id\":\"https:\/\/www.budokampsport.se\/2012\/12\/07\/sa-firar-profilerna-jul-pierre-dahl-vd-och-grundare-budo-fitness\/\"},\"wordCount\":750,\"image\":{\"@id\":\"https:\/\/www.budokampsport.se\/2012\/12\/07\/sa-firar-profilerna-jul-pierre-dahl-vd-och-grundare-budo-fitness\/#primaryimage\"},\"thumbnailUrl\":\"http:\/\/www.budokampsport.se\/sites\/default\/files\/dahl.jpg\",\"inLanguage\":\"sv-SE\"},{\"@type\":\"WebPage\",\"@id\":\"https:\/\/www.budokampsport.se\/2012\/12\/07\/sa-firar-profilerna-jul-pierre-dahl-vd-och-grundare-budo-fitness\/\",\"url\":\"https:\/\/www.budokampsport.se\/2012\/12\/07\/sa-firar-profilerna-jul-pierre-dahl-vd-och-grundare-budo-fitness\/\",\"name\":\"S\u00e5 firar profilerna jul - Pierre Dahl, VD och grundare Budo & Fitness - Svenska Budo &amp; Kampsportsf\u00f6rbundet\",\"isPartOf\":{\"@id\":\"https:\/\/www.budokampsport.se\/#website\"},\"primaryImageOfPage\":{\"@id\":\"https:\/\/www.budokampsport.se\/2012\/12\/07\/sa-firar-profilerna-jul-pierre-dahl-vd-och-grundare-budo-fitness\/#primaryimage\"},\"image\":{\"@id\":\"https:\/\/www.budokampsport.se\/2012\/12\/07\/sa-firar-profilerna-jul-pierre-dahl-vd-och-grundare-budo-fitness\/#primaryimage\"},\"thumbnailUrl\":\"http:\/\/www.budokampsport.se\/sites\/default\/files\/dahl.jpg\",\"datePublished\":\"2012-12-07T12:18:25+00:00\",\"dateModified\":\"2016-12-06T21:35:11+00:00\",\"author\":{\"@id\":\"https:\/\/www.budokampsport.se\/#\/schema\/person\/5c06d81d14850e2a8ce5493386560145\"},\"description\":\"Budokampsport.se forts\u00e4tter v\u00e5r nedr\u00e4kning till jul med v\u00e5r artikelserie om v\u00e5ra profilers jul och denna g\u00e5ng har det blivit tur f\u00f6r entrepren\u00f6ren, grundaren och VD:n f\u00f6r Budo & Fitness Butikerna Pierre Dahl.\",\"breadcrumb\":{\"@id\":\"https:\/\/www.budokampsport.se\/2012\/12\/07\/sa-firar-profilerna-jul-pierre-dahl-vd-och-grundare-budo-fitness\/#breadcrumb\"},\"inLanguage\":\"sv-SE\",\"potentialAction\":[{\"@type\":\"ReadAction\",\"target\":[\"https:\/\/www.budokampsport.se\/2012\/12\/07\/sa-firar-profilerna-jul-pierre-dahl-vd-och-grundare-budo-fitness\/\"]}]},{\"@type\":\"ImageObject\",\"inLanguage\":\"sv-SE\",\"@id\":\"https:\/\/www.budokampsport.se\/2012\/12\/07\/sa-firar-profilerna-jul-pierre-dahl-vd-och-grundare-budo-fitness\/#primaryimage\",\"url\":\"http:\/\/www.budokampsport.se\/sites\/default\/files\/dahl.jpg\",\"contentUrl\":\"http:\/\/www.budokampsport.se\/sites\/default\/files\/dahl.jpg\"},{\"@type\":\"BreadcrumbList\",\"@id\":\"https:\/\/www.budokampsport.se\/2012\/12\/07\/sa-firar-profilerna-jul-pierre-dahl-vd-och-grundare-budo-fitness\/#breadcrumb\",\"itemListElement\":[{\"@type\":\"ListItem\",\"position\":1,\"name\":\"Hem\",\"item\":\"https:\/\/www.budokampsport.se\/\"},{\"@type\":\"ListItem\",\"position\":2,\"name\":\"S\u00e5 firar profilerna jul &#8211; Pierre Dahl, VD och grundare Budo &#038; Fitness\"}]},{\"@type\":\"WebSite\",\"@id\":\"https:\/\/www.budokampsport.se\/#website\",\"url\":\"https:\/\/www.budokampsport.se\/\",\"name\":\"Svenska Budo &amp; Kampsportsf\u00f6rbundet\",\"description\":\"T\u00e4vling, Tr\u00e4ning, Tradition\",\"potentialAction\":[{\"@type\":\"SearchAction\",\"target\":{\"@type\":\"EntryPoint\",\"urlTemplate\":\"https:\/\/www.budokampsport.se\/?s={search_term_string}\"},\"query-input\":{\"@type\":\"PropertyValueSpecification\",\"valueRequired\":true,\"valueName\":\"search_term_string\"}}],\"inLanguage\":\"sv-SE\"},{\"@type\":\"Person\",\"@id\":\"https:\/\/www.budokampsport.se\/#\/schema\/person\/5c06d81d14850e2a8ce5493386560145\",\"name\":\"Jonathan Broberg\",\"image\":{\"@type\":\"ImageObject\",\"inLanguage\":\"sv-SE\",\"@id\":\"https:\/\/www.budokampsport.se\/#\/schema\/person\/image\/\",\"url\":\"https:\/\/secure.gravatar.com\/avatar\/a58041c6cea9128bd9c40ee2f26d4136?s=96&d=blank&r=g\",\"contentUrl\":\"https:\/\/secure.gravatar.com\/avatar\/a58041c6cea9128bd9c40ee2f26d4136?s=96&d=blank&r=g\",\"caption\":\"Jonathan Broberg\"},\"sameAs\":[\"https:\/\/www.facebook.com\/jonathan.broberg.7\"],\"url\":\"https:\/\/www.budokampsport.se\/author\/jonathan\/\"}]}<\/script>\n<!-- \/ Yoast SEO plugin. -->","yoast_head_json":{"title":"S\u00e5 firar profilerna jul - Pierre Dahl, VD och grundare Budo & Fitness - Svenska Budo &amp; Kampsportsf\u00f6rbundet","description":"Budokampsport.se forts\u00e4tter v\u00e5r nedr\u00e4kning till jul med v\u00e5r artikelserie om v\u00e5ra profilers jul och denna g\u00e5ng har det blivit tur f\u00f6r entrepren\u00f6ren, grundaren och VD:n f\u00f6r Budo & Fitness Butikerna Pierre Dahl.","robots":{"index":"index","follow":"follow","max-snippet":"max-snippet:-1","max-image-preview":"max-image-preview:large","max-video-preview":"max-video-preview:-1"},"canonical":"https:\/\/www.budokampsport.se\/2012\/12\/07\/sa-firar-profilerna-jul-pierre-dahl-vd-och-grundare-budo-fitness\/","og_locale":"sv_SE","og_type":"article","og_title":"S\u00e5 firar profilerna jul - Pierre Dahl, VD och grundare Budo & Fitness - Svenska Budo &amp; Kampsportsf\u00f6rbundet","og_description":"Budokampsport.se forts\u00e4tter v\u00e5r nedr\u00e4kning till jul med v\u00e5r artikelserie om v\u00e5ra profilers jul och denna g\u00e5ng har det blivit tur f\u00f6r entrepren\u00f6ren, grundaren och VD:n f\u00f6r Budo & Fitness Butikerna Pierre Dahl.","og_url":"https:\/\/www.budokampsport.se\/2012\/12\/07\/sa-firar-profilerna-jul-pierre-dahl-vd-och-grundare-budo-fitness\/","og_site_name":"Svenska Budo &amp; Kampsportsf\u00f6rbundet","article_author":"https:\/\/www.facebook.com\/jonathan.broberg.7","article_published_time":"2012-12-07T12:18:25+00:00","article_modified_time":"2016-12-06T21:35:11+00:00","og_image":[{"url":"http:\/\/www.budokampsport.se\/sites\/default\/files\/dahl.jpg","type":"","width":"","height":""}],"author":"Jonathan Broberg","twitter_card":"summary_large_image","twitter_misc":{"Skriven av":"Jonathan Broberg","Ber\u00e4knad l\u00e4stid":"4 minuter"},"schema":{"@context":"https:\/\/schema.org","@graph":[{"@type":"Article","@id":"https:\/\/www.budokampsport.se\/2012\/12\/07\/sa-firar-profilerna-jul-pierre-dahl-vd-och-grundare-budo-fitness\/#article","isPartOf":{"@id":"https:\/\/www.budokampsport.se\/2012\/12\/07\/sa-firar-profilerna-jul-pierre-dahl-vd-och-grundare-budo-fitness\/"},"author":{"name":"Jonathan Broberg","@id":"https:\/\/www.budokampsport.se\/#\/schema\/person\/5c06d81d14850e2a8ce5493386560145"},"headline":"S\u00e5 firar profilerna jul &#8211; Pierre Dahl, VD och grundare Budo &#038; Fitness","datePublished":"2012-12-07T12:18:25+00:00","dateModified":"2016-12-06T21:35:11+00:00","mainEntityOfPage":{"@id":"https:\/\/www.budokampsport.se\/2012\/12\/07\/sa-firar-profilerna-jul-pierre-dahl-vd-och-grundare-budo-fitness\/"},"wordCount":750,"image":{"@id":"https:\/\/www.budokampsport.se\/2012\/12\/07\/sa-firar-profilerna-jul-pierre-dahl-vd-och-grundare-budo-fitness\/#primaryimage"},"thumbnailUrl":"http:\/\/www.budokampsport.se\/sites\/default\/files\/dahl.jpg","inLanguage":"sv-SE"},{"@type":"WebPage","@id":"https:\/\/www.budokampsport.se\/2012\/12\/07\/sa-firar-profilerna-jul-pierre-dahl-vd-och-grundare-budo-fitness\/","url":"https:\/\/www.budokampsport.se\/2012\/12\/07\/sa-firar-profilerna-jul-pierre-dahl-vd-och-grundare-budo-fitness\/","name":"S\u00e5 firar profilerna jul - Pierre Dahl, VD och grundare Budo & Fitness - Svenska Budo &amp; Kampsportsf\u00f6rbundet","isPartOf":{"@id":"https:\/\/www.budokampsport.se\/#website"},"primaryImageOfPage":{"@id":"https:\/\/www.budokampsport.se\/2012\/12\/07\/sa-firar-profilerna-jul-pierre-dahl-vd-och-grundare-budo-fitness\/#primaryimage"},"image":{"@id":"https:\/\/www.budokampsport.se\/2012\/12\/07\/sa-firar-profilerna-jul-pierre-dahl-vd-och-grundare-budo-fitness\/#primaryimage"},"thumbnailUrl":"http:\/\/www.budokampsport.se\/sites\/default\/files\/dahl.jpg","datePublished":"2012-12-07T12:18:25+00:00","dateModified":"2016-12-06T21:35:11+00:00","author":{"@id":"https:\/\/www.budokampsport.se\/#\/schema\/person\/5c06d81d14850e2a8ce5493386560145"},"description":"Budokampsport.se forts\u00e4tter v\u00e5r nedr\u00e4kning till jul med v\u00e5r artikelserie om v\u00e5ra profilers jul och denna g\u00e5ng har det blivit tur f\u00f6r entrepren\u00f6ren, grundaren och VD:n f\u00f6r Budo & Fitness Butikerna Pierre Dahl.","breadcrumb":{"@id":"https:\/\/www.budokampsport.se\/2012\/12\/07\/sa-firar-profilerna-jul-pierre-dahl-vd-och-grundare-budo-fitness\/#breadcrumb"},"inLanguage":"sv-SE","potentialAction":[{"@type":"ReadAction","target":["https:\/\/www.budokampsport.se\/2012\/12\/07\/sa-firar-profilerna-jul-pierre-dahl-vd-och-grundare-budo-fitness\/"]}]},{"@type":"ImageObject","inLanguage":"sv-SE","@id":"https:\/\/www.budokampsport.se\/2012\/12\/07\/sa-firar-profilerna-jul-pierre-dahl-vd-och-grundare-budo-fitness\/#primaryimage","url":"http:\/\/www.budokampsport.se\/sites\/default\/files\/dahl.jpg","contentUrl":"http:\/\/www.budokampsport.se\/sites\/default\/files\/dahl.jpg"},{"@type":"BreadcrumbList","@id":"https:\/\/www.budokampsport.se\/2012\/12\/07\/sa-firar-profilerna-jul-pierre-dahl-vd-och-grundare-budo-fitness\/#breadcrumb","itemListElement":[{"@type":"ListItem","position":1,"name":"Hem","item":"https:\/\/www.budokampsport.se\/"},{"@type":"ListItem","position":2,"name":"S\u00e5 firar profilerna jul &#8211; Pierre Dahl, VD och grundare Budo &#038; Fitness"}]},{"@type":"WebSite","@id":"https:\/\/www.budokampsport.se\/#website","url":"https:\/\/www.budokampsport.se\/","name":"Svenska Budo &amp; Kampsportsf\u00f6rbundet","description":"T\u00e4vling, Tr\u00e4ning, Tradition","potentialAction":[{"@type":"SearchAction","target":{"@type":"EntryPoint","urlTemplate":"https:\/\/www.budokampsport.se\/?s={search_term_string}"},"query-input":{"@type":"PropertyValueSpecification","valueRequired":true,"valueName":"search_term_string"}}],"inLanguage":"sv-SE"},{"@type":"Person","@id":"https:\/\/www.budokampsport.se\/#\/schema\/person\/5c06d81d14850e2a8ce5493386560145","name":"Jonathan Broberg","image":{"@type":"ImageObject","inLanguage":"sv-SE","@id":"https:\/\/www.budokampsport.se\/#\/schema\/person\/image\/","url":"https:\/\/secure.gravatar.com\/avatar\/a58041c6cea9128bd9c40ee2f26d4136?s=96&d=blank&r=g","contentUrl":"https:\/\/secure.gravatar.com\/avatar\/a58041c6cea9128bd9c40ee2f26d4136?s=96&d=blank&r=g","caption":"Jonathan Broberg"},"sameAs":["https:\/\/www.facebook.com\/jonathan.broberg.7"],"url":"https:\/\/www.budokampsport.se\/author\/jonathan\/"}]}},"_links":{"self":[{"href":"https:\/\/www.budokampsport.se\/api\/wp\/v2\/posts\/4411","targetHints":{"allow":["GET"]}}],"collection":[{"href":"https:\/\/www.budokampsport.se\/api\/wp\/v2\/posts"}],"about":[{"href":"https:\/\/www.budokampsport.se\/api\/wp\/v2\/types\/post"}],"author":[{"embeddable":true,"href":"https:\/\/www.budokampsport.se\/api\/wp\/v2\/users\/7"}],"replies":[{"embeddable":true,"href":"https:\/\/www.budokampsport.se\/api\/wp\/v2\/comments?post=4411"}],"version-history":[{"count":0,"href":"https:\/\/www.budokampsport.se\/api\/wp\/v2\/posts\/4411\/revisions"}],"wp:attachment":[{"href":"https:\/\/www.budokampsport.se\/api\/wp\/v2\/media?parent=4411"}],"wp:term":[{"taxonomy":"category","embeddable":true,"href":"https:\/\/www.budokampsport.se\/api\/wp\/v2\/categories?post=4411"},{"taxonomy":"post_tag","embeddable":true,"href":"https:\/\/www.budokampsport.se\/api\/wp\/v2\/tags?post=4411"}],"curies":[{"name":"wp","href":"https:\/\/api.w.org\/{rel}","templated":true}]}}