{"id":4430,"date":"2012-11-30T20:12:13","date_gmt":"2012-11-30T19:12:13","guid":{"rendered":"http:\/\/budo.wordpress.dev\/2012\/11\/30\/sara-widgren-ar-lugnet-sjalv\/"},"modified":"2016-12-06T22:35:16","modified_gmt":"2016-12-06T21:35:16","slug":"sara-widgren-ar-lugnet-sjalv","status":"publish","type":"post","link":"https:\/\/www.budokampsport.se\/2012\/11\/30\/sara-widgren-ar-lugnet-sjalv\/","title":{"rendered":"Sara Widgren \u00e4r lugnet sj\u00e4lv"},"content":{"rendered":"<p><P><STRONG><IMG alt=\"\" align=middle src=\"http:\/\/www.budokampsport.se\/sites\/default\/files\/sara_widgren.gif\" width=435 height=290><BR>Imorgon kliver Sara Widgren in i VM. Talangen som ifjol slog igenom med dunder och brak och har etablerat sig i v\u00e4rldstoppen i en av v\u00e4rldens st\u00f6rsta kampsporter. Men 21-\u00e5rigen fr\u00e5n Nacka utanf\u00f6r Stockholm k\u00e4nner ingen press.<BR>\u00a0\u00a0 &#8211; Nej, faktiskt inte. Det ska bara bli kul och jag har en sk\u00f6n k\u00e4nsla i kroppen, s\u00e4ger hon till budokampsport.se<\/STRONG>.<!--break--><\/P> <P>Det \u00e4r sv\u00e5rt att inte imponeras av Sara Widgrens framfart. \u00d6verg\u00e5ngen fr\u00e5n firad juniorstj\u00e4rna till senior, det som s\u00e5 m\u00e5nga idrottare har s\u00e5 sv\u00e5rt f\u00f6r, har hon klarat av n\u00e4stan ot\u00e4ckt bra.<\/P> <P>Imorgon g\u00f6r hon sitt tredje senior-VM. Det f\u00f6rsta slutade med en femteplats 2010. Ifjol tog hon ett brons. I \u00e5r kliver Sara Widgren in i turneringen som en etablerad stj\u00e4rna.<BR>\u00a0\u00a0 &#8211; Klart att det blir ett lite annorlunda. Jag \u00e4r inte l\u00e4ngre n\u00e5gon rookie. Men samtidigt k\u00e4nner jag mig inte annorlunda nu mot f\u00f6rr. Jag \u00e4r kanske lite mindre nerv\u00f6s.<\/P> <P><STRONG>&#8220;Superkul&#8221;<\/STRONG><BR>Uppladdningen inf\u00f6r VM har g\u00e5tt bra, kroppen har svarat bra p\u00e5 tr\u00e4ningen och formen tycker hon ocks\u00e5 har infunnit sig.<BR>\u00a0\u00a0 &#8211; Jag k\u00e4nner mig stark och trygg. Kanske har jag vilat lite mer i \u00e5r \u00e4n f\u00f6rra \u00e5ret, men jag har ocks\u00e5 tr\u00e4nat bra den senaste tiden och det ska bli superkul att t\u00e4vla imorgon.<\/P> <P>Sara har f\u00e5tt information om sina presumtiva motst\u00e5ndare. Antingen v\u00e4ntar hemmafighter eller danskt motst\u00e5nd.<BR>\u00a0\u00a0 &#8211; Jag \u00e4r seedad s\u00e5 jag st\u00e5r \u00f6ver f\u00f6rsta rundan. Danskan har jag r\u00e4tt bra koll p\u00e5, har m\u00f6tt henne tv\u00e5 g\u00e5nger f\u00f6rr och vunnit b\u00e5da. Men \u00f6sterrikiskan har jag inte s\u00e5 bra koll p\u00e5. S\u00e5 det ska bli extra sp\u00e4nnande.<BR><BR>Text och foto: Jonathan Broberg<\/P><\/p>\n","protected":false},"excerpt":{"rendered":"<p><P><STRONG><IMG alt=\"\" align=middle src=\"http:\/\/www.budokampsport.se\/sites\/default\/files\/sara_widgren.gif\" width=435 height=290><BR>Imorgon kliver Sara Widgren in i VM. Talangen som ifjol slog igenom med dunder och brak och har etablerat sig i v\u00e4rldstoppen i en av v\u00e4rldens st\u00f6rsta kampsporter. Men 21-\u00e5rigen fr\u00e5n Nacka utanf\u00f6r Stockholm k\u00e4nner ingen press.<BR>\u00a0\u00a0 &#8211; Nej, faktiskt inte. Det ska bara bli kul och jag har en sk\u00f6n k\u00e4nsla i kroppen, s\u00e4ger hon till budokampsport.se<\/STRONG>.<\/p><br>","protected":false},"author":7,"featured_media":0,"comment_status":"closed","ping_status":"closed","sticky":false,"template":"","format":"standard","meta":{"_acf_changed":false,"footnotes":""},"categories":[1],"tags":[],"class_list":["post-4430","post","type-post","status-publish","format-standard","hentry","category-okategoriserade"],"acf":[],"yoast_head":"<!-- This site is optimized with the Yoast SEO plugin v26.8 - https:\/\/yoast.com\/product\/yoast-seo-wordpress\/ -->\n<title>Sara Widgren \u00e4r lugnet sj\u00e4lv - Svenska Budo &amp; Kampsportsf\u00f6rbundet<\/title>\n<meta name=\"description\" content=\"Imorgon kliver Sara Widgren in i VM. Talangen som ifjol slog igenom med dunder och brak och har etablerat sig i v\u00e4rldstoppen i en av v\u00e4rldens st\u00f6rsta kampsporter. Men 21-\u00e5rigen fr\u00e5n Nacka utanf\u00f6r Stockholm k\u00e4nner ingen press.\u00a0\u00a0 - Nej, faktiskt inte. Det ska bara bli kul och jag har en sk\u00f6n k\u00e4nsla i kroppen, s\u00e4ger hon till budokampsport.se.\" \/>\n<meta name=\"robots\" content=\"index, follow, max-snippet:-1, max-image-preview:large, max-video-preview:-1\" \/>\n<link rel=\"canonical\" href=\"https:\/\/www.budokampsport.se\/2012\/11\/30\/sara-widgren-ar-lugnet-sjalv\/\" \/>\n<meta property=\"og:locale\" content=\"sv_SE\" \/>\n<meta property=\"og:type\" content=\"article\" \/>\n<meta property=\"og:title\" content=\"Sara Widgren \u00e4r lugnet sj\u00e4lv - Svenska Budo &amp; Kampsportsf\u00f6rbundet\" \/>\n<meta property=\"og:description\" content=\"Imorgon kliver Sara Widgren in i VM. Talangen som ifjol slog igenom med dunder och brak och har etablerat sig i v\u00e4rldstoppen i en av v\u00e4rldens st\u00f6rsta kampsporter. Men 21-\u00e5rigen fr\u00e5n Nacka utanf\u00f6r Stockholm k\u00e4nner ingen press.\u00a0\u00a0 - Nej, faktiskt inte. Det ska bara bli kul och jag har en sk\u00f6n k\u00e4nsla i kroppen, s\u00e4ger hon till budokampsport.se.\" \/>\n<meta property=\"og:url\" content=\"https:\/\/www.budokampsport.se\/2012\/11\/30\/sara-widgren-ar-lugnet-sjalv\/\" \/>\n<meta property=\"og:site_name\" content=\"Svenska Budo &amp; Kampsportsf\u00f6rbundet\" \/>\n<meta property=\"article:author\" content=\"https:\/\/www.facebook.com\/jonathan.broberg.7\" \/>\n<meta property=\"article:published_time\" content=\"2012-11-30T19:12:13+00:00\" \/>\n<meta property=\"article:modified_time\" content=\"2016-12-06T21:35:16+00:00\" \/>\n<meta name=\"author\" content=\"Jonathan Broberg\" \/>\n<meta name=\"twitter:card\" content=\"summary_large_image\" \/>\n<meta name=\"twitter:label1\" content=\"Skriven av\" \/>\n\t<meta name=\"twitter:data1\" content=\"Jonathan Broberg\" \/>\n\t<meta name=\"twitter:label2\" content=\"Ber\u00e4knad l\u00e4stid\" \/>\n\t<meta name=\"twitter:data2\" content=\"2 minuter\" \/>\n<script type=\"application\/ld+json\" class=\"yoast-schema-graph\">{\"@context\":\"https:\/\/schema.org\",\"@graph\":[{\"@type\":\"Article\",\"@id\":\"https:\/\/www.budokampsport.se\/2012\/11\/30\/sara-widgren-ar-lugnet-sjalv\/#article\",\"isPartOf\":{\"@id\":\"https:\/\/www.budokampsport.se\/2012\/11\/30\/sara-widgren-ar-lugnet-sjalv\/\"},\"author\":{\"name\":\"Jonathan Broberg\",\"@id\":\"https:\/\/www.budokampsport.se\/#\/schema\/person\/5c06d81d14850e2a8ce5493386560145\"},\"headline\":\"Sara Widgren \u00e4r lugnet sj\u00e4lv\",\"datePublished\":\"2012-11-30T19:12:13+00:00\",\"dateModified\":\"2016-12-06T21:35:16+00:00\",\"mainEntityOfPage\":{\"@id\":\"https:\/\/www.budokampsport.se\/2012\/11\/30\/sara-widgren-ar-lugnet-sjalv\/\"},\"wordCount\":318,\"inLanguage\":\"sv-SE\"},{\"@type\":\"WebPage\",\"@id\":\"https:\/\/www.budokampsport.se\/2012\/11\/30\/sara-widgren-ar-lugnet-sjalv\/\",\"url\":\"https:\/\/www.budokampsport.se\/2012\/11\/30\/sara-widgren-ar-lugnet-sjalv\/\",\"name\":\"Sara Widgren \u00e4r lugnet sj\u00e4lv - Svenska Budo &amp; Kampsportsf\u00f6rbundet\",\"isPartOf\":{\"@id\":\"https:\/\/www.budokampsport.se\/#website\"},\"datePublished\":\"2012-11-30T19:12:13+00:00\",\"dateModified\":\"2016-12-06T21:35:16+00:00\",\"author\":{\"@id\":\"https:\/\/www.budokampsport.se\/#\/schema\/person\/5c06d81d14850e2a8ce5493386560145\"},\"description\":\"Imorgon kliver Sara Widgren in i VM. Talangen som ifjol slog igenom med dunder och brak och har etablerat sig i v\u00e4rldstoppen i en av v\u00e4rldens st\u00f6rsta kampsporter. Men 21-\u00e5rigen fr\u00e5n Nacka utanf\u00f6r Stockholm k\u00e4nner ingen press.\u00a0\u00a0 - Nej, faktiskt inte. Det ska bara bli kul och jag har en sk\u00f6n k\u00e4nsla i kroppen, s\u00e4ger hon till budokampsport.se.\",\"breadcrumb\":{\"@id\":\"https:\/\/www.budokampsport.se\/2012\/11\/30\/sara-widgren-ar-lugnet-sjalv\/#breadcrumb\"},\"inLanguage\":\"sv-SE\",\"potentialAction\":[{\"@type\":\"ReadAction\",\"target\":[\"https:\/\/www.budokampsport.se\/2012\/11\/30\/sara-widgren-ar-lugnet-sjalv\/\"]}]},{\"@type\":\"BreadcrumbList\",\"@id\":\"https:\/\/www.budokampsport.se\/2012\/11\/30\/sara-widgren-ar-lugnet-sjalv\/#breadcrumb\",\"itemListElement\":[{\"@type\":\"ListItem\",\"position\":1,\"name\":\"Hem\",\"item\":\"https:\/\/www.budokampsport.se\/\"},{\"@type\":\"ListItem\",\"position\":2,\"name\":\"Sara Widgren \u00e4r lugnet sj\u00e4lv\"}]},{\"@type\":\"WebSite\",\"@id\":\"https:\/\/www.budokampsport.se\/#website\",\"url\":\"https:\/\/www.budokampsport.se\/\",\"name\":\"Svenska Budo &amp; Kampsportsf\u00f6rbundet\",\"description\":\"T\u00e4vling, Tr\u00e4ning, Tradition\",\"potentialAction\":[{\"@type\":\"SearchAction\",\"target\":{\"@type\":\"EntryPoint\",\"urlTemplate\":\"https:\/\/www.budokampsport.se\/?s={search_term_string}\"},\"query-input\":{\"@type\":\"PropertyValueSpecification\",\"valueRequired\":true,\"valueName\":\"search_term_string\"}}],\"inLanguage\":\"sv-SE\"},{\"@type\":\"Person\",\"@id\":\"https:\/\/www.budokampsport.se\/#\/schema\/person\/5c06d81d14850e2a8ce5493386560145\",\"name\":\"Jonathan Broberg\",\"image\":{\"@type\":\"ImageObject\",\"inLanguage\":\"sv-SE\",\"@id\":\"https:\/\/www.budokampsport.se\/#\/schema\/person\/image\/\",\"url\":\"https:\/\/secure.gravatar.com\/avatar\/a58041c6cea9128bd9c40ee2f26d4136?s=96&d=blank&r=g\",\"contentUrl\":\"https:\/\/secure.gravatar.com\/avatar\/a58041c6cea9128bd9c40ee2f26d4136?s=96&d=blank&r=g\",\"caption\":\"Jonathan Broberg\"},\"sameAs\":[\"https:\/\/www.facebook.com\/jonathan.broberg.7\"],\"url\":\"https:\/\/www.budokampsport.se\/author\/jonathan\/\"}]}<\/script>\n<!-- \/ Yoast SEO plugin. -->","yoast_head_json":{"title":"Sara Widgren \u00e4r lugnet sj\u00e4lv - Svenska Budo &amp; Kampsportsf\u00f6rbundet","description":"Imorgon kliver Sara Widgren in i VM. Talangen som ifjol slog igenom med dunder och brak och har etablerat sig i v\u00e4rldstoppen i en av v\u00e4rldens st\u00f6rsta kampsporter. Men 21-\u00e5rigen fr\u00e5n Nacka utanf\u00f6r Stockholm k\u00e4nner ingen press.\u00a0\u00a0 - Nej, faktiskt inte. Det ska bara bli kul och jag har en sk\u00f6n k\u00e4nsla i kroppen, s\u00e4ger hon till budokampsport.se.","robots":{"index":"index","follow":"follow","max-snippet":"max-snippet:-1","max-image-preview":"max-image-preview:large","max-video-preview":"max-video-preview:-1"},"canonical":"https:\/\/www.budokampsport.se\/2012\/11\/30\/sara-widgren-ar-lugnet-sjalv\/","og_locale":"sv_SE","og_type":"article","og_title":"Sara Widgren \u00e4r lugnet sj\u00e4lv - Svenska Budo &amp; Kampsportsf\u00f6rbundet","og_description":"Imorgon kliver Sara Widgren in i VM. Talangen som ifjol slog igenom med dunder och brak och har etablerat sig i v\u00e4rldstoppen i en av v\u00e4rldens st\u00f6rsta kampsporter. Men 21-\u00e5rigen fr\u00e5n Nacka utanf\u00f6r Stockholm k\u00e4nner ingen press.\u00a0\u00a0 - Nej, faktiskt inte. Det ska bara bli kul och jag har en sk\u00f6n k\u00e4nsla i kroppen, s\u00e4ger hon till budokampsport.se.","og_url":"https:\/\/www.budokampsport.se\/2012\/11\/30\/sara-widgren-ar-lugnet-sjalv\/","og_site_name":"Svenska Budo &amp; Kampsportsf\u00f6rbundet","article_author":"https:\/\/www.facebook.com\/jonathan.broberg.7","article_published_time":"2012-11-30T19:12:13+00:00","article_modified_time":"2016-12-06T21:35:16+00:00","author":"Jonathan Broberg","twitter_card":"summary_large_image","twitter_misc":{"Skriven av":"Jonathan Broberg","Ber\u00e4knad l\u00e4stid":"2 minuter"},"schema":{"@context":"https:\/\/schema.org","@graph":[{"@type":"Article","@id":"https:\/\/www.budokampsport.se\/2012\/11\/30\/sara-widgren-ar-lugnet-sjalv\/#article","isPartOf":{"@id":"https:\/\/www.budokampsport.se\/2012\/11\/30\/sara-widgren-ar-lugnet-sjalv\/"},"author":{"name":"Jonathan Broberg","@id":"https:\/\/www.budokampsport.se\/#\/schema\/person\/5c06d81d14850e2a8ce5493386560145"},"headline":"Sara Widgren \u00e4r lugnet sj\u00e4lv","datePublished":"2012-11-30T19:12:13+00:00","dateModified":"2016-12-06T21:35:16+00:00","mainEntityOfPage":{"@id":"https:\/\/www.budokampsport.se\/2012\/11\/30\/sara-widgren-ar-lugnet-sjalv\/"},"wordCount":318,"inLanguage":"sv-SE"},{"@type":"WebPage","@id":"https:\/\/www.budokampsport.se\/2012\/11\/30\/sara-widgren-ar-lugnet-sjalv\/","url":"https:\/\/www.budokampsport.se\/2012\/11\/30\/sara-widgren-ar-lugnet-sjalv\/","name":"Sara Widgren \u00e4r lugnet sj\u00e4lv - Svenska Budo &amp; Kampsportsf\u00f6rbundet","isPartOf":{"@id":"https:\/\/www.budokampsport.se\/#website"},"datePublished":"2012-11-30T19:12:13+00:00","dateModified":"2016-12-06T21:35:16+00:00","author":{"@id":"https:\/\/www.budokampsport.se\/#\/schema\/person\/5c06d81d14850e2a8ce5493386560145"},"description":"Imorgon kliver Sara Widgren in i VM. Talangen som ifjol slog igenom med dunder och brak och har etablerat sig i v\u00e4rldstoppen i en av v\u00e4rldens st\u00f6rsta kampsporter. Men 21-\u00e5rigen fr\u00e5n Nacka utanf\u00f6r Stockholm k\u00e4nner ingen press.\u00a0\u00a0 - Nej, faktiskt inte. Det ska bara bli kul och jag har en sk\u00f6n k\u00e4nsla i kroppen, s\u00e4ger hon till budokampsport.se.","breadcrumb":{"@id":"https:\/\/www.budokampsport.se\/2012\/11\/30\/sara-widgren-ar-lugnet-sjalv\/#breadcrumb"},"inLanguage":"sv-SE","potentialAction":[{"@type":"ReadAction","target":["https:\/\/www.budokampsport.se\/2012\/11\/30\/sara-widgren-ar-lugnet-sjalv\/"]}]},{"@type":"BreadcrumbList","@id":"https:\/\/www.budokampsport.se\/2012\/11\/30\/sara-widgren-ar-lugnet-sjalv\/#breadcrumb","itemListElement":[{"@type":"ListItem","position":1,"name":"Hem","item":"https:\/\/www.budokampsport.se\/"},{"@type":"ListItem","position":2,"name":"Sara Widgren \u00e4r lugnet sj\u00e4lv"}]},{"@type":"WebSite","@id":"https:\/\/www.budokampsport.se\/#website","url":"https:\/\/www.budokampsport.se\/","name":"Svenska Budo &amp; Kampsportsf\u00f6rbundet","description":"T\u00e4vling, Tr\u00e4ning, Tradition","potentialAction":[{"@type":"SearchAction","target":{"@type":"EntryPoint","urlTemplate":"https:\/\/www.budokampsport.se\/?s={search_term_string}"},"query-input":{"@type":"PropertyValueSpecification","valueRequired":true,"valueName":"search_term_string"}}],"inLanguage":"sv-SE"},{"@type":"Person","@id":"https:\/\/www.budokampsport.se\/#\/schema\/person\/5c06d81d14850e2a8ce5493386560145","name":"Jonathan Broberg","image":{"@type":"ImageObject","inLanguage":"sv-SE","@id":"https:\/\/www.budokampsport.se\/#\/schema\/person\/image\/","url":"https:\/\/secure.gravatar.com\/avatar\/a58041c6cea9128bd9c40ee2f26d4136?s=96&d=blank&r=g","contentUrl":"https:\/\/secure.gravatar.com\/avatar\/a58041c6cea9128bd9c40ee2f26d4136?s=96&d=blank&r=g","caption":"Jonathan Broberg"},"sameAs":["https:\/\/www.facebook.com\/jonathan.broberg.7"],"url":"https:\/\/www.budokampsport.se\/author\/jonathan\/"}]}},"_links":{"self":[{"href":"https:\/\/www.budokampsport.se\/api\/wp\/v2\/posts\/4430","targetHints":{"allow":["GET"]}}],"collection":[{"href":"https:\/\/www.budokampsport.se\/api\/wp\/v2\/posts"}],"about":[{"href":"https:\/\/www.budokampsport.se\/api\/wp\/v2\/types\/post"}],"author":[{"embeddable":true,"href":"https:\/\/www.budokampsport.se\/api\/wp\/v2\/users\/7"}],"replies":[{"embeddable":true,"href":"https:\/\/www.budokampsport.se\/api\/wp\/v2\/comments?post=4430"}],"version-history":[{"count":0,"href":"https:\/\/www.budokampsport.se\/api\/wp\/v2\/posts\/4430\/revisions"}],"wp:attachment":[{"href":"https:\/\/www.budokampsport.se\/api\/wp\/v2\/media?parent=4430"}],"wp:term":[{"taxonomy":"category","embeddable":true,"href":"https:\/\/www.budokampsport.se\/api\/wp\/v2\/categories?post=4430"},{"taxonomy":"post_tag","embeddable":true,"href":"https:\/\/www.budokampsport.se\/api\/wp\/v2\/tags?post=4430"}],"curies":[{"name":"wp","href":"https:\/\/api.w.org\/{rel}","templated":true}]}}