{"id":4460,"date":"2012-12-10T15:55:12","date_gmt":"2012-12-10T14:55:12","guid":{"rendered":"http:\/\/budo.wordpress.dev\/2012\/12\/10\/sa-firar-profilerna-jul-mikael-backstrom-kickboxning\/"},"modified":"2016-12-06T22:35:22","modified_gmt":"2016-12-06T21:35:22","slug":"sa-firar-profilerna-jul-mikael-backstrom-kickboxning","status":"publish","type":"post","link":"https:\/\/www.budokampsport.se\/2012\/12\/10\/sa-firar-profilerna-jul-mikael-backstrom-kickboxning\/","title":{"rendered":"S\u00e5 firar profilerna jul &#8211; Mikael B\u00e4ckstr\u00f6m, kickboxning"},"content":{"rendered":"<p><strong>Budokampsport.se forts\u00e4tter v\u00e5r nedr\u00e4kning till jul med v\u00e5r artikelserie om v\u00e5ra profilers jul och denna g\u00e5ng har det blivit tur f\u00f6r den forne v\u00e4rldsm\u00e4staren i kickboxning Mikael B\u00e4ckstr\u00f6m.<!--break--><\/strong><\/p>\n<p>Mikael B\u00e4ckstr\u00f6m blev under 2011 v\u00e4rldsm\u00e4staren i kickboxning som sedan valde att l\u00e4gga handskarna p\u00e5 hyllan. Han har ist\u00e4llet f\u00f6r eget t\u00e4vlande under \u00e5ret byggt upp en klubb och hunnit med att coacha en annan profil fram till en v\u00e4rldsm\u00e4startitel.<\/p>\n<p>B\u00e4ckstr\u00f6m, med ett f\u00f6rflutet inom amerikansk fotboll, \u00e4r trots sitt egna avslutande idrottande s\u00e5ledes fortfarande en viktig kampsportsprofil i Sverige.<\/p>\n<p><strong>Mikael, om du ser tillbaka p\u00e5 2012, hur har det \u00e5ret varit f\u00f6r dig b\u00e5de personligt och inom jobbet?<\/strong><br \/>\u00a0\u00a0 &#8211; Rent personligt har det varit ett bra \u00e5r f\u00f6r mig. \u00c4ven om det har varit sv\u00e5rt att l\u00e5ta bli att t\u00e4vla. Men jag lovade min fru att det var slutt\u00e4vlat efter f\u00f6rra VM och det st\u00e5r fortfarande fast. Jag har tack vare det ocks\u00e5 insett att min kropp verkar m\u00e5 b\u00e4ttre av sansad tr\u00e4ning, numera k\u00f6r jag fem-sex pass i veckan mot tidigare 11-12 pass. S\u00e5 det har varit ett sk\u00f6nt \u00e5r. Jag har startat upp klubben som ocks\u00e5 har bytt lokal och blivit ett fullutrustat gym. Fr\u00e5n och med n\u00e4sta \u00e5r k\u00f6r jag d\u00e4r heltid s\u00e5 jag har sagt upp mig fr\u00e5n mitt arbete och det ska bli v\u00e4ldigt inspirerande och sp\u00e4nnande. Jag har ocks\u00e5 f\u00e5tt \u00e4ran att vara med p\u00e5 Thereses (Gunnarssons) resa och ansvarat f\u00f6r hennes tr\u00e4ningsuppl\u00e4gg inf\u00f6r hennes VM-titelmatch. Det har varit ett mycket roligt \u00e5r, med andra ord.<\/p>\n<p><strong>Hur kommer du att fira julen?<\/strong><br \/>\u00a0\u00a0 &#8211; Det blir lite som vanligt, om jag inte beh\u00f6ver jobba. Det blir en jul med mor och far och min hustru och son och Nils, v\u00e5r terrier. En hund med adhd p\u00e5 sockerrush, skulle man kunna s\u00e4ga. S\u00e5 det blir trevligt.<\/p>\n<p><strong>Vad \u00f6nskar du dig mest av allt i julklapp?<\/strong><br \/>\u00a0\u00a0 &#8211; Det vet jag inte. Jag \u00e4r v\u00e4l en av de d\u00e4r tr\u00e5kiga som har det mesta som jag vill ha. Men jag \u00f6nskar att jag fick bra snurr p\u00e5 mitt egna f\u00f6retag.<\/p>\n<p><img decoding=\"async\" alt=\"\" src=\"http:\/\/www.budokampsport.se\/sites\/default\/files\/vm_kickboxning-backis.jpg\" style=\"height:368px; width:400px\"><\/p>\n<p><strong>Har du n\u00e5got ny\u00e5rsl\u00f6fte, i s\u00e5 fall vad och varf\u00f6r?<\/strong><br \/>\u00a0\u00a0 &#8211; Nej, det har jag inte. Det har jag aldrig. Kan man inte lova att g\u00f6ra saker mer \u00e4n en g\u00e5ng om \u00e5ret kan man lika g\u00e4rna l\u00e5ta bli.<\/p>\n<p><strong>Om du blickar fram mot 2013, vad tror du om det \u00e5ret b\u00e5de personligt och idrottsligt?<\/strong><br \/>\u00a0\u00a0 &#8211; Personligen \u00e4r det ju att f\u00e5 ig\u00e5ng f\u00f6retaget, att skapa mig en daglig verksamhet som jag inte enbart l\u00e4ngtar efter semester ifr\u00e5n. Jag skulle vilja etablera v\u00e5r t\u00e4vlingsgrupp p\u00e5 klubben \u00e4nnu mer och forts\u00e4tta f\u00f6rs\u00f6ka l\u00e5ta bli att sj\u00e4lv t\u00e4vla. Sedan vore det j\u00e4ttekul att f\u00e5 k\u00f6ra en v\u00e4nda till med Therese (Gunnarsson). Jag tror att hon kommer att ha det d\u00e4r m\u00e4starb\u00e4ltet under m\u00e5nga \u00e5r fram\u00f6ver.<\/p>\n<p><strong><em>Imorgon forts\u00e4tter julnedr\u00e4kningen med en ny profil d\u00e5\u00a0Svenska Budo &#038; Kampsportsf\u00f6rbundets Generalsekreterare Mona Lundkvist\u00a0ska f\u00e5 ber\u00e4tta om sin kommande jul. Budokampsport.se \u00f6nskar givetvis\u00a0Mikael B\u00e4ckstr\u00f6m\u00a0en riktigt god jul och gott nytt \u00e5r.<\/em><\/strong><\/p>\n<p><strong>Tidigare artiklar i serien<\/strong><br \/><a href=\"http:\/\/www.budokampsport.se\/nyheter\/2012\/3\/sa-firar-profilerna-jul-maria-engqvist-iaido-och-jodolandslaget\">Maria Engqvist<br \/>Bj\u00f6rn Rhodin<\/a><br \/><a href=\"http:\/\/www.budokampsport.se\/nyheter\/2012\/5\/sa-firar-profilerna-jul-pierre-dahl-vd-och-grundare-budo-fitness\">Pierre Dahl<\/a><\/p>\n<p>Text och foto: Jonathan Broberg<\/p>\n","protected":false},"excerpt":{"rendered":"<p><strong>Budokampsport.se forts\u00e4tter v\u00e5r nedr\u00e4kning till jul med v\u00e5r artikelserie om v\u00e5ra profilers jul och denna g\u00e5ng har det blivit tur f\u00f6r den forne v\u00e4rldsm\u00e4staren i kickboxning Mikael B\u00e4ckstr\u00f6m.<\/p><br>","protected":false},"author":7,"featured_media":0,"comment_status":"closed","ping_status":"closed","sticky":false,"template":"","format":"standard","meta":{"_acf_changed":false,"footnotes":""},"categories":[1],"tags":[],"class_list":["post-4460","post","type-post","status-publish","format-standard","hentry","category-okategoriserade"],"acf":[],"yoast_head":"<!-- This site is optimized with the Yoast SEO plugin v26.8 - https:\/\/yoast.com\/product\/yoast-seo-wordpress\/ -->\n<title>S\u00e5 firar profilerna jul - Mikael B\u00e4ckstr\u00f6m, kickboxning - Svenska Budo &amp; Kampsportsf\u00f6rbundet<\/title>\n<meta name=\"description\" content=\"Budokampsport.se forts\u00e4tter v\u00e5r nedr\u00e4kning till jul med v\u00e5r artikelserie om v\u00e5ra profilers jul och denna g\u00e5ng har det blivit tur f\u00f6r den forne v\u00e4rldsm\u00e4staren i kickboxning Mikael B\u00e4ckstr\u00f6m.\" \/>\n<meta name=\"robots\" content=\"index, follow, max-snippet:-1, max-image-preview:large, max-video-preview:-1\" \/>\n<link rel=\"canonical\" href=\"https:\/\/www.budokampsport.se\/2012\/12\/10\/sa-firar-profilerna-jul-mikael-backstrom-kickboxning\/\" \/>\n<meta property=\"og:locale\" content=\"sv_SE\" \/>\n<meta property=\"og:type\" content=\"article\" \/>\n<meta property=\"og:title\" content=\"S\u00e5 firar profilerna jul - Mikael B\u00e4ckstr\u00f6m, kickboxning - Svenska Budo &amp; Kampsportsf\u00f6rbundet\" \/>\n<meta property=\"og:description\" content=\"Budokampsport.se forts\u00e4tter v\u00e5r nedr\u00e4kning till jul med v\u00e5r artikelserie om v\u00e5ra profilers jul och denna g\u00e5ng har det blivit tur f\u00f6r den forne v\u00e4rldsm\u00e4staren i kickboxning Mikael B\u00e4ckstr\u00f6m.\" \/>\n<meta property=\"og:url\" content=\"https:\/\/www.budokampsport.se\/2012\/12\/10\/sa-firar-profilerna-jul-mikael-backstrom-kickboxning\/\" \/>\n<meta property=\"og:site_name\" content=\"Svenska Budo &amp; Kampsportsf\u00f6rbundet\" \/>\n<meta property=\"article:author\" content=\"https:\/\/www.facebook.com\/jonathan.broberg.7\" \/>\n<meta property=\"article:published_time\" content=\"2012-12-10T14:55:12+00:00\" \/>\n<meta property=\"article:modified_time\" content=\"2016-12-06T21:35:22+00:00\" \/>\n<meta property=\"og:image\" content=\"http:\/\/www.budokampsport.se\/sites\/default\/files\/vm_kickboxning-backis.jpg\" \/>\n<meta name=\"author\" content=\"Jonathan Broberg\" \/>\n<meta name=\"twitter:card\" content=\"summary_large_image\" \/>\n<meta name=\"twitter:label1\" content=\"Skriven av\" \/>\n\t<meta name=\"twitter:data1\" content=\"Jonathan Broberg\" \/>\n\t<meta name=\"twitter:label2\" content=\"Ber\u00e4knad l\u00e4stid\" \/>\n\t<meta name=\"twitter:data2\" content=\"3 minuter\" \/>\n<script type=\"application\/ld+json\" class=\"yoast-schema-graph\">{\"@context\":\"https:\/\/schema.org\",\"@graph\":[{\"@type\":\"Article\",\"@id\":\"https:\/\/www.budokampsport.se\/2012\/12\/10\/sa-firar-profilerna-jul-mikael-backstrom-kickboxning\/#article\",\"isPartOf\":{\"@id\":\"https:\/\/www.budokampsport.se\/2012\/12\/10\/sa-firar-profilerna-jul-mikael-backstrom-kickboxning\/\"},\"author\":{\"name\":\"Jonathan Broberg\",\"@id\":\"https:\/\/www.budokampsport.se\/#\/schema\/person\/5c06d81d14850e2a8ce5493386560145\"},\"headline\":\"S\u00e5 firar profilerna jul &#8211; Mikael B\u00e4ckstr\u00f6m, kickboxning\",\"datePublished\":\"2012-12-10T14:55:12+00:00\",\"dateModified\":\"2016-12-06T21:35:22+00:00\",\"mainEntityOfPage\":{\"@id\":\"https:\/\/www.budokampsport.se\/2012\/12\/10\/sa-firar-profilerna-jul-mikael-backstrom-kickboxning\/\"},\"wordCount\":614,\"image\":{\"@id\":\"https:\/\/www.budokampsport.se\/2012\/12\/10\/sa-firar-profilerna-jul-mikael-backstrom-kickboxning\/#primaryimage\"},\"thumbnailUrl\":\"http:\/\/www.budokampsport.se\/sites\/default\/files\/vm_kickboxning-backis.jpg\",\"inLanguage\":\"sv-SE\"},{\"@type\":\"WebPage\",\"@id\":\"https:\/\/www.budokampsport.se\/2012\/12\/10\/sa-firar-profilerna-jul-mikael-backstrom-kickboxning\/\",\"url\":\"https:\/\/www.budokampsport.se\/2012\/12\/10\/sa-firar-profilerna-jul-mikael-backstrom-kickboxning\/\",\"name\":\"S\u00e5 firar profilerna jul - Mikael B\u00e4ckstr\u00f6m, kickboxning - Svenska Budo &amp; Kampsportsf\u00f6rbundet\",\"isPartOf\":{\"@id\":\"https:\/\/www.budokampsport.se\/#website\"},\"primaryImageOfPage\":{\"@id\":\"https:\/\/www.budokampsport.se\/2012\/12\/10\/sa-firar-profilerna-jul-mikael-backstrom-kickboxning\/#primaryimage\"},\"image\":{\"@id\":\"https:\/\/www.budokampsport.se\/2012\/12\/10\/sa-firar-profilerna-jul-mikael-backstrom-kickboxning\/#primaryimage\"},\"thumbnailUrl\":\"http:\/\/www.budokampsport.se\/sites\/default\/files\/vm_kickboxning-backis.jpg\",\"datePublished\":\"2012-12-10T14:55:12+00:00\",\"dateModified\":\"2016-12-06T21:35:22+00:00\",\"author\":{\"@id\":\"https:\/\/www.budokampsport.se\/#\/schema\/person\/5c06d81d14850e2a8ce5493386560145\"},\"description\":\"Budokampsport.se forts\u00e4tter v\u00e5r nedr\u00e4kning till jul med v\u00e5r artikelserie om v\u00e5ra profilers jul och denna g\u00e5ng har det blivit tur f\u00f6r den forne v\u00e4rldsm\u00e4staren i kickboxning Mikael B\u00e4ckstr\u00f6m.\",\"breadcrumb\":{\"@id\":\"https:\/\/www.budokampsport.se\/2012\/12\/10\/sa-firar-profilerna-jul-mikael-backstrom-kickboxning\/#breadcrumb\"},\"inLanguage\":\"sv-SE\",\"potentialAction\":[{\"@type\":\"ReadAction\",\"target\":[\"https:\/\/www.budokampsport.se\/2012\/12\/10\/sa-firar-profilerna-jul-mikael-backstrom-kickboxning\/\"]}]},{\"@type\":\"ImageObject\",\"inLanguage\":\"sv-SE\",\"@id\":\"https:\/\/www.budokampsport.se\/2012\/12\/10\/sa-firar-profilerna-jul-mikael-backstrom-kickboxning\/#primaryimage\",\"url\":\"http:\/\/www.budokampsport.se\/sites\/default\/files\/vm_kickboxning-backis.jpg\",\"contentUrl\":\"http:\/\/www.budokampsport.se\/sites\/default\/files\/vm_kickboxning-backis.jpg\"},{\"@type\":\"BreadcrumbList\",\"@id\":\"https:\/\/www.budokampsport.se\/2012\/12\/10\/sa-firar-profilerna-jul-mikael-backstrom-kickboxning\/#breadcrumb\",\"itemListElement\":[{\"@type\":\"ListItem\",\"position\":1,\"name\":\"Hem\",\"item\":\"https:\/\/www.budokampsport.se\/\"},{\"@type\":\"ListItem\",\"position\":2,\"name\":\"S\u00e5 firar profilerna jul &#8211; Mikael B\u00e4ckstr\u00f6m, kickboxning\"}]},{\"@type\":\"WebSite\",\"@id\":\"https:\/\/www.budokampsport.se\/#website\",\"url\":\"https:\/\/www.budokampsport.se\/\",\"name\":\"Svenska Budo &amp; Kampsportsf\u00f6rbundet\",\"description\":\"T\u00e4vling, Tr\u00e4ning, Tradition\",\"potentialAction\":[{\"@type\":\"SearchAction\",\"target\":{\"@type\":\"EntryPoint\",\"urlTemplate\":\"https:\/\/www.budokampsport.se\/?s={search_term_string}\"},\"query-input\":{\"@type\":\"PropertyValueSpecification\",\"valueRequired\":true,\"valueName\":\"search_term_string\"}}],\"inLanguage\":\"sv-SE\"},{\"@type\":\"Person\",\"@id\":\"https:\/\/www.budokampsport.se\/#\/schema\/person\/5c06d81d14850e2a8ce5493386560145\",\"name\":\"Jonathan Broberg\",\"image\":{\"@type\":\"ImageObject\",\"inLanguage\":\"sv-SE\",\"@id\":\"https:\/\/www.budokampsport.se\/#\/schema\/person\/image\/\",\"url\":\"https:\/\/secure.gravatar.com\/avatar\/a58041c6cea9128bd9c40ee2f26d4136?s=96&d=blank&r=g\",\"contentUrl\":\"https:\/\/secure.gravatar.com\/avatar\/a58041c6cea9128bd9c40ee2f26d4136?s=96&d=blank&r=g\",\"caption\":\"Jonathan Broberg\"},\"sameAs\":[\"https:\/\/www.facebook.com\/jonathan.broberg.7\"],\"url\":\"https:\/\/www.budokampsport.se\/author\/jonathan\/\"}]}<\/script>\n<!-- \/ Yoast SEO plugin. -->","yoast_head_json":{"title":"S\u00e5 firar profilerna jul - Mikael B\u00e4ckstr\u00f6m, kickboxning - Svenska Budo &amp; Kampsportsf\u00f6rbundet","description":"Budokampsport.se forts\u00e4tter v\u00e5r nedr\u00e4kning till jul med v\u00e5r artikelserie om v\u00e5ra profilers jul och denna g\u00e5ng har det blivit tur f\u00f6r den forne v\u00e4rldsm\u00e4staren i kickboxning Mikael B\u00e4ckstr\u00f6m.","robots":{"index":"index","follow":"follow","max-snippet":"max-snippet:-1","max-image-preview":"max-image-preview:large","max-video-preview":"max-video-preview:-1"},"canonical":"https:\/\/www.budokampsport.se\/2012\/12\/10\/sa-firar-profilerna-jul-mikael-backstrom-kickboxning\/","og_locale":"sv_SE","og_type":"article","og_title":"S\u00e5 firar profilerna jul - Mikael B\u00e4ckstr\u00f6m, kickboxning - Svenska Budo &amp; Kampsportsf\u00f6rbundet","og_description":"Budokampsport.se forts\u00e4tter v\u00e5r nedr\u00e4kning till jul med v\u00e5r artikelserie om v\u00e5ra profilers jul och denna g\u00e5ng har det blivit tur f\u00f6r den forne v\u00e4rldsm\u00e4staren i kickboxning Mikael B\u00e4ckstr\u00f6m.","og_url":"https:\/\/www.budokampsport.se\/2012\/12\/10\/sa-firar-profilerna-jul-mikael-backstrom-kickboxning\/","og_site_name":"Svenska Budo &amp; Kampsportsf\u00f6rbundet","article_author":"https:\/\/www.facebook.com\/jonathan.broberg.7","article_published_time":"2012-12-10T14:55:12+00:00","article_modified_time":"2016-12-06T21:35:22+00:00","og_image":[{"url":"http:\/\/www.budokampsport.se\/sites\/default\/files\/vm_kickboxning-backis.jpg","type":"","width":"","height":""}],"author":"Jonathan Broberg","twitter_card":"summary_large_image","twitter_misc":{"Skriven av":"Jonathan Broberg","Ber\u00e4knad l\u00e4stid":"3 minuter"},"schema":{"@context":"https:\/\/schema.org","@graph":[{"@type":"Article","@id":"https:\/\/www.budokampsport.se\/2012\/12\/10\/sa-firar-profilerna-jul-mikael-backstrom-kickboxning\/#article","isPartOf":{"@id":"https:\/\/www.budokampsport.se\/2012\/12\/10\/sa-firar-profilerna-jul-mikael-backstrom-kickboxning\/"},"author":{"name":"Jonathan Broberg","@id":"https:\/\/www.budokampsport.se\/#\/schema\/person\/5c06d81d14850e2a8ce5493386560145"},"headline":"S\u00e5 firar profilerna jul &#8211; Mikael B\u00e4ckstr\u00f6m, kickboxning","datePublished":"2012-12-10T14:55:12+00:00","dateModified":"2016-12-06T21:35:22+00:00","mainEntityOfPage":{"@id":"https:\/\/www.budokampsport.se\/2012\/12\/10\/sa-firar-profilerna-jul-mikael-backstrom-kickboxning\/"},"wordCount":614,"image":{"@id":"https:\/\/www.budokampsport.se\/2012\/12\/10\/sa-firar-profilerna-jul-mikael-backstrom-kickboxning\/#primaryimage"},"thumbnailUrl":"http:\/\/www.budokampsport.se\/sites\/default\/files\/vm_kickboxning-backis.jpg","inLanguage":"sv-SE"},{"@type":"WebPage","@id":"https:\/\/www.budokampsport.se\/2012\/12\/10\/sa-firar-profilerna-jul-mikael-backstrom-kickboxning\/","url":"https:\/\/www.budokampsport.se\/2012\/12\/10\/sa-firar-profilerna-jul-mikael-backstrom-kickboxning\/","name":"S\u00e5 firar profilerna jul - Mikael B\u00e4ckstr\u00f6m, kickboxning - Svenska Budo &amp; Kampsportsf\u00f6rbundet","isPartOf":{"@id":"https:\/\/www.budokampsport.se\/#website"},"primaryImageOfPage":{"@id":"https:\/\/www.budokampsport.se\/2012\/12\/10\/sa-firar-profilerna-jul-mikael-backstrom-kickboxning\/#primaryimage"},"image":{"@id":"https:\/\/www.budokampsport.se\/2012\/12\/10\/sa-firar-profilerna-jul-mikael-backstrom-kickboxning\/#primaryimage"},"thumbnailUrl":"http:\/\/www.budokampsport.se\/sites\/default\/files\/vm_kickboxning-backis.jpg","datePublished":"2012-12-10T14:55:12+00:00","dateModified":"2016-12-06T21:35:22+00:00","author":{"@id":"https:\/\/www.budokampsport.se\/#\/schema\/person\/5c06d81d14850e2a8ce5493386560145"},"description":"Budokampsport.se forts\u00e4tter v\u00e5r nedr\u00e4kning till jul med v\u00e5r artikelserie om v\u00e5ra profilers jul och denna g\u00e5ng har det blivit tur f\u00f6r den forne v\u00e4rldsm\u00e4staren i kickboxning Mikael B\u00e4ckstr\u00f6m.","breadcrumb":{"@id":"https:\/\/www.budokampsport.se\/2012\/12\/10\/sa-firar-profilerna-jul-mikael-backstrom-kickboxning\/#breadcrumb"},"inLanguage":"sv-SE","potentialAction":[{"@type":"ReadAction","target":["https:\/\/www.budokampsport.se\/2012\/12\/10\/sa-firar-profilerna-jul-mikael-backstrom-kickboxning\/"]}]},{"@type":"ImageObject","inLanguage":"sv-SE","@id":"https:\/\/www.budokampsport.se\/2012\/12\/10\/sa-firar-profilerna-jul-mikael-backstrom-kickboxning\/#primaryimage","url":"http:\/\/www.budokampsport.se\/sites\/default\/files\/vm_kickboxning-backis.jpg","contentUrl":"http:\/\/www.budokampsport.se\/sites\/default\/files\/vm_kickboxning-backis.jpg"},{"@type":"BreadcrumbList","@id":"https:\/\/www.budokampsport.se\/2012\/12\/10\/sa-firar-profilerna-jul-mikael-backstrom-kickboxning\/#breadcrumb","itemListElement":[{"@type":"ListItem","position":1,"name":"Hem","item":"https:\/\/www.budokampsport.se\/"},{"@type":"ListItem","position":2,"name":"S\u00e5 firar profilerna jul &#8211; Mikael B\u00e4ckstr\u00f6m, kickboxning"}]},{"@type":"WebSite","@id":"https:\/\/www.budokampsport.se\/#website","url":"https:\/\/www.budokampsport.se\/","name":"Svenska Budo &amp; Kampsportsf\u00f6rbundet","description":"T\u00e4vling, Tr\u00e4ning, Tradition","potentialAction":[{"@type":"SearchAction","target":{"@type":"EntryPoint","urlTemplate":"https:\/\/www.budokampsport.se\/?s={search_term_string}"},"query-input":{"@type":"PropertyValueSpecification","valueRequired":true,"valueName":"search_term_string"}}],"inLanguage":"sv-SE"},{"@type":"Person","@id":"https:\/\/www.budokampsport.se\/#\/schema\/person\/5c06d81d14850e2a8ce5493386560145","name":"Jonathan Broberg","image":{"@type":"ImageObject","inLanguage":"sv-SE","@id":"https:\/\/www.budokampsport.se\/#\/schema\/person\/image\/","url":"https:\/\/secure.gravatar.com\/avatar\/a58041c6cea9128bd9c40ee2f26d4136?s=96&d=blank&r=g","contentUrl":"https:\/\/secure.gravatar.com\/avatar\/a58041c6cea9128bd9c40ee2f26d4136?s=96&d=blank&r=g","caption":"Jonathan Broberg"},"sameAs":["https:\/\/www.facebook.com\/jonathan.broberg.7"],"url":"https:\/\/www.budokampsport.se\/author\/jonathan\/"}]}},"_links":{"self":[{"href":"https:\/\/www.budokampsport.se\/api\/wp\/v2\/posts\/4460","targetHints":{"allow":["GET"]}}],"collection":[{"href":"https:\/\/www.budokampsport.se\/api\/wp\/v2\/posts"}],"about":[{"href":"https:\/\/www.budokampsport.se\/api\/wp\/v2\/types\/post"}],"author":[{"embeddable":true,"href":"https:\/\/www.budokampsport.se\/api\/wp\/v2\/users\/7"}],"replies":[{"embeddable":true,"href":"https:\/\/www.budokampsport.se\/api\/wp\/v2\/comments?post=4460"}],"version-history":[{"count":0,"href":"https:\/\/www.budokampsport.se\/api\/wp\/v2\/posts\/4460\/revisions"}],"wp:attachment":[{"href":"https:\/\/www.budokampsport.se\/api\/wp\/v2\/media?parent=4460"}],"wp:term":[{"taxonomy":"category","embeddable":true,"href":"https:\/\/www.budokampsport.se\/api\/wp\/v2\/categories?post=4460"},{"taxonomy":"post_tag","embeddable":true,"href":"https:\/\/www.budokampsport.se\/api\/wp\/v2\/tags?post=4460"}],"curies":[{"name":"wp","href":"https:\/\/api.w.org\/{rel}","templated":true}]}}