{"id":4462,"date":"2012-12-11T14:53:49","date_gmt":"2012-12-11T13:53:49","guid":{"rendered":"http:\/\/budo.wordpress.dev\/2012\/12\/11\/sa-firar-profilerna-jul-mona-lundkvist-generalsekreterare-sbk\/"},"modified":"2016-12-06T22:35:22","modified_gmt":"2016-12-06T21:35:22","slug":"sa-firar-profilerna-jul-mona-lundkvist-generalsekreterare-sbk","status":"publish","type":"post","link":"https:\/\/www.budokampsport.se\/2012\/12\/11\/sa-firar-profilerna-jul-mona-lundkvist-generalsekreterare-sbk\/","title":{"rendered":"S\u00e5 firar profilerna jul &#8211; Mona Lundkvist, Generalsekreterare SB&#038;K"},"content":{"rendered":"<p><strong>Budokampsport.se forts\u00e4tter v\u00e5r nedr\u00e4kning till jul med v\u00e5r artikelserie om v\u00e5ra profilers jul och denna g\u00e5ng har det blivit tur f\u00f6r Svenska Budo &#038; Kampsportsf\u00f6rbundets Generalsekreterare Mona Lundkvist.<br \/><!--break--><\/strong><\/p>\n<p>Mona Lundkvist tilltr\u00e4dde som ny Generalsekreterare f\u00f6rsta januari 2010 efter Javier Escalante som d\u00e5 f\u00f6ljde med karaten till deras nystartade f\u00f6rbund.<br \/>\u00a0<br \/>Efter det har Svenska Budo &#038; Kampsportsf\u00f6rbundet inte riktigt varit sig likt. F\u00f6rbundet har \u00f6ppnats upp och tagit ett mer aktivt kliv in mot den dagliga verksamheten. Och mycket av den utveckling vi ser inom svensk budo och kampsport har Mona Lundkvist haft ett finger i.<\/p>\n<p>Under Monas ledning har \u00e4ven kansliet ut\u00f6kats och f\u00f6rbundet g\u00e5r en ljus framtid tillm\u00f6tes.<\/p>\n<p><strong>Mona, om du ser tillbaka p\u00e5 2012, hur har det \u00e5ret varit f\u00f6r dig b\u00e5de personligt och idrottsligt?<\/strong><br \/>\u00a0\u00a0 &#8211; 2012 har varit ett bra \u00e5r. Jag har avslutat min ett\u00e5riga utbildning Idrottens ledarskapsprogram, det har varit tufft att f\u00e5 tiden att g\u00e5 ihop men jag har l\u00e4rt mig otroligt mycket. Jag har f\u00e5tt ett n\u00e4tverk av fantastiska m\u00e4nniskor som ocks\u00e5 arbetar inom idrotten och vi har l\u00e4rt oss mycket av varandra.<br \/>\u00a0\u00a0 &#8211; Lagom till semestern pajade min rygg ihop helt och jag fick veta att jag har ett allvarligt diskbr\u00e5ck, jag tackade nej till operation och har sen dess g\u00e5tt p\u00e5 rehab. Numera st\u00e5r jag upp och jobbar vilket gjort att jag faktiskt k\u00e4nner mig helt okej. Inte hemma \u00e4n men p\u00e5 god v\u00e4g.<\/p>\n<p><strong>Hur kommer du att fira julen?<\/strong><br \/>\u00a0\u00a0 &#8211; Nu n\u00e4r b\u00e5de mamma och pappa inte \u00e4r med oss l\u00e4ngre \u00e4r det inte riktigt sig likt. K\u00e4nns alltid som \u00e4r det \u00e4r n\u00e5gra som saknas. I \u00e5r kommer jag \u00e5ka till min syster och hennes sambo, de \u00e4r riktigt pysslare som gillar att laga god mat och har i god tid gjort sin egen gl\u00f6gg som \u00e4r klar lagom till jul, den ser jag fram emot.<\/p>\n<p><strong>Vad \u00f6nskar du dig mest av allt i julklapp?<\/strong><br \/>\u00a0\u00a0 &#8211; En ny bil, en resa eller n\u00e5got annat litet\u2026 Nejd\u00e5, sk\u00e4mt och sido, jag \u00f6nskar mig ingenting. Min \u00e4lskling fr\u00e5gade h\u00e4romdagen och d\u00e5 sa jag att jag vet vad jag inte vill ha i alla fall, eftersom han k\u00f6pte samma sak till mig b\u00e5de f\u00f6rra julen och n\u00e4r jag fyllde \u00e5r. Inte f\u00f6r att det var n\u00e5got d\u00e5ligt men lite brist p\u00e5 fantasi \u00e4r det allt, eller?<\/p>\n<p><img decoding=\"async\" alt=\"\" src=\"http:\/\/www.budokampsport.se\/sites\/default\/files\/mona.gif\" style=\"height:290px; width:435px\"><\/p>\n<p><strong>Har du n\u00e5got ny\u00e5rsl\u00f6fte, i s\u00e5 fall vad och varf\u00f6r?<\/strong><br \/>\u00a0\u00a0 &#8211; Jag brukar faktiskt inte ha n\u00e5gra ny\u00e5rsl\u00f6ften men om det ska vara n\u00e5got m\u00e5ste det nog bli att jag vill tr\u00e4ffa mina v\u00e4nner mer under 2013 eftersom det blivit alldeles f\u00f6r lite av det detta \u00e5r.<\/p>\n<p><strong>Om du blickar fram mot 2013, vad tror du om det \u00e5ret b\u00e5de personligt och idrottsligt?<\/strong><br \/>\u00a0\u00a0 &#8211; Jag b\u00f6rjar 2013 med att \u00e5ka och h\u00e4lsa p\u00e5 min dotter som jobbar i Dubai, jag saknar henne oerh\u00f6rt mycket s\u00e5 det ser jag fram emot.N\u00e4r jag kommer hem \u00e5ker h\u00f6gsta v\u00e4xeln i f\u00f6r att f\u00f6rbereda Kampsportsgalan. Det k\u00e4nns sp\u00e4nnande att vi beslutade oss f\u00f6r att l\u00e4gga galan p\u00e5 Berns i Stockholm denna g\u00e5ng, kul med n\u00e5got nytt. Vi har ocks\u00e5 ett nytt stort projekt p\u00e5 g\u00e5ng som vi kommer att ber\u00e4tta mer om senare, det kan bli riktigt bra i alla fall.<br \/>\u00a0\u00a0 &#8211; Det har varit tufft f\u00f6r hela kansliet arbetsm\u00e4ssigt men tack vare att alla tagit sitt ansvar och st\u00e4llt upp f\u00f6r varandra har det g\u00e5tt bra. Ett stort tack till Magnus, Jonathan och Marie, ni \u00e4r b\u00e4st!! Jag vill ocks\u00e5 passa p\u00e5 att \u00f6nska v\u00e5ra fantastiska medlemmar en riktigt god jul! Utan er skulle vi inte finnas.<\/p>\n<p><strong><em>Imorgon forts\u00e4tter julnedr\u00e4kningen med en ny profil d\u00e5\u00a0thaiboxningens Pelle B\u00e5ngh\u00e4ll\u00a0ska f\u00e5 ber\u00e4tta om sin kommande jul. Budokampsport.se \u00f6nskar givetvis\u00a0Mona Lundkvist\u00a0en riktigt god jul och gott nytt \u00e5r.<\/em><\/strong><\/p>\n<p><strong>Tidigare artiklar i serien<\/strong><br \/><a href=\"http:\/\/www.budokampsport.se\/nyheter\/2012\/3\/sa-firar-profilerna-jul-maria-engqvist-iaido-och-jodolandslaget\">Maria Engqvist<\/a><br \/><a href=\"http:\/\/www.budokampsport.se\/nyheter\/2012\/4\/sa-firar-profilerna-jul-bjorn-rhodin-vice-ordforande-kickboxningsforbundet\">Bj\u00f6rn Rhodin<\/a><br \/><a href=\"http:\/\/www.budokampsport.se\/nyheter\/2012\/5\/sa-firar-profilerna-jul-pierre-dahl-vd-och-grundare-budo-fitness\">Pierre Dahl<br \/>Mikael B\u00e4ckstr\u00f6m<\/a><\/p>\n<p>Text: Jonathan Broberg<\/p>\n","protected":false},"excerpt":{"rendered":"<p><strong>Budokampsport.se forts\u00e4tter v\u00e5r nedr\u00e4kning till jul med v\u00e5r artikelserie om v\u00e5ra profilers jul och denna g\u00e5ng har det blivit tur f\u00f6r Svenska Budo &#038; Kampsportsf\u00f6rbundets Generalsekreterare Mona Lundkvist.<\/p><br>","protected":false},"author":7,"featured_media":0,"comment_status":"closed","ping_status":"closed","sticky":false,"template":"","format":"standard","meta":{"_acf_changed":false,"footnotes":""},"categories":[1],"tags":[],"class_list":["post-4462","post","type-post","status-publish","format-standard","hentry","category-okategoriserade"],"acf":[],"yoast_head":"<!-- This site is optimized with the Yoast SEO plugin v26.8 - https:\/\/yoast.com\/product\/yoast-seo-wordpress\/ -->\n<title>S\u00e5 firar profilerna jul - Mona Lundkvist, Generalsekreterare SB&amp;K - Svenska Budo &amp; Kampsportsf\u00f6rbundet<\/title>\n<meta name=\"description\" content=\"Budokampsport.se forts\u00e4tter v\u00e5r nedr\u00e4kning till jul med v\u00e5r artikelserie om v\u00e5ra profilers jul och denna g\u00e5ng har det blivit tur f\u00f6r Svenska Budo &amp; Kampsportsf\u00f6rbundets Generalsekreterare Mona Lundkvist.\" \/>\n<meta name=\"robots\" content=\"index, follow, max-snippet:-1, max-image-preview:large, max-video-preview:-1\" \/>\n<link rel=\"canonical\" href=\"https:\/\/www.budokampsport.se\/2012\/12\/11\/sa-firar-profilerna-jul-mona-lundkvist-generalsekreterare-sbk\/\" \/>\n<meta property=\"og:locale\" content=\"sv_SE\" \/>\n<meta property=\"og:type\" content=\"article\" \/>\n<meta property=\"og:title\" content=\"S\u00e5 firar profilerna jul - Mona Lundkvist, Generalsekreterare SB&amp;K - Svenska Budo &amp; Kampsportsf\u00f6rbundet\" \/>\n<meta property=\"og:description\" content=\"Budokampsport.se forts\u00e4tter v\u00e5r nedr\u00e4kning till jul med v\u00e5r artikelserie om v\u00e5ra profilers jul och denna g\u00e5ng har det blivit tur f\u00f6r Svenska Budo &amp; Kampsportsf\u00f6rbundets Generalsekreterare Mona Lundkvist.\" \/>\n<meta property=\"og:url\" content=\"https:\/\/www.budokampsport.se\/2012\/12\/11\/sa-firar-profilerna-jul-mona-lundkvist-generalsekreterare-sbk\/\" \/>\n<meta property=\"og:site_name\" content=\"Svenska Budo &amp; Kampsportsf\u00f6rbundet\" \/>\n<meta property=\"article:author\" content=\"https:\/\/www.facebook.com\/jonathan.broberg.7\" \/>\n<meta property=\"article:published_time\" content=\"2012-12-11T13:53:49+00:00\" \/>\n<meta property=\"article:modified_time\" content=\"2016-12-06T21:35:22+00:00\" \/>\n<meta property=\"og:image\" content=\"http:\/\/www.budokampsport.se\/sites\/default\/files\/mona.gif\" \/>\n<meta name=\"author\" content=\"Jonathan Broberg\" \/>\n<meta name=\"twitter:card\" content=\"summary_large_image\" \/>\n<meta name=\"twitter:label1\" content=\"Skriven av\" \/>\n\t<meta name=\"twitter:data1\" content=\"Jonathan Broberg\" \/>\n\t<meta name=\"twitter:label2\" content=\"Ber\u00e4knad l\u00e4stid\" \/>\n\t<meta name=\"twitter:data2\" content=\"4 minuter\" \/>\n<script type=\"application\/ld+json\" class=\"yoast-schema-graph\">{\"@context\":\"https:\/\/schema.org\",\"@graph\":[{\"@type\":\"Article\",\"@id\":\"https:\/\/www.budokampsport.se\/2012\/12\/11\/sa-firar-profilerna-jul-mona-lundkvist-generalsekreterare-sbk\/#article\",\"isPartOf\":{\"@id\":\"https:\/\/www.budokampsport.se\/2012\/12\/11\/sa-firar-profilerna-jul-mona-lundkvist-generalsekreterare-sbk\/\"},\"author\":{\"name\":\"Jonathan Broberg\",\"@id\":\"https:\/\/www.budokampsport.se\/#\/schema\/person\/5c06d81d14850e2a8ce5493386560145\"},\"headline\":\"S\u00e5 firar profilerna jul &#8211; Mona Lundkvist, Generalsekreterare SB&#038;K\",\"datePublished\":\"2012-12-11T13:53:49+00:00\",\"dateModified\":\"2016-12-06T21:35:22+00:00\",\"mainEntityOfPage\":{\"@id\":\"https:\/\/www.budokampsport.se\/2012\/12\/11\/sa-firar-profilerna-jul-mona-lundkvist-generalsekreterare-sbk\/\"},\"wordCount\":730,\"image\":{\"@id\":\"https:\/\/www.budokampsport.se\/2012\/12\/11\/sa-firar-profilerna-jul-mona-lundkvist-generalsekreterare-sbk\/#primaryimage\"},\"thumbnailUrl\":\"http:\/\/www.budokampsport.se\/sites\/default\/files\/mona.gif\",\"inLanguage\":\"sv-SE\"},{\"@type\":\"WebPage\",\"@id\":\"https:\/\/www.budokampsport.se\/2012\/12\/11\/sa-firar-profilerna-jul-mona-lundkvist-generalsekreterare-sbk\/\",\"url\":\"https:\/\/www.budokampsport.se\/2012\/12\/11\/sa-firar-profilerna-jul-mona-lundkvist-generalsekreterare-sbk\/\",\"name\":\"S\u00e5 firar profilerna jul - Mona Lundkvist, Generalsekreterare SB&K - Svenska Budo &amp; Kampsportsf\u00f6rbundet\",\"isPartOf\":{\"@id\":\"https:\/\/www.budokampsport.se\/#website\"},\"primaryImageOfPage\":{\"@id\":\"https:\/\/www.budokampsport.se\/2012\/12\/11\/sa-firar-profilerna-jul-mona-lundkvist-generalsekreterare-sbk\/#primaryimage\"},\"image\":{\"@id\":\"https:\/\/www.budokampsport.se\/2012\/12\/11\/sa-firar-profilerna-jul-mona-lundkvist-generalsekreterare-sbk\/#primaryimage\"},\"thumbnailUrl\":\"http:\/\/www.budokampsport.se\/sites\/default\/files\/mona.gif\",\"datePublished\":\"2012-12-11T13:53:49+00:00\",\"dateModified\":\"2016-12-06T21:35:22+00:00\",\"author\":{\"@id\":\"https:\/\/www.budokampsport.se\/#\/schema\/person\/5c06d81d14850e2a8ce5493386560145\"},\"description\":\"Budokampsport.se forts\u00e4tter v\u00e5r nedr\u00e4kning till jul med v\u00e5r artikelserie om v\u00e5ra profilers jul och denna g\u00e5ng har det blivit tur f\u00f6r Svenska Budo & Kampsportsf\u00f6rbundets Generalsekreterare Mona Lundkvist.\",\"breadcrumb\":{\"@id\":\"https:\/\/www.budokampsport.se\/2012\/12\/11\/sa-firar-profilerna-jul-mona-lundkvist-generalsekreterare-sbk\/#breadcrumb\"},\"inLanguage\":\"sv-SE\",\"potentialAction\":[{\"@type\":\"ReadAction\",\"target\":[\"https:\/\/www.budokampsport.se\/2012\/12\/11\/sa-firar-profilerna-jul-mona-lundkvist-generalsekreterare-sbk\/\"]}]},{\"@type\":\"ImageObject\",\"inLanguage\":\"sv-SE\",\"@id\":\"https:\/\/www.budokampsport.se\/2012\/12\/11\/sa-firar-profilerna-jul-mona-lundkvist-generalsekreterare-sbk\/#primaryimage\",\"url\":\"http:\/\/www.budokampsport.se\/sites\/default\/files\/mona.gif\",\"contentUrl\":\"http:\/\/www.budokampsport.se\/sites\/default\/files\/mona.gif\"},{\"@type\":\"BreadcrumbList\",\"@id\":\"https:\/\/www.budokampsport.se\/2012\/12\/11\/sa-firar-profilerna-jul-mona-lundkvist-generalsekreterare-sbk\/#breadcrumb\",\"itemListElement\":[{\"@type\":\"ListItem\",\"position\":1,\"name\":\"Hem\",\"item\":\"https:\/\/www.budokampsport.se\/\"},{\"@type\":\"ListItem\",\"position\":2,\"name\":\"S\u00e5 firar profilerna jul &#8211; Mona Lundkvist, Generalsekreterare SB&#038;K\"}]},{\"@type\":\"WebSite\",\"@id\":\"https:\/\/www.budokampsport.se\/#website\",\"url\":\"https:\/\/www.budokampsport.se\/\",\"name\":\"Svenska Budo &amp; Kampsportsf\u00f6rbundet\",\"description\":\"T\u00e4vling, Tr\u00e4ning, Tradition\",\"potentialAction\":[{\"@type\":\"SearchAction\",\"target\":{\"@type\":\"EntryPoint\",\"urlTemplate\":\"https:\/\/www.budokampsport.se\/?s={search_term_string}\"},\"query-input\":{\"@type\":\"PropertyValueSpecification\",\"valueRequired\":true,\"valueName\":\"search_term_string\"}}],\"inLanguage\":\"sv-SE\"},{\"@type\":\"Person\",\"@id\":\"https:\/\/www.budokampsport.se\/#\/schema\/person\/5c06d81d14850e2a8ce5493386560145\",\"name\":\"Jonathan Broberg\",\"image\":{\"@type\":\"ImageObject\",\"inLanguage\":\"sv-SE\",\"@id\":\"https:\/\/www.budokampsport.se\/#\/schema\/person\/image\/\",\"url\":\"https:\/\/secure.gravatar.com\/avatar\/a58041c6cea9128bd9c40ee2f26d4136?s=96&d=blank&r=g\",\"contentUrl\":\"https:\/\/secure.gravatar.com\/avatar\/a58041c6cea9128bd9c40ee2f26d4136?s=96&d=blank&r=g\",\"caption\":\"Jonathan Broberg\"},\"sameAs\":[\"https:\/\/www.facebook.com\/jonathan.broberg.7\"],\"url\":\"https:\/\/www.budokampsport.se\/author\/jonathan\/\"}]}<\/script>\n<!-- \/ Yoast SEO plugin. -->","yoast_head_json":{"title":"S\u00e5 firar profilerna jul - Mona Lundkvist, Generalsekreterare SB&K - Svenska Budo &amp; Kampsportsf\u00f6rbundet","description":"Budokampsport.se forts\u00e4tter v\u00e5r nedr\u00e4kning till jul med v\u00e5r artikelserie om v\u00e5ra profilers jul och denna g\u00e5ng har det blivit tur f\u00f6r Svenska Budo & Kampsportsf\u00f6rbundets Generalsekreterare Mona Lundkvist.","robots":{"index":"index","follow":"follow","max-snippet":"max-snippet:-1","max-image-preview":"max-image-preview:large","max-video-preview":"max-video-preview:-1"},"canonical":"https:\/\/www.budokampsport.se\/2012\/12\/11\/sa-firar-profilerna-jul-mona-lundkvist-generalsekreterare-sbk\/","og_locale":"sv_SE","og_type":"article","og_title":"S\u00e5 firar profilerna jul - Mona Lundkvist, Generalsekreterare SB&K - Svenska Budo &amp; Kampsportsf\u00f6rbundet","og_description":"Budokampsport.se forts\u00e4tter v\u00e5r nedr\u00e4kning till jul med v\u00e5r artikelserie om v\u00e5ra profilers jul och denna g\u00e5ng har det blivit tur f\u00f6r Svenska Budo & Kampsportsf\u00f6rbundets Generalsekreterare Mona Lundkvist.","og_url":"https:\/\/www.budokampsport.se\/2012\/12\/11\/sa-firar-profilerna-jul-mona-lundkvist-generalsekreterare-sbk\/","og_site_name":"Svenska Budo &amp; Kampsportsf\u00f6rbundet","article_author":"https:\/\/www.facebook.com\/jonathan.broberg.7","article_published_time":"2012-12-11T13:53:49+00:00","article_modified_time":"2016-12-06T21:35:22+00:00","og_image":[{"url":"http:\/\/www.budokampsport.se\/sites\/default\/files\/mona.gif","type":"","width":"","height":""}],"author":"Jonathan Broberg","twitter_card":"summary_large_image","twitter_misc":{"Skriven av":"Jonathan Broberg","Ber\u00e4knad l\u00e4stid":"4 minuter"},"schema":{"@context":"https:\/\/schema.org","@graph":[{"@type":"Article","@id":"https:\/\/www.budokampsport.se\/2012\/12\/11\/sa-firar-profilerna-jul-mona-lundkvist-generalsekreterare-sbk\/#article","isPartOf":{"@id":"https:\/\/www.budokampsport.se\/2012\/12\/11\/sa-firar-profilerna-jul-mona-lundkvist-generalsekreterare-sbk\/"},"author":{"name":"Jonathan Broberg","@id":"https:\/\/www.budokampsport.se\/#\/schema\/person\/5c06d81d14850e2a8ce5493386560145"},"headline":"S\u00e5 firar profilerna jul &#8211; Mona Lundkvist, Generalsekreterare SB&#038;K","datePublished":"2012-12-11T13:53:49+00:00","dateModified":"2016-12-06T21:35:22+00:00","mainEntityOfPage":{"@id":"https:\/\/www.budokampsport.se\/2012\/12\/11\/sa-firar-profilerna-jul-mona-lundkvist-generalsekreterare-sbk\/"},"wordCount":730,"image":{"@id":"https:\/\/www.budokampsport.se\/2012\/12\/11\/sa-firar-profilerna-jul-mona-lundkvist-generalsekreterare-sbk\/#primaryimage"},"thumbnailUrl":"http:\/\/www.budokampsport.se\/sites\/default\/files\/mona.gif","inLanguage":"sv-SE"},{"@type":"WebPage","@id":"https:\/\/www.budokampsport.se\/2012\/12\/11\/sa-firar-profilerna-jul-mona-lundkvist-generalsekreterare-sbk\/","url":"https:\/\/www.budokampsport.se\/2012\/12\/11\/sa-firar-profilerna-jul-mona-lundkvist-generalsekreterare-sbk\/","name":"S\u00e5 firar profilerna jul - Mona Lundkvist, Generalsekreterare SB&K - Svenska Budo &amp; Kampsportsf\u00f6rbundet","isPartOf":{"@id":"https:\/\/www.budokampsport.se\/#website"},"primaryImageOfPage":{"@id":"https:\/\/www.budokampsport.se\/2012\/12\/11\/sa-firar-profilerna-jul-mona-lundkvist-generalsekreterare-sbk\/#primaryimage"},"image":{"@id":"https:\/\/www.budokampsport.se\/2012\/12\/11\/sa-firar-profilerna-jul-mona-lundkvist-generalsekreterare-sbk\/#primaryimage"},"thumbnailUrl":"http:\/\/www.budokampsport.se\/sites\/default\/files\/mona.gif","datePublished":"2012-12-11T13:53:49+00:00","dateModified":"2016-12-06T21:35:22+00:00","author":{"@id":"https:\/\/www.budokampsport.se\/#\/schema\/person\/5c06d81d14850e2a8ce5493386560145"},"description":"Budokampsport.se forts\u00e4tter v\u00e5r nedr\u00e4kning till jul med v\u00e5r artikelserie om v\u00e5ra profilers jul och denna g\u00e5ng har det blivit tur f\u00f6r Svenska Budo & Kampsportsf\u00f6rbundets Generalsekreterare Mona Lundkvist.","breadcrumb":{"@id":"https:\/\/www.budokampsport.se\/2012\/12\/11\/sa-firar-profilerna-jul-mona-lundkvist-generalsekreterare-sbk\/#breadcrumb"},"inLanguage":"sv-SE","potentialAction":[{"@type":"ReadAction","target":["https:\/\/www.budokampsport.se\/2012\/12\/11\/sa-firar-profilerna-jul-mona-lundkvist-generalsekreterare-sbk\/"]}]},{"@type":"ImageObject","inLanguage":"sv-SE","@id":"https:\/\/www.budokampsport.se\/2012\/12\/11\/sa-firar-profilerna-jul-mona-lundkvist-generalsekreterare-sbk\/#primaryimage","url":"http:\/\/www.budokampsport.se\/sites\/default\/files\/mona.gif","contentUrl":"http:\/\/www.budokampsport.se\/sites\/default\/files\/mona.gif"},{"@type":"BreadcrumbList","@id":"https:\/\/www.budokampsport.se\/2012\/12\/11\/sa-firar-profilerna-jul-mona-lundkvist-generalsekreterare-sbk\/#breadcrumb","itemListElement":[{"@type":"ListItem","position":1,"name":"Hem","item":"https:\/\/www.budokampsport.se\/"},{"@type":"ListItem","position":2,"name":"S\u00e5 firar profilerna jul &#8211; Mona Lundkvist, Generalsekreterare SB&#038;K"}]},{"@type":"WebSite","@id":"https:\/\/www.budokampsport.se\/#website","url":"https:\/\/www.budokampsport.se\/","name":"Svenska Budo &amp; Kampsportsf\u00f6rbundet","description":"T\u00e4vling, Tr\u00e4ning, Tradition","potentialAction":[{"@type":"SearchAction","target":{"@type":"EntryPoint","urlTemplate":"https:\/\/www.budokampsport.se\/?s={search_term_string}"},"query-input":{"@type":"PropertyValueSpecification","valueRequired":true,"valueName":"search_term_string"}}],"inLanguage":"sv-SE"},{"@type":"Person","@id":"https:\/\/www.budokampsport.se\/#\/schema\/person\/5c06d81d14850e2a8ce5493386560145","name":"Jonathan Broberg","image":{"@type":"ImageObject","inLanguage":"sv-SE","@id":"https:\/\/www.budokampsport.se\/#\/schema\/person\/image\/","url":"https:\/\/secure.gravatar.com\/avatar\/a58041c6cea9128bd9c40ee2f26d4136?s=96&d=blank&r=g","contentUrl":"https:\/\/secure.gravatar.com\/avatar\/a58041c6cea9128bd9c40ee2f26d4136?s=96&d=blank&r=g","caption":"Jonathan Broberg"},"sameAs":["https:\/\/www.facebook.com\/jonathan.broberg.7"],"url":"https:\/\/www.budokampsport.se\/author\/jonathan\/"}]}},"_links":{"self":[{"href":"https:\/\/www.budokampsport.se\/api\/wp\/v2\/posts\/4462","targetHints":{"allow":["GET"]}}],"collection":[{"href":"https:\/\/www.budokampsport.se\/api\/wp\/v2\/posts"}],"about":[{"href":"https:\/\/www.budokampsport.se\/api\/wp\/v2\/types\/post"}],"author":[{"embeddable":true,"href":"https:\/\/www.budokampsport.se\/api\/wp\/v2\/users\/7"}],"replies":[{"embeddable":true,"href":"https:\/\/www.budokampsport.se\/api\/wp\/v2\/comments?post=4462"}],"version-history":[{"count":0,"href":"https:\/\/www.budokampsport.se\/api\/wp\/v2\/posts\/4462\/revisions"}],"wp:attachment":[{"href":"https:\/\/www.budokampsport.se\/api\/wp\/v2\/media?parent=4462"}],"wp:term":[{"taxonomy":"category","embeddable":true,"href":"https:\/\/www.budokampsport.se\/api\/wp\/v2\/categories?post=4462"},{"taxonomy":"post_tag","embeddable":true,"href":"https:\/\/www.budokampsport.se\/api\/wp\/v2\/tags?post=4462"}],"curies":[{"name":"wp","href":"https:\/\/api.w.org\/{rel}","templated":true}]}}