{"id":4465,"date":"2012-12-12T15:40:07","date_gmt":"2012-12-12T14:40:07","guid":{"rendered":"http:\/\/budo.wordpress.dev\/2012\/12\/12\/sa-firar-profilerna-jul-pelle-banghall-thaiboxning\/"},"modified":"2016-12-06T22:35:23","modified_gmt":"2016-12-06T21:35:23","slug":"sa-firar-profilerna-jul-pelle-banghall-thaiboxning","status":"publish","type":"post","link":"https:\/\/www.budokampsport.se\/2012\/12\/12\/sa-firar-profilerna-jul-pelle-banghall-thaiboxning\/","title":{"rendered":"S\u00e5 firar profilerna jul &#8211; Pelle B\u00e5ngh\u00e4ll, thaiboxning"},"content":{"rendered":"<p><strong>Budokampsport.se forts\u00e4tter v\u00e5r nedr\u00e4kning till jul med v\u00e5r artikelserie om v\u00e5ra profilers jul och denna g\u00e5ng har det blivit tur f\u00f6r den drivne thaiboxningsledaren fr\u00e5n Varberg, Pelle B\u00e5ngh\u00e4ll.<!--break--><\/strong><\/p>\n<p>Svensk thaiboxning har v\u00e4xt de senaste \u00e5ren, sedan intr\u00e4det till Svenska Budo &#038; Kampsportsf\u00f6rbundet.<\/p>\n<p>En av de som arbetat idogt f\u00f6r thaiboxningen i Sverige \u00e4r Pelle B\u00e5ngh\u00e4ll. Han har suttit i styrelsen f\u00f6r thaiboxningsf\u00f6rbundet och har dessutom ett finger med i spelet om Thaiboxningsgymnasiet som startas upp i Varberg n\u00e4sta \u00e5r.<\/p>\n<p><strong>Pelle, om du ser tillbaka p\u00e5 2012, hur har det \u00e5ret varit f\u00f6r dig b\u00e5de personligt och idrottsligt?<\/strong><br \/>\u00a0\u00a0 &#8211; Personligt har det varit mycket jobb med thaiboxningen b\u00e5de f\u00f6r f\u00f6rbundet men \u00e4ven med hemklubben. Men om vi tittar p\u00e5 det jag varit inblandad i s\u00e5 \u00e4r de stora sakerna Junior-SM (det f\u00f6rsta n\u00e5gonsin, och det kommer att \u00e5terkomma) och VM i St Petersburg samt starten av Thaiboxningsgymnasiet 2013.<br \/>\u00a0\u00a0 &#8211; Sportsligt gjorde vi ett mycket bra \u00e5r internationellt s\u00e5v\u00e4l p\u00e5 EM, VM och NM. Vi blev b\u00e4sta nation p\u00e5 damsidan p\u00e5 VM f\u00f6r andra \u00e5ret i rad, d\u00e4r vi \u00e4ven vann tv\u00e5 A-klassmedaljer, tv\u00e5 juniormedaljer samt en hel del b-klassmedaljer. Personligen tycker jag alla medaljer \u00e4r j\u00e4ttekul men lite extra k\u00e4nner jag f\u00f6r juniorerna som visar att vi \u00e4r med i framtiden ocks\u00e5. Jag vill passa p\u00e5 att n\u00e4mna juniorerna William Wis\u00e9n, Max Elo och Rasmus Olsson som gjorde mycket bra insatser p\u00e5 VM som debutanter.<\/p>\n<p><strong>Hur kommer du att fira julen?<\/strong><br \/>\u00a0\u00a0 &#8211; Julen kommer att firas traditionellt med familjen hos min bror, tydligen ska min tvillingbror Tord \u00f6verraska med att inviga sitt utomhusspa tillsammans med oss p\u00e5 julafton och det gillas ju.<\/p>\n<p><img decoding=\"async\" alt=\"\" src=\"http:\/\/www.budokampsport.se\/sites\/default\/files\/banghall.jpg\" style=\"float:right; height:151px; width:100px\"><\/p>\n<p><strong>Vad \u00f6nskar du dig mest av allt i julklapp?<\/strong><br \/>\u00a0\u00a0 &#8211; I julklapp \u00f6nskar jag mig inte n\u00e5t speciellt, k\u00e4nner att jag har det jag beh\u00f6ver. Min fru p\u00e5st\u00e5r att jag ska skaffa en almanacka s\u00e5 det kan ju vara n\u00e5got!?<\/p>\n<p><strong>Har du n\u00e5got ny\u00e5rsl\u00f6fte, i s\u00e5 fall vad och varf\u00f6r?<\/strong><br \/>\u00a0\u00a0 &#8211; Nej ny\u00e5rsl\u00f6ften har jag aldrig haft, k\u00e4nns lite konstgjort p\u00e5 n\u00e5t s\u00e4tt.<\/p>\n<p><strong>Om du blickar fram mot 2013, vad tror du om det \u00e5ret b\u00e5de personligt och idrottsligt?<\/strong><br \/>\u00a0\u00a0 &#8211; 2013 ser jag mycket fram emot, vi kommer att ha massa stora internationella t\u00e4vlingar bland annat Combat Games i Ryssland i september och f\u00f6rutom det \u00e4r det EM i Ukraina , World Cup i Bangkok och sen \u00e4r det ju NM i h\u00f6st n\u00e5gon g\u00e5ng. I slutet av januari kommer vi att k\u00f6ra SM-finalerna i samarbete med RF:s SM-veckan f\u00f6r att ge mer tv-exponering \u00e5t v\u00e5r sport. Jag tror att vi f\u00e5r se m\u00e5nga upcomers p\u00e5 SM i \u00e5r och m\u00e5nga \u00e5r fram\u00f6ver d\u00e5 jag sett hur duktiga v\u00e5ra juniorer i Sverige b\u00f6rjar bli.<br \/>\u00a0\u00a0 &#8211; F\u00f6rbundet kommer att lansera sina f\u00f6rsta tr\u00e4narutbildningar vilket jag tror \u00e4r mycket bra f\u00f6r bland annat nya klubbar men \u00e4ven att bredda f\u00f6r framtiden. 2013 startar thaiboxningsgymnasiet i Varberg vilket ocks\u00e5 \u00e4r ett stort erk\u00e4nnande f\u00f6r att v\u00e5r sport. Det \u00e4r ett samarbete mellan Skolverket, Riksidrottsf\u00f6rbundet, Svenska Budo &#038; Kampsportsf\u00f6rbundet och Svenska Muaythaif\u00f6rbundet. Detta ser jag mycket positivt p\u00e5.<br \/>\u00a0\u00a0 &#8211; Jag vill passa p\u00e5 att \u00f6nska en God Jul och ett gott nytt \u00e5r\/Pelle<br \/>Imorgon forts\u00e4tter julnedr\u00e4kningen med en ny profil kimura.ses chefredakt\u00f6r Simon K\u00f6lle f\u00e5r ber\u00e4tta om sin kommande jul. Budokampsport.se \u00f6nskar givetvis Pelle B\u00e5ngh\u00e4ll en riktigt god jul och gott nytt \u00e5r.<\/p>\n<p><strong>Tidigare artiklar i serien<\/strong><br \/><a href=\"http:\/\/www.budokampsport.se\/nyheter\/2012\/3\/sa-firar-profilerna-jul-maria-engqvist-iaido-och-jodolandslaget\">Maria Engqvist<\/a><br \/><a href=\"http:\/\/www.budokampsport.se\/nyheter\/2012\/4\/sa-firar-profilerna-jul-bjorn-rhodin-vice-ordforande-kickboxningsforbundet\">Bj\u00f6rn Rhodin<\/a><br \/><a href=\"http:\/\/www.budokampsport.se\/nyheter\/2012\/5\/sa-firar-profilerna-jul-pierre-dahl-vd-och-grundare-budo-fitness\">Pierre Dahl<\/a><br \/><a href=\"http:\/\/www.budokampsport.se\/nyheter\/2012\/1\/sa-firar-profilerna-jul-mikael-backstrom-kickboxning\">Mikael B\u00e4ckstr\u00f6m<\/a><br \/><a href=\"http:\/\/www.budokampsport.se\/nyheter\/2012\/2\/sa-firar-profilerna-jul-mona-lundkvist-generalsekreterare-sbk\">Mona Lundkvist<\/a><\/p>\n<p>Text: Jonathan Broberg<\/p>\n","protected":false},"excerpt":{"rendered":"<p><strong>Budokampsport.se forts\u00e4tter v\u00e5r nedr\u00e4kning till jul med v\u00e5r artikelserie om v\u00e5ra profilers jul och denna g\u00e5ng har det blivit tur f\u00f6r den drivne thaiboxningsledaren fr\u00e5n Varberg, Pelle B\u00e5ngh\u00e4ll.<\/p><br>","protected":false},"author":7,"featured_media":0,"comment_status":"closed","ping_status":"closed","sticky":false,"template":"","format":"standard","meta":{"_acf_changed":false,"footnotes":""},"categories":[1],"tags":[],"class_list":["post-4465","post","type-post","status-publish","format-standard","hentry","category-okategoriserade"],"acf":[],"yoast_head":"<!-- This site is optimized with the Yoast SEO plugin v26.8 - https:\/\/yoast.com\/product\/yoast-seo-wordpress\/ -->\n<title>S\u00e5 firar profilerna jul - Pelle B\u00e5ngh\u00e4ll, thaiboxning - Svenska Budo &amp; Kampsportsf\u00f6rbundet<\/title>\n<meta name=\"description\" content=\"Budokampsport.se forts\u00e4tter v\u00e5r nedr\u00e4kning till jul med v\u00e5r artikelserie om v\u00e5ra profilers jul och denna g\u00e5ng har det blivit tur f\u00f6r den drivne thaiboxningsledaren fr\u00e5n Varberg, Pelle B\u00e5ngh\u00e4ll.\" \/>\n<meta name=\"robots\" content=\"index, follow, max-snippet:-1, max-image-preview:large, max-video-preview:-1\" \/>\n<link rel=\"canonical\" href=\"https:\/\/www.budokampsport.se\/2012\/12\/12\/sa-firar-profilerna-jul-pelle-banghall-thaiboxning\/\" \/>\n<meta property=\"og:locale\" content=\"sv_SE\" \/>\n<meta property=\"og:type\" content=\"article\" \/>\n<meta property=\"og:title\" content=\"S\u00e5 firar profilerna jul - Pelle B\u00e5ngh\u00e4ll, thaiboxning - Svenska Budo &amp; Kampsportsf\u00f6rbundet\" \/>\n<meta property=\"og:description\" content=\"Budokampsport.se forts\u00e4tter v\u00e5r nedr\u00e4kning till jul med v\u00e5r artikelserie om v\u00e5ra profilers jul och denna g\u00e5ng har det blivit tur f\u00f6r den drivne thaiboxningsledaren fr\u00e5n Varberg, Pelle B\u00e5ngh\u00e4ll.\" \/>\n<meta property=\"og:url\" content=\"https:\/\/www.budokampsport.se\/2012\/12\/12\/sa-firar-profilerna-jul-pelle-banghall-thaiboxning\/\" \/>\n<meta property=\"og:site_name\" content=\"Svenska Budo &amp; Kampsportsf\u00f6rbundet\" \/>\n<meta property=\"article:author\" content=\"https:\/\/www.facebook.com\/jonathan.broberg.7\" \/>\n<meta property=\"article:published_time\" content=\"2012-12-12T14:40:07+00:00\" \/>\n<meta property=\"article:modified_time\" content=\"2016-12-06T21:35:23+00:00\" \/>\n<meta property=\"og:image\" content=\"http:\/\/www.budokampsport.se\/sites\/default\/files\/banghall.jpg\" \/>\n<meta name=\"author\" content=\"Jonathan Broberg\" \/>\n<meta name=\"twitter:card\" content=\"summary_large_image\" \/>\n<meta name=\"twitter:label1\" content=\"Skriven av\" \/>\n\t<meta name=\"twitter:data1\" content=\"Jonathan Broberg\" \/>\n\t<meta name=\"twitter:label2\" content=\"Ber\u00e4knad l\u00e4stid\" \/>\n\t<meta name=\"twitter:data2\" content=\"3 minuter\" \/>\n<script type=\"application\/ld+json\" class=\"yoast-schema-graph\">{\"@context\":\"https:\/\/schema.org\",\"@graph\":[{\"@type\":\"Article\",\"@id\":\"https:\/\/www.budokampsport.se\/2012\/12\/12\/sa-firar-profilerna-jul-pelle-banghall-thaiboxning\/#article\",\"isPartOf\":{\"@id\":\"https:\/\/www.budokampsport.se\/2012\/12\/12\/sa-firar-profilerna-jul-pelle-banghall-thaiboxning\/\"},\"author\":{\"name\":\"Jonathan Broberg\",\"@id\":\"https:\/\/www.budokampsport.se\/#\/schema\/person\/5c06d81d14850e2a8ce5493386560145\"},\"headline\":\"S\u00e5 firar profilerna jul &#8211; Pelle B\u00e5ngh\u00e4ll, thaiboxning\",\"datePublished\":\"2012-12-12T14:40:07+00:00\",\"dateModified\":\"2016-12-06T21:35:23+00:00\",\"mainEntityOfPage\":{\"@id\":\"https:\/\/www.budokampsport.se\/2012\/12\/12\/sa-firar-profilerna-jul-pelle-banghall-thaiboxning\/\"},\"wordCount\":661,\"image\":{\"@id\":\"https:\/\/www.budokampsport.se\/2012\/12\/12\/sa-firar-profilerna-jul-pelle-banghall-thaiboxning\/#primaryimage\"},\"thumbnailUrl\":\"http:\/\/www.budokampsport.se\/sites\/default\/files\/banghall.jpg\",\"inLanguage\":\"sv-SE\"},{\"@type\":\"WebPage\",\"@id\":\"https:\/\/www.budokampsport.se\/2012\/12\/12\/sa-firar-profilerna-jul-pelle-banghall-thaiboxning\/\",\"url\":\"https:\/\/www.budokampsport.se\/2012\/12\/12\/sa-firar-profilerna-jul-pelle-banghall-thaiboxning\/\",\"name\":\"S\u00e5 firar profilerna jul - Pelle B\u00e5ngh\u00e4ll, thaiboxning - Svenska Budo &amp; Kampsportsf\u00f6rbundet\",\"isPartOf\":{\"@id\":\"https:\/\/www.budokampsport.se\/#website\"},\"primaryImageOfPage\":{\"@id\":\"https:\/\/www.budokampsport.se\/2012\/12\/12\/sa-firar-profilerna-jul-pelle-banghall-thaiboxning\/#primaryimage\"},\"image\":{\"@id\":\"https:\/\/www.budokampsport.se\/2012\/12\/12\/sa-firar-profilerna-jul-pelle-banghall-thaiboxning\/#primaryimage\"},\"thumbnailUrl\":\"http:\/\/www.budokampsport.se\/sites\/default\/files\/banghall.jpg\",\"datePublished\":\"2012-12-12T14:40:07+00:00\",\"dateModified\":\"2016-12-06T21:35:23+00:00\",\"author\":{\"@id\":\"https:\/\/www.budokampsport.se\/#\/schema\/person\/5c06d81d14850e2a8ce5493386560145\"},\"description\":\"Budokampsport.se forts\u00e4tter v\u00e5r nedr\u00e4kning till jul med v\u00e5r artikelserie om v\u00e5ra profilers jul och denna g\u00e5ng har det blivit tur f\u00f6r den drivne thaiboxningsledaren fr\u00e5n Varberg, Pelle B\u00e5ngh\u00e4ll.\",\"breadcrumb\":{\"@id\":\"https:\/\/www.budokampsport.se\/2012\/12\/12\/sa-firar-profilerna-jul-pelle-banghall-thaiboxning\/#breadcrumb\"},\"inLanguage\":\"sv-SE\",\"potentialAction\":[{\"@type\":\"ReadAction\",\"target\":[\"https:\/\/www.budokampsport.se\/2012\/12\/12\/sa-firar-profilerna-jul-pelle-banghall-thaiboxning\/\"]}]},{\"@type\":\"ImageObject\",\"inLanguage\":\"sv-SE\",\"@id\":\"https:\/\/www.budokampsport.se\/2012\/12\/12\/sa-firar-profilerna-jul-pelle-banghall-thaiboxning\/#primaryimage\",\"url\":\"http:\/\/www.budokampsport.se\/sites\/default\/files\/banghall.jpg\",\"contentUrl\":\"http:\/\/www.budokampsport.se\/sites\/default\/files\/banghall.jpg\"},{\"@type\":\"BreadcrumbList\",\"@id\":\"https:\/\/www.budokampsport.se\/2012\/12\/12\/sa-firar-profilerna-jul-pelle-banghall-thaiboxning\/#breadcrumb\",\"itemListElement\":[{\"@type\":\"ListItem\",\"position\":1,\"name\":\"Hem\",\"item\":\"https:\/\/www.budokampsport.se\/\"},{\"@type\":\"ListItem\",\"position\":2,\"name\":\"S\u00e5 firar profilerna jul &#8211; Pelle B\u00e5ngh\u00e4ll, thaiboxning\"}]},{\"@type\":\"WebSite\",\"@id\":\"https:\/\/www.budokampsport.se\/#website\",\"url\":\"https:\/\/www.budokampsport.se\/\",\"name\":\"Svenska Budo &amp; Kampsportsf\u00f6rbundet\",\"description\":\"T\u00e4vling, Tr\u00e4ning, Tradition\",\"potentialAction\":[{\"@type\":\"SearchAction\",\"target\":{\"@type\":\"EntryPoint\",\"urlTemplate\":\"https:\/\/www.budokampsport.se\/?s={search_term_string}\"},\"query-input\":{\"@type\":\"PropertyValueSpecification\",\"valueRequired\":true,\"valueName\":\"search_term_string\"}}],\"inLanguage\":\"sv-SE\"},{\"@type\":\"Person\",\"@id\":\"https:\/\/www.budokampsport.se\/#\/schema\/person\/5c06d81d14850e2a8ce5493386560145\",\"name\":\"Jonathan Broberg\",\"image\":{\"@type\":\"ImageObject\",\"inLanguage\":\"sv-SE\",\"@id\":\"https:\/\/www.budokampsport.se\/#\/schema\/person\/image\/\",\"url\":\"https:\/\/secure.gravatar.com\/avatar\/a58041c6cea9128bd9c40ee2f26d4136?s=96&d=blank&r=g\",\"contentUrl\":\"https:\/\/secure.gravatar.com\/avatar\/a58041c6cea9128bd9c40ee2f26d4136?s=96&d=blank&r=g\",\"caption\":\"Jonathan Broberg\"},\"sameAs\":[\"https:\/\/www.facebook.com\/jonathan.broberg.7\"],\"url\":\"https:\/\/www.budokampsport.se\/author\/jonathan\/\"}]}<\/script>\n<!-- \/ Yoast SEO plugin. -->","yoast_head_json":{"title":"S\u00e5 firar profilerna jul - Pelle B\u00e5ngh\u00e4ll, thaiboxning - Svenska Budo &amp; Kampsportsf\u00f6rbundet","description":"Budokampsport.se forts\u00e4tter v\u00e5r nedr\u00e4kning till jul med v\u00e5r artikelserie om v\u00e5ra profilers jul och denna g\u00e5ng har det blivit tur f\u00f6r den drivne thaiboxningsledaren fr\u00e5n Varberg, Pelle B\u00e5ngh\u00e4ll.","robots":{"index":"index","follow":"follow","max-snippet":"max-snippet:-1","max-image-preview":"max-image-preview:large","max-video-preview":"max-video-preview:-1"},"canonical":"https:\/\/www.budokampsport.se\/2012\/12\/12\/sa-firar-profilerna-jul-pelle-banghall-thaiboxning\/","og_locale":"sv_SE","og_type":"article","og_title":"S\u00e5 firar profilerna jul - Pelle B\u00e5ngh\u00e4ll, thaiboxning - Svenska Budo &amp; Kampsportsf\u00f6rbundet","og_description":"Budokampsport.se forts\u00e4tter v\u00e5r nedr\u00e4kning till jul med v\u00e5r artikelserie om v\u00e5ra profilers jul och denna g\u00e5ng har det blivit tur f\u00f6r den drivne thaiboxningsledaren fr\u00e5n Varberg, Pelle B\u00e5ngh\u00e4ll.","og_url":"https:\/\/www.budokampsport.se\/2012\/12\/12\/sa-firar-profilerna-jul-pelle-banghall-thaiboxning\/","og_site_name":"Svenska Budo &amp; Kampsportsf\u00f6rbundet","article_author":"https:\/\/www.facebook.com\/jonathan.broberg.7","article_published_time":"2012-12-12T14:40:07+00:00","article_modified_time":"2016-12-06T21:35:23+00:00","og_image":[{"url":"http:\/\/www.budokampsport.se\/sites\/default\/files\/banghall.jpg","type":"","width":"","height":""}],"author":"Jonathan Broberg","twitter_card":"summary_large_image","twitter_misc":{"Skriven av":"Jonathan Broberg","Ber\u00e4knad l\u00e4stid":"3 minuter"},"schema":{"@context":"https:\/\/schema.org","@graph":[{"@type":"Article","@id":"https:\/\/www.budokampsport.se\/2012\/12\/12\/sa-firar-profilerna-jul-pelle-banghall-thaiboxning\/#article","isPartOf":{"@id":"https:\/\/www.budokampsport.se\/2012\/12\/12\/sa-firar-profilerna-jul-pelle-banghall-thaiboxning\/"},"author":{"name":"Jonathan Broberg","@id":"https:\/\/www.budokampsport.se\/#\/schema\/person\/5c06d81d14850e2a8ce5493386560145"},"headline":"S\u00e5 firar profilerna jul &#8211; Pelle B\u00e5ngh\u00e4ll, thaiboxning","datePublished":"2012-12-12T14:40:07+00:00","dateModified":"2016-12-06T21:35:23+00:00","mainEntityOfPage":{"@id":"https:\/\/www.budokampsport.se\/2012\/12\/12\/sa-firar-profilerna-jul-pelle-banghall-thaiboxning\/"},"wordCount":661,"image":{"@id":"https:\/\/www.budokampsport.se\/2012\/12\/12\/sa-firar-profilerna-jul-pelle-banghall-thaiboxning\/#primaryimage"},"thumbnailUrl":"http:\/\/www.budokampsport.se\/sites\/default\/files\/banghall.jpg","inLanguage":"sv-SE"},{"@type":"WebPage","@id":"https:\/\/www.budokampsport.se\/2012\/12\/12\/sa-firar-profilerna-jul-pelle-banghall-thaiboxning\/","url":"https:\/\/www.budokampsport.se\/2012\/12\/12\/sa-firar-profilerna-jul-pelle-banghall-thaiboxning\/","name":"S\u00e5 firar profilerna jul - Pelle B\u00e5ngh\u00e4ll, thaiboxning - Svenska Budo &amp; Kampsportsf\u00f6rbundet","isPartOf":{"@id":"https:\/\/www.budokampsport.se\/#website"},"primaryImageOfPage":{"@id":"https:\/\/www.budokampsport.se\/2012\/12\/12\/sa-firar-profilerna-jul-pelle-banghall-thaiboxning\/#primaryimage"},"image":{"@id":"https:\/\/www.budokampsport.se\/2012\/12\/12\/sa-firar-profilerna-jul-pelle-banghall-thaiboxning\/#primaryimage"},"thumbnailUrl":"http:\/\/www.budokampsport.se\/sites\/default\/files\/banghall.jpg","datePublished":"2012-12-12T14:40:07+00:00","dateModified":"2016-12-06T21:35:23+00:00","author":{"@id":"https:\/\/www.budokampsport.se\/#\/schema\/person\/5c06d81d14850e2a8ce5493386560145"},"description":"Budokampsport.se forts\u00e4tter v\u00e5r nedr\u00e4kning till jul med v\u00e5r artikelserie om v\u00e5ra profilers jul och denna g\u00e5ng har det blivit tur f\u00f6r den drivne thaiboxningsledaren fr\u00e5n Varberg, Pelle B\u00e5ngh\u00e4ll.","breadcrumb":{"@id":"https:\/\/www.budokampsport.se\/2012\/12\/12\/sa-firar-profilerna-jul-pelle-banghall-thaiboxning\/#breadcrumb"},"inLanguage":"sv-SE","potentialAction":[{"@type":"ReadAction","target":["https:\/\/www.budokampsport.se\/2012\/12\/12\/sa-firar-profilerna-jul-pelle-banghall-thaiboxning\/"]}]},{"@type":"ImageObject","inLanguage":"sv-SE","@id":"https:\/\/www.budokampsport.se\/2012\/12\/12\/sa-firar-profilerna-jul-pelle-banghall-thaiboxning\/#primaryimage","url":"http:\/\/www.budokampsport.se\/sites\/default\/files\/banghall.jpg","contentUrl":"http:\/\/www.budokampsport.se\/sites\/default\/files\/banghall.jpg"},{"@type":"BreadcrumbList","@id":"https:\/\/www.budokampsport.se\/2012\/12\/12\/sa-firar-profilerna-jul-pelle-banghall-thaiboxning\/#breadcrumb","itemListElement":[{"@type":"ListItem","position":1,"name":"Hem","item":"https:\/\/www.budokampsport.se\/"},{"@type":"ListItem","position":2,"name":"S\u00e5 firar profilerna jul &#8211; Pelle B\u00e5ngh\u00e4ll, thaiboxning"}]},{"@type":"WebSite","@id":"https:\/\/www.budokampsport.se\/#website","url":"https:\/\/www.budokampsport.se\/","name":"Svenska Budo &amp; Kampsportsf\u00f6rbundet","description":"T\u00e4vling, Tr\u00e4ning, Tradition","potentialAction":[{"@type":"SearchAction","target":{"@type":"EntryPoint","urlTemplate":"https:\/\/www.budokampsport.se\/?s={search_term_string}"},"query-input":{"@type":"PropertyValueSpecification","valueRequired":true,"valueName":"search_term_string"}}],"inLanguage":"sv-SE"},{"@type":"Person","@id":"https:\/\/www.budokampsport.se\/#\/schema\/person\/5c06d81d14850e2a8ce5493386560145","name":"Jonathan Broberg","image":{"@type":"ImageObject","inLanguage":"sv-SE","@id":"https:\/\/www.budokampsport.se\/#\/schema\/person\/image\/","url":"https:\/\/secure.gravatar.com\/avatar\/a58041c6cea9128bd9c40ee2f26d4136?s=96&d=blank&r=g","contentUrl":"https:\/\/secure.gravatar.com\/avatar\/a58041c6cea9128bd9c40ee2f26d4136?s=96&d=blank&r=g","caption":"Jonathan Broberg"},"sameAs":["https:\/\/www.facebook.com\/jonathan.broberg.7"],"url":"https:\/\/www.budokampsport.se\/author\/jonathan\/"}]}},"_links":{"self":[{"href":"https:\/\/www.budokampsport.se\/api\/wp\/v2\/posts\/4465","targetHints":{"allow":["GET"]}}],"collection":[{"href":"https:\/\/www.budokampsport.se\/api\/wp\/v2\/posts"}],"about":[{"href":"https:\/\/www.budokampsport.se\/api\/wp\/v2\/types\/post"}],"author":[{"embeddable":true,"href":"https:\/\/www.budokampsport.se\/api\/wp\/v2\/users\/7"}],"replies":[{"embeddable":true,"href":"https:\/\/www.budokampsport.se\/api\/wp\/v2\/comments?post=4465"}],"version-history":[{"count":0,"href":"https:\/\/www.budokampsport.se\/api\/wp\/v2\/posts\/4465\/revisions"}],"wp:attachment":[{"href":"https:\/\/www.budokampsport.se\/api\/wp\/v2\/media?parent=4465"}],"wp:term":[{"taxonomy":"category","embeddable":true,"href":"https:\/\/www.budokampsport.se\/api\/wp\/v2\/categories?post=4465"},{"taxonomy":"post_tag","embeddable":true,"href":"https:\/\/www.budokampsport.se\/api\/wp\/v2\/tags?post=4465"}],"curies":[{"name":"wp","href":"https:\/\/api.w.org\/{rel}","templated":true}]}}