{"id":4470,"date":"2012-12-17T16:14:18","date_gmt":"2012-12-17T15:14:18","guid":{"rendered":"http:\/\/budo.wordpress.dev\/2012\/12\/17\/sa-firar-profilerna-jul-rob-haans-ju-jutsulandslagets-coach\/"},"modified":"2016-12-06T22:35:24","modified_gmt":"2016-12-06T21:35:24","slug":"sa-firar-profilerna-jul-rob-haans-ju-jutsulandslagets-coach","status":"publish","type":"post","link":"https:\/\/www.budokampsport.se\/2012\/12\/17\/sa-firar-profilerna-jul-rob-haans-ju-jutsulandslagets-coach\/","title":{"rendered":"S\u00e5 firar profilerna jul &#8211; Rob Haans, ju jutsulandslagets coach"},"content":{"rendered":"<p><strong>Budokampsport.se forts\u00e4tter v\u00e5r nedr\u00e4kning till jul med v\u00e5r artikelserie om v\u00e5ra profilers jul och denna g\u00e5ng har det blivit tur f\u00f6r ju jutsulandslagets coach, holl\u00e4ndaren Rob Haans.<!--break--><\/strong><\/p>\n<p>V\u00e4rldsnamnet och holl\u00e4ndaren Rob Haans h\u00e4mtades i fjol in som landslagscoach till svensk ju jutsu. Succ\u00e9n har inte l\u00e5tit v\u00e4nta p\u00e5 sig och den timid och \u00f6dmjuke Haans har f\u00e5tt med sig landslaget p\u00e5 ett frapperande bra s\u00e4tt.<\/p>\n<p>Haans \u00e4r en personlighet som aldrig s\u00e4tter sig sj\u00e4lv f\u00f6re n\u00e5gon annan och har redan haft ett tungt inflytande p\u00e5 svensk landslagsju-jutsu.<\/p>\n<p><strong>Rob, om du ser tillbaka p\u00e5 2012, hur har det \u00e5ret varit f\u00f6r dig b\u00e5de personligt och idrottsligt?<\/strong><br \/>\u00a0\u00a0 &#8211; Det har varit ett sp\u00e4nnande \u00e5r. V\u00e4ldigt l\u00e4rorikt och intensivt, samtidigt fullt av roliga utmaningar.<\/p>\n<p><strong>Hur kommer du att fira julen?<\/strong><br \/>\u00a0\u00a0 &#8211; Lugnt.\u00a0 Jag ska fira med min familj. Leka i sn\u00f6n med mina barn och inte g\u00f6ra n\u00e5gonting under tre dagar.<\/p>\n<p><strong>Vad \u00f6nskar du dig mest av allt i julklapp?<\/strong><br \/>\u00a0\u00a0 &#8211; En lugn och mysig jul med min fantastiska familj.<\/p>\n<p><img decoding=\"async\" alt=\"\" src=\"http:\/\/www.budokampsport.se\/sites\/default\/files\/rob_0.gif\" style=\"height:290px; width:435px\"><\/p>\n<p><strong>Har du n\u00e5got ny\u00e5rsl\u00f6fte, i s\u00e5 fall vad och varf\u00f6r?<\/strong><br \/>\u00a0\u00a0 &#8211; F\u00f6rs\u00f6ka bli en b\u00e4ttre m\u00e4nniska i allt men samtidigt inte gl\u00f6mma vem man redan \u00e4r. Sedan lovar jag tre svenska finalplatser i ju jutsu-EM n\u00e4sta \u00e5r.<\/p>\n<p><strong>Om du blickar fram mot 2013, vad tror du om det \u00e5ret b\u00e5de personligt och idrottsligt?<\/strong><br \/>\u00a0\u00a0 &#8211; \u00c5ret kommer bli fyllt av stora idrottsliga h\u00e4ndelser. Vi b\u00f6rjar med Combat Camp redan den fj\u00e4rde januari och sedan har vi m\u00e4ngder med andra stora h\u00e4ndelser. EM, World Games, Combat Games, Junior-VM och en massa stora t\u00e4vlingar och l\u00e4ger.<br \/>\u00a0\u00a0 &#8211; Vi ska satsa ytterligare p\u00e5 ungdomarna med tanke och sikte mot Junior-VM i slutet av 2013, och \u00e4ven f\u00f6r framtiden f\u00f6rst\u00e5s.<br \/>\u00a0\u00a0 &#8211; P\u00e5 ett personligt plan hoppas jag att det blir ett minst lika roligt \u00e5r som 2012 har varit.<\/p>\n<p><img decoding=\"async\" alt=\"\" src=\"http:\/\/www.budokampsport.se\/sites\/default\/files\/rob_fredrik.gif\" style=\"height:290px; width:435px\"><\/p>\n<p><strong>Imorgon forts\u00e4tter julnedr\u00e4kningen med en ny profil d\u00e5 MMANytt.ses grunadre Martin Johansson f\u00e5r ber\u00e4tta om sin kommande jul. Budokampsport.se \u00f6nskar givetvis Rob Haans en riktigt god jul och gott nytt \u00e5r.<\/strong><\/p>\n<p>Text och foto: Jonathan Broberg<\/p>\n","protected":false},"excerpt":{"rendered":"<p><strong>Budokampsport.se forts\u00e4tter v\u00e5r nedr\u00e4kning till jul med v\u00e5r artikelserie om v\u00e5ra profilers jul och denna g\u00e5ng har det blivit tur f\u00f6r ju jutsulandslagets coach, holl\u00e4ndaren Rob Haans.<\/p><br>","protected":false},"author":7,"featured_media":0,"comment_status":"closed","ping_status":"closed","sticky":false,"template":"","format":"standard","meta":{"_acf_changed":false,"footnotes":""},"categories":[1],"tags":[],"class_list":["post-4470","post","type-post","status-publish","format-standard","hentry","category-okategoriserade"],"acf":[],"yoast_head":"<!-- This site is optimized with the Yoast SEO plugin v26.8 - https:\/\/yoast.com\/product\/yoast-seo-wordpress\/ -->\n<title>S\u00e5 firar profilerna jul - Rob Haans, ju jutsulandslagets coach - Svenska Budo &amp; Kampsportsf\u00f6rbundet<\/title>\n<meta name=\"description\" content=\"Budokampsport.se forts\u00e4tter v\u00e5r nedr\u00e4kning till jul med v\u00e5r artikelserie om v\u00e5ra profilers jul och denna g\u00e5ng har det blivit tur f\u00f6r ju jutsulandslagets coach, holl\u00e4ndaren Rob Haans.\" \/>\n<meta name=\"robots\" content=\"index, follow, max-snippet:-1, max-image-preview:large, max-video-preview:-1\" \/>\n<link rel=\"canonical\" href=\"https:\/\/www.budokampsport.se\/2012\/12\/17\/sa-firar-profilerna-jul-rob-haans-ju-jutsulandslagets-coach\/\" \/>\n<meta property=\"og:locale\" content=\"sv_SE\" \/>\n<meta property=\"og:type\" content=\"article\" \/>\n<meta property=\"og:title\" content=\"S\u00e5 firar profilerna jul - Rob Haans, ju jutsulandslagets coach - Svenska Budo &amp; Kampsportsf\u00f6rbundet\" \/>\n<meta property=\"og:description\" content=\"Budokampsport.se forts\u00e4tter v\u00e5r nedr\u00e4kning till jul med v\u00e5r artikelserie om v\u00e5ra profilers jul och denna g\u00e5ng har det blivit tur f\u00f6r ju jutsulandslagets coach, holl\u00e4ndaren Rob Haans.\" \/>\n<meta property=\"og:url\" content=\"https:\/\/www.budokampsport.se\/2012\/12\/17\/sa-firar-profilerna-jul-rob-haans-ju-jutsulandslagets-coach\/\" \/>\n<meta property=\"og:site_name\" content=\"Svenska Budo &amp; Kampsportsf\u00f6rbundet\" \/>\n<meta property=\"article:author\" content=\"https:\/\/www.facebook.com\/jonathan.broberg.7\" \/>\n<meta property=\"article:published_time\" content=\"2012-12-17T15:14:18+00:00\" \/>\n<meta property=\"article:modified_time\" content=\"2016-12-06T21:35:24+00:00\" \/>\n<meta property=\"og:image\" content=\"http:\/\/www.budokampsport.se\/sites\/default\/files\/rob_0.gif\" \/>\n<meta name=\"author\" content=\"Jonathan Broberg\" \/>\n<meta name=\"twitter:card\" content=\"summary_large_image\" \/>\n<meta name=\"twitter:label1\" content=\"Skriven av\" \/>\n\t<meta name=\"twitter:data1\" content=\"Jonathan Broberg\" \/>\n\t<meta name=\"twitter:label2\" content=\"Ber\u00e4knad l\u00e4stid\" \/>\n\t<meta name=\"twitter:data2\" content=\"2 minuter\" \/>\n<script type=\"application\/ld+json\" class=\"yoast-schema-graph\">{\"@context\":\"https:\/\/schema.org\",\"@graph\":[{\"@type\":\"Article\",\"@id\":\"https:\/\/www.budokampsport.se\/2012\/12\/17\/sa-firar-profilerna-jul-rob-haans-ju-jutsulandslagets-coach\/#article\",\"isPartOf\":{\"@id\":\"https:\/\/www.budokampsport.se\/2012\/12\/17\/sa-firar-profilerna-jul-rob-haans-ju-jutsulandslagets-coach\/\"},\"author\":{\"name\":\"Jonathan Broberg\",\"@id\":\"https:\/\/www.budokampsport.se\/#\/schema\/person\/5c06d81d14850e2a8ce5493386560145\"},\"headline\":\"S\u00e5 firar profilerna jul &#8211; Rob Haans, ju jutsulandslagets coach\",\"datePublished\":\"2012-12-17T15:14:18+00:00\",\"dateModified\":\"2016-12-06T21:35:24+00:00\",\"mainEntityOfPage\":{\"@id\":\"https:\/\/www.budokampsport.se\/2012\/12\/17\/sa-firar-profilerna-jul-rob-haans-ju-jutsulandslagets-coach\/\"},\"wordCount\":399,\"image\":{\"@id\":\"https:\/\/www.budokampsport.se\/2012\/12\/17\/sa-firar-profilerna-jul-rob-haans-ju-jutsulandslagets-coach\/#primaryimage\"},\"thumbnailUrl\":\"http:\/\/www.budokampsport.se\/sites\/default\/files\/rob_0.gif\",\"inLanguage\":\"sv-SE\"},{\"@type\":\"WebPage\",\"@id\":\"https:\/\/www.budokampsport.se\/2012\/12\/17\/sa-firar-profilerna-jul-rob-haans-ju-jutsulandslagets-coach\/\",\"url\":\"https:\/\/www.budokampsport.se\/2012\/12\/17\/sa-firar-profilerna-jul-rob-haans-ju-jutsulandslagets-coach\/\",\"name\":\"S\u00e5 firar profilerna jul - Rob Haans, ju jutsulandslagets coach - Svenska Budo &amp; Kampsportsf\u00f6rbundet\",\"isPartOf\":{\"@id\":\"https:\/\/www.budokampsport.se\/#website\"},\"primaryImageOfPage\":{\"@id\":\"https:\/\/www.budokampsport.se\/2012\/12\/17\/sa-firar-profilerna-jul-rob-haans-ju-jutsulandslagets-coach\/#primaryimage\"},\"image\":{\"@id\":\"https:\/\/www.budokampsport.se\/2012\/12\/17\/sa-firar-profilerna-jul-rob-haans-ju-jutsulandslagets-coach\/#primaryimage\"},\"thumbnailUrl\":\"http:\/\/www.budokampsport.se\/sites\/default\/files\/rob_0.gif\",\"datePublished\":\"2012-12-17T15:14:18+00:00\",\"dateModified\":\"2016-12-06T21:35:24+00:00\",\"author\":{\"@id\":\"https:\/\/www.budokampsport.se\/#\/schema\/person\/5c06d81d14850e2a8ce5493386560145\"},\"description\":\"Budokampsport.se forts\u00e4tter v\u00e5r nedr\u00e4kning till jul med v\u00e5r artikelserie om v\u00e5ra profilers jul och denna g\u00e5ng har det blivit tur f\u00f6r ju jutsulandslagets coach, holl\u00e4ndaren Rob Haans.\",\"breadcrumb\":{\"@id\":\"https:\/\/www.budokampsport.se\/2012\/12\/17\/sa-firar-profilerna-jul-rob-haans-ju-jutsulandslagets-coach\/#breadcrumb\"},\"inLanguage\":\"sv-SE\",\"potentialAction\":[{\"@type\":\"ReadAction\",\"target\":[\"https:\/\/www.budokampsport.se\/2012\/12\/17\/sa-firar-profilerna-jul-rob-haans-ju-jutsulandslagets-coach\/\"]}]},{\"@type\":\"ImageObject\",\"inLanguage\":\"sv-SE\",\"@id\":\"https:\/\/www.budokampsport.se\/2012\/12\/17\/sa-firar-profilerna-jul-rob-haans-ju-jutsulandslagets-coach\/#primaryimage\",\"url\":\"http:\/\/www.budokampsport.se\/sites\/default\/files\/rob_0.gif\",\"contentUrl\":\"http:\/\/www.budokampsport.se\/sites\/default\/files\/rob_0.gif\"},{\"@type\":\"BreadcrumbList\",\"@id\":\"https:\/\/www.budokampsport.se\/2012\/12\/17\/sa-firar-profilerna-jul-rob-haans-ju-jutsulandslagets-coach\/#breadcrumb\",\"itemListElement\":[{\"@type\":\"ListItem\",\"position\":1,\"name\":\"Hem\",\"item\":\"https:\/\/www.budokampsport.se\/\"},{\"@type\":\"ListItem\",\"position\":2,\"name\":\"S\u00e5 firar profilerna jul &#8211; Rob Haans, ju jutsulandslagets coach\"}]},{\"@type\":\"WebSite\",\"@id\":\"https:\/\/www.budokampsport.se\/#website\",\"url\":\"https:\/\/www.budokampsport.se\/\",\"name\":\"Svenska Budo &amp; Kampsportsf\u00f6rbundet\",\"description\":\"T\u00e4vling, Tr\u00e4ning, Tradition\",\"potentialAction\":[{\"@type\":\"SearchAction\",\"target\":{\"@type\":\"EntryPoint\",\"urlTemplate\":\"https:\/\/www.budokampsport.se\/?s={search_term_string}\"},\"query-input\":{\"@type\":\"PropertyValueSpecification\",\"valueRequired\":true,\"valueName\":\"search_term_string\"}}],\"inLanguage\":\"sv-SE\"},{\"@type\":\"Person\",\"@id\":\"https:\/\/www.budokampsport.se\/#\/schema\/person\/5c06d81d14850e2a8ce5493386560145\",\"name\":\"Jonathan Broberg\",\"image\":{\"@type\":\"ImageObject\",\"inLanguage\":\"sv-SE\",\"@id\":\"https:\/\/www.budokampsport.se\/#\/schema\/person\/image\/\",\"url\":\"https:\/\/secure.gravatar.com\/avatar\/a58041c6cea9128bd9c40ee2f26d4136?s=96&d=blank&r=g\",\"contentUrl\":\"https:\/\/secure.gravatar.com\/avatar\/a58041c6cea9128bd9c40ee2f26d4136?s=96&d=blank&r=g\",\"caption\":\"Jonathan Broberg\"},\"sameAs\":[\"https:\/\/www.facebook.com\/jonathan.broberg.7\"],\"url\":\"https:\/\/www.budokampsport.se\/author\/jonathan\/\"}]}<\/script>\n<!-- \/ Yoast SEO plugin. -->","yoast_head_json":{"title":"S\u00e5 firar profilerna jul - Rob Haans, ju jutsulandslagets coach - Svenska Budo &amp; Kampsportsf\u00f6rbundet","description":"Budokampsport.se forts\u00e4tter v\u00e5r nedr\u00e4kning till jul med v\u00e5r artikelserie om v\u00e5ra profilers jul och denna g\u00e5ng har det blivit tur f\u00f6r ju jutsulandslagets coach, holl\u00e4ndaren Rob Haans.","robots":{"index":"index","follow":"follow","max-snippet":"max-snippet:-1","max-image-preview":"max-image-preview:large","max-video-preview":"max-video-preview:-1"},"canonical":"https:\/\/www.budokampsport.se\/2012\/12\/17\/sa-firar-profilerna-jul-rob-haans-ju-jutsulandslagets-coach\/","og_locale":"sv_SE","og_type":"article","og_title":"S\u00e5 firar profilerna jul - Rob Haans, ju jutsulandslagets coach - Svenska Budo &amp; Kampsportsf\u00f6rbundet","og_description":"Budokampsport.se forts\u00e4tter v\u00e5r nedr\u00e4kning till jul med v\u00e5r artikelserie om v\u00e5ra profilers jul och denna g\u00e5ng har det blivit tur f\u00f6r ju jutsulandslagets coach, holl\u00e4ndaren Rob Haans.","og_url":"https:\/\/www.budokampsport.se\/2012\/12\/17\/sa-firar-profilerna-jul-rob-haans-ju-jutsulandslagets-coach\/","og_site_name":"Svenska Budo &amp; Kampsportsf\u00f6rbundet","article_author":"https:\/\/www.facebook.com\/jonathan.broberg.7","article_published_time":"2012-12-17T15:14:18+00:00","article_modified_time":"2016-12-06T21:35:24+00:00","og_image":[{"url":"http:\/\/www.budokampsport.se\/sites\/default\/files\/rob_0.gif","type":"","width":"","height":""}],"author":"Jonathan Broberg","twitter_card":"summary_large_image","twitter_misc":{"Skriven av":"Jonathan Broberg","Ber\u00e4knad l\u00e4stid":"2 minuter"},"schema":{"@context":"https:\/\/schema.org","@graph":[{"@type":"Article","@id":"https:\/\/www.budokampsport.se\/2012\/12\/17\/sa-firar-profilerna-jul-rob-haans-ju-jutsulandslagets-coach\/#article","isPartOf":{"@id":"https:\/\/www.budokampsport.se\/2012\/12\/17\/sa-firar-profilerna-jul-rob-haans-ju-jutsulandslagets-coach\/"},"author":{"name":"Jonathan Broberg","@id":"https:\/\/www.budokampsport.se\/#\/schema\/person\/5c06d81d14850e2a8ce5493386560145"},"headline":"S\u00e5 firar profilerna jul &#8211; Rob Haans, ju jutsulandslagets coach","datePublished":"2012-12-17T15:14:18+00:00","dateModified":"2016-12-06T21:35:24+00:00","mainEntityOfPage":{"@id":"https:\/\/www.budokampsport.se\/2012\/12\/17\/sa-firar-profilerna-jul-rob-haans-ju-jutsulandslagets-coach\/"},"wordCount":399,"image":{"@id":"https:\/\/www.budokampsport.se\/2012\/12\/17\/sa-firar-profilerna-jul-rob-haans-ju-jutsulandslagets-coach\/#primaryimage"},"thumbnailUrl":"http:\/\/www.budokampsport.se\/sites\/default\/files\/rob_0.gif","inLanguage":"sv-SE"},{"@type":"WebPage","@id":"https:\/\/www.budokampsport.se\/2012\/12\/17\/sa-firar-profilerna-jul-rob-haans-ju-jutsulandslagets-coach\/","url":"https:\/\/www.budokampsport.se\/2012\/12\/17\/sa-firar-profilerna-jul-rob-haans-ju-jutsulandslagets-coach\/","name":"S\u00e5 firar profilerna jul - Rob Haans, ju jutsulandslagets coach - Svenska Budo &amp; Kampsportsf\u00f6rbundet","isPartOf":{"@id":"https:\/\/www.budokampsport.se\/#website"},"primaryImageOfPage":{"@id":"https:\/\/www.budokampsport.se\/2012\/12\/17\/sa-firar-profilerna-jul-rob-haans-ju-jutsulandslagets-coach\/#primaryimage"},"image":{"@id":"https:\/\/www.budokampsport.se\/2012\/12\/17\/sa-firar-profilerna-jul-rob-haans-ju-jutsulandslagets-coach\/#primaryimage"},"thumbnailUrl":"http:\/\/www.budokampsport.se\/sites\/default\/files\/rob_0.gif","datePublished":"2012-12-17T15:14:18+00:00","dateModified":"2016-12-06T21:35:24+00:00","author":{"@id":"https:\/\/www.budokampsport.se\/#\/schema\/person\/5c06d81d14850e2a8ce5493386560145"},"description":"Budokampsport.se forts\u00e4tter v\u00e5r nedr\u00e4kning till jul med v\u00e5r artikelserie om v\u00e5ra profilers jul och denna g\u00e5ng har det blivit tur f\u00f6r ju jutsulandslagets coach, holl\u00e4ndaren Rob Haans.","breadcrumb":{"@id":"https:\/\/www.budokampsport.se\/2012\/12\/17\/sa-firar-profilerna-jul-rob-haans-ju-jutsulandslagets-coach\/#breadcrumb"},"inLanguage":"sv-SE","potentialAction":[{"@type":"ReadAction","target":["https:\/\/www.budokampsport.se\/2012\/12\/17\/sa-firar-profilerna-jul-rob-haans-ju-jutsulandslagets-coach\/"]}]},{"@type":"ImageObject","inLanguage":"sv-SE","@id":"https:\/\/www.budokampsport.se\/2012\/12\/17\/sa-firar-profilerna-jul-rob-haans-ju-jutsulandslagets-coach\/#primaryimage","url":"http:\/\/www.budokampsport.se\/sites\/default\/files\/rob_0.gif","contentUrl":"http:\/\/www.budokampsport.se\/sites\/default\/files\/rob_0.gif"},{"@type":"BreadcrumbList","@id":"https:\/\/www.budokampsport.se\/2012\/12\/17\/sa-firar-profilerna-jul-rob-haans-ju-jutsulandslagets-coach\/#breadcrumb","itemListElement":[{"@type":"ListItem","position":1,"name":"Hem","item":"https:\/\/www.budokampsport.se\/"},{"@type":"ListItem","position":2,"name":"S\u00e5 firar profilerna jul &#8211; Rob Haans, ju jutsulandslagets coach"}]},{"@type":"WebSite","@id":"https:\/\/www.budokampsport.se\/#website","url":"https:\/\/www.budokampsport.se\/","name":"Svenska Budo &amp; Kampsportsf\u00f6rbundet","description":"T\u00e4vling, Tr\u00e4ning, Tradition","potentialAction":[{"@type":"SearchAction","target":{"@type":"EntryPoint","urlTemplate":"https:\/\/www.budokampsport.se\/?s={search_term_string}"},"query-input":{"@type":"PropertyValueSpecification","valueRequired":true,"valueName":"search_term_string"}}],"inLanguage":"sv-SE"},{"@type":"Person","@id":"https:\/\/www.budokampsport.se\/#\/schema\/person\/5c06d81d14850e2a8ce5493386560145","name":"Jonathan Broberg","image":{"@type":"ImageObject","inLanguage":"sv-SE","@id":"https:\/\/www.budokampsport.se\/#\/schema\/person\/image\/","url":"https:\/\/secure.gravatar.com\/avatar\/a58041c6cea9128bd9c40ee2f26d4136?s=96&d=blank&r=g","contentUrl":"https:\/\/secure.gravatar.com\/avatar\/a58041c6cea9128bd9c40ee2f26d4136?s=96&d=blank&r=g","caption":"Jonathan Broberg"},"sameAs":["https:\/\/www.facebook.com\/jonathan.broberg.7"],"url":"https:\/\/www.budokampsport.se\/author\/jonathan\/"}]}},"_links":{"self":[{"href":"https:\/\/www.budokampsport.se\/api\/wp\/v2\/posts\/4470","targetHints":{"allow":["GET"]}}],"collection":[{"href":"https:\/\/www.budokampsport.se\/api\/wp\/v2\/posts"}],"about":[{"href":"https:\/\/www.budokampsport.se\/api\/wp\/v2\/types\/post"}],"author":[{"embeddable":true,"href":"https:\/\/www.budokampsport.se\/api\/wp\/v2\/users\/7"}],"replies":[{"embeddable":true,"href":"https:\/\/www.budokampsport.se\/api\/wp\/v2\/comments?post=4470"}],"version-history":[{"count":0,"href":"https:\/\/www.budokampsport.se\/api\/wp\/v2\/posts\/4470\/revisions"}],"wp:attachment":[{"href":"https:\/\/www.budokampsport.se\/api\/wp\/v2\/media?parent=4470"}],"wp:term":[{"taxonomy":"category","embeddable":true,"href":"https:\/\/www.budokampsport.se\/api\/wp\/v2\/categories?post=4470"},{"taxonomy":"post_tag","embeddable":true,"href":"https:\/\/www.budokampsport.se\/api\/wp\/v2\/tags?post=4470"}],"curies":[{"name":"wp","href":"https:\/\/api.w.org\/{rel}","templated":true}]}}