{"id":4472,"date":"2012-12-18T15:51:34","date_gmt":"2012-12-18T14:51:34","guid":{"rendered":"http:\/\/budo.wordpress.dev\/2012\/12\/18\/sa-firar-profilerna-jul-martin-johansson-grundare-av-mmanytt-se\/"},"modified":"2016-12-06T22:35:24","modified_gmt":"2016-12-06T21:35:24","slug":"sa-firar-profilerna-jul-martin-johansson-grundare-av-mmanytt-se","status":"publish","type":"post","link":"https:\/\/www.budokampsport.se\/2012\/12\/18\/sa-firar-profilerna-jul-martin-johansson-grundare-av-mmanytt-se\/","title":{"rendered":"S\u00e5 firar profilerna jul &#8211; Martin Johansson, grundare av MMANytt.se"},"content":{"rendered":"<p><strong>Budokampsport.se forts\u00e4tter v\u00e5r nedr\u00e4kning till jul med v\u00e5r artikelserie om v\u00e5ra profilers jul och denna g\u00e5ng har det blivit tur f\u00f6r MMAnytt.ses grundare Martin Johansson<\/strong>.<!--break--><\/p>\n<p>Martin Johansson \u00e4r inte bara grundare av svensk kampsports st\u00f6rsta hemsida, MMANytt.se. Johansson \u00e4r en enast\u00e5ende kraft i det brus som svensk kampsport har att ta sig igenom. Dag efter dag.<\/p>\n<p>Martin \u00e4r en arbetsh\u00e4st ut\u00f6ver det vanliga, men framf\u00f6rallt en person som har glimten i \u00f6gat och ett enormt hj\u00e4rta f\u00f6r svensk MMA i synnerhet men f\u00f6r svensk budo och kampsport i allm\u00e4nhet.<\/p>\n<p><strong>Martin, om du ser tillbaka p\u00e5 2012, hur har det \u00e5ret varit f\u00f6r dig b\u00e5de personligt och idrottsligt?<\/strong><br \/>\u00a0\u00a0 &#8211; MMA under 2012? Det kan inte sammanfattas b\u00e4ttre \u00e4n &#8220;Explosivt.&#8221; Allt fr\u00e5n &#8220;sl\u00e5 han p\u00e5 k\u00e4ften&#8221;-vr\u00e5l p\u00e5 Globen n\u00e4r UFC bes\u00f6kte Sverige till den st\u00f6rsta \u00f6kningen av MMA-intresserade i mannaminne. Det \u00e4r s\u00e5 otroligt roligt att kunna bidra till utvecklingen av kampsport i Norden och jag k\u00e4nner mig hedrad av det stora intresset som Sverige faktiskt har om kampsport. Trots att massmedia fortfarande f\u00f6rs\u00f6ker h\u00e5lla oss under ett lock.<\/p>\n<p><strong>Hur kommer du att fira julen?<\/strong><br \/>\u00a0\u00a0 &#8211; Jag kommer att fira jul med b\u00e5de sl\u00e4kt och v\u00e4nner, precis som vi brukar. Klassiskt svenskt, med b\u00e5de lite Kalle Anka, lite julskinka, paket och en och annan fin-whiskey fram\u00e5t sm\u00e5timmarna.<\/p>\n<p><img decoding=\"async\" alt=\"\" src=\"http:\/\/www.budokampsport.se\/sites\/default\/files\/martin_0.jpg\" style=\"height:289px; width:435px\"><\/p>\n<p><strong>Vad \u00f6nskar du dig mest av allt i julklapp?<\/strong><br \/>\u00a0\u00a0 &#8211; En radiostyrd helikopter skulle jag inte tacka nej till.<\/p>\n<p><strong>Har du n\u00e5got ny\u00e5rsl\u00f6fte, i s\u00e5 fall vad och varf\u00f6r?<\/strong><br \/>\u00a0\u00a0 &#8211; Jag har aldrig riktigt satt ny\u00e5rsl\u00f6ften tidigare. Men om jag kunde s\u00e5 kanske det vore att dra ner p\u00e5 antal timmar jag arbetar. Det brukar bli runt en 12-14 timmar per dygn, n\u00e5got s\u00e5dant, helg som vardag. Men, hur kul \u00e4r det l\u00f6ftet egentligen?<\/p>\n<p><strong>Om du blickar fram mot 2013, vad tror du om det \u00e5ret b\u00e5de personligt och idrottsligt?<\/strong><br \/>\u00a0\u00a0 &#8211; Jag \u00e4r helt \u00f6vertygad om att vi har en svensk m\u00e4stare i l\u00e4tt tungvikt i UFC. Alexander Gustafsson briljerar i buren om och om igen. Sedan hoppas jag att UFC \u00e4nnu en g\u00e5ng landar i Sverige, kanske f\u00f6r Gustafssons f\u00f6rsta titelf\u00f6rsvar i slutet av \u00e5ret? Det vore n\u00e5got det. Personligt s\u00e5 vore det r\u00e4tt tufft att f\u00e5 flyga en radiostyrd helikopter i Globen eller p\u00e5 Friends Arena. T\u00e4nk dig. 2013 \u00e4r m\u00f6jligheternas \u00e5r.<\/p>\n<p><em><strong>Imorgon forts\u00e4tter julnedr\u00e4kningen med en ny profil d\u00e5 pro-v\u00e4rldsm\u00e4starinnan i kickboxning Therese Gunnarsson f\u00e5r ber\u00e4tta om sin kommande jul. Budokampsport.se \u00f6nskar givetvis\u00a0Martin Johansson\u00a0en riktigt god jul och gott nytt \u00e5r.<\/strong><\/em><\/p>\n<p>Text: Jonathan Broberg<\/p>\n","protected":false},"excerpt":{"rendered":"<p><strong>Budokampsport.se forts\u00e4tter v\u00e5r nedr\u00e4kning till jul med v\u00e5r artikelserie om v\u00e5ra profilers jul och denna g\u00e5ng har det blivit tur f\u00f6r MMAnytt.ses grundare Martin Johansson<\/strong>.<\/p><br>","protected":false},"author":7,"featured_media":0,"comment_status":"closed","ping_status":"closed","sticky":false,"template":"","format":"standard","meta":{"_acf_changed":false,"footnotes":""},"categories":[1],"tags":[],"class_list":["post-4472","post","type-post","status-publish","format-standard","hentry","category-okategoriserade"],"acf":[],"yoast_head":"<!-- This site is optimized with the Yoast SEO plugin v26.8 - https:\/\/yoast.com\/product\/yoast-seo-wordpress\/ -->\n<title>S\u00e5 firar profilerna jul - Martin Johansson, grundare av MMANytt.se - Svenska Budo &amp; Kampsportsf\u00f6rbundet<\/title>\n<meta name=\"description\" content=\"Budokampsport.se forts\u00e4tter v\u00e5r nedr\u00e4kning till jul med v\u00e5r artikelserie om v\u00e5ra profilers jul och denna g\u00e5ng har det blivit tur f\u00f6r MMAnytt.ses grundare Martin Johansson.\" \/>\n<meta name=\"robots\" content=\"index, follow, max-snippet:-1, max-image-preview:large, max-video-preview:-1\" \/>\n<link rel=\"canonical\" href=\"https:\/\/www.budokampsport.se\/2012\/12\/18\/sa-firar-profilerna-jul-martin-johansson-grundare-av-mmanytt-se\/\" \/>\n<meta property=\"og:locale\" content=\"sv_SE\" \/>\n<meta property=\"og:type\" content=\"article\" \/>\n<meta property=\"og:title\" content=\"S\u00e5 firar profilerna jul - Martin Johansson, grundare av MMANytt.se - Svenska Budo &amp; Kampsportsf\u00f6rbundet\" \/>\n<meta property=\"og:description\" content=\"Budokampsport.se forts\u00e4tter v\u00e5r nedr\u00e4kning till jul med v\u00e5r artikelserie om v\u00e5ra profilers jul och denna g\u00e5ng har det blivit tur f\u00f6r MMAnytt.ses grundare Martin Johansson.\" \/>\n<meta property=\"og:url\" content=\"https:\/\/www.budokampsport.se\/2012\/12\/18\/sa-firar-profilerna-jul-martin-johansson-grundare-av-mmanytt-se\/\" \/>\n<meta property=\"og:site_name\" content=\"Svenska Budo &amp; Kampsportsf\u00f6rbundet\" \/>\n<meta property=\"article:author\" content=\"https:\/\/www.facebook.com\/jonathan.broberg.7\" \/>\n<meta property=\"article:published_time\" content=\"2012-12-18T14:51:34+00:00\" \/>\n<meta property=\"article:modified_time\" content=\"2016-12-06T21:35:24+00:00\" \/>\n<meta property=\"og:image\" content=\"http:\/\/www.budokampsport.se\/sites\/default\/files\/martin_0.jpg\" \/>\n<meta name=\"author\" content=\"Jonathan Broberg\" \/>\n<meta name=\"twitter:card\" content=\"summary_large_image\" \/>\n<meta name=\"twitter:label1\" content=\"Skriven av\" \/>\n\t<meta name=\"twitter:data1\" content=\"Jonathan Broberg\" \/>\n\t<meta name=\"twitter:label2\" content=\"Ber\u00e4knad l\u00e4stid\" \/>\n\t<meta name=\"twitter:data2\" content=\"2 minuter\" \/>\n<script type=\"application\/ld+json\" class=\"yoast-schema-graph\">{\"@context\":\"https:\/\/schema.org\",\"@graph\":[{\"@type\":\"Article\",\"@id\":\"https:\/\/www.budokampsport.se\/2012\/12\/18\/sa-firar-profilerna-jul-martin-johansson-grundare-av-mmanytt-se\/#article\",\"isPartOf\":{\"@id\":\"https:\/\/www.budokampsport.se\/2012\/12\/18\/sa-firar-profilerna-jul-martin-johansson-grundare-av-mmanytt-se\/\"},\"author\":{\"name\":\"Jonathan Broberg\",\"@id\":\"https:\/\/www.budokampsport.se\/#\/schema\/person\/5c06d81d14850e2a8ce5493386560145\"},\"headline\":\"S\u00e5 firar profilerna jul &#8211; Martin Johansson, grundare av MMANytt.se\",\"datePublished\":\"2012-12-18T14:51:34+00:00\",\"dateModified\":\"2016-12-06T21:35:24+00:00\",\"mainEntityOfPage\":{\"@id\":\"https:\/\/www.budokampsport.se\/2012\/12\/18\/sa-firar-profilerna-jul-martin-johansson-grundare-av-mmanytt-se\/\"},\"wordCount\":487,\"image\":{\"@id\":\"https:\/\/www.budokampsport.se\/2012\/12\/18\/sa-firar-profilerna-jul-martin-johansson-grundare-av-mmanytt-se\/#primaryimage\"},\"thumbnailUrl\":\"http:\/\/www.budokampsport.se\/sites\/default\/files\/martin_0.jpg\",\"inLanguage\":\"sv-SE\"},{\"@type\":\"WebPage\",\"@id\":\"https:\/\/www.budokampsport.se\/2012\/12\/18\/sa-firar-profilerna-jul-martin-johansson-grundare-av-mmanytt-se\/\",\"url\":\"https:\/\/www.budokampsport.se\/2012\/12\/18\/sa-firar-profilerna-jul-martin-johansson-grundare-av-mmanytt-se\/\",\"name\":\"S\u00e5 firar profilerna jul - Martin Johansson, grundare av MMANytt.se - Svenska Budo &amp; Kampsportsf\u00f6rbundet\",\"isPartOf\":{\"@id\":\"https:\/\/www.budokampsport.se\/#website\"},\"primaryImageOfPage\":{\"@id\":\"https:\/\/www.budokampsport.se\/2012\/12\/18\/sa-firar-profilerna-jul-martin-johansson-grundare-av-mmanytt-se\/#primaryimage\"},\"image\":{\"@id\":\"https:\/\/www.budokampsport.se\/2012\/12\/18\/sa-firar-profilerna-jul-martin-johansson-grundare-av-mmanytt-se\/#primaryimage\"},\"thumbnailUrl\":\"http:\/\/www.budokampsport.se\/sites\/default\/files\/martin_0.jpg\",\"datePublished\":\"2012-12-18T14:51:34+00:00\",\"dateModified\":\"2016-12-06T21:35:24+00:00\",\"author\":{\"@id\":\"https:\/\/www.budokampsport.se\/#\/schema\/person\/5c06d81d14850e2a8ce5493386560145\"},\"description\":\"Budokampsport.se forts\u00e4tter v\u00e5r nedr\u00e4kning till jul med v\u00e5r artikelserie om v\u00e5ra profilers jul och denna g\u00e5ng har det blivit tur f\u00f6r MMAnytt.ses grundare Martin Johansson.\",\"breadcrumb\":{\"@id\":\"https:\/\/www.budokampsport.se\/2012\/12\/18\/sa-firar-profilerna-jul-martin-johansson-grundare-av-mmanytt-se\/#breadcrumb\"},\"inLanguage\":\"sv-SE\",\"potentialAction\":[{\"@type\":\"ReadAction\",\"target\":[\"https:\/\/www.budokampsport.se\/2012\/12\/18\/sa-firar-profilerna-jul-martin-johansson-grundare-av-mmanytt-se\/\"]}]},{\"@type\":\"ImageObject\",\"inLanguage\":\"sv-SE\",\"@id\":\"https:\/\/www.budokampsport.se\/2012\/12\/18\/sa-firar-profilerna-jul-martin-johansson-grundare-av-mmanytt-se\/#primaryimage\",\"url\":\"http:\/\/www.budokampsport.se\/sites\/default\/files\/martin_0.jpg\",\"contentUrl\":\"http:\/\/www.budokampsport.se\/sites\/default\/files\/martin_0.jpg\"},{\"@type\":\"BreadcrumbList\",\"@id\":\"https:\/\/www.budokampsport.se\/2012\/12\/18\/sa-firar-profilerna-jul-martin-johansson-grundare-av-mmanytt-se\/#breadcrumb\",\"itemListElement\":[{\"@type\":\"ListItem\",\"position\":1,\"name\":\"Hem\",\"item\":\"https:\/\/www.budokampsport.se\/\"},{\"@type\":\"ListItem\",\"position\":2,\"name\":\"S\u00e5 firar profilerna jul &#8211; Martin Johansson, grundare av MMANytt.se\"}]},{\"@type\":\"WebSite\",\"@id\":\"https:\/\/www.budokampsport.se\/#website\",\"url\":\"https:\/\/www.budokampsport.se\/\",\"name\":\"Svenska Budo &amp; Kampsportsf\u00f6rbundet\",\"description\":\"T\u00e4vling, Tr\u00e4ning, Tradition\",\"potentialAction\":[{\"@type\":\"SearchAction\",\"target\":{\"@type\":\"EntryPoint\",\"urlTemplate\":\"https:\/\/www.budokampsport.se\/?s={search_term_string}\"},\"query-input\":{\"@type\":\"PropertyValueSpecification\",\"valueRequired\":true,\"valueName\":\"search_term_string\"}}],\"inLanguage\":\"sv-SE\"},{\"@type\":\"Person\",\"@id\":\"https:\/\/www.budokampsport.se\/#\/schema\/person\/5c06d81d14850e2a8ce5493386560145\",\"name\":\"Jonathan Broberg\",\"image\":{\"@type\":\"ImageObject\",\"inLanguage\":\"sv-SE\",\"@id\":\"https:\/\/www.budokampsport.se\/#\/schema\/person\/image\/\",\"url\":\"https:\/\/secure.gravatar.com\/avatar\/a58041c6cea9128bd9c40ee2f26d4136?s=96&d=blank&r=g\",\"contentUrl\":\"https:\/\/secure.gravatar.com\/avatar\/a58041c6cea9128bd9c40ee2f26d4136?s=96&d=blank&r=g\",\"caption\":\"Jonathan Broberg\"},\"sameAs\":[\"https:\/\/www.facebook.com\/jonathan.broberg.7\"],\"url\":\"https:\/\/www.budokampsport.se\/author\/jonathan\/\"}]}<\/script>\n<!-- \/ Yoast SEO plugin. -->","yoast_head_json":{"title":"S\u00e5 firar profilerna jul - Martin Johansson, grundare av MMANytt.se - Svenska Budo &amp; Kampsportsf\u00f6rbundet","description":"Budokampsport.se forts\u00e4tter v\u00e5r nedr\u00e4kning till jul med v\u00e5r artikelserie om v\u00e5ra profilers jul och denna g\u00e5ng har det blivit tur f\u00f6r MMAnytt.ses grundare Martin Johansson.","robots":{"index":"index","follow":"follow","max-snippet":"max-snippet:-1","max-image-preview":"max-image-preview:large","max-video-preview":"max-video-preview:-1"},"canonical":"https:\/\/www.budokampsport.se\/2012\/12\/18\/sa-firar-profilerna-jul-martin-johansson-grundare-av-mmanytt-se\/","og_locale":"sv_SE","og_type":"article","og_title":"S\u00e5 firar profilerna jul - Martin Johansson, grundare av MMANytt.se - Svenska Budo &amp; Kampsportsf\u00f6rbundet","og_description":"Budokampsport.se forts\u00e4tter v\u00e5r nedr\u00e4kning till jul med v\u00e5r artikelserie om v\u00e5ra profilers jul och denna g\u00e5ng har det blivit tur f\u00f6r MMAnytt.ses grundare Martin Johansson.","og_url":"https:\/\/www.budokampsport.se\/2012\/12\/18\/sa-firar-profilerna-jul-martin-johansson-grundare-av-mmanytt-se\/","og_site_name":"Svenska Budo &amp; Kampsportsf\u00f6rbundet","article_author":"https:\/\/www.facebook.com\/jonathan.broberg.7","article_published_time":"2012-12-18T14:51:34+00:00","article_modified_time":"2016-12-06T21:35:24+00:00","og_image":[{"url":"http:\/\/www.budokampsport.se\/sites\/default\/files\/martin_0.jpg","type":"","width":"","height":""}],"author":"Jonathan Broberg","twitter_card":"summary_large_image","twitter_misc":{"Skriven av":"Jonathan Broberg","Ber\u00e4knad l\u00e4stid":"2 minuter"},"schema":{"@context":"https:\/\/schema.org","@graph":[{"@type":"Article","@id":"https:\/\/www.budokampsport.se\/2012\/12\/18\/sa-firar-profilerna-jul-martin-johansson-grundare-av-mmanytt-se\/#article","isPartOf":{"@id":"https:\/\/www.budokampsport.se\/2012\/12\/18\/sa-firar-profilerna-jul-martin-johansson-grundare-av-mmanytt-se\/"},"author":{"name":"Jonathan Broberg","@id":"https:\/\/www.budokampsport.se\/#\/schema\/person\/5c06d81d14850e2a8ce5493386560145"},"headline":"S\u00e5 firar profilerna jul &#8211; Martin Johansson, grundare av MMANytt.se","datePublished":"2012-12-18T14:51:34+00:00","dateModified":"2016-12-06T21:35:24+00:00","mainEntityOfPage":{"@id":"https:\/\/www.budokampsport.se\/2012\/12\/18\/sa-firar-profilerna-jul-martin-johansson-grundare-av-mmanytt-se\/"},"wordCount":487,"image":{"@id":"https:\/\/www.budokampsport.se\/2012\/12\/18\/sa-firar-profilerna-jul-martin-johansson-grundare-av-mmanytt-se\/#primaryimage"},"thumbnailUrl":"http:\/\/www.budokampsport.se\/sites\/default\/files\/martin_0.jpg","inLanguage":"sv-SE"},{"@type":"WebPage","@id":"https:\/\/www.budokampsport.se\/2012\/12\/18\/sa-firar-profilerna-jul-martin-johansson-grundare-av-mmanytt-se\/","url":"https:\/\/www.budokampsport.se\/2012\/12\/18\/sa-firar-profilerna-jul-martin-johansson-grundare-av-mmanytt-se\/","name":"S\u00e5 firar profilerna jul - Martin Johansson, grundare av MMANytt.se - Svenska Budo &amp; Kampsportsf\u00f6rbundet","isPartOf":{"@id":"https:\/\/www.budokampsport.se\/#website"},"primaryImageOfPage":{"@id":"https:\/\/www.budokampsport.se\/2012\/12\/18\/sa-firar-profilerna-jul-martin-johansson-grundare-av-mmanytt-se\/#primaryimage"},"image":{"@id":"https:\/\/www.budokampsport.se\/2012\/12\/18\/sa-firar-profilerna-jul-martin-johansson-grundare-av-mmanytt-se\/#primaryimage"},"thumbnailUrl":"http:\/\/www.budokampsport.se\/sites\/default\/files\/martin_0.jpg","datePublished":"2012-12-18T14:51:34+00:00","dateModified":"2016-12-06T21:35:24+00:00","author":{"@id":"https:\/\/www.budokampsport.se\/#\/schema\/person\/5c06d81d14850e2a8ce5493386560145"},"description":"Budokampsport.se forts\u00e4tter v\u00e5r nedr\u00e4kning till jul med v\u00e5r artikelserie om v\u00e5ra profilers jul och denna g\u00e5ng har det blivit tur f\u00f6r MMAnytt.ses grundare Martin Johansson.","breadcrumb":{"@id":"https:\/\/www.budokampsport.se\/2012\/12\/18\/sa-firar-profilerna-jul-martin-johansson-grundare-av-mmanytt-se\/#breadcrumb"},"inLanguage":"sv-SE","potentialAction":[{"@type":"ReadAction","target":["https:\/\/www.budokampsport.se\/2012\/12\/18\/sa-firar-profilerna-jul-martin-johansson-grundare-av-mmanytt-se\/"]}]},{"@type":"ImageObject","inLanguage":"sv-SE","@id":"https:\/\/www.budokampsport.se\/2012\/12\/18\/sa-firar-profilerna-jul-martin-johansson-grundare-av-mmanytt-se\/#primaryimage","url":"http:\/\/www.budokampsport.se\/sites\/default\/files\/martin_0.jpg","contentUrl":"http:\/\/www.budokampsport.se\/sites\/default\/files\/martin_0.jpg"},{"@type":"BreadcrumbList","@id":"https:\/\/www.budokampsport.se\/2012\/12\/18\/sa-firar-profilerna-jul-martin-johansson-grundare-av-mmanytt-se\/#breadcrumb","itemListElement":[{"@type":"ListItem","position":1,"name":"Hem","item":"https:\/\/www.budokampsport.se\/"},{"@type":"ListItem","position":2,"name":"S\u00e5 firar profilerna jul &#8211; Martin Johansson, grundare av MMANytt.se"}]},{"@type":"WebSite","@id":"https:\/\/www.budokampsport.se\/#website","url":"https:\/\/www.budokampsport.se\/","name":"Svenska Budo &amp; Kampsportsf\u00f6rbundet","description":"T\u00e4vling, Tr\u00e4ning, Tradition","potentialAction":[{"@type":"SearchAction","target":{"@type":"EntryPoint","urlTemplate":"https:\/\/www.budokampsport.se\/?s={search_term_string}"},"query-input":{"@type":"PropertyValueSpecification","valueRequired":true,"valueName":"search_term_string"}}],"inLanguage":"sv-SE"},{"@type":"Person","@id":"https:\/\/www.budokampsport.se\/#\/schema\/person\/5c06d81d14850e2a8ce5493386560145","name":"Jonathan Broberg","image":{"@type":"ImageObject","inLanguage":"sv-SE","@id":"https:\/\/www.budokampsport.se\/#\/schema\/person\/image\/","url":"https:\/\/secure.gravatar.com\/avatar\/a58041c6cea9128bd9c40ee2f26d4136?s=96&d=blank&r=g","contentUrl":"https:\/\/secure.gravatar.com\/avatar\/a58041c6cea9128bd9c40ee2f26d4136?s=96&d=blank&r=g","caption":"Jonathan Broberg"},"sameAs":["https:\/\/www.facebook.com\/jonathan.broberg.7"],"url":"https:\/\/www.budokampsport.se\/author\/jonathan\/"}]}},"_links":{"self":[{"href":"https:\/\/www.budokampsport.se\/api\/wp\/v2\/posts\/4472","targetHints":{"allow":["GET"]}}],"collection":[{"href":"https:\/\/www.budokampsport.se\/api\/wp\/v2\/posts"}],"about":[{"href":"https:\/\/www.budokampsport.se\/api\/wp\/v2\/types\/post"}],"author":[{"embeddable":true,"href":"https:\/\/www.budokampsport.se\/api\/wp\/v2\/users\/7"}],"replies":[{"embeddable":true,"href":"https:\/\/www.budokampsport.se\/api\/wp\/v2\/comments?post=4472"}],"version-history":[{"count":0,"href":"https:\/\/www.budokampsport.se\/api\/wp\/v2\/posts\/4472\/revisions"}],"wp:attachment":[{"href":"https:\/\/www.budokampsport.se\/api\/wp\/v2\/media?parent=4472"}],"wp:term":[{"taxonomy":"category","embeddable":true,"href":"https:\/\/www.budokampsport.se\/api\/wp\/v2\/categories?post=4472"},{"taxonomy":"post_tag","embeddable":true,"href":"https:\/\/www.budokampsport.se\/api\/wp\/v2\/tags?post=4472"}],"curies":[{"name":"wp","href":"https:\/\/api.w.org\/{rel}","templated":true}]}}