{"id":4482,"date":"2013-01-14T12:16:50","date_gmt":"2013-01-14T11:16:50","guid":{"rendered":"http:\/\/budo.wordpress.dev\/2013\/01\/14\/korsbandsskadade-edenius-ser-ljuset-i-morkret-henke-larsson-var-ju-tillbaka-pa-tre-manader\/"},"modified":"2016-12-06T22:35:26","modified_gmt":"2016-12-06T21:35:26","slug":"korsbandsskadade-edenius-ser-ljuset-i-morkret-henke-larsson-var-ju-tillbaka-pa-tre-manader","status":"publish","type":"post","link":"https:\/\/www.budokampsport.se\/2013\/01\/14\/korsbandsskadade-edenius-ser-ljuset-i-morkret-henke-larsson-var-ju-tillbaka-pa-tre-manader\/","title":{"rendered":"Korsbandsskadade Edenius ser ljuset i m\u00f6rkret: \u201dHenke Larsson var ju tillbaka p\u00e5 tre m\u00e5nader\u2026\u201d"},"content":{"rendered":"<p><strong><img decoding=\"async\" style=\"width: 435px; height: 290px;\" alt=\"\" src=\"\/sites\/default\/files\/karin.gif\"><br \/> \tKarin Edenius siktade p\u00e5 att vinna EM-guld i kickboxningens lightkontakt. Hon sades vara i b\u00e4ttre form \u00e4n n\u00e5gonsin inf\u00f6r m\u00e4sterskapet. Men n\u00e4r olyckan var framme f\u00f6rbyttes guldglansen mot en sv\u00e5r korsbandsskada. Nu n\u00e4rmar hon sig operation och budokampsport.se fick sig en pratstund med den regerande v\u00e4rldsm\u00e4starinnan.<br \/> \t\u00a0\u00a0 &#8211; Oavsett kn\u00e4et kommer 2013 bli ett grymt \u00e5r, s\u00e4ger hon till budokampsport.se.<!--break--><\/strong><\/p>\n<p>EM i Ankara f\u00f6rvandlades fr\u00e5n ett presumtivt himmelrike till rena motsatsen f\u00f6r Karin Edenius. Hon siktade mot EM-guld och mot att i \u00e5r f\u00f6rsvara sitt VM-guld, men ist\u00e4llet stundar en operation f\u00f6r hennes skadade korsband.<\/p>\n<p>Edenius ser \u00e4nd\u00e5 ljust p\u00e5 den n\u00e4rmaste framtiden.<br \/> \t\u00a0\u00a0 &#8211; Som bekant s\u00e5 slet jag av fr\u00e4mre korsbandet i h\u00f6ger kn\u00e4 i sista ronden i kvartsfinalen vid EM i Ankara i slutet av oktober. Bortsett fr\u00e5n att det \u00e4r enormt trist att skada sig s\u00e5 k\u00e4ndes det \u00e4nnu mer frustrerande att det h\u00e4nde just d\u00e5 n\u00e4r formen var s\u00e5 j\u00e4kla bra och jag hade siktet p\u00e5 dubbla EM-guld. Att ge bort en seger n\u00e4r man leder stort p\u00e5 grund av att man inte kan forts\u00e4tta pga kn\u00e4et ingick inte i min m\u00e5lbild och var en stor mental utmaning att acceptera och v\u00e4nda till att fokusera p\u00e5 att g\u00f6ra det b\u00e4sta av situationen och g\u00f6ra en kick ass-rehab.<\/p>\n<p>Hennes fr\u00e4mre korsband konstaterades vara helt av, men trots det har hon via sjukgymnastik \u00e4nd\u00e5 kunnat tr\u00e4na lite l\u00e4tt under tiden.<br \/> \t\u00a0\u00a0 &#8211; Landslagscoach Hayes var vettigare \u00e4n mig och br\u00f6t matchen samt lindade och kylde exemplariskt. Redan samma dag som skadan skedde b\u00f6rjade jag rehabtr\u00e4na i form av posttraumatisk r\u00f6rlighetstr\u00e4ning, tack vare min fyscoach Bj\u00f6rn Rhodin som kn\u00e5pade ihop ett tr\u00e4ningsprogram efter att ha st\u00e4mt av l\u00e4get med mig. V\u00e4l hemma i Sverige fick jag, tack vare att jag \u00e4r uttagen elitidrottare i &#8220;Elitidrottsstaden Uppsala&#8221;, tr\u00e4ffa en grym idrottsl\u00e4kare n\u00e4stan direkt som ordnade med magnetr\u00f6ntgen dagen efter. D\u00e4r konstaterades det att fr\u00e4mre korsbandet var helt av. D\u00e5 jag, envis som jag \u00e4r, f\u00f6rst hade f\u00f6rs\u00f6kt k\u00f6ra vidare i matchen trots skadan, h\u00f6ll jag dessutom p\u00e5 att dra av en menisk men som tur var h\u00f6ll den. Med hj\u00e4lp av en sjukgymnast har jag nu tr\u00e4nat upp kn\u00e4et s\u00e5 pass att jag till och med kan jogga kortare str\u00e4ckor och tr\u00e4nar p\u00e5 f\u00f6r fullt i gymmet.<\/p>\n<p><strong>Karin, vad h\u00e4nder den n\u00e4rmaste framtiden?<\/strong><br \/> \t\u00a0\u00a0 &#8211; Imorgon tr\u00e4ffar jag operationsl\u00e4karen, en som \u00e4r grym p\u00e5 kn\u00e4n, och f\u00e5r d\u00e5 veta n\u00e4r kn\u00e4et ska opereras. F\u00f6rhoppningsvis blir det inom ett par veckor. Tack vare att jag tr\u00e4nat kn\u00e4et s\u00e5 pass mycket s\u00e5 hoppas jag p\u00e5 att rehabtr\u00e4ningen efter operationen g\u00e5r bra och fortl\u00f6per smidigt s\u00e5 jag snabbt \u00e4r p\u00e5 benen igen. Allt nollst\u00e4lls ju vid operationen s\u00e5 d\u00e5 \u00e4r det av allra h\u00f6gsta vikt att tr\u00e4na upp kn\u00e4et och dess nya korsband.<\/p>\n<p><strong>Har du f\u00e5tt n\u00e5gon indikation om n\u00e4r du kan vara tillbaka i t\u00e4vling?<\/strong><br \/> \t\u00a0\u00a0 &#8211; Sv\u00e5rt att svara p\u00e5 s\u00e4ger man men standardrehabtiden \u00e4r sex m\u00e5nader innan man \u00e4r tillbaka. Men Henke Larsson var ju tillbaka p\u00e5 tre&#8230;<\/p>\n<p>Trots den sv\u00e5ra skadan och en stundande operation och tillh\u00f6rande rehabtr\u00e4ning kan Karin \u00e4nd\u00e5 inte l\u00e5ta bli att blicka fram mot t\u00e4vling.<br \/> \t\u00a0\u00a0 &#8211; Oavsett kn\u00e4et kommer 2013 bli ett grymt \u00e5r. F\u00f6rst och fr\u00e4mst och viktigast av allt idrottsm\u00e4ssigt \u00e4r att operationen g\u00e5r bra, att jag k\u00f6ttar rehabtr\u00e4ning med fullt fokus och blir helt \u00e5terst\u00e4lld. Efter det f\u00e5r jag ta en diskussion med min l\u00e4kare om det jag kan satsa p\u00e5 VM i Turkiet i h\u00f6st. \u00c4r det klartecken d\u00e4rifr\u00e5n s\u00e5 \u00e4r en landslagsplats och ytterligare ett VM-guld helt klart lockande. Med ett \u00e5terst\u00e4llt kn\u00e4 finns det inget eller ingen som stoppar mig.<\/p>\n<p>Text: Jonathan Broberg<\/p>\n","protected":false},"excerpt":{"rendered":"<p><strong><img decoding=\"async\" style=\"width: 435px; height: 290px;\" alt=\"\" src=\"\/sites\/default\/files\/karin.gif\"><br \/><br>\tKarin Edenius siktade p\u00e5 att vinna EM-guld i kickboxningens lightkontakt. Hon sades vara i b\u00e4ttre form \u00e4n n\u00e5gonsin inf\u00f6r m\u00e4sterskapet. Men n\u00e4r olyckan var framme f\u00f6rbyttes guldglansen mot en sv\u00e5r korsbandsskada. Nu n\u00e4rmar hon sig operation och budokampsport.se fick sig en pratstund med den regerande v\u00e4rldsm\u00e4starinnan.<br \/><br>\t\u00a0\u00a0 &#8211; Oavsett kn\u00e4et kommer 2013 bli ett grymt \u00e5r, s\u00e4ger hon till budokampsport.se.<\/p><br>","protected":false},"author":7,"featured_media":0,"comment_status":"closed","ping_status":"closed","sticky":false,"template":"","format":"standard","meta":{"_acf_changed":false,"footnotes":""},"categories":[1],"tags":[],"class_list":["post-4482","post","type-post","status-publish","format-standard","hentry","category-okategoriserade"],"acf":[],"yoast_head":"<!-- This site is optimized with the Yoast SEO plugin v26.8 - https:\/\/yoast.com\/product\/yoast-seo-wordpress\/ -->\n<title>Korsbandsskadade Edenius ser ljuset i m\u00f6rkret: \u201dHenke Larsson var ju tillbaka p\u00e5 tre m\u00e5nader\u2026\u201d - Svenska Budo &amp; Kampsportsf\u00f6rbundet<\/title>\n<meta name=\"description\" content=\"Karin Edenius siktade p\u00e5 att vinna EM-guld i kickboxningens lightkontakt. Hon sades vara i b\u00e4ttre form \u00e4n n\u00e5gonsin inf\u00f6r m\u00e4sterskapet. Men n\u00e4r olyckan var framme f\u00f6rbyttes guldglansen mot en sv\u00e5r korsbandsskada. Nu n\u00e4rmar hon sig operation och budokampsport.se fick sig en pratstund med den regerande v\u00e4rldsm\u00e4starinnan. \u00a0\u00a0 - Oavsett kn\u00e4et kommer 2013 bli ett grymt \u00e5r, s\u00e4ger hon till budokampsport.se.\" \/>\n<meta name=\"robots\" content=\"index, follow, max-snippet:-1, max-image-preview:large, max-video-preview:-1\" \/>\n<link rel=\"canonical\" href=\"https:\/\/www.budokampsport.se\/2013\/01\/14\/korsbandsskadade-edenius-ser-ljuset-i-morkret-henke-larsson-var-ju-tillbaka-pa-tre-manader\/\" \/>\n<meta property=\"og:locale\" content=\"sv_SE\" \/>\n<meta property=\"og:type\" content=\"article\" \/>\n<meta property=\"og:title\" content=\"Korsbandsskadade Edenius ser ljuset i m\u00f6rkret: \u201dHenke Larsson var ju tillbaka p\u00e5 tre m\u00e5nader\u2026\u201d - Svenska Budo &amp; Kampsportsf\u00f6rbundet\" \/>\n<meta property=\"og:description\" content=\"Karin Edenius siktade p\u00e5 att vinna EM-guld i kickboxningens lightkontakt. Hon sades vara i b\u00e4ttre form \u00e4n n\u00e5gonsin inf\u00f6r m\u00e4sterskapet. Men n\u00e4r olyckan var framme f\u00f6rbyttes guldglansen mot en sv\u00e5r korsbandsskada. Nu n\u00e4rmar hon sig operation och budokampsport.se fick sig en pratstund med den regerande v\u00e4rldsm\u00e4starinnan. \u00a0\u00a0 - Oavsett kn\u00e4et kommer 2013 bli ett grymt \u00e5r, s\u00e4ger hon till budokampsport.se.\" \/>\n<meta property=\"og:url\" content=\"https:\/\/www.budokampsport.se\/2013\/01\/14\/korsbandsskadade-edenius-ser-ljuset-i-morkret-henke-larsson-var-ju-tillbaka-pa-tre-manader\/\" \/>\n<meta property=\"og:site_name\" content=\"Svenska Budo &amp; Kampsportsf\u00f6rbundet\" \/>\n<meta property=\"article:author\" content=\"https:\/\/www.facebook.com\/jonathan.broberg.7\" \/>\n<meta property=\"article:published_time\" content=\"2013-01-14T11:16:50+00:00\" \/>\n<meta property=\"article:modified_time\" content=\"2016-12-06T21:35:26+00:00\" \/>\n<meta name=\"author\" content=\"Jonathan Broberg\" \/>\n<meta name=\"twitter:card\" content=\"summary_large_image\" \/>\n<meta name=\"twitter:label1\" content=\"Skriven av\" \/>\n\t<meta name=\"twitter:data1\" content=\"Jonathan Broberg\" \/>\n\t<meta name=\"twitter:label2\" content=\"Ber\u00e4knad l\u00e4stid\" \/>\n\t<meta name=\"twitter:data2\" content=\"4 minuter\" \/>\n<script type=\"application\/ld+json\" class=\"yoast-schema-graph\">{\"@context\":\"https:\/\/schema.org\",\"@graph\":[{\"@type\":\"Article\",\"@id\":\"https:\/\/www.budokampsport.se\/2013\/01\/14\/korsbandsskadade-edenius-ser-ljuset-i-morkret-henke-larsson-var-ju-tillbaka-pa-tre-manader\/#article\",\"isPartOf\":{\"@id\":\"https:\/\/www.budokampsport.se\/2013\/01\/14\/korsbandsskadade-edenius-ser-ljuset-i-morkret-henke-larsson-var-ju-tillbaka-pa-tre-manader\/\"},\"author\":{\"name\":\"Jonathan Broberg\",\"@id\":\"https:\/\/www.budokampsport.se\/#\/schema\/person\/5c06d81d14850e2a8ce5493386560145\"},\"headline\":\"Korsbandsskadade Edenius ser ljuset i m\u00f6rkret: \u201dHenke Larsson var ju tillbaka p\u00e5 tre m\u00e5nader\u2026\u201d\",\"datePublished\":\"2013-01-14T11:16:50+00:00\",\"dateModified\":\"2016-12-06T21:35:26+00:00\",\"mainEntityOfPage\":{\"@id\":\"https:\/\/www.budokampsport.se\/2013\/01\/14\/korsbandsskadade-edenius-ser-ljuset-i-morkret-henke-larsson-var-ju-tillbaka-pa-tre-manader\/\"},\"wordCount\":726,\"inLanguage\":\"sv-SE\"},{\"@type\":\"WebPage\",\"@id\":\"https:\/\/www.budokampsport.se\/2013\/01\/14\/korsbandsskadade-edenius-ser-ljuset-i-morkret-henke-larsson-var-ju-tillbaka-pa-tre-manader\/\",\"url\":\"https:\/\/www.budokampsport.se\/2013\/01\/14\/korsbandsskadade-edenius-ser-ljuset-i-morkret-henke-larsson-var-ju-tillbaka-pa-tre-manader\/\",\"name\":\"Korsbandsskadade Edenius ser ljuset i m\u00f6rkret: \u201dHenke Larsson var ju tillbaka p\u00e5 tre m\u00e5nader\u2026\u201d - Svenska Budo &amp; Kampsportsf\u00f6rbundet\",\"isPartOf\":{\"@id\":\"https:\/\/www.budokampsport.se\/#website\"},\"datePublished\":\"2013-01-14T11:16:50+00:00\",\"dateModified\":\"2016-12-06T21:35:26+00:00\",\"author\":{\"@id\":\"https:\/\/www.budokampsport.se\/#\/schema\/person\/5c06d81d14850e2a8ce5493386560145\"},\"description\":\"Karin Edenius siktade p\u00e5 att vinna EM-guld i kickboxningens lightkontakt. Hon sades vara i b\u00e4ttre form \u00e4n n\u00e5gonsin inf\u00f6r m\u00e4sterskapet. Men n\u00e4r olyckan var framme f\u00f6rbyttes guldglansen mot en sv\u00e5r korsbandsskada. Nu n\u00e4rmar hon sig operation och budokampsport.se fick sig en pratstund med den regerande v\u00e4rldsm\u00e4starinnan. \u00a0\u00a0 - Oavsett kn\u00e4et kommer 2013 bli ett grymt \u00e5r, s\u00e4ger hon till budokampsport.se.\",\"breadcrumb\":{\"@id\":\"https:\/\/www.budokampsport.se\/2013\/01\/14\/korsbandsskadade-edenius-ser-ljuset-i-morkret-henke-larsson-var-ju-tillbaka-pa-tre-manader\/#breadcrumb\"},\"inLanguage\":\"sv-SE\",\"potentialAction\":[{\"@type\":\"ReadAction\",\"target\":[\"https:\/\/www.budokampsport.se\/2013\/01\/14\/korsbandsskadade-edenius-ser-ljuset-i-morkret-henke-larsson-var-ju-tillbaka-pa-tre-manader\/\"]}]},{\"@type\":\"BreadcrumbList\",\"@id\":\"https:\/\/www.budokampsport.se\/2013\/01\/14\/korsbandsskadade-edenius-ser-ljuset-i-morkret-henke-larsson-var-ju-tillbaka-pa-tre-manader\/#breadcrumb\",\"itemListElement\":[{\"@type\":\"ListItem\",\"position\":1,\"name\":\"Hem\",\"item\":\"https:\/\/www.budokampsport.se\/\"},{\"@type\":\"ListItem\",\"position\":2,\"name\":\"Korsbandsskadade Edenius ser ljuset i m\u00f6rkret: \u201dHenke Larsson var ju tillbaka p\u00e5 tre m\u00e5nader\u2026\u201d\"}]},{\"@type\":\"WebSite\",\"@id\":\"https:\/\/www.budokampsport.se\/#website\",\"url\":\"https:\/\/www.budokampsport.se\/\",\"name\":\"Svenska Budo &amp; Kampsportsf\u00f6rbundet\",\"description\":\"T\u00e4vling, Tr\u00e4ning, Tradition\",\"potentialAction\":[{\"@type\":\"SearchAction\",\"target\":{\"@type\":\"EntryPoint\",\"urlTemplate\":\"https:\/\/www.budokampsport.se\/?s={search_term_string}\"},\"query-input\":{\"@type\":\"PropertyValueSpecification\",\"valueRequired\":true,\"valueName\":\"search_term_string\"}}],\"inLanguage\":\"sv-SE\"},{\"@type\":\"Person\",\"@id\":\"https:\/\/www.budokampsport.se\/#\/schema\/person\/5c06d81d14850e2a8ce5493386560145\",\"name\":\"Jonathan Broberg\",\"image\":{\"@type\":\"ImageObject\",\"inLanguage\":\"sv-SE\",\"@id\":\"https:\/\/www.budokampsport.se\/#\/schema\/person\/image\/\",\"url\":\"https:\/\/secure.gravatar.com\/avatar\/a58041c6cea9128bd9c40ee2f26d4136?s=96&d=blank&r=g\",\"contentUrl\":\"https:\/\/secure.gravatar.com\/avatar\/a58041c6cea9128bd9c40ee2f26d4136?s=96&d=blank&r=g\",\"caption\":\"Jonathan Broberg\"},\"sameAs\":[\"https:\/\/www.facebook.com\/jonathan.broberg.7\"],\"url\":\"https:\/\/www.budokampsport.se\/author\/jonathan\/\"}]}<\/script>\n<!-- \/ Yoast SEO plugin. -->","yoast_head_json":{"title":"Korsbandsskadade Edenius ser ljuset i m\u00f6rkret: \u201dHenke Larsson var ju tillbaka p\u00e5 tre m\u00e5nader\u2026\u201d - Svenska Budo &amp; Kampsportsf\u00f6rbundet","description":"Karin Edenius siktade p\u00e5 att vinna EM-guld i kickboxningens lightkontakt. Hon sades vara i b\u00e4ttre form \u00e4n n\u00e5gonsin inf\u00f6r m\u00e4sterskapet. Men n\u00e4r olyckan var framme f\u00f6rbyttes guldglansen mot en sv\u00e5r korsbandsskada. Nu n\u00e4rmar hon sig operation och budokampsport.se fick sig en pratstund med den regerande v\u00e4rldsm\u00e4starinnan. \u00a0\u00a0 - Oavsett kn\u00e4et kommer 2013 bli ett grymt \u00e5r, s\u00e4ger hon till budokampsport.se.","robots":{"index":"index","follow":"follow","max-snippet":"max-snippet:-1","max-image-preview":"max-image-preview:large","max-video-preview":"max-video-preview:-1"},"canonical":"https:\/\/www.budokampsport.se\/2013\/01\/14\/korsbandsskadade-edenius-ser-ljuset-i-morkret-henke-larsson-var-ju-tillbaka-pa-tre-manader\/","og_locale":"sv_SE","og_type":"article","og_title":"Korsbandsskadade Edenius ser ljuset i m\u00f6rkret: \u201dHenke Larsson var ju tillbaka p\u00e5 tre m\u00e5nader\u2026\u201d - Svenska Budo &amp; Kampsportsf\u00f6rbundet","og_description":"Karin Edenius siktade p\u00e5 att vinna EM-guld i kickboxningens lightkontakt. Hon sades vara i b\u00e4ttre form \u00e4n n\u00e5gonsin inf\u00f6r m\u00e4sterskapet. Men n\u00e4r olyckan var framme f\u00f6rbyttes guldglansen mot en sv\u00e5r korsbandsskada. Nu n\u00e4rmar hon sig operation och budokampsport.se fick sig en pratstund med den regerande v\u00e4rldsm\u00e4starinnan. \u00a0\u00a0 - Oavsett kn\u00e4et kommer 2013 bli ett grymt \u00e5r, s\u00e4ger hon till budokampsport.se.","og_url":"https:\/\/www.budokampsport.se\/2013\/01\/14\/korsbandsskadade-edenius-ser-ljuset-i-morkret-henke-larsson-var-ju-tillbaka-pa-tre-manader\/","og_site_name":"Svenska Budo &amp; Kampsportsf\u00f6rbundet","article_author":"https:\/\/www.facebook.com\/jonathan.broberg.7","article_published_time":"2013-01-14T11:16:50+00:00","article_modified_time":"2016-12-06T21:35:26+00:00","author":"Jonathan Broberg","twitter_card":"summary_large_image","twitter_misc":{"Skriven av":"Jonathan Broberg","Ber\u00e4knad l\u00e4stid":"4 minuter"},"schema":{"@context":"https:\/\/schema.org","@graph":[{"@type":"Article","@id":"https:\/\/www.budokampsport.se\/2013\/01\/14\/korsbandsskadade-edenius-ser-ljuset-i-morkret-henke-larsson-var-ju-tillbaka-pa-tre-manader\/#article","isPartOf":{"@id":"https:\/\/www.budokampsport.se\/2013\/01\/14\/korsbandsskadade-edenius-ser-ljuset-i-morkret-henke-larsson-var-ju-tillbaka-pa-tre-manader\/"},"author":{"name":"Jonathan Broberg","@id":"https:\/\/www.budokampsport.se\/#\/schema\/person\/5c06d81d14850e2a8ce5493386560145"},"headline":"Korsbandsskadade Edenius ser ljuset i m\u00f6rkret: \u201dHenke Larsson var ju tillbaka p\u00e5 tre m\u00e5nader\u2026\u201d","datePublished":"2013-01-14T11:16:50+00:00","dateModified":"2016-12-06T21:35:26+00:00","mainEntityOfPage":{"@id":"https:\/\/www.budokampsport.se\/2013\/01\/14\/korsbandsskadade-edenius-ser-ljuset-i-morkret-henke-larsson-var-ju-tillbaka-pa-tre-manader\/"},"wordCount":726,"inLanguage":"sv-SE"},{"@type":"WebPage","@id":"https:\/\/www.budokampsport.se\/2013\/01\/14\/korsbandsskadade-edenius-ser-ljuset-i-morkret-henke-larsson-var-ju-tillbaka-pa-tre-manader\/","url":"https:\/\/www.budokampsport.se\/2013\/01\/14\/korsbandsskadade-edenius-ser-ljuset-i-morkret-henke-larsson-var-ju-tillbaka-pa-tre-manader\/","name":"Korsbandsskadade Edenius ser ljuset i m\u00f6rkret: \u201dHenke Larsson var ju tillbaka p\u00e5 tre m\u00e5nader\u2026\u201d - Svenska Budo &amp; Kampsportsf\u00f6rbundet","isPartOf":{"@id":"https:\/\/www.budokampsport.se\/#website"},"datePublished":"2013-01-14T11:16:50+00:00","dateModified":"2016-12-06T21:35:26+00:00","author":{"@id":"https:\/\/www.budokampsport.se\/#\/schema\/person\/5c06d81d14850e2a8ce5493386560145"},"description":"Karin Edenius siktade p\u00e5 att vinna EM-guld i kickboxningens lightkontakt. Hon sades vara i b\u00e4ttre form \u00e4n n\u00e5gonsin inf\u00f6r m\u00e4sterskapet. Men n\u00e4r olyckan var framme f\u00f6rbyttes guldglansen mot en sv\u00e5r korsbandsskada. Nu n\u00e4rmar hon sig operation och budokampsport.se fick sig en pratstund med den regerande v\u00e4rldsm\u00e4starinnan. \u00a0\u00a0 - Oavsett kn\u00e4et kommer 2013 bli ett grymt \u00e5r, s\u00e4ger hon till budokampsport.se.","breadcrumb":{"@id":"https:\/\/www.budokampsport.se\/2013\/01\/14\/korsbandsskadade-edenius-ser-ljuset-i-morkret-henke-larsson-var-ju-tillbaka-pa-tre-manader\/#breadcrumb"},"inLanguage":"sv-SE","potentialAction":[{"@type":"ReadAction","target":["https:\/\/www.budokampsport.se\/2013\/01\/14\/korsbandsskadade-edenius-ser-ljuset-i-morkret-henke-larsson-var-ju-tillbaka-pa-tre-manader\/"]}]},{"@type":"BreadcrumbList","@id":"https:\/\/www.budokampsport.se\/2013\/01\/14\/korsbandsskadade-edenius-ser-ljuset-i-morkret-henke-larsson-var-ju-tillbaka-pa-tre-manader\/#breadcrumb","itemListElement":[{"@type":"ListItem","position":1,"name":"Hem","item":"https:\/\/www.budokampsport.se\/"},{"@type":"ListItem","position":2,"name":"Korsbandsskadade Edenius ser ljuset i m\u00f6rkret: \u201dHenke Larsson var ju tillbaka p\u00e5 tre m\u00e5nader\u2026\u201d"}]},{"@type":"WebSite","@id":"https:\/\/www.budokampsport.se\/#website","url":"https:\/\/www.budokampsport.se\/","name":"Svenska Budo &amp; Kampsportsf\u00f6rbundet","description":"T\u00e4vling, Tr\u00e4ning, Tradition","potentialAction":[{"@type":"SearchAction","target":{"@type":"EntryPoint","urlTemplate":"https:\/\/www.budokampsport.se\/?s={search_term_string}"},"query-input":{"@type":"PropertyValueSpecification","valueRequired":true,"valueName":"search_term_string"}}],"inLanguage":"sv-SE"},{"@type":"Person","@id":"https:\/\/www.budokampsport.se\/#\/schema\/person\/5c06d81d14850e2a8ce5493386560145","name":"Jonathan Broberg","image":{"@type":"ImageObject","inLanguage":"sv-SE","@id":"https:\/\/www.budokampsport.se\/#\/schema\/person\/image\/","url":"https:\/\/secure.gravatar.com\/avatar\/a58041c6cea9128bd9c40ee2f26d4136?s=96&d=blank&r=g","contentUrl":"https:\/\/secure.gravatar.com\/avatar\/a58041c6cea9128bd9c40ee2f26d4136?s=96&d=blank&r=g","caption":"Jonathan Broberg"},"sameAs":["https:\/\/www.facebook.com\/jonathan.broberg.7"],"url":"https:\/\/www.budokampsport.se\/author\/jonathan\/"}]}},"_links":{"self":[{"href":"https:\/\/www.budokampsport.se\/api\/wp\/v2\/posts\/4482","targetHints":{"allow":["GET"]}}],"collection":[{"href":"https:\/\/www.budokampsport.se\/api\/wp\/v2\/posts"}],"about":[{"href":"https:\/\/www.budokampsport.se\/api\/wp\/v2\/types\/post"}],"author":[{"embeddable":true,"href":"https:\/\/www.budokampsport.se\/api\/wp\/v2\/users\/7"}],"replies":[{"embeddable":true,"href":"https:\/\/www.budokampsport.se\/api\/wp\/v2\/comments?post=4482"}],"version-history":[{"count":0,"href":"https:\/\/www.budokampsport.se\/api\/wp\/v2\/posts\/4482\/revisions"}],"wp:attachment":[{"href":"https:\/\/www.budokampsport.se\/api\/wp\/v2\/media?parent=4482"}],"wp:term":[{"taxonomy":"category","embeddable":true,"href":"https:\/\/www.budokampsport.se\/api\/wp\/v2\/categories?post=4482"},{"taxonomy":"post_tag","embeddable":true,"href":"https:\/\/www.budokampsport.se\/api\/wp\/v2\/tags?post=4482"}],"curies":[{"name":"wp","href":"https:\/\/api.w.org\/{rel}","templated":true}]}}