{"id":44822,"date":"2017-05-06T13:54:56","date_gmt":"2017-05-06T11:54:56","guid":{"rendered":"http:\/\/www.budokampsport.se\/?p=44822"},"modified":"2017-05-06T13:54:56","modified_gmt":"2017-05-06T11:54:56","slug":"danielsson-forlorade-mot-mykkanen","status":"publish","type":"post","link":"https:\/\/www.budokampsport.se\/2017\/05\/06\/danielsson-forlorade-mot-mykkanen\/","title":{"rendered":"Danielsson f\u00f6rlorade mot Mykk\u00e4nen"},"content":{"rendered":"<p>Matchen i de tv\u00e5 inledande ronderna var tydligt i finsk fav\u00f6r. Camilla Danielsson f\u00f6rs\u00f6kte komma runt finskans l\u00e4ngdf\u00f6rdel och hitta en egen distans.<\/p>\n<p>Det fungerade s\u00e5 d\u00e4r, \u00e4nda till den sista ronden d\u00e5 svenskan var piskad att g\u00f6ra n\u00e5got extraordin\u00e4rt. D\u00e5 kom \u00f6ppningarna, d\u00e5 kom Danielssons snabba fotarbete och h\u00e5rda h\u00f6ger mer till sin r\u00e4tt.<\/p>\n<p>Men forceringen i sista ronden r\u00e4ckte inte fram till vidare avancemang i VM den h\u00e4r g\u00e5ngen.<\/p>\n<p><strong>\u00d6vriga svenskmatcher idag<\/strong><br \/>\nYtterligare svenskar ig\u00e5ng i dag \u00e4r Therese Gunnarsson, Patricia Axling, Anna Strandberg, Angela Mamic, Pernilla Palm, Abdallah Habib, Nils Olsson, Johan Andersson och Idriss Chab.<\/p>\n<p>Text: Jonathan Broberg<br \/>\nFoto: Lena Olsson<\/p>\n","protected":false},"excerpt":{"rendered":"<p>Det blev f\u00f6rlust f\u00f6r Camilla Danielsson i -45-kilosklassen i VM i thaiboxning. Finskan Satu Mykk\u00e4nen vann r\u00e4ttvist.<\/p><br>","protected":false},"author":7,"featured_media":44747,"comment_status":"open","ping_status":"open","sticky":false,"template":"","format":"standard","meta":{"_acf_changed":false,"footnotes":""},"categories":[1],"tags":[],"class_list":["post-44822","post","type-post","status-publish","format-standard","has-post-thumbnail","hentry","category-okategoriserade"],"acf":[],"yoast_head":"<!-- This site is optimized with the Yoast SEO plugin v26.8 - https:\/\/yoast.com\/product\/yoast-seo-wordpress\/ -->\n<title>Danielsson f\u00f6rlorade mot Mykk\u00e4nen - Svenska Budo &amp; Kampsportsf\u00f6rbundet<\/title>\n<meta name=\"description\" content=\"Det blev f\u00f6rlust f\u00f6r Camilla Danielsson i -45-kilosklassen i VM i thaiboxning. Finskan Satu Mykk\u00e4nen vann r\u00e4ttvist.\" \/>\n<meta name=\"robots\" content=\"index, follow, max-snippet:-1, max-image-preview:large, max-video-preview:-1\" \/>\n<link rel=\"canonical\" href=\"https:\/\/www.budokampsport.se\/2017\/05\/06\/danielsson-forlorade-mot-mykkanen\/\" \/>\n<meta property=\"og:locale\" content=\"sv_SE\" \/>\n<meta property=\"og:type\" content=\"article\" \/>\n<meta property=\"og:title\" content=\"Danielsson f\u00f6rlorade mot Mykk\u00e4nen - Svenska Budo &amp; Kampsportsf\u00f6rbundet\" \/>\n<meta property=\"og:description\" content=\"Det blev f\u00f6rlust f\u00f6r Camilla Danielsson i -45-kilosklassen i VM i thaiboxning. Finskan Satu Mykk\u00e4nen vann r\u00e4ttvist.\" \/>\n<meta property=\"og:url\" content=\"https:\/\/www.budokampsport.se\/2017\/05\/06\/danielsson-forlorade-mot-mykkanen\/\" \/>\n<meta property=\"og:site_name\" content=\"Svenska Budo &amp; Kampsportsf\u00f6rbundet\" \/>\n<meta property=\"article:author\" content=\"https:\/\/www.facebook.com\/jonathan.broberg.7\" \/>\n<meta property=\"article:published_time\" content=\"2017-05-06T11:54:56+00:00\" \/>\n<meta property=\"og:image\" content=\"https:\/\/www.budokampsport.se\/wp-content\/uploads\/2017\/05\/laget-e1624880782824.jpg\" \/>\n\t<meta property=\"og:image:width\" content=\"850\" \/>\n\t<meta property=\"og:image:height\" content=\"567\" \/>\n\t<meta property=\"og:image:type\" content=\"image\/jpeg\" \/>\n<meta name=\"author\" content=\"Jonathan Broberg\" \/>\n<meta name=\"twitter:card\" content=\"summary_large_image\" \/>\n<meta name=\"twitter:label1\" content=\"Skriven av\" \/>\n\t<meta name=\"twitter:data1\" content=\"Jonathan Broberg\" \/>\n\t<meta name=\"twitter:label2\" content=\"Ber\u00e4knad l\u00e4stid\" \/>\n\t<meta name=\"twitter:data2\" content=\"1 minut\" \/>\n<script type=\"application\/ld+json\" class=\"yoast-schema-graph\">{\"@context\":\"https:\/\/schema.org\",\"@graph\":[{\"@type\":\"Article\",\"@id\":\"https:\/\/www.budokampsport.se\/2017\/05\/06\/danielsson-forlorade-mot-mykkanen\/#article\",\"isPartOf\":{\"@id\":\"https:\/\/www.budokampsport.se\/2017\/05\/06\/danielsson-forlorade-mot-mykkanen\/\"},\"author\":{\"name\":\"Jonathan Broberg\",\"@id\":\"https:\/\/www.budokampsport.se\/#\/schema\/person\/5c06d81d14850e2a8ce5493386560145\"},\"headline\":\"Danielsson f\u00f6rlorade mot Mykk\u00e4nen\",\"datePublished\":\"2017-05-06T11:54:56+00:00\",\"mainEntityOfPage\":{\"@id\":\"https:\/\/www.budokampsport.se\/2017\/05\/06\/danielsson-forlorade-mot-mykkanen\/\"},\"wordCount\":127,\"commentCount\":1,\"image\":{\"@id\":\"https:\/\/www.budokampsport.se\/2017\/05\/06\/danielsson-forlorade-mot-mykkanen\/#primaryimage\"},\"thumbnailUrl\":\"https:\/\/www.budokampsport.se\/wp-content\/uploads\/2017\/05\/laget-e1624880782824.jpg\",\"inLanguage\":\"sv-SE\",\"potentialAction\":[{\"@type\":\"CommentAction\",\"name\":\"Comment\",\"target\":[\"https:\/\/www.budokampsport.se\/2017\/05\/06\/danielsson-forlorade-mot-mykkanen\/#respond\"]}]},{\"@type\":\"WebPage\",\"@id\":\"https:\/\/www.budokampsport.se\/2017\/05\/06\/danielsson-forlorade-mot-mykkanen\/\",\"url\":\"https:\/\/www.budokampsport.se\/2017\/05\/06\/danielsson-forlorade-mot-mykkanen\/\",\"name\":\"Danielsson f\u00f6rlorade mot Mykk\u00e4nen - Svenska Budo &amp; Kampsportsf\u00f6rbundet\",\"isPartOf\":{\"@id\":\"https:\/\/www.budokampsport.se\/#website\"},\"primaryImageOfPage\":{\"@id\":\"https:\/\/www.budokampsport.se\/2017\/05\/06\/danielsson-forlorade-mot-mykkanen\/#primaryimage\"},\"image\":{\"@id\":\"https:\/\/www.budokampsport.se\/2017\/05\/06\/danielsson-forlorade-mot-mykkanen\/#primaryimage\"},\"thumbnailUrl\":\"https:\/\/www.budokampsport.se\/wp-content\/uploads\/2017\/05\/laget-e1624880782824.jpg\",\"datePublished\":\"2017-05-06T11:54:56+00:00\",\"author\":{\"@id\":\"https:\/\/www.budokampsport.se\/#\/schema\/person\/5c06d81d14850e2a8ce5493386560145\"},\"description\":\"Det blev f\u00f6rlust f\u00f6r Camilla Danielsson i -45-kilosklassen i VM i thaiboxning. Finskan Satu Mykk\u00e4nen vann r\u00e4ttvist.\",\"breadcrumb\":{\"@id\":\"https:\/\/www.budokampsport.se\/2017\/05\/06\/danielsson-forlorade-mot-mykkanen\/#breadcrumb\"},\"inLanguage\":\"sv-SE\",\"potentialAction\":[{\"@type\":\"ReadAction\",\"target\":[\"https:\/\/www.budokampsport.se\/2017\/05\/06\/danielsson-forlorade-mot-mykkanen\/\"]}]},{\"@type\":\"ImageObject\",\"inLanguage\":\"sv-SE\",\"@id\":\"https:\/\/www.budokampsport.se\/2017\/05\/06\/danielsson-forlorade-mot-mykkanen\/#primaryimage\",\"url\":\"https:\/\/www.budokampsport.se\/wp-content\/uploads\/2017\/05\/laget-e1624880782824.jpg\",\"contentUrl\":\"https:\/\/www.budokampsport.se\/wp-content\/uploads\/2017\/05\/laget-e1624880782824.jpg\",\"width\":850,\"height\":567,\"caption\":\"Foto: Lena Olsson\"},{\"@type\":\"BreadcrumbList\",\"@id\":\"https:\/\/www.budokampsport.se\/2017\/05\/06\/danielsson-forlorade-mot-mykkanen\/#breadcrumb\",\"itemListElement\":[{\"@type\":\"ListItem\",\"position\":1,\"name\":\"Hem\",\"item\":\"https:\/\/www.budokampsport.se\/\"},{\"@type\":\"ListItem\",\"position\":2,\"name\":\"Danielsson f\u00f6rlorade mot Mykk\u00e4nen\"}]},{\"@type\":\"WebSite\",\"@id\":\"https:\/\/www.budokampsport.se\/#website\",\"url\":\"https:\/\/www.budokampsport.se\/\",\"name\":\"Svenska Budo &amp; Kampsportsf\u00f6rbundet\",\"description\":\"T\u00e4vling, Tr\u00e4ning, Tradition\",\"potentialAction\":[{\"@type\":\"SearchAction\",\"target\":{\"@type\":\"EntryPoint\",\"urlTemplate\":\"https:\/\/www.budokampsport.se\/?s={search_term_string}\"},\"query-input\":{\"@type\":\"PropertyValueSpecification\",\"valueRequired\":true,\"valueName\":\"search_term_string\"}}],\"inLanguage\":\"sv-SE\"},{\"@type\":\"Person\",\"@id\":\"https:\/\/www.budokampsport.se\/#\/schema\/person\/5c06d81d14850e2a8ce5493386560145\",\"name\":\"Jonathan Broberg\",\"image\":{\"@type\":\"ImageObject\",\"inLanguage\":\"sv-SE\",\"@id\":\"https:\/\/www.budokampsport.se\/#\/schema\/person\/image\/\",\"url\":\"https:\/\/secure.gravatar.com\/avatar\/a58041c6cea9128bd9c40ee2f26d4136?s=96&d=blank&r=g\",\"contentUrl\":\"https:\/\/secure.gravatar.com\/avatar\/a58041c6cea9128bd9c40ee2f26d4136?s=96&d=blank&r=g\",\"caption\":\"Jonathan Broberg\"},\"sameAs\":[\"https:\/\/www.facebook.com\/jonathan.broberg.7\"],\"url\":\"https:\/\/www.budokampsport.se\/author\/jonathan\/\"}]}<\/script>\n<!-- \/ Yoast SEO plugin. -->","yoast_head_json":{"title":"Danielsson f\u00f6rlorade mot Mykk\u00e4nen - Svenska Budo &amp; Kampsportsf\u00f6rbundet","description":"Det blev f\u00f6rlust f\u00f6r Camilla Danielsson i -45-kilosklassen i VM i thaiboxning. Finskan Satu Mykk\u00e4nen vann r\u00e4ttvist.","robots":{"index":"index","follow":"follow","max-snippet":"max-snippet:-1","max-image-preview":"max-image-preview:large","max-video-preview":"max-video-preview:-1"},"canonical":"https:\/\/www.budokampsport.se\/2017\/05\/06\/danielsson-forlorade-mot-mykkanen\/","og_locale":"sv_SE","og_type":"article","og_title":"Danielsson f\u00f6rlorade mot Mykk\u00e4nen - Svenska Budo &amp; Kampsportsf\u00f6rbundet","og_description":"Det blev f\u00f6rlust f\u00f6r Camilla Danielsson i -45-kilosklassen i VM i thaiboxning. Finskan Satu Mykk\u00e4nen vann r\u00e4ttvist.","og_url":"https:\/\/www.budokampsport.se\/2017\/05\/06\/danielsson-forlorade-mot-mykkanen\/","og_site_name":"Svenska Budo &amp; Kampsportsf\u00f6rbundet","article_author":"https:\/\/www.facebook.com\/jonathan.broberg.7","article_published_time":"2017-05-06T11:54:56+00:00","og_image":[{"width":850,"height":567,"url":"https:\/\/www.budokampsport.se\/wp-content\/uploads\/2017\/05\/laget-e1624880782824.jpg","type":"image\/jpeg"}],"author":"Jonathan Broberg","twitter_card":"summary_large_image","twitter_misc":{"Skriven av":"Jonathan Broberg","Ber\u00e4knad l\u00e4stid":"1 minut"},"schema":{"@context":"https:\/\/schema.org","@graph":[{"@type":"Article","@id":"https:\/\/www.budokampsport.se\/2017\/05\/06\/danielsson-forlorade-mot-mykkanen\/#article","isPartOf":{"@id":"https:\/\/www.budokampsport.se\/2017\/05\/06\/danielsson-forlorade-mot-mykkanen\/"},"author":{"name":"Jonathan Broberg","@id":"https:\/\/www.budokampsport.se\/#\/schema\/person\/5c06d81d14850e2a8ce5493386560145"},"headline":"Danielsson f\u00f6rlorade mot Mykk\u00e4nen","datePublished":"2017-05-06T11:54:56+00:00","mainEntityOfPage":{"@id":"https:\/\/www.budokampsport.se\/2017\/05\/06\/danielsson-forlorade-mot-mykkanen\/"},"wordCount":127,"commentCount":1,"image":{"@id":"https:\/\/www.budokampsport.se\/2017\/05\/06\/danielsson-forlorade-mot-mykkanen\/#primaryimage"},"thumbnailUrl":"https:\/\/www.budokampsport.se\/wp-content\/uploads\/2017\/05\/laget-e1624880782824.jpg","inLanguage":"sv-SE","potentialAction":[{"@type":"CommentAction","name":"Comment","target":["https:\/\/www.budokampsport.se\/2017\/05\/06\/danielsson-forlorade-mot-mykkanen\/#respond"]}]},{"@type":"WebPage","@id":"https:\/\/www.budokampsport.se\/2017\/05\/06\/danielsson-forlorade-mot-mykkanen\/","url":"https:\/\/www.budokampsport.se\/2017\/05\/06\/danielsson-forlorade-mot-mykkanen\/","name":"Danielsson f\u00f6rlorade mot Mykk\u00e4nen - Svenska Budo &amp; Kampsportsf\u00f6rbundet","isPartOf":{"@id":"https:\/\/www.budokampsport.se\/#website"},"primaryImageOfPage":{"@id":"https:\/\/www.budokampsport.se\/2017\/05\/06\/danielsson-forlorade-mot-mykkanen\/#primaryimage"},"image":{"@id":"https:\/\/www.budokampsport.se\/2017\/05\/06\/danielsson-forlorade-mot-mykkanen\/#primaryimage"},"thumbnailUrl":"https:\/\/www.budokampsport.se\/wp-content\/uploads\/2017\/05\/laget-e1624880782824.jpg","datePublished":"2017-05-06T11:54:56+00:00","author":{"@id":"https:\/\/www.budokampsport.se\/#\/schema\/person\/5c06d81d14850e2a8ce5493386560145"},"description":"Det blev f\u00f6rlust f\u00f6r Camilla Danielsson i -45-kilosklassen i VM i thaiboxning. Finskan Satu Mykk\u00e4nen vann r\u00e4ttvist.","breadcrumb":{"@id":"https:\/\/www.budokampsport.se\/2017\/05\/06\/danielsson-forlorade-mot-mykkanen\/#breadcrumb"},"inLanguage":"sv-SE","potentialAction":[{"@type":"ReadAction","target":["https:\/\/www.budokampsport.se\/2017\/05\/06\/danielsson-forlorade-mot-mykkanen\/"]}]},{"@type":"ImageObject","inLanguage":"sv-SE","@id":"https:\/\/www.budokampsport.se\/2017\/05\/06\/danielsson-forlorade-mot-mykkanen\/#primaryimage","url":"https:\/\/www.budokampsport.se\/wp-content\/uploads\/2017\/05\/laget-e1624880782824.jpg","contentUrl":"https:\/\/www.budokampsport.se\/wp-content\/uploads\/2017\/05\/laget-e1624880782824.jpg","width":850,"height":567,"caption":"Foto: Lena Olsson"},{"@type":"BreadcrumbList","@id":"https:\/\/www.budokampsport.se\/2017\/05\/06\/danielsson-forlorade-mot-mykkanen\/#breadcrumb","itemListElement":[{"@type":"ListItem","position":1,"name":"Hem","item":"https:\/\/www.budokampsport.se\/"},{"@type":"ListItem","position":2,"name":"Danielsson f\u00f6rlorade mot Mykk\u00e4nen"}]},{"@type":"WebSite","@id":"https:\/\/www.budokampsport.se\/#website","url":"https:\/\/www.budokampsport.se\/","name":"Svenska Budo &amp; Kampsportsf\u00f6rbundet","description":"T\u00e4vling, Tr\u00e4ning, Tradition","potentialAction":[{"@type":"SearchAction","target":{"@type":"EntryPoint","urlTemplate":"https:\/\/www.budokampsport.se\/?s={search_term_string}"},"query-input":{"@type":"PropertyValueSpecification","valueRequired":true,"valueName":"search_term_string"}}],"inLanguage":"sv-SE"},{"@type":"Person","@id":"https:\/\/www.budokampsport.se\/#\/schema\/person\/5c06d81d14850e2a8ce5493386560145","name":"Jonathan Broberg","image":{"@type":"ImageObject","inLanguage":"sv-SE","@id":"https:\/\/www.budokampsport.se\/#\/schema\/person\/image\/","url":"https:\/\/secure.gravatar.com\/avatar\/a58041c6cea9128bd9c40ee2f26d4136?s=96&d=blank&r=g","contentUrl":"https:\/\/secure.gravatar.com\/avatar\/a58041c6cea9128bd9c40ee2f26d4136?s=96&d=blank&r=g","caption":"Jonathan Broberg"},"sameAs":["https:\/\/www.facebook.com\/jonathan.broberg.7"],"url":"https:\/\/www.budokampsport.se\/author\/jonathan\/"}]}},"_links":{"self":[{"href":"https:\/\/www.budokampsport.se\/api\/wp\/v2\/posts\/44822","targetHints":{"allow":["GET"]}}],"collection":[{"href":"https:\/\/www.budokampsport.se\/api\/wp\/v2\/posts"}],"about":[{"href":"https:\/\/www.budokampsport.se\/api\/wp\/v2\/types\/post"}],"author":[{"embeddable":true,"href":"https:\/\/www.budokampsport.se\/api\/wp\/v2\/users\/7"}],"replies":[{"embeddable":true,"href":"https:\/\/www.budokampsport.se\/api\/wp\/v2\/comments?post=44822"}],"version-history":[{"count":0,"href":"https:\/\/www.budokampsport.se\/api\/wp\/v2\/posts\/44822\/revisions"}],"wp:featuredmedia":[{"embeddable":true,"href":"https:\/\/www.budokampsport.se\/api\/wp\/v2\/media\/44747"}],"wp:attachment":[{"href":"https:\/\/www.budokampsport.se\/api\/wp\/v2\/media?parent=44822"}],"wp:term":[{"taxonomy":"category","embeddable":true,"href":"https:\/\/www.budokampsport.se\/api\/wp\/v2\/categories?post=44822"},{"taxonomy":"post_tag","embeddable":true,"href":"https:\/\/www.budokampsport.se\/api\/wp\/v2\/tags?post=44822"}],"curies":[{"name":"wp","href":"https:\/\/api.w.org\/{rel}","templated":true}]}}