{"id":44991,"date":"2017-05-08T17:23:18","date_gmt":"2017-05-08T15:23:18","guid":{"rendered":"http:\/\/www.budokampsport.se\/?p=44991"},"modified":"2017-05-08T19:46:00","modified_gmt":"2017-05-08T17:46:00","slug":"strandberg-kampade-till-sig-en-finalplats","status":"publish","type":"post","link":"https:\/\/www.budokampsport.se\/2017\/05\/08\/strandberg-kampade-till-sig-en-finalplats\/","title":{"rendered":"Strandberg k\u00e4mpade till sig en finalplats"},"content":{"rendered":"<p>Den f\u00f6rsta ronden var stel, tam och ganska intets\u00e4gande. Anna Strandberg hittade in med boxningen n\u00e5gra g\u00e5nger, och finskan s\u00f6kte ofta l\u00e5g spark och klinch. Vilket hon vann ronden p\u00e5.<\/p>\n<p>I den andra gjorde Strandberg en i det n\u00e4rmaste prickfri rond. Hon var tung, tufft och gav ifr\u00e5n sig n\u00e5gra riktiga sm\u00e4llkarameller.<br \/>\n&#8211; Hon slog mer i f\u00f6rsta ronden och jag fick inte till det som jag ville. I andra b\u00f6rjade jag sparka mer och d\u00e5 blev hon lite tr\u00f6tt, s\u00e5 d\u00e5 kunde jag nyttja fler tekniker p\u00e5 det. Hon hade lite sv\u00e5rt att blocka mina sparkar.<\/p>\n<p>Tredje ronden blev \u00e5ter ett st\u00e4llningskrig d\u00e4r Strandberg, s\u00e5 som vi l\u00e4rt k\u00e4nna henne, malde ned J\u00e4rvenp\u00e4\u00e4. H\u00f6gern var ofta vinnande och tr\u00e4ffs\u00e4ker.<br \/>\n&#8211; Det h\u00e4r blev en krigarmatch, jag fick verkligen h\u00e4mta krafter fr\u00e5n djupet och det var sk\u00f6nt att vinna, s\u00e5 klart. Tre raka finaler nu, VM, EM och s\u00e5 nu d\u00e5 den h\u00e4r finalen, det \u00e4r lite kul.<\/p>\n<p><strong>Habib vidare efter WO<\/strong><br \/>\nAbdallah Habib \u00e4r vidare till semifinal i herrarnas A-klass -71kg. Det efter att hans kinesiska motst\u00e5nd inte kom start. Habib f\u00e5r ladda om inf\u00f6r onsdagens semifinal.<\/p>\n<p>Text: Jonathan Broberg<br \/>\nFoto: Matilda Ritz\u00e9n (arkivbild)<\/p>\n","protected":false},"excerpt":{"rendered":"<p>F\u00f6rlora den f\u00f6rsta ronden. V\u00e4nda och vinna. Det \u00e4r dagens tema s\u00e5 h\u00e4r l\u00e5ngt. Anna Strandberg ville inte \u00e4ndra p\u00e5 det. Hon k\u00e4mpade ner finskan Riikk J\u00e4rvenp\u00e4\u00e4 i -67-kilosklassen och vann med 2-1 i ronder.<br \/><br>&#8211; Tre raka finaler nu, det \u00e4r lite kul, s\u00e4ger hon till budokampsport.se.<\/p><br>","protected":false},"author":7,"featured_media":44821,"comment_status":"open","ping_status":"open","sticky":false,"template":"","format":"standard","meta":{"_acf_changed":false,"footnotes":""},"categories":[1],"tags":[],"class_list":["post-44991","post","type-post","status-publish","format-standard","has-post-thumbnail","hentry","category-okategoriserade"],"acf":[],"yoast_head":"<!-- This site is optimized with the Yoast SEO plugin v26.8 - https:\/\/yoast.com\/product\/yoast-seo-wordpress\/ -->\n<title>Strandberg k\u00e4mpade till sig en finalplats - Svenska Budo &amp; Kampsportsf\u00f6rbundet<\/title>\n<meta name=\"description\" content=\"F\u00f6rlora den f\u00f6rsta ronden. V\u00e4nda och vinna. Det \u00e4r dagens tema s\u00e5 h\u00e4r l\u00e5ngt. Anna Strandberg ville inte \u00e4ndra p\u00e5 det. Hon k\u00e4mpade ner finskan Riikk J\u00e4rvenp\u00e4\u00e4 i -67-kilosklassen och vann med 2-1 i ronder. - Tre raka finaler nu, det \u00e4r lite kul, s\u00e4ger hon till budokampsport.se.\" \/>\n<meta name=\"robots\" content=\"index, follow, max-snippet:-1, max-image-preview:large, max-video-preview:-1\" \/>\n<link rel=\"canonical\" href=\"https:\/\/www.budokampsport.se\/2017\/05\/08\/strandberg-kampade-till-sig-en-finalplats\/\" \/>\n<meta property=\"og:locale\" content=\"sv_SE\" \/>\n<meta property=\"og:type\" content=\"article\" \/>\n<meta property=\"og:title\" content=\"Strandberg k\u00e4mpade till sig en finalplats - Svenska Budo &amp; Kampsportsf\u00f6rbundet\" \/>\n<meta property=\"og:description\" content=\"F\u00f6rlora den f\u00f6rsta ronden. V\u00e4nda och vinna. Det \u00e4r dagens tema s\u00e5 h\u00e4r l\u00e5ngt. Anna Strandberg ville inte \u00e4ndra p\u00e5 det. Hon k\u00e4mpade ner finskan Riikk J\u00e4rvenp\u00e4\u00e4 i -67-kilosklassen och vann med 2-1 i ronder. - Tre raka finaler nu, det \u00e4r lite kul, s\u00e4ger hon till budokampsport.se.\" \/>\n<meta property=\"og:url\" content=\"https:\/\/www.budokampsport.se\/2017\/05\/08\/strandberg-kampade-till-sig-en-finalplats\/\" \/>\n<meta property=\"og:site_name\" content=\"Svenska Budo &amp; Kampsportsf\u00f6rbundet\" \/>\n<meta property=\"article:author\" content=\"https:\/\/www.facebook.com\/jonathan.broberg.7\" \/>\n<meta property=\"article:published_time\" content=\"2017-05-08T15:23:18+00:00\" \/>\n<meta property=\"article:modified_time\" content=\"2017-05-08T17:46:00+00:00\" \/>\n<meta property=\"og:image\" content=\"https:\/\/www.budokampsport.se\/wp-content\/uploads\/2017\/05\/anna_strandberg_semi.gif\" \/>\n\t<meta property=\"og:image:width\" content=\"435\" \/>\n\t<meta property=\"og:image:height\" content=\"290\" \/>\n\t<meta property=\"og:image:type\" content=\"image\/gif\" \/>\n<meta name=\"author\" content=\"Jonathan Broberg\" \/>\n<meta name=\"twitter:card\" content=\"summary_large_image\" \/>\n<meta name=\"twitter:label1\" content=\"Skriven av\" \/>\n\t<meta name=\"twitter:data1\" content=\"Jonathan Broberg\" \/>\n\t<meta name=\"twitter:label2\" content=\"Ber\u00e4knad l\u00e4stid\" \/>\n\t<meta name=\"twitter:data2\" content=\"1 minut\" \/>\n<script type=\"application\/ld+json\" class=\"yoast-schema-graph\">{\"@context\":\"https:\/\/schema.org\",\"@graph\":[{\"@type\":\"Article\",\"@id\":\"https:\/\/www.budokampsport.se\/2017\/05\/08\/strandberg-kampade-till-sig-en-finalplats\/#article\",\"isPartOf\":{\"@id\":\"https:\/\/www.budokampsport.se\/2017\/05\/08\/strandberg-kampade-till-sig-en-finalplats\/\"},\"author\":{\"name\":\"Jonathan Broberg\",\"@id\":\"https:\/\/www.budokampsport.se\/#\/schema\/person\/5c06d81d14850e2a8ce5493386560145\"},\"headline\":\"Strandberg k\u00e4mpade till sig en finalplats\",\"datePublished\":\"2017-05-08T15:23:18+00:00\",\"dateModified\":\"2017-05-08T17:46:00+00:00\",\"mainEntityOfPage\":{\"@id\":\"https:\/\/www.budokampsport.se\/2017\/05\/08\/strandberg-kampade-till-sig-en-finalplats\/\"},\"wordCount\":234,\"commentCount\":0,\"image\":{\"@id\":\"https:\/\/www.budokampsport.se\/2017\/05\/08\/strandberg-kampade-till-sig-en-finalplats\/#primaryimage\"},\"thumbnailUrl\":\"https:\/\/www.budokampsport.se\/wp-content\/uploads\/2017\/05\/anna_strandberg_semi.gif\",\"inLanguage\":\"sv-SE\",\"potentialAction\":[{\"@type\":\"CommentAction\",\"name\":\"Comment\",\"target\":[\"https:\/\/www.budokampsport.se\/2017\/05\/08\/strandberg-kampade-till-sig-en-finalplats\/#respond\"]}]},{\"@type\":\"WebPage\",\"@id\":\"https:\/\/www.budokampsport.se\/2017\/05\/08\/strandberg-kampade-till-sig-en-finalplats\/\",\"url\":\"https:\/\/www.budokampsport.se\/2017\/05\/08\/strandberg-kampade-till-sig-en-finalplats\/\",\"name\":\"Strandberg k\u00e4mpade till sig en finalplats - Svenska Budo &amp; Kampsportsf\u00f6rbundet\",\"isPartOf\":{\"@id\":\"https:\/\/www.budokampsport.se\/#website\"},\"primaryImageOfPage\":{\"@id\":\"https:\/\/www.budokampsport.se\/2017\/05\/08\/strandberg-kampade-till-sig-en-finalplats\/#primaryimage\"},\"image\":{\"@id\":\"https:\/\/www.budokampsport.se\/2017\/05\/08\/strandberg-kampade-till-sig-en-finalplats\/#primaryimage\"},\"thumbnailUrl\":\"https:\/\/www.budokampsport.se\/wp-content\/uploads\/2017\/05\/anna_strandberg_semi.gif\",\"datePublished\":\"2017-05-08T15:23:18+00:00\",\"dateModified\":\"2017-05-08T17:46:00+00:00\",\"author\":{\"@id\":\"https:\/\/www.budokampsport.se\/#\/schema\/person\/5c06d81d14850e2a8ce5493386560145\"},\"description\":\"F\u00f6rlora den f\u00f6rsta ronden. V\u00e4nda och vinna. Det \u00e4r dagens tema s\u00e5 h\u00e4r l\u00e5ngt. Anna Strandberg ville inte \u00e4ndra p\u00e5 det. Hon k\u00e4mpade ner finskan Riikk J\u00e4rvenp\u00e4\u00e4 i -67-kilosklassen och vann med 2-1 i ronder. - Tre raka finaler nu, det \u00e4r lite kul, s\u00e4ger hon till budokampsport.se.\",\"breadcrumb\":{\"@id\":\"https:\/\/www.budokampsport.se\/2017\/05\/08\/strandberg-kampade-till-sig-en-finalplats\/#breadcrumb\"},\"inLanguage\":\"sv-SE\",\"potentialAction\":[{\"@type\":\"ReadAction\",\"target\":[\"https:\/\/www.budokampsport.se\/2017\/05\/08\/strandberg-kampade-till-sig-en-finalplats\/\"]}]},{\"@type\":\"ImageObject\",\"inLanguage\":\"sv-SE\",\"@id\":\"https:\/\/www.budokampsport.se\/2017\/05\/08\/strandberg-kampade-till-sig-en-finalplats\/#primaryimage\",\"url\":\"https:\/\/www.budokampsport.se\/wp-content\/uploads\/2017\/05\/anna_strandberg_semi.gif\",\"contentUrl\":\"https:\/\/www.budokampsport.se\/wp-content\/uploads\/2017\/05\/anna_strandberg_semi.gif\",\"width\":435,\"height\":290},{\"@type\":\"BreadcrumbList\",\"@id\":\"https:\/\/www.budokampsport.se\/2017\/05\/08\/strandberg-kampade-till-sig-en-finalplats\/#breadcrumb\",\"itemListElement\":[{\"@type\":\"ListItem\",\"position\":1,\"name\":\"Hem\",\"item\":\"https:\/\/www.budokampsport.se\/\"},{\"@type\":\"ListItem\",\"position\":2,\"name\":\"Strandberg k\u00e4mpade till sig en finalplats\"}]},{\"@type\":\"WebSite\",\"@id\":\"https:\/\/www.budokampsport.se\/#website\",\"url\":\"https:\/\/www.budokampsport.se\/\",\"name\":\"Svenska Budo &amp; Kampsportsf\u00f6rbundet\",\"description\":\"T\u00e4vling, Tr\u00e4ning, Tradition\",\"potentialAction\":[{\"@type\":\"SearchAction\",\"target\":{\"@type\":\"EntryPoint\",\"urlTemplate\":\"https:\/\/www.budokampsport.se\/?s={search_term_string}\"},\"query-input\":{\"@type\":\"PropertyValueSpecification\",\"valueRequired\":true,\"valueName\":\"search_term_string\"}}],\"inLanguage\":\"sv-SE\"},{\"@type\":\"Person\",\"@id\":\"https:\/\/www.budokampsport.se\/#\/schema\/person\/5c06d81d14850e2a8ce5493386560145\",\"name\":\"Jonathan Broberg\",\"image\":{\"@type\":\"ImageObject\",\"inLanguage\":\"sv-SE\",\"@id\":\"https:\/\/www.budokampsport.se\/#\/schema\/person\/image\/\",\"url\":\"https:\/\/secure.gravatar.com\/avatar\/a58041c6cea9128bd9c40ee2f26d4136?s=96&d=blank&r=g\",\"contentUrl\":\"https:\/\/secure.gravatar.com\/avatar\/a58041c6cea9128bd9c40ee2f26d4136?s=96&d=blank&r=g\",\"caption\":\"Jonathan Broberg\"},\"sameAs\":[\"https:\/\/www.facebook.com\/jonathan.broberg.7\"],\"url\":\"https:\/\/www.budokampsport.se\/author\/jonathan\/\"}]}<\/script>\n<!-- \/ Yoast SEO plugin. -->","yoast_head_json":{"title":"Strandberg k\u00e4mpade till sig en finalplats - Svenska Budo &amp; Kampsportsf\u00f6rbundet","description":"F\u00f6rlora den f\u00f6rsta ronden. V\u00e4nda och vinna. Det \u00e4r dagens tema s\u00e5 h\u00e4r l\u00e5ngt. Anna Strandberg ville inte \u00e4ndra p\u00e5 det. Hon k\u00e4mpade ner finskan Riikk J\u00e4rvenp\u00e4\u00e4 i -67-kilosklassen och vann med 2-1 i ronder. - Tre raka finaler nu, det \u00e4r lite kul, s\u00e4ger hon till budokampsport.se.","robots":{"index":"index","follow":"follow","max-snippet":"max-snippet:-1","max-image-preview":"max-image-preview:large","max-video-preview":"max-video-preview:-1"},"canonical":"https:\/\/www.budokampsport.se\/2017\/05\/08\/strandberg-kampade-till-sig-en-finalplats\/","og_locale":"sv_SE","og_type":"article","og_title":"Strandberg k\u00e4mpade till sig en finalplats - Svenska Budo &amp; Kampsportsf\u00f6rbundet","og_description":"F\u00f6rlora den f\u00f6rsta ronden. V\u00e4nda och vinna. Det \u00e4r dagens tema s\u00e5 h\u00e4r l\u00e5ngt. Anna Strandberg ville inte \u00e4ndra p\u00e5 det. Hon k\u00e4mpade ner finskan Riikk J\u00e4rvenp\u00e4\u00e4 i -67-kilosklassen och vann med 2-1 i ronder. - Tre raka finaler nu, det \u00e4r lite kul, s\u00e4ger hon till budokampsport.se.","og_url":"https:\/\/www.budokampsport.se\/2017\/05\/08\/strandberg-kampade-till-sig-en-finalplats\/","og_site_name":"Svenska Budo &amp; Kampsportsf\u00f6rbundet","article_author":"https:\/\/www.facebook.com\/jonathan.broberg.7","article_published_time":"2017-05-08T15:23:18+00:00","article_modified_time":"2017-05-08T17:46:00+00:00","og_image":[{"width":435,"height":290,"url":"https:\/\/www.budokampsport.se\/wp-content\/uploads\/2017\/05\/anna_strandberg_semi.gif","type":"image\/gif"}],"author":"Jonathan Broberg","twitter_card":"summary_large_image","twitter_misc":{"Skriven av":"Jonathan Broberg","Ber\u00e4knad l\u00e4stid":"1 minut"},"schema":{"@context":"https:\/\/schema.org","@graph":[{"@type":"Article","@id":"https:\/\/www.budokampsport.se\/2017\/05\/08\/strandberg-kampade-till-sig-en-finalplats\/#article","isPartOf":{"@id":"https:\/\/www.budokampsport.se\/2017\/05\/08\/strandberg-kampade-till-sig-en-finalplats\/"},"author":{"name":"Jonathan Broberg","@id":"https:\/\/www.budokampsport.se\/#\/schema\/person\/5c06d81d14850e2a8ce5493386560145"},"headline":"Strandberg k\u00e4mpade till sig en finalplats","datePublished":"2017-05-08T15:23:18+00:00","dateModified":"2017-05-08T17:46:00+00:00","mainEntityOfPage":{"@id":"https:\/\/www.budokampsport.se\/2017\/05\/08\/strandberg-kampade-till-sig-en-finalplats\/"},"wordCount":234,"commentCount":0,"image":{"@id":"https:\/\/www.budokampsport.se\/2017\/05\/08\/strandberg-kampade-till-sig-en-finalplats\/#primaryimage"},"thumbnailUrl":"https:\/\/www.budokampsport.se\/wp-content\/uploads\/2017\/05\/anna_strandberg_semi.gif","inLanguage":"sv-SE","potentialAction":[{"@type":"CommentAction","name":"Comment","target":["https:\/\/www.budokampsport.se\/2017\/05\/08\/strandberg-kampade-till-sig-en-finalplats\/#respond"]}]},{"@type":"WebPage","@id":"https:\/\/www.budokampsport.se\/2017\/05\/08\/strandberg-kampade-till-sig-en-finalplats\/","url":"https:\/\/www.budokampsport.se\/2017\/05\/08\/strandberg-kampade-till-sig-en-finalplats\/","name":"Strandberg k\u00e4mpade till sig en finalplats - Svenska Budo &amp; Kampsportsf\u00f6rbundet","isPartOf":{"@id":"https:\/\/www.budokampsport.se\/#website"},"primaryImageOfPage":{"@id":"https:\/\/www.budokampsport.se\/2017\/05\/08\/strandberg-kampade-till-sig-en-finalplats\/#primaryimage"},"image":{"@id":"https:\/\/www.budokampsport.se\/2017\/05\/08\/strandberg-kampade-till-sig-en-finalplats\/#primaryimage"},"thumbnailUrl":"https:\/\/www.budokampsport.se\/wp-content\/uploads\/2017\/05\/anna_strandberg_semi.gif","datePublished":"2017-05-08T15:23:18+00:00","dateModified":"2017-05-08T17:46:00+00:00","author":{"@id":"https:\/\/www.budokampsport.se\/#\/schema\/person\/5c06d81d14850e2a8ce5493386560145"},"description":"F\u00f6rlora den f\u00f6rsta ronden. V\u00e4nda och vinna. Det \u00e4r dagens tema s\u00e5 h\u00e4r l\u00e5ngt. Anna Strandberg ville inte \u00e4ndra p\u00e5 det. Hon k\u00e4mpade ner finskan Riikk J\u00e4rvenp\u00e4\u00e4 i -67-kilosklassen och vann med 2-1 i ronder. - Tre raka finaler nu, det \u00e4r lite kul, s\u00e4ger hon till budokampsport.se.","breadcrumb":{"@id":"https:\/\/www.budokampsport.se\/2017\/05\/08\/strandberg-kampade-till-sig-en-finalplats\/#breadcrumb"},"inLanguage":"sv-SE","potentialAction":[{"@type":"ReadAction","target":["https:\/\/www.budokampsport.se\/2017\/05\/08\/strandberg-kampade-till-sig-en-finalplats\/"]}]},{"@type":"ImageObject","inLanguage":"sv-SE","@id":"https:\/\/www.budokampsport.se\/2017\/05\/08\/strandberg-kampade-till-sig-en-finalplats\/#primaryimage","url":"https:\/\/www.budokampsport.se\/wp-content\/uploads\/2017\/05\/anna_strandberg_semi.gif","contentUrl":"https:\/\/www.budokampsport.se\/wp-content\/uploads\/2017\/05\/anna_strandberg_semi.gif","width":435,"height":290},{"@type":"BreadcrumbList","@id":"https:\/\/www.budokampsport.se\/2017\/05\/08\/strandberg-kampade-till-sig-en-finalplats\/#breadcrumb","itemListElement":[{"@type":"ListItem","position":1,"name":"Hem","item":"https:\/\/www.budokampsport.se\/"},{"@type":"ListItem","position":2,"name":"Strandberg k\u00e4mpade till sig en finalplats"}]},{"@type":"WebSite","@id":"https:\/\/www.budokampsport.se\/#website","url":"https:\/\/www.budokampsport.se\/","name":"Svenska Budo &amp; Kampsportsf\u00f6rbundet","description":"T\u00e4vling, Tr\u00e4ning, Tradition","potentialAction":[{"@type":"SearchAction","target":{"@type":"EntryPoint","urlTemplate":"https:\/\/www.budokampsport.se\/?s={search_term_string}"},"query-input":{"@type":"PropertyValueSpecification","valueRequired":true,"valueName":"search_term_string"}}],"inLanguage":"sv-SE"},{"@type":"Person","@id":"https:\/\/www.budokampsport.se\/#\/schema\/person\/5c06d81d14850e2a8ce5493386560145","name":"Jonathan Broberg","image":{"@type":"ImageObject","inLanguage":"sv-SE","@id":"https:\/\/www.budokampsport.se\/#\/schema\/person\/image\/","url":"https:\/\/secure.gravatar.com\/avatar\/a58041c6cea9128bd9c40ee2f26d4136?s=96&d=blank&r=g","contentUrl":"https:\/\/secure.gravatar.com\/avatar\/a58041c6cea9128bd9c40ee2f26d4136?s=96&d=blank&r=g","caption":"Jonathan Broberg"},"sameAs":["https:\/\/www.facebook.com\/jonathan.broberg.7"],"url":"https:\/\/www.budokampsport.se\/author\/jonathan\/"}]}},"_links":{"self":[{"href":"https:\/\/www.budokampsport.se\/api\/wp\/v2\/posts\/44991","targetHints":{"allow":["GET"]}}],"collection":[{"href":"https:\/\/www.budokampsport.se\/api\/wp\/v2\/posts"}],"about":[{"href":"https:\/\/www.budokampsport.se\/api\/wp\/v2\/types\/post"}],"author":[{"embeddable":true,"href":"https:\/\/www.budokampsport.se\/api\/wp\/v2\/users\/7"}],"replies":[{"embeddable":true,"href":"https:\/\/www.budokampsport.se\/api\/wp\/v2\/comments?post=44991"}],"version-history":[{"count":0,"href":"https:\/\/www.budokampsport.se\/api\/wp\/v2\/posts\/44991\/revisions"}],"wp:featuredmedia":[{"embeddable":true,"href":"https:\/\/www.budokampsport.se\/api\/wp\/v2\/media\/44821"}],"wp:attachment":[{"href":"https:\/\/www.budokampsport.se\/api\/wp\/v2\/media?parent=44991"}],"wp:term":[{"taxonomy":"category","embeddable":true,"href":"https:\/\/www.budokampsport.se\/api\/wp\/v2\/categories?post=44991"},{"taxonomy":"post_tag","embeddable":true,"href":"https:\/\/www.budokampsport.se\/api\/wp\/v2\/tags?post=44991"}],"curies":[{"name":"wp","href":"https:\/\/api.w.org\/{rel}","templated":true}]}}