{"id":4531,"date":"2013-02-21T09:07:17","date_gmt":"2013-02-21T08:07:17","guid":{"rendered":"http:\/\/budo.wordpress.dev\/2013\/02\/21\/de-nominerade-till-arets-mastarinna\/"},"modified":"2016-12-06T22:35:37","modified_gmt":"2016-12-06T21:35:37","slug":"de-nominerade-till-arets-mastarinna","status":"publish","type":"post","link":"https:\/\/www.budokampsport.se\/2013\/02\/21\/de-nominerade-till-arets-mastarinna\/","title":{"rendered":"De nominerade till \u00c5rets m\u00e4starinna"},"content":{"rendered":"<p><strong><img decoding=\"async\" style=\"width: 435px; height: 290px;\" alt=\"\" src=\"\/sites\/default\/files\/mastarinna_1.jpg\"><br \/> \tNu \u00e4r nomineringarna sl\u00e4ppta till Kampsportsgalan den 23:e mars p\u00e5 Berns i Stockholm. Under en tid t\u00e4nkte vi presentera idrottarna som \u00e4r nominerade i de olika prisklasserna och ge en liten bakomliggande information om deras respektive framg\u00e5ngar under 2012. Vi b\u00f6rforts\u00e4tter med \u00c5rets M\u00e4starinna.<!--break--><\/p>\n<p> \t1) Maria Engqvist, jodo<\/strong><br \/> \tVinnare av ett EM-guld i jodo har Maria Engqvist fr\u00e5n Stockholm tagit stora kliv fram\u00e5t i sin aktiva karri\u00e4r. Hennes tr\u00e4ningsvilja och vinnarskalle g\u00f6r henne \u00e4ven till ett stort framtidsnamn. EM-guldet i Stevenage var en mycket stark prestation i en tuff och konkurrenskraftig klass, mudanklassen.<\/p>\n<p><strong>2) Therese Gunnarsson, kickboxning<\/strong><br \/> \tKickboxningen hade inget VM under 2012 och inte heller blev det avresa f\u00f6r EM f\u00f6r Gunnarsson. Detta eftersom hon erbj\u00f6ds en proffstitelmatch i WAKO Pro. Det blev en stark seger i den matchen f\u00f6r Gunnarsson, p\u00e5 hemmaplan i Helsingborg. En bedrift endast Caroline Ek tidigare m\u00e4ktat med inom svensk kickboxning.<\/p>\n<p><strong>3) Sara Widgren, ju jutsu<\/strong><br \/> \tSvensk m\u00e4starinna 2012. Igen. Men framf\u00f6rallt vann hon stort\u00e4vlingen German Open och var p\u00e5 f\u00f6rhand en av medaljfavoriterna i VM. D\u00e4r blev det ett starkt brons, efter en liten trevande inledning p\u00e5 m\u00e4sterskapet. Widgren \u00e4r fortfarande den st\u00f6rsta svenska ju jutsustj\u00e4rnan, fast numera i god konkurrens av brorsan Fredrik.<\/p>\n<p><strong>4) Jennifer \u00d6sterlin, thaiboxning<\/strong><br \/> \tVann SM-guld i \u00d6stersund. F\u00f6ljde upp det med en otroligt stark EM-turnering, d\u00e4r \u00d6sterlin ocks\u00e5 var landslagsdebutant, och vann EM-guld i storartad stil. Under h\u00f6sten \u00e5kte hon till VM och var fullst\u00e4ndigt magnifik och detroniserade allt motst\u00e5nd och vann \u00e4ven ett VM-guld. Vann allt hon st\u00e4llde upp i under 2012.<\/p>\n<p>Text: Jonathan Broberg<\/p>\n","protected":false},"excerpt":{"rendered":"<p><strong><img decoding=\"async\" style=\"width: 435px; height: 290px;\" alt=\"\" src=\"\/sites\/default\/files\/mastarinna_1.jpg\"><br \/><br>\tNu \u00e4r nomineringarna sl\u00e4ppta till Kampsportsgalan den 23:e mars p\u00e5 Berns i Stockholm. Under en tid t\u00e4nkte vi presentera idrottarna som \u00e4r nominerade i de olika prisklasserna och ge en liten bakomliggande information om deras respektive framg\u00e5ngar under 2012. Vi b\u00f6rforts\u00e4tter med \u00c5rets M\u00e4starinna.<\/p><br>","protected":false},"author":7,"featured_media":0,"comment_status":"closed","ping_status":"closed","sticky":false,"template":"","format":"standard","meta":{"_acf_changed":false,"footnotes":""},"categories":[1],"tags":[],"class_list":["post-4531","post","type-post","status-publish","format-standard","hentry","category-okategoriserade"],"acf":[],"yoast_head":"<!-- This site is optimized with the Yoast SEO plugin v26.8 - https:\/\/yoast.com\/product\/yoast-seo-wordpress\/ -->\n<title>De nominerade till \u00c5rets m\u00e4starinna - Svenska Budo &amp; Kampsportsf\u00f6rbundet<\/title>\n<meta name=\"description\" content=\"Nu \u00e4r nomineringarna sl\u00e4ppta till Kampsportsgalan den 23:e mars p\u00e5 Berns i Stockholm. Under en tid t\u00e4nkte vi presentera idrottarna som \u00e4r nominerade i de olika prisklasserna och ge en liten bakomliggande information om deras respektive framg\u00e5ngar under 2012. Vi b\u00f6rforts\u00e4tter med \u00c5rets M\u00e4starinna.\" \/>\n<meta name=\"robots\" content=\"index, follow, max-snippet:-1, max-image-preview:large, max-video-preview:-1\" \/>\n<link rel=\"canonical\" href=\"https:\/\/www.budokampsport.se\/2013\/02\/21\/de-nominerade-till-arets-mastarinna\/\" \/>\n<meta property=\"og:locale\" content=\"sv_SE\" \/>\n<meta property=\"og:type\" content=\"article\" \/>\n<meta property=\"og:title\" content=\"De nominerade till \u00c5rets m\u00e4starinna - Svenska Budo &amp; Kampsportsf\u00f6rbundet\" \/>\n<meta property=\"og:description\" content=\"Nu \u00e4r nomineringarna sl\u00e4ppta till Kampsportsgalan den 23:e mars p\u00e5 Berns i Stockholm. Under en tid t\u00e4nkte vi presentera idrottarna som \u00e4r nominerade i de olika prisklasserna och ge en liten bakomliggande information om deras respektive framg\u00e5ngar under 2012. Vi b\u00f6rforts\u00e4tter med \u00c5rets M\u00e4starinna.\" \/>\n<meta property=\"og:url\" content=\"https:\/\/www.budokampsport.se\/2013\/02\/21\/de-nominerade-till-arets-mastarinna\/\" \/>\n<meta property=\"og:site_name\" content=\"Svenska Budo &amp; Kampsportsf\u00f6rbundet\" \/>\n<meta property=\"article:author\" content=\"https:\/\/www.facebook.com\/jonathan.broberg.7\" \/>\n<meta property=\"article:published_time\" content=\"2013-02-21T08:07:17+00:00\" \/>\n<meta property=\"article:modified_time\" content=\"2016-12-06T21:35:37+00:00\" \/>\n<meta name=\"author\" content=\"Jonathan Broberg\" \/>\n<meta name=\"twitter:card\" content=\"summary_large_image\" \/>\n<meta name=\"twitter:label1\" content=\"Skriven av\" \/>\n\t<meta name=\"twitter:data1\" content=\"Jonathan Broberg\" \/>\n\t<meta name=\"twitter:label2\" content=\"Ber\u00e4knad l\u00e4stid\" \/>\n\t<meta name=\"twitter:data2\" content=\"1 minut\" \/>\n<script type=\"application\/ld+json\" class=\"yoast-schema-graph\">{\"@context\":\"https:\/\/schema.org\",\"@graph\":[{\"@type\":\"Article\",\"@id\":\"https:\/\/www.budokampsport.se\/2013\/02\/21\/de-nominerade-till-arets-mastarinna\/#article\",\"isPartOf\":{\"@id\":\"https:\/\/www.budokampsport.se\/2013\/02\/21\/de-nominerade-till-arets-mastarinna\/\"},\"author\":{\"name\":\"Jonathan Broberg\",\"@id\":\"https:\/\/www.budokampsport.se\/#\/schema\/person\/5c06d81d14850e2a8ce5493386560145\"},\"headline\":\"De nominerade till \u00c5rets m\u00e4starinna\",\"datePublished\":\"2013-02-21T08:07:17+00:00\",\"dateModified\":\"2016-12-06T21:35:37+00:00\",\"mainEntityOfPage\":{\"@id\":\"https:\/\/www.budokampsport.se\/2013\/02\/21\/de-nominerade-till-arets-mastarinna\/\"},\"wordCount\":286,\"inLanguage\":\"sv-SE\"},{\"@type\":\"WebPage\",\"@id\":\"https:\/\/www.budokampsport.se\/2013\/02\/21\/de-nominerade-till-arets-mastarinna\/\",\"url\":\"https:\/\/www.budokampsport.se\/2013\/02\/21\/de-nominerade-till-arets-mastarinna\/\",\"name\":\"De nominerade till \u00c5rets m\u00e4starinna - Svenska Budo &amp; Kampsportsf\u00f6rbundet\",\"isPartOf\":{\"@id\":\"https:\/\/www.budokampsport.se\/#website\"},\"datePublished\":\"2013-02-21T08:07:17+00:00\",\"dateModified\":\"2016-12-06T21:35:37+00:00\",\"author\":{\"@id\":\"https:\/\/www.budokampsport.se\/#\/schema\/person\/5c06d81d14850e2a8ce5493386560145\"},\"description\":\"Nu \u00e4r nomineringarna sl\u00e4ppta till Kampsportsgalan den 23:e mars p\u00e5 Berns i Stockholm. Under en tid t\u00e4nkte vi presentera idrottarna som \u00e4r nominerade i de olika prisklasserna och ge en liten bakomliggande information om deras respektive framg\u00e5ngar under 2012. Vi b\u00f6rforts\u00e4tter med \u00c5rets M\u00e4starinna.\",\"breadcrumb\":{\"@id\":\"https:\/\/www.budokampsport.se\/2013\/02\/21\/de-nominerade-till-arets-mastarinna\/#breadcrumb\"},\"inLanguage\":\"sv-SE\",\"potentialAction\":[{\"@type\":\"ReadAction\",\"target\":[\"https:\/\/www.budokampsport.se\/2013\/02\/21\/de-nominerade-till-arets-mastarinna\/\"]}]},{\"@type\":\"BreadcrumbList\",\"@id\":\"https:\/\/www.budokampsport.se\/2013\/02\/21\/de-nominerade-till-arets-mastarinna\/#breadcrumb\",\"itemListElement\":[{\"@type\":\"ListItem\",\"position\":1,\"name\":\"Hem\",\"item\":\"https:\/\/www.budokampsport.se\/\"},{\"@type\":\"ListItem\",\"position\":2,\"name\":\"De nominerade till \u00c5rets m\u00e4starinna\"}]},{\"@type\":\"WebSite\",\"@id\":\"https:\/\/www.budokampsport.se\/#website\",\"url\":\"https:\/\/www.budokampsport.se\/\",\"name\":\"Svenska Budo &amp; Kampsportsf\u00f6rbundet\",\"description\":\"T\u00e4vling, Tr\u00e4ning, Tradition\",\"potentialAction\":[{\"@type\":\"SearchAction\",\"target\":{\"@type\":\"EntryPoint\",\"urlTemplate\":\"https:\/\/www.budokampsport.se\/?s={search_term_string}\"},\"query-input\":{\"@type\":\"PropertyValueSpecification\",\"valueRequired\":true,\"valueName\":\"search_term_string\"}}],\"inLanguage\":\"sv-SE\"},{\"@type\":\"Person\",\"@id\":\"https:\/\/www.budokampsport.se\/#\/schema\/person\/5c06d81d14850e2a8ce5493386560145\",\"name\":\"Jonathan Broberg\",\"image\":{\"@type\":\"ImageObject\",\"inLanguage\":\"sv-SE\",\"@id\":\"https:\/\/www.budokampsport.se\/#\/schema\/person\/image\/\",\"url\":\"https:\/\/secure.gravatar.com\/avatar\/a58041c6cea9128bd9c40ee2f26d4136?s=96&d=blank&r=g\",\"contentUrl\":\"https:\/\/secure.gravatar.com\/avatar\/a58041c6cea9128bd9c40ee2f26d4136?s=96&d=blank&r=g\",\"caption\":\"Jonathan Broberg\"},\"sameAs\":[\"https:\/\/www.facebook.com\/jonathan.broberg.7\"],\"url\":\"https:\/\/www.budokampsport.se\/author\/jonathan\/\"}]}<\/script>\n<!-- \/ Yoast SEO plugin. -->","yoast_head_json":{"title":"De nominerade till \u00c5rets m\u00e4starinna - Svenska Budo &amp; Kampsportsf\u00f6rbundet","description":"Nu \u00e4r nomineringarna sl\u00e4ppta till Kampsportsgalan den 23:e mars p\u00e5 Berns i Stockholm. Under en tid t\u00e4nkte vi presentera idrottarna som \u00e4r nominerade i de olika prisklasserna och ge en liten bakomliggande information om deras respektive framg\u00e5ngar under 2012. Vi b\u00f6rforts\u00e4tter med \u00c5rets M\u00e4starinna.","robots":{"index":"index","follow":"follow","max-snippet":"max-snippet:-1","max-image-preview":"max-image-preview:large","max-video-preview":"max-video-preview:-1"},"canonical":"https:\/\/www.budokampsport.se\/2013\/02\/21\/de-nominerade-till-arets-mastarinna\/","og_locale":"sv_SE","og_type":"article","og_title":"De nominerade till \u00c5rets m\u00e4starinna - Svenska Budo &amp; Kampsportsf\u00f6rbundet","og_description":"Nu \u00e4r nomineringarna sl\u00e4ppta till Kampsportsgalan den 23:e mars p\u00e5 Berns i Stockholm. Under en tid t\u00e4nkte vi presentera idrottarna som \u00e4r nominerade i de olika prisklasserna och ge en liten bakomliggande information om deras respektive framg\u00e5ngar under 2012. Vi b\u00f6rforts\u00e4tter med \u00c5rets M\u00e4starinna.","og_url":"https:\/\/www.budokampsport.se\/2013\/02\/21\/de-nominerade-till-arets-mastarinna\/","og_site_name":"Svenska Budo &amp; Kampsportsf\u00f6rbundet","article_author":"https:\/\/www.facebook.com\/jonathan.broberg.7","article_published_time":"2013-02-21T08:07:17+00:00","article_modified_time":"2016-12-06T21:35:37+00:00","author":"Jonathan Broberg","twitter_card":"summary_large_image","twitter_misc":{"Skriven av":"Jonathan Broberg","Ber\u00e4knad l\u00e4stid":"1 minut"},"schema":{"@context":"https:\/\/schema.org","@graph":[{"@type":"Article","@id":"https:\/\/www.budokampsport.se\/2013\/02\/21\/de-nominerade-till-arets-mastarinna\/#article","isPartOf":{"@id":"https:\/\/www.budokampsport.se\/2013\/02\/21\/de-nominerade-till-arets-mastarinna\/"},"author":{"name":"Jonathan Broberg","@id":"https:\/\/www.budokampsport.se\/#\/schema\/person\/5c06d81d14850e2a8ce5493386560145"},"headline":"De nominerade till \u00c5rets m\u00e4starinna","datePublished":"2013-02-21T08:07:17+00:00","dateModified":"2016-12-06T21:35:37+00:00","mainEntityOfPage":{"@id":"https:\/\/www.budokampsport.se\/2013\/02\/21\/de-nominerade-till-arets-mastarinna\/"},"wordCount":286,"inLanguage":"sv-SE"},{"@type":"WebPage","@id":"https:\/\/www.budokampsport.se\/2013\/02\/21\/de-nominerade-till-arets-mastarinna\/","url":"https:\/\/www.budokampsport.se\/2013\/02\/21\/de-nominerade-till-arets-mastarinna\/","name":"De nominerade till \u00c5rets m\u00e4starinna - Svenska Budo &amp; Kampsportsf\u00f6rbundet","isPartOf":{"@id":"https:\/\/www.budokampsport.se\/#website"},"datePublished":"2013-02-21T08:07:17+00:00","dateModified":"2016-12-06T21:35:37+00:00","author":{"@id":"https:\/\/www.budokampsport.se\/#\/schema\/person\/5c06d81d14850e2a8ce5493386560145"},"description":"Nu \u00e4r nomineringarna sl\u00e4ppta till Kampsportsgalan den 23:e mars p\u00e5 Berns i Stockholm. Under en tid t\u00e4nkte vi presentera idrottarna som \u00e4r nominerade i de olika prisklasserna och ge en liten bakomliggande information om deras respektive framg\u00e5ngar under 2012. Vi b\u00f6rforts\u00e4tter med \u00c5rets M\u00e4starinna.","breadcrumb":{"@id":"https:\/\/www.budokampsport.se\/2013\/02\/21\/de-nominerade-till-arets-mastarinna\/#breadcrumb"},"inLanguage":"sv-SE","potentialAction":[{"@type":"ReadAction","target":["https:\/\/www.budokampsport.se\/2013\/02\/21\/de-nominerade-till-arets-mastarinna\/"]}]},{"@type":"BreadcrumbList","@id":"https:\/\/www.budokampsport.se\/2013\/02\/21\/de-nominerade-till-arets-mastarinna\/#breadcrumb","itemListElement":[{"@type":"ListItem","position":1,"name":"Hem","item":"https:\/\/www.budokampsport.se\/"},{"@type":"ListItem","position":2,"name":"De nominerade till \u00c5rets m\u00e4starinna"}]},{"@type":"WebSite","@id":"https:\/\/www.budokampsport.se\/#website","url":"https:\/\/www.budokampsport.se\/","name":"Svenska Budo &amp; Kampsportsf\u00f6rbundet","description":"T\u00e4vling, Tr\u00e4ning, Tradition","potentialAction":[{"@type":"SearchAction","target":{"@type":"EntryPoint","urlTemplate":"https:\/\/www.budokampsport.se\/?s={search_term_string}"},"query-input":{"@type":"PropertyValueSpecification","valueRequired":true,"valueName":"search_term_string"}}],"inLanguage":"sv-SE"},{"@type":"Person","@id":"https:\/\/www.budokampsport.se\/#\/schema\/person\/5c06d81d14850e2a8ce5493386560145","name":"Jonathan Broberg","image":{"@type":"ImageObject","inLanguage":"sv-SE","@id":"https:\/\/www.budokampsport.se\/#\/schema\/person\/image\/","url":"https:\/\/secure.gravatar.com\/avatar\/a58041c6cea9128bd9c40ee2f26d4136?s=96&d=blank&r=g","contentUrl":"https:\/\/secure.gravatar.com\/avatar\/a58041c6cea9128bd9c40ee2f26d4136?s=96&d=blank&r=g","caption":"Jonathan Broberg"},"sameAs":["https:\/\/www.facebook.com\/jonathan.broberg.7"],"url":"https:\/\/www.budokampsport.se\/author\/jonathan\/"}]}},"_links":{"self":[{"href":"https:\/\/www.budokampsport.se\/api\/wp\/v2\/posts\/4531","targetHints":{"allow":["GET"]}}],"collection":[{"href":"https:\/\/www.budokampsport.se\/api\/wp\/v2\/posts"}],"about":[{"href":"https:\/\/www.budokampsport.se\/api\/wp\/v2\/types\/post"}],"author":[{"embeddable":true,"href":"https:\/\/www.budokampsport.se\/api\/wp\/v2\/users\/7"}],"replies":[{"embeddable":true,"href":"https:\/\/www.budokampsport.se\/api\/wp\/v2\/comments?post=4531"}],"version-history":[{"count":0,"href":"https:\/\/www.budokampsport.se\/api\/wp\/v2\/posts\/4531\/revisions"}],"wp:attachment":[{"href":"https:\/\/www.budokampsport.se\/api\/wp\/v2\/media?parent=4531"}],"wp:term":[{"taxonomy":"category","embeddable":true,"href":"https:\/\/www.budokampsport.se\/api\/wp\/v2\/categories?post=4531"},{"taxonomy":"post_tag","embeddable":true,"href":"https:\/\/www.budokampsport.se\/api\/wp\/v2\/tags?post=4531"}],"curies":[{"name":"wp","href":"https:\/\/api.w.org\/{rel}","templated":true}]}}