{"id":4537,"date":"2013-02-25T15:10:53","date_gmt":"2013-02-25T14:10:53","guid":{"rendered":"http:\/\/budo.wordpress.dev\/2013\/02\/25\/forsta-avstampet-mot-vm-i-taido\/"},"modified":"2016-12-06T22:35:38","modified_gmt":"2016-12-06T21:35:38","slug":"forsta-avstampet-mot-vm-i-taido","status":"publish","type":"post","link":"https:\/\/www.budokampsport.se\/2013\/02\/25\/forsta-avstampet-mot-vm-i-taido\/","title":{"rendered":"F\u00f6rsta avstampet mot VM i taido"},"content":{"rendered":"<p><P><STRONG><IMG style=\"WIDTH: 435px; HEIGHT: 290px\" alt=\"\" src=\"http:\/\/www.budokampsport.se\/sites\/default\/files\/royne_daniel.jpg\"><BR>I helgen arrangerades ett \u00f6ppet landslagsl\u00e4ger i taido i Uddevalla. Det var ett l\u00e4ger d\u00e4r stora delar fokuserades till att testa landslagets fys. F\u00f6rbundskapten Royne Rutstr\u00f6m summerade l\u00e4gret som givande, samtidigt som n\u00e5gra stora h\u00e4ndelser kunde avsl\u00f6jas.<BR>\u00a0\u00a0 &#8211; Julia Sk\u00e4\u00e4r har valt att l\u00e4gga landslagssatsningen \u00e5t sidan, men samtidigt har Anna Cervin tagit sikte p\u00e5 \u00e4nnu ett VM, s\u00e4ger han till budokampsport.se.<!--break--><\/STRONG><\/P> <P>I helgen samlades de fr\u00e4msta inom svensk taido upp f\u00f6r ett f\u00f6rsta landslagsl\u00e4ger, d\u00e4r siktet \u00e4r inst\u00e4llt p\u00e5 VM i Finland i augusti.<\/P> <P>F\u00f6rbundskapten Royne Rutstr\u00f6m ser med tillf\u00f6rsikt fram emot det stundande VM:et \u2013 och kan konstatera att ett tungt namn f\u00f6rsvunnit och ett annat tillkommit.<BR>\u00a0\u00a0 &#8211; Julia Sk\u00e4\u00e4r har valt att inte satsa p\u00e5 landslaget. Det \u00e4r s\u00e5 klart trist, hon \u00e4r ung och stor utvecklingspotential. Men det \u00e4r desto mer gl\u00e4djande d\u00e5 att Anna Cervin tar sikte p\u00e5 \u00e4nnu ett VM. Anna hade ocks\u00e5 b\u00e4st fysv\u00e4rden av damerna p\u00e5 l\u00e4gret. Hon blir ett j\u00e4ttetillskott.<\/P> <P>\u00c4ven Daniel Andersson, som l\u00e5g bakom EM-guldet i lagjissen f\u00f6r tv\u00e5 \u00e5r sedan, har sagt sig satsa emot VM i Finland.<BR>\u00a0\u00a0 &#8211; Daniel \u00e4r en riktigt \u201dgo gubbe\u201d och har stor inverkan p\u00e5 de yngre med sina odiskutabla kunskaper. Han beh\u00f6ver dock f\u00e5 b\u00e4ttre fys, men jag \u00e4r \u00f6vertygad om att han har kvaliteter vi kommer att dra nytta av i ett VM \u2013 om han blir uttagen.<\/P> <P>Inom taidon har det annars snackats om att det har varit lite si och s\u00e5 med uppslutningen p\u00e5 t\u00e4vlingar p\u00e5 sistone fr\u00e5n landslagsaspiranter.<BR>\u00a0\u00a0 &#8211; Det har k\u00e4nts s\u00e5 d\u00e4r, \u00e4rligt talat. Det har v\u00e4l inte sett ut som vi i landslagsledningen hade velat att det skulle se ut. Vi har inte lika bred trupp att skicka till VM som vi hade under EM i Frankrike. D\u00e4remot f\u00f6rfogar vi fortfarande \u00f6ver starka toppar. Jag har redan n\u00e4mnt Daniel och Anna, en annan som kan vara med och tampas om VM-medalj \u00e4r Elin Mellgren. Jag tror fortfarande att vi med v\u00e5rt material kan g\u00f6ra ett helt okej VM.<\/P> <P><STRONG>Royne, n\u00e4r spikas VM-truppen?<\/STRONG><BR>\u00a0\u00a0 &#8211; Vi har ett avslutande l\u00e4ger i april. Efter det har vi sagt att truppen ska vara klar. Det g\u00e4ller f\u00f6r dem som vill vara med p\u00e5 VM att verkligen visa framf\u00f6tterna till dess.<\/P> <P>Text och foto: Jonathan Broberg<\/P><\/p>\n","protected":false},"excerpt":{"rendered":"<p><P><STRONG><IMG style=\"WIDTH: 435px; HEIGHT: 290px\" alt=\"\" src=\"http:\/\/www.budokampsport.se\/sites\/default\/files\/royne_daniel.jpg\"><BR>I helgen arrangerades ett \u00f6ppet landslagsl\u00e4ger i taido i Uddevalla. Det var ett l\u00e4ger d\u00e4r stora delar fokuserades till att testa landslagets fys. F\u00f6rbundskapten Royne Rutstr\u00f6m summerade l\u00e4gret som givande, samtidigt som n\u00e5gra stora h\u00e4ndelser kunde avsl\u00f6jas.<BR>\u00a0\u00a0 &#8211; Julia Sk\u00e4\u00e4r har valt att l\u00e4gga landslagssatsningen \u00e5t sidan, men samtidigt har Anna Cervin tagit sikte p\u00e5 \u00e4nnu ett VM, s\u00e4ger han till budokampsport.se.<\/p><br>","protected":false},"author":7,"featured_media":0,"comment_status":"closed","ping_status":"closed","sticky":false,"template":"","format":"standard","meta":{"_acf_changed":false,"footnotes":""},"categories":[1],"tags":[],"class_list":["post-4537","post","type-post","status-publish","format-standard","hentry","category-okategoriserade"],"acf":[],"yoast_head":"<!-- This site is optimized with the Yoast SEO plugin v26.8 - https:\/\/yoast.com\/product\/yoast-seo-wordpress\/ -->\n<title>F\u00f6rsta avstampet mot VM i taido - Svenska Budo &amp; Kampsportsf\u00f6rbundet<\/title>\n<meta name=\"description\" content=\"I helgen arrangerades ett \u00f6ppet landslagsl\u00e4ger i taido i Uddevalla. Det var ett l\u00e4ger d\u00e4r stora delar fokuserades till att testa landslagets fys. F\u00f6rbundskapten Royne Rutstr\u00f6m summerade l\u00e4gret som givande, samtidigt som n\u00e5gra stora h\u00e4ndelser kunde avsl\u00f6jas.\u00a0\u00a0 - Julia Sk\u00e4\u00e4r har valt att l\u00e4gga landslagssatsningen \u00e5t sidan, men samtidigt har Anna Cervin tagit sikte p\u00e5 \u00e4nnu ett VM, s\u00e4ger han till budokampsport.se.\" \/>\n<meta name=\"robots\" content=\"index, follow, max-snippet:-1, max-image-preview:large, max-video-preview:-1\" \/>\n<link rel=\"canonical\" href=\"https:\/\/www.budokampsport.se\/2013\/02\/25\/forsta-avstampet-mot-vm-i-taido\/\" \/>\n<meta property=\"og:locale\" content=\"sv_SE\" \/>\n<meta property=\"og:type\" content=\"article\" \/>\n<meta property=\"og:title\" content=\"F\u00f6rsta avstampet mot VM i taido - Svenska Budo &amp; Kampsportsf\u00f6rbundet\" \/>\n<meta property=\"og:description\" content=\"I helgen arrangerades ett \u00f6ppet landslagsl\u00e4ger i taido i Uddevalla. Det var ett l\u00e4ger d\u00e4r stora delar fokuserades till att testa landslagets fys. F\u00f6rbundskapten Royne Rutstr\u00f6m summerade l\u00e4gret som givande, samtidigt som n\u00e5gra stora h\u00e4ndelser kunde avsl\u00f6jas.\u00a0\u00a0 - Julia Sk\u00e4\u00e4r har valt att l\u00e4gga landslagssatsningen \u00e5t sidan, men samtidigt har Anna Cervin tagit sikte p\u00e5 \u00e4nnu ett VM, s\u00e4ger han till budokampsport.se.\" \/>\n<meta property=\"og:url\" content=\"https:\/\/www.budokampsport.se\/2013\/02\/25\/forsta-avstampet-mot-vm-i-taido\/\" \/>\n<meta property=\"og:site_name\" content=\"Svenska Budo &amp; Kampsportsf\u00f6rbundet\" \/>\n<meta property=\"article:author\" content=\"https:\/\/www.facebook.com\/jonathan.broberg.7\" \/>\n<meta property=\"article:published_time\" content=\"2013-02-25T14:10:53+00:00\" \/>\n<meta property=\"article:modified_time\" content=\"2016-12-06T21:35:38+00:00\" \/>\n<meta name=\"author\" content=\"Jonathan Broberg\" \/>\n<meta name=\"twitter:card\" content=\"summary_large_image\" \/>\n<meta name=\"twitter:label1\" content=\"Skriven av\" \/>\n\t<meta name=\"twitter:data1\" content=\"Jonathan Broberg\" \/>\n\t<meta name=\"twitter:label2\" content=\"Ber\u00e4knad l\u00e4stid\" \/>\n\t<meta name=\"twitter:data2\" content=\"2 minuter\" \/>\n<script type=\"application\/ld+json\" class=\"yoast-schema-graph\">{\"@context\":\"https:\/\/schema.org\",\"@graph\":[{\"@type\":\"Article\",\"@id\":\"https:\/\/www.budokampsport.se\/2013\/02\/25\/forsta-avstampet-mot-vm-i-taido\/#article\",\"isPartOf\":{\"@id\":\"https:\/\/www.budokampsport.se\/2013\/02\/25\/forsta-avstampet-mot-vm-i-taido\/\"},\"author\":{\"name\":\"Jonathan Broberg\",\"@id\":\"https:\/\/www.budokampsport.se\/#\/schema\/person\/5c06d81d14850e2a8ce5493386560145\"},\"headline\":\"F\u00f6rsta avstampet mot VM i taido\",\"datePublished\":\"2013-02-25T14:10:53+00:00\",\"dateModified\":\"2016-12-06T21:35:38+00:00\",\"mainEntityOfPage\":{\"@id\":\"https:\/\/www.budokampsport.se\/2013\/02\/25\/forsta-avstampet-mot-vm-i-taido\/\"},\"wordCount\":430,\"inLanguage\":\"sv-SE\"},{\"@type\":\"WebPage\",\"@id\":\"https:\/\/www.budokampsport.se\/2013\/02\/25\/forsta-avstampet-mot-vm-i-taido\/\",\"url\":\"https:\/\/www.budokampsport.se\/2013\/02\/25\/forsta-avstampet-mot-vm-i-taido\/\",\"name\":\"F\u00f6rsta avstampet mot VM i taido - Svenska Budo &amp; Kampsportsf\u00f6rbundet\",\"isPartOf\":{\"@id\":\"https:\/\/www.budokampsport.se\/#website\"},\"datePublished\":\"2013-02-25T14:10:53+00:00\",\"dateModified\":\"2016-12-06T21:35:38+00:00\",\"author\":{\"@id\":\"https:\/\/www.budokampsport.se\/#\/schema\/person\/5c06d81d14850e2a8ce5493386560145\"},\"description\":\"I helgen arrangerades ett \u00f6ppet landslagsl\u00e4ger i taido i Uddevalla. Det var ett l\u00e4ger d\u00e4r stora delar fokuserades till att testa landslagets fys. F\u00f6rbundskapten Royne Rutstr\u00f6m summerade l\u00e4gret som givande, samtidigt som n\u00e5gra stora h\u00e4ndelser kunde avsl\u00f6jas.\u00a0\u00a0 - Julia Sk\u00e4\u00e4r har valt att l\u00e4gga landslagssatsningen \u00e5t sidan, men samtidigt har Anna Cervin tagit sikte p\u00e5 \u00e4nnu ett VM, s\u00e4ger han till budokampsport.se.\",\"breadcrumb\":{\"@id\":\"https:\/\/www.budokampsport.se\/2013\/02\/25\/forsta-avstampet-mot-vm-i-taido\/#breadcrumb\"},\"inLanguage\":\"sv-SE\",\"potentialAction\":[{\"@type\":\"ReadAction\",\"target\":[\"https:\/\/www.budokampsport.se\/2013\/02\/25\/forsta-avstampet-mot-vm-i-taido\/\"]}]},{\"@type\":\"BreadcrumbList\",\"@id\":\"https:\/\/www.budokampsport.se\/2013\/02\/25\/forsta-avstampet-mot-vm-i-taido\/#breadcrumb\",\"itemListElement\":[{\"@type\":\"ListItem\",\"position\":1,\"name\":\"Hem\",\"item\":\"https:\/\/www.budokampsport.se\/\"},{\"@type\":\"ListItem\",\"position\":2,\"name\":\"F\u00f6rsta avstampet mot VM i taido\"}]},{\"@type\":\"WebSite\",\"@id\":\"https:\/\/www.budokampsport.se\/#website\",\"url\":\"https:\/\/www.budokampsport.se\/\",\"name\":\"Svenska Budo &amp; Kampsportsf\u00f6rbundet\",\"description\":\"T\u00e4vling, Tr\u00e4ning, Tradition\",\"potentialAction\":[{\"@type\":\"SearchAction\",\"target\":{\"@type\":\"EntryPoint\",\"urlTemplate\":\"https:\/\/www.budokampsport.se\/?s={search_term_string}\"},\"query-input\":{\"@type\":\"PropertyValueSpecification\",\"valueRequired\":true,\"valueName\":\"search_term_string\"}}],\"inLanguage\":\"sv-SE\"},{\"@type\":\"Person\",\"@id\":\"https:\/\/www.budokampsport.se\/#\/schema\/person\/5c06d81d14850e2a8ce5493386560145\",\"name\":\"Jonathan Broberg\",\"image\":{\"@type\":\"ImageObject\",\"inLanguage\":\"sv-SE\",\"@id\":\"https:\/\/www.budokampsport.se\/#\/schema\/person\/image\/\",\"url\":\"https:\/\/secure.gravatar.com\/avatar\/a58041c6cea9128bd9c40ee2f26d4136?s=96&d=blank&r=g\",\"contentUrl\":\"https:\/\/secure.gravatar.com\/avatar\/a58041c6cea9128bd9c40ee2f26d4136?s=96&d=blank&r=g\",\"caption\":\"Jonathan Broberg\"},\"sameAs\":[\"https:\/\/www.facebook.com\/jonathan.broberg.7\"],\"url\":\"https:\/\/www.budokampsport.se\/author\/jonathan\/\"}]}<\/script>\n<!-- \/ Yoast SEO plugin. -->","yoast_head_json":{"title":"F\u00f6rsta avstampet mot VM i taido - Svenska Budo &amp; Kampsportsf\u00f6rbundet","description":"I helgen arrangerades ett \u00f6ppet landslagsl\u00e4ger i taido i Uddevalla. Det var ett l\u00e4ger d\u00e4r stora delar fokuserades till att testa landslagets fys. F\u00f6rbundskapten Royne Rutstr\u00f6m summerade l\u00e4gret som givande, samtidigt som n\u00e5gra stora h\u00e4ndelser kunde avsl\u00f6jas.\u00a0\u00a0 - Julia Sk\u00e4\u00e4r har valt att l\u00e4gga landslagssatsningen \u00e5t sidan, men samtidigt har Anna Cervin tagit sikte p\u00e5 \u00e4nnu ett VM, s\u00e4ger han till budokampsport.se.","robots":{"index":"index","follow":"follow","max-snippet":"max-snippet:-1","max-image-preview":"max-image-preview:large","max-video-preview":"max-video-preview:-1"},"canonical":"https:\/\/www.budokampsport.se\/2013\/02\/25\/forsta-avstampet-mot-vm-i-taido\/","og_locale":"sv_SE","og_type":"article","og_title":"F\u00f6rsta avstampet mot VM i taido - Svenska Budo &amp; Kampsportsf\u00f6rbundet","og_description":"I helgen arrangerades ett \u00f6ppet landslagsl\u00e4ger i taido i Uddevalla. Det var ett l\u00e4ger d\u00e4r stora delar fokuserades till att testa landslagets fys. F\u00f6rbundskapten Royne Rutstr\u00f6m summerade l\u00e4gret som givande, samtidigt som n\u00e5gra stora h\u00e4ndelser kunde avsl\u00f6jas.\u00a0\u00a0 - Julia Sk\u00e4\u00e4r har valt att l\u00e4gga landslagssatsningen \u00e5t sidan, men samtidigt har Anna Cervin tagit sikte p\u00e5 \u00e4nnu ett VM, s\u00e4ger han till budokampsport.se.","og_url":"https:\/\/www.budokampsport.se\/2013\/02\/25\/forsta-avstampet-mot-vm-i-taido\/","og_site_name":"Svenska Budo &amp; Kampsportsf\u00f6rbundet","article_author":"https:\/\/www.facebook.com\/jonathan.broberg.7","article_published_time":"2013-02-25T14:10:53+00:00","article_modified_time":"2016-12-06T21:35:38+00:00","author":"Jonathan Broberg","twitter_card":"summary_large_image","twitter_misc":{"Skriven av":"Jonathan Broberg","Ber\u00e4knad l\u00e4stid":"2 minuter"},"schema":{"@context":"https:\/\/schema.org","@graph":[{"@type":"Article","@id":"https:\/\/www.budokampsport.se\/2013\/02\/25\/forsta-avstampet-mot-vm-i-taido\/#article","isPartOf":{"@id":"https:\/\/www.budokampsport.se\/2013\/02\/25\/forsta-avstampet-mot-vm-i-taido\/"},"author":{"name":"Jonathan Broberg","@id":"https:\/\/www.budokampsport.se\/#\/schema\/person\/5c06d81d14850e2a8ce5493386560145"},"headline":"F\u00f6rsta avstampet mot VM i taido","datePublished":"2013-02-25T14:10:53+00:00","dateModified":"2016-12-06T21:35:38+00:00","mainEntityOfPage":{"@id":"https:\/\/www.budokampsport.se\/2013\/02\/25\/forsta-avstampet-mot-vm-i-taido\/"},"wordCount":430,"inLanguage":"sv-SE"},{"@type":"WebPage","@id":"https:\/\/www.budokampsport.se\/2013\/02\/25\/forsta-avstampet-mot-vm-i-taido\/","url":"https:\/\/www.budokampsport.se\/2013\/02\/25\/forsta-avstampet-mot-vm-i-taido\/","name":"F\u00f6rsta avstampet mot VM i taido - Svenska Budo &amp; Kampsportsf\u00f6rbundet","isPartOf":{"@id":"https:\/\/www.budokampsport.se\/#website"},"datePublished":"2013-02-25T14:10:53+00:00","dateModified":"2016-12-06T21:35:38+00:00","author":{"@id":"https:\/\/www.budokampsport.se\/#\/schema\/person\/5c06d81d14850e2a8ce5493386560145"},"description":"I helgen arrangerades ett \u00f6ppet landslagsl\u00e4ger i taido i Uddevalla. Det var ett l\u00e4ger d\u00e4r stora delar fokuserades till att testa landslagets fys. F\u00f6rbundskapten Royne Rutstr\u00f6m summerade l\u00e4gret som givande, samtidigt som n\u00e5gra stora h\u00e4ndelser kunde avsl\u00f6jas.\u00a0\u00a0 - Julia Sk\u00e4\u00e4r har valt att l\u00e4gga landslagssatsningen \u00e5t sidan, men samtidigt har Anna Cervin tagit sikte p\u00e5 \u00e4nnu ett VM, s\u00e4ger han till budokampsport.se.","breadcrumb":{"@id":"https:\/\/www.budokampsport.se\/2013\/02\/25\/forsta-avstampet-mot-vm-i-taido\/#breadcrumb"},"inLanguage":"sv-SE","potentialAction":[{"@type":"ReadAction","target":["https:\/\/www.budokampsport.se\/2013\/02\/25\/forsta-avstampet-mot-vm-i-taido\/"]}]},{"@type":"BreadcrumbList","@id":"https:\/\/www.budokampsport.se\/2013\/02\/25\/forsta-avstampet-mot-vm-i-taido\/#breadcrumb","itemListElement":[{"@type":"ListItem","position":1,"name":"Hem","item":"https:\/\/www.budokampsport.se\/"},{"@type":"ListItem","position":2,"name":"F\u00f6rsta avstampet mot VM i taido"}]},{"@type":"WebSite","@id":"https:\/\/www.budokampsport.se\/#website","url":"https:\/\/www.budokampsport.se\/","name":"Svenska Budo &amp; Kampsportsf\u00f6rbundet","description":"T\u00e4vling, Tr\u00e4ning, Tradition","potentialAction":[{"@type":"SearchAction","target":{"@type":"EntryPoint","urlTemplate":"https:\/\/www.budokampsport.se\/?s={search_term_string}"},"query-input":{"@type":"PropertyValueSpecification","valueRequired":true,"valueName":"search_term_string"}}],"inLanguage":"sv-SE"},{"@type":"Person","@id":"https:\/\/www.budokampsport.se\/#\/schema\/person\/5c06d81d14850e2a8ce5493386560145","name":"Jonathan Broberg","image":{"@type":"ImageObject","inLanguage":"sv-SE","@id":"https:\/\/www.budokampsport.se\/#\/schema\/person\/image\/","url":"https:\/\/secure.gravatar.com\/avatar\/a58041c6cea9128bd9c40ee2f26d4136?s=96&d=blank&r=g","contentUrl":"https:\/\/secure.gravatar.com\/avatar\/a58041c6cea9128bd9c40ee2f26d4136?s=96&d=blank&r=g","caption":"Jonathan Broberg"},"sameAs":["https:\/\/www.facebook.com\/jonathan.broberg.7"],"url":"https:\/\/www.budokampsport.se\/author\/jonathan\/"}]}},"_links":{"self":[{"href":"https:\/\/www.budokampsport.se\/api\/wp\/v2\/posts\/4537","targetHints":{"allow":["GET"]}}],"collection":[{"href":"https:\/\/www.budokampsport.se\/api\/wp\/v2\/posts"}],"about":[{"href":"https:\/\/www.budokampsport.se\/api\/wp\/v2\/types\/post"}],"author":[{"embeddable":true,"href":"https:\/\/www.budokampsport.se\/api\/wp\/v2\/users\/7"}],"replies":[{"embeddable":true,"href":"https:\/\/www.budokampsport.se\/api\/wp\/v2\/comments?post=4537"}],"version-history":[{"count":0,"href":"https:\/\/www.budokampsport.se\/api\/wp\/v2\/posts\/4537\/revisions"}],"wp:attachment":[{"href":"https:\/\/www.budokampsport.se\/api\/wp\/v2\/media?parent=4537"}],"wp:term":[{"taxonomy":"category","embeddable":true,"href":"https:\/\/www.budokampsport.se\/api\/wp\/v2\/categories?post=4537"},{"taxonomy":"post_tag","embeddable":true,"href":"https:\/\/www.budokampsport.se\/api\/wp\/v2\/tags?post=4537"}],"curies":[{"name":"wp","href":"https:\/\/api.w.org\/{rel}","templated":true}]}}