{"id":4540,"date":"2013-02-27T14:44:53","date_gmt":"2013-02-27T13:44:53","guid":{"rendered":"http:\/\/budo.wordpress.dev\/2013\/02\/27\/de-nominerade-till-arets-forebild\/"},"modified":"2016-12-06T22:35:38","modified_gmt":"2016-12-06T21:35:38","slug":"de-nominerade-till-arets-forebild","status":"publish","type":"post","link":"https:\/\/www.budokampsport.se\/2013\/02\/27\/de-nominerade-till-arets-forebild\/","title":{"rendered":"De nominerade till \u00c5rets F\u00f6rebild"},"content":{"rendered":"<p><strong><img decoding=\"async\" style=\"width: 435px; height: 290px;\" alt=\"\" src=\"\/sites\/default\/files\/forebild.jpg\"><br \/> \tNomineringarna till Kampsportsgalan den 23:e mars p\u00e5 Berns i Stockholm \u00e4r sl\u00e4ppta. Under en tid t\u00e4nkte vi presentera idrottarna som \u00e4r nominerade i de olika prisklasserna och ge en liten bakomliggande information om deras respektive framg\u00e5ngar under 2012. Vi forts\u00e4tter med \u00c5rets F\u00f6rebild.<!--break--><\/strong><\/p>\n<p><strong>1) Amir Albazi, submission wrestling<\/strong><br \/> \tDen fortfarande unge Albazi, vann redan \u00e5rets genombrott vid Kampsportsgalan 2010, har haft ett oerh\u00f6rt fint 2012. Han vann b\u00e5de EM- och VM-guld i submission wrestling. Vid sidan om sin egen satsning \u00e4r Albazi h\u00f6gst involverad i ett socialt ungdomsprojekt i Stockholm, kallat Projekt F\u00f6rort. Han \u00e4r s\u00e5ledes en f\u00f6rebild b\u00e5de idrottsligt och utanf\u00f6r tr\u00e4ningslokalerna.<\/p>\n<p><strong>2) Hans Ersson &#038; Margaretha Myhr, submission wrestling<\/strong><br \/> \tTillsammans driver de b\u00e5da en av Sveriges allra fr\u00e4msta kampsportsklubbar, Fightzone Stockholm. Klubben har inte enbart stora idrottsliga framg\u00e5ngar, s\u00e5v\u00e4l nationellt som internationellt \u2013 utan \u00e4r ocks\u00e5 aktiva med olika former av samh\u00e4llsengagemang.\u00a0 Det finns en speciell familj\u00e4r k\u00e4nsla \u00f6ver Fightzone Stockholm och det \u00e4r n\u00e5got Hans Ersson och Margaretha Myhr initierat.<\/p>\n<p><strong>3) Pernilla Johansson, thaiboxning<\/strong><br \/> \t\u00c4r en starkt dedikerad klubbledare som varit v\u00e4ldigt framg\u00e5ngsrik fighter. Johanssons ledarskap pr\u00e4glas s\u00e5 klart utav det, men ocks\u00e5 ett driv f\u00f6r att f\u00f6rs\u00f6ka ge ungdomar i samh\u00e4llet i stort en lite mer meningsfull vardag. Johansson har startat upp projektet \u201dFrysbox\u201d d\u00e4r hon l\u00e5ter ungdomar via Fryshuset komma i kontakt med thaiboxning.<\/p>\n<p><strong>4) Larry Lindwall, thaiboxning<\/strong><br \/> \tLindwall \u00e4r odiskutabelt en av v\u00e5rt lands allra fr\u00e4msta ledare. Rent taktiskt kanske den enskild skickligaste inom svensk thaiboxning. Men Lindwall besitter ocks\u00e5 stora egenskaper i att f\u00e5nga upp individer p\u00e5 glid och via kampsporten som verktyg f\u00f6rs\u00f6ka f\u00e5 dem att v\u00e4xa.<\/p>\n<p>Text: Jonathan Broberg<\/p>\n","protected":false},"excerpt":{"rendered":"<p><strong><img decoding=\"async\" style=\"width: 435px; height: 290px;\" alt=\"\" src=\"\/sites\/default\/files\/forebild.jpg\"><br \/><br>\tNomineringarna till Kampsportsgalan den 23:e mars p\u00e5 Berns i Stockholm \u00e4r sl\u00e4ppta. Under en tid t\u00e4nkte vi presentera idrottarna som \u00e4r nominerade i de olika prisklasserna och ge en liten bakomliggande information om deras respektive framg\u00e5ngar under 2012. Vi forts\u00e4tter med \u00c5rets F\u00f6rebild.<\/p><br>","protected":false},"author":7,"featured_media":0,"comment_status":"closed","ping_status":"closed","sticky":false,"template":"","format":"standard","meta":{"_acf_changed":false,"footnotes":""},"categories":[1],"tags":[],"class_list":["post-4540","post","type-post","status-publish","format-standard","hentry","category-okategoriserade"],"acf":[],"yoast_head":"<!-- This site is optimized with the Yoast SEO plugin v26.8 - https:\/\/yoast.com\/product\/yoast-seo-wordpress\/ -->\n<title>De nominerade till \u00c5rets F\u00f6rebild - Svenska Budo &amp; Kampsportsf\u00f6rbundet<\/title>\n<meta name=\"description\" content=\"Nomineringarna till Kampsportsgalan den 23:e mars p\u00e5 Berns i Stockholm \u00e4r sl\u00e4ppta. Under en tid t\u00e4nkte vi presentera idrottarna som \u00e4r nominerade i de olika prisklasserna och ge en liten bakomliggande information om deras respektive framg\u00e5ngar under 2012. Vi forts\u00e4tter med \u00c5rets F\u00f6rebild.\" \/>\n<meta name=\"robots\" content=\"index, follow, max-snippet:-1, max-image-preview:large, max-video-preview:-1\" \/>\n<link rel=\"canonical\" href=\"https:\/\/www.budokampsport.se\/2013\/02\/27\/de-nominerade-till-arets-forebild\/\" \/>\n<meta property=\"og:locale\" content=\"sv_SE\" \/>\n<meta property=\"og:type\" content=\"article\" \/>\n<meta property=\"og:title\" content=\"De nominerade till \u00c5rets F\u00f6rebild - Svenska Budo &amp; Kampsportsf\u00f6rbundet\" \/>\n<meta property=\"og:description\" content=\"Nomineringarna till Kampsportsgalan den 23:e mars p\u00e5 Berns i Stockholm \u00e4r sl\u00e4ppta. Under en tid t\u00e4nkte vi presentera idrottarna som \u00e4r nominerade i de olika prisklasserna och ge en liten bakomliggande information om deras respektive framg\u00e5ngar under 2012. Vi forts\u00e4tter med \u00c5rets F\u00f6rebild.\" \/>\n<meta property=\"og:url\" content=\"https:\/\/www.budokampsport.se\/2013\/02\/27\/de-nominerade-till-arets-forebild\/\" \/>\n<meta property=\"og:site_name\" content=\"Svenska Budo &amp; Kampsportsf\u00f6rbundet\" \/>\n<meta property=\"article:author\" content=\"https:\/\/www.facebook.com\/jonathan.broberg.7\" \/>\n<meta property=\"article:published_time\" content=\"2013-02-27T13:44:53+00:00\" \/>\n<meta property=\"article:modified_time\" content=\"2016-12-06T21:35:38+00:00\" \/>\n<meta name=\"author\" content=\"Jonathan Broberg\" \/>\n<meta name=\"twitter:card\" content=\"summary_large_image\" \/>\n<meta name=\"twitter:label1\" content=\"Skriven av\" \/>\n\t<meta name=\"twitter:data1\" content=\"Jonathan Broberg\" \/>\n\t<meta name=\"twitter:label2\" content=\"Ber\u00e4knad l\u00e4stid\" \/>\n\t<meta name=\"twitter:data2\" content=\"1 minut\" \/>\n<script type=\"application\/ld+json\" class=\"yoast-schema-graph\">{\"@context\":\"https:\/\/schema.org\",\"@graph\":[{\"@type\":\"Article\",\"@id\":\"https:\/\/www.budokampsport.se\/2013\/02\/27\/de-nominerade-till-arets-forebild\/#article\",\"isPartOf\":{\"@id\":\"https:\/\/www.budokampsport.se\/2013\/02\/27\/de-nominerade-till-arets-forebild\/\"},\"author\":{\"name\":\"Jonathan Broberg\",\"@id\":\"https:\/\/www.budokampsport.se\/#\/schema\/person\/5c06d81d14850e2a8ce5493386560145\"},\"headline\":\"De nominerade till \u00c5rets F\u00f6rebild\",\"datePublished\":\"2013-02-27T13:44:53+00:00\",\"dateModified\":\"2016-12-06T21:35:38+00:00\",\"mainEntityOfPage\":{\"@id\":\"https:\/\/www.budokampsport.se\/2013\/02\/27\/de-nominerade-till-arets-forebild\/\"},\"wordCount\":303,\"inLanguage\":\"sv-SE\"},{\"@type\":\"WebPage\",\"@id\":\"https:\/\/www.budokampsport.se\/2013\/02\/27\/de-nominerade-till-arets-forebild\/\",\"url\":\"https:\/\/www.budokampsport.se\/2013\/02\/27\/de-nominerade-till-arets-forebild\/\",\"name\":\"De nominerade till \u00c5rets F\u00f6rebild - Svenska Budo &amp; Kampsportsf\u00f6rbundet\",\"isPartOf\":{\"@id\":\"https:\/\/www.budokampsport.se\/#website\"},\"datePublished\":\"2013-02-27T13:44:53+00:00\",\"dateModified\":\"2016-12-06T21:35:38+00:00\",\"author\":{\"@id\":\"https:\/\/www.budokampsport.se\/#\/schema\/person\/5c06d81d14850e2a8ce5493386560145\"},\"description\":\"Nomineringarna till Kampsportsgalan den 23:e mars p\u00e5 Berns i Stockholm \u00e4r sl\u00e4ppta. Under en tid t\u00e4nkte vi presentera idrottarna som \u00e4r nominerade i de olika prisklasserna och ge en liten bakomliggande information om deras respektive framg\u00e5ngar under 2012. Vi forts\u00e4tter med \u00c5rets F\u00f6rebild.\",\"breadcrumb\":{\"@id\":\"https:\/\/www.budokampsport.se\/2013\/02\/27\/de-nominerade-till-arets-forebild\/#breadcrumb\"},\"inLanguage\":\"sv-SE\",\"potentialAction\":[{\"@type\":\"ReadAction\",\"target\":[\"https:\/\/www.budokampsport.se\/2013\/02\/27\/de-nominerade-till-arets-forebild\/\"]}]},{\"@type\":\"BreadcrumbList\",\"@id\":\"https:\/\/www.budokampsport.se\/2013\/02\/27\/de-nominerade-till-arets-forebild\/#breadcrumb\",\"itemListElement\":[{\"@type\":\"ListItem\",\"position\":1,\"name\":\"Hem\",\"item\":\"https:\/\/www.budokampsport.se\/\"},{\"@type\":\"ListItem\",\"position\":2,\"name\":\"De nominerade till \u00c5rets F\u00f6rebild\"}]},{\"@type\":\"WebSite\",\"@id\":\"https:\/\/www.budokampsport.se\/#website\",\"url\":\"https:\/\/www.budokampsport.se\/\",\"name\":\"Svenska Budo &amp; Kampsportsf\u00f6rbundet\",\"description\":\"T\u00e4vling, Tr\u00e4ning, Tradition\",\"potentialAction\":[{\"@type\":\"SearchAction\",\"target\":{\"@type\":\"EntryPoint\",\"urlTemplate\":\"https:\/\/www.budokampsport.se\/?s={search_term_string}\"},\"query-input\":{\"@type\":\"PropertyValueSpecification\",\"valueRequired\":true,\"valueName\":\"search_term_string\"}}],\"inLanguage\":\"sv-SE\"},{\"@type\":\"Person\",\"@id\":\"https:\/\/www.budokampsport.se\/#\/schema\/person\/5c06d81d14850e2a8ce5493386560145\",\"name\":\"Jonathan Broberg\",\"image\":{\"@type\":\"ImageObject\",\"inLanguage\":\"sv-SE\",\"@id\":\"https:\/\/www.budokampsport.se\/#\/schema\/person\/image\/\",\"url\":\"https:\/\/secure.gravatar.com\/avatar\/a58041c6cea9128bd9c40ee2f26d4136?s=96&d=blank&r=g\",\"contentUrl\":\"https:\/\/secure.gravatar.com\/avatar\/a58041c6cea9128bd9c40ee2f26d4136?s=96&d=blank&r=g\",\"caption\":\"Jonathan Broberg\"},\"sameAs\":[\"https:\/\/www.facebook.com\/jonathan.broberg.7\"],\"url\":\"https:\/\/www.budokampsport.se\/author\/jonathan\/\"}]}<\/script>\n<!-- \/ Yoast SEO plugin. -->","yoast_head_json":{"title":"De nominerade till \u00c5rets F\u00f6rebild - Svenska Budo &amp; Kampsportsf\u00f6rbundet","description":"Nomineringarna till Kampsportsgalan den 23:e mars p\u00e5 Berns i Stockholm \u00e4r sl\u00e4ppta. Under en tid t\u00e4nkte vi presentera idrottarna som \u00e4r nominerade i de olika prisklasserna och ge en liten bakomliggande information om deras respektive framg\u00e5ngar under 2012. Vi forts\u00e4tter med \u00c5rets F\u00f6rebild.","robots":{"index":"index","follow":"follow","max-snippet":"max-snippet:-1","max-image-preview":"max-image-preview:large","max-video-preview":"max-video-preview:-1"},"canonical":"https:\/\/www.budokampsport.se\/2013\/02\/27\/de-nominerade-till-arets-forebild\/","og_locale":"sv_SE","og_type":"article","og_title":"De nominerade till \u00c5rets F\u00f6rebild - Svenska Budo &amp; Kampsportsf\u00f6rbundet","og_description":"Nomineringarna till Kampsportsgalan den 23:e mars p\u00e5 Berns i Stockholm \u00e4r sl\u00e4ppta. Under en tid t\u00e4nkte vi presentera idrottarna som \u00e4r nominerade i de olika prisklasserna och ge en liten bakomliggande information om deras respektive framg\u00e5ngar under 2012. Vi forts\u00e4tter med \u00c5rets F\u00f6rebild.","og_url":"https:\/\/www.budokampsport.se\/2013\/02\/27\/de-nominerade-till-arets-forebild\/","og_site_name":"Svenska Budo &amp; Kampsportsf\u00f6rbundet","article_author":"https:\/\/www.facebook.com\/jonathan.broberg.7","article_published_time":"2013-02-27T13:44:53+00:00","article_modified_time":"2016-12-06T21:35:38+00:00","author":"Jonathan Broberg","twitter_card":"summary_large_image","twitter_misc":{"Skriven av":"Jonathan Broberg","Ber\u00e4knad l\u00e4stid":"1 minut"},"schema":{"@context":"https:\/\/schema.org","@graph":[{"@type":"Article","@id":"https:\/\/www.budokampsport.se\/2013\/02\/27\/de-nominerade-till-arets-forebild\/#article","isPartOf":{"@id":"https:\/\/www.budokampsport.se\/2013\/02\/27\/de-nominerade-till-arets-forebild\/"},"author":{"name":"Jonathan Broberg","@id":"https:\/\/www.budokampsport.se\/#\/schema\/person\/5c06d81d14850e2a8ce5493386560145"},"headline":"De nominerade till \u00c5rets F\u00f6rebild","datePublished":"2013-02-27T13:44:53+00:00","dateModified":"2016-12-06T21:35:38+00:00","mainEntityOfPage":{"@id":"https:\/\/www.budokampsport.se\/2013\/02\/27\/de-nominerade-till-arets-forebild\/"},"wordCount":303,"inLanguage":"sv-SE"},{"@type":"WebPage","@id":"https:\/\/www.budokampsport.se\/2013\/02\/27\/de-nominerade-till-arets-forebild\/","url":"https:\/\/www.budokampsport.se\/2013\/02\/27\/de-nominerade-till-arets-forebild\/","name":"De nominerade till \u00c5rets F\u00f6rebild - Svenska Budo &amp; Kampsportsf\u00f6rbundet","isPartOf":{"@id":"https:\/\/www.budokampsport.se\/#website"},"datePublished":"2013-02-27T13:44:53+00:00","dateModified":"2016-12-06T21:35:38+00:00","author":{"@id":"https:\/\/www.budokampsport.se\/#\/schema\/person\/5c06d81d14850e2a8ce5493386560145"},"description":"Nomineringarna till Kampsportsgalan den 23:e mars p\u00e5 Berns i Stockholm \u00e4r sl\u00e4ppta. Under en tid t\u00e4nkte vi presentera idrottarna som \u00e4r nominerade i de olika prisklasserna och ge en liten bakomliggande information om deras respektive framg\u00e5ngar under 2012. Vi forts\u00e4tter med \u00c5rets F\u00f6rebild.","breadcrumb":{"@id":"https:\/\/www.budokampsport.se\/2013\/02\/27\/de-nominerade-till-arets-forebild\/#breadcrumb"},"inLanguage":"sv-SE","potentialAction":[{"@type":"ReadAction","target":["https:\/\/www.budokampsport.se\/2013\/02\/27\/de-nominerade-till-arets-forebild\/"]}]},{"@type":"BreadcrumbList","@id":"https:\/\/www.budokampsport.se\/2013\/02\/27\/de-nominerade-till-arets-forebild\/#breadcrumb","itemListElement":[{"@type":"ListItem","position":1,"name":"Hem","item":"https:\/\/www.budokampsport.se\/"},{"@type":"ListItem","position":2,"name":"De nominerade till \u00c5rets F\u00f6rebild"}]},{"@type":"WebSite","@id":"https:\/\/www.budokampsport.se\/#website","url":"https:\/\/www.budokampsport.se\/","name":"Svenska Budo &amp; Kampsportsf\u00f6rbundet","description":"T\u00e4vling, Tr\u00e4ning, Tradition","potentialAction":[{"@type":"SearchAction","target":{"@type":"EntryPoint","urlTemplate":"https:\/\/www.budokampsport.se\/?s={search_term_string}"},"query-input":{"@type":"PropertyValueSpecification","valueRequired":true,"valueName":"search_term_string"}}],"inLanguage":"sv-SE"},{"@type":"Person","@id":"https:\/\/www.budokampsport.se\/#\/schema\/person\/5c06d81d14850e2a8ce5493386560145","name":"Jonathan Broberg","image":{"@type":"ImageObject","inLanguage":"sv-SE","@id":"https:\/\/www.budokampsport.se\/#\/schema\/person\/image\/","url":"https:\/\/secure.gravatar.com\/avatar\/a58041c6cea9128bd9c40ee2f26d4136?s=96&d=blank&r=g","contentUrl":"https:\/\/secure.gravatar.com\/avatar\/a58041c6cea9128bd9c40ee2f26d4136?s=96&d=blank&r=g","caption":"Jonathan Broberg"},"sameAs":["https:\/\/www.facebook.com\/jonathan.broberg.7"],"url":"https:\/\/www.budokampsport.se\/author\/jonathan\/"}]}},"_links":{"self":[{"href":"https:\/\/www.budokampsport.se\/api\/wp\/v2\/posts\/4540","targetHints":{"allow":["GET"]}}],"collection":[{"href":"https:\/\/www.budokampsport.se\/api\/wp\/v2\/posts"}],"about":[{"href":"https:\/\/www.budokampsport.se\/api\/wp\/v2\/types\/post"}],"author":[{"embeddable":true,"href":"https:\/\/www.budokampsport.se\/api\/wp\/v2\/users\/7"}],"replies":[{"embeddable":true,"href":"https:\/\/www.budokampsport.se\/api\/wp\/v2\/comments?post=4540"}],"version-history":[{"count":0,"href":"https:\/\/www.budokampsport.se\/api\/wp\/v2\/posts\/4540\/revisions"}],"wp:attachment":[{"href":"https:\/\/www.budokampsport.se\/api\/wp\/v2\/media?parent=4540"}],"wp:term":[{"taxonomy":"category","embeddable":true,"href":"https:\/\/www.budokampsport.se\/api\/wp\/v2\/categories?post=4540"},{"taxonomy":"post_tag","embeddable":true,"href":"https:\/\/www.budokampsport.se\/api\/wp\/v2\/tags?post=4540"}],"curies":[{"name":"wp","href":"https:\/\/api.w.org\/{rel}","templated":true}]}}