{"id":4552,"date":"2013-03-07T10:50:51","date_gmt":"2013-03-07T09:50:51","guid":{"rendered":"http:\/\/budo.wordpress.dev\/2013\/03\/07\/svenska-budo-kampsportsforbundets-verksamhetsberattelse-2012\/"},"modified":"2016-12-06T22:35:41","modified_gmt":"2016-12-06T21:35:41","slug":"svenska-budo-kampsportsforbundets-verksamhetsberattelse-2012","status":"publish","type":"post","link":"https:\/\/www.budokampsport.se\/2013\/03\/07\/svenska-budo-kampsportsforbundets-verksamhetsberattelse-2012\/","title":{"rendered":"Svenska Budo &#038; Kampsportsf\u00f6rbundets verksamhetsber\u00e4ttelse 2012"},"content":{"rendered":"<p><strong><img decoding=\"async\" style=\"width: 175px; height: 248px; float: right;\" alt=\"\" src=\"\/sites\/default\/files\/verksamhet2012-omslag-fram.jpg\">Svenska Budo &#038; Kampsportsf\u00f6rbundets verksamhetsber\u00e4ttelse f\u00f6r 2012 \u00e4r sammanst\u00e4lld. Den finns att ladda ner som pdf, men kommer att tryckas som bok \u00e4ven i \u00e5r. Boken kommer att finnas tillhanda vid \u00e5rsst\u00e4mman den 23:e mars p\u00e5 World Trade Center i Stockholm.<a href=\"http:\/\/budokampsport.se.\/sites\/default\/files\/verksamhet2012-webb.pdf\"> H\u00e4r laddar du hem SB&#038;K:s verksamhetsber\u00e4ttelse 2012.<\/a><\/strong><\/p>\n<p> \tAlla doument kopplade till \u00e5rsm\u00f6tet kommer att finnas under fliken &#8220;\u00c5rsm\u00f6teshandlingar&#8221; under &#8220;F\u00f6r klubbledare&#8221;, <a href=\"http:\/\/budokampsport.se.\/%C3%A5rsm%C3%B6teshandlingar\">det vill s\u00e4ga h\u00e4r.<\/a><br \/> \t<strong> <!--break--><\/strong><\/p>\n","protected":false},"excerpt":{"rendered":"<p><strong><img decoding=\"async\" style=\"width: 175px; height: 248px; float: right;\" alt=\"\" src=\"\/sites\/default\/files\/verksamhet2012-omslag-fram.jpg\">Svenska Budo &#038; Kampsportsf\u00f6rbundets verksamhetsber\u00e4ttelse f\u00f6r 2012 \u00e4r sammanst\u00e4lld. Den finns att ladda ner som pdf, men kommer att tryckas som bok \u00e4ven i \u00e5r. Boken kommer att finnas tillhanda vid \u00e5rsst\u00e4mman den 23:e mars p\u00e5 World Trade Center i Stockholm.<a href=\"http:\/\/budokampsport.se.\/sites\/default\/files\/verksamhet2012-webb.pdf\"> H\u00e4r laddar du hem SB&#038;K:s verksamhetsber\u00e4ttelse 2012.<\/a><\/strong><\/p><br><p><br>\tAlla doument kopplade till \u00e5rsm\u00f6tet kommer att finnas under fliken &#8220;\u00c5rsm\u00f6teshandlingar&#8221; under &#8220;F\u00f6r klubbledare&#8221;, <a href=\"http:\/\/budokampsport.se.\/%C3%A5rsm%C3%B6teshandlingar\">det vill s\u00e4ga h\u00e4r.<\/a><br \/><br>\t<strong><\/p><br>","protected":false},"author":7,"featured_media":0,"comment_status":"closed","ping_status":"closed","sticky":false,"template":"","format":"standard","meta":{"_acf_changed":false,"footnotes":""},"categories":[1],"tags":[],"class_list":["post-4552","post","type-post","status-publish","format-standard","hentry","category-okategoriserade"],"acf":[],"yoast_head":"<!-- This site is optimized with the Yoast SEO plugin v26.8 - https:\/\/yoast.com\/product\/yoast-seo-wordpress\/ -->\n<title>Svenska Budo &amp; Kampsportsf\u00f6rbundets verksamhetsber\u00e4ttelse 2012 - Svenska Budo &amp; Kampsportsf\u00f6rbundet<\/title>\n<meta name=\"description\" content=\"Svenska Budo &amp; Kampsportsf\u00f6rbundets verksamhetsber\u00e4ttelse f\u00f6r 2012 \u00e4r sammanst\u00e4lld. Den finns att ladda ner som pdf, men kommer att tryckas som bok \u00e4ven i \u00e5r. Boken kommer att finnas tillhanda vid \u00e5rsst\u00e4mman den 23:e mars p\u00e5 World Trade Center i Stockholm. H\u00e4r laddar du hem SB&amp;K:s verksamhetsber\u00e4ttelse 2012.  Alla doument kopplade till \u00e5rsm\u00f6tet kommer att finnas under fliken &quot;\u00c5rsm\u00f6teshandlingar&quot; under &quot;F\u00f6r klubbledare&quot;, det vill s\u00e4ga h\u00e4r.\" \/>\n<meta name=\"robots\" content=\"index, follow, max-snippet:-1, max-image-preview:large, max-video-preview:-1\" \/>\n<link rel=\"canonical\" href=\"https:\/\/www.budokampsport.se\/2013\/03\/07\/svenska-budo-kampsportsforbundets-verksamhetsberattelse-2012\/\" \/>\n<meta property=\"og:locale\" content=\"sv_SE\" \/>\n<meta property=\"og:type\" content=\"article\" \/>\n<meta property=\"og:title\" content=\"Svenska Budo &amp; Kampsportsf\u00f6rbundets verksamhetsber\u00e4ttelse 2012 - Svenska Budo &amp; Kampsportsf\u00f6rbundet\" \/>\n<meta property=\"og:description\" content=\"Svenska Budo &amp; Kampsportsf\u00f6rbundets verksamhetsber\u00e4ttelse f\u00f6r 2012 \u00e4r sammanst\u00e4lld. Den finns att ladda ner som pdf, men kommer att tryckas som bok \u00e4ven i \u00e5r. Boken kommer att finnas tillhanda vid \u00e5rsst\u00e4mman den 23:e mars p\u00e5 World Trade Center i Stockholm. H\u00e4r laddar du hem SB&amp;K:s verksamhetsber\u00e4ttelse 2012.  Alla doument kopplade till \u00e5rsm\u00f6tet kommer att finnas under fliken &quot;\u00c5rsm\u00f6teshandlingar&quot; under &quot;F\u00f6r klubbledare&quot;, det vill s\u00e4ga h\u00e4r.\" \/>\n<meta property=\"og:url\" content=\"https:\/\/www.budokampsport.se\/2013\/03\/07\/svenska-budo-kampsportsforbundets-verksamhetsberattelse-2012\/\" \/>\n<meta property=\"og:site_name\" content=\"Svenska Budo &amp; Kampsportsf\u00f6rbundet\" \/>\n<meta property=\"article:author\" content=\"https:\/\/www.facebook.com\/jonathan.broberg.7\" \/>\n<meta property=\"article:published_time\" content=\"2013-03-07T09:50:51+00:00\" \/>\n<meta property=\"article:modified_time\" content=\"2016-12-06T21:35:41+00:00\" \/>\n<meta name=\"author\" content=\"Jonathan Broberg\" \/>\n<meta name=\"twitter:card\" content=\"summary_large_image\" \/>\n<meta name=\"twitter:label1\" content=\"Skriven av\" \/>\n\t<meta name=\"twitter:data1\" content=\"Jonathan Broberg\" \/>\n<script type=\"application\/ld+json\" class=\"yoast-schema-graph\">{\"@context\":\"https:\/\/schema.org\",\"@graph\":[{\"@type\":\"Article\",\"@id\":\"https:\/\/www.budokampsport.se\/2013\/03\/07\/svenska-budo-kampsportsforbundets-verksamhetsberattelse-2012\/#article\",\"isPartOf\":{\"@id\":\"https:\/\/www.budokampsport.se\/2013\/03\/07\/svenska-budo-kampsportsforbundets-verksamhetsberattelse-2012\/\"},\"author\":{\"name\":\"Jonathan Broberg\",\"@id\":\"https:\/\/www.budokampsport.se\/#\/schema\/person\/5c06d81d14850e2a8ce5493386560145\"},\"headline\":\"Svenska Budo &#038; Kampsportsf\u00f6rbundets verksamhetsber\u00e4ttelse 2012\",\"datePublished\":\"2013-03-07T09:50:51+00:00\",\"dateModified\":\"2016-12-06T21:35:41+00:00\",\"mainEntityOfPage\":{\"@id\":\"https:\/\/www.budokampsport.se\/2013\/03\/07\/svenska-budo-kampsportsforbundets-verksamhetsberattelse-2012\/\"},\"wordCount\":83,\"inLanguage\":\"sv-SE\"},{\"@type\":\"WebPage\",\"@id\":\"https:\/\/www.budokampsport.se\/2013\/03\/07\/svenska-budo-kampsportsforbundets-verksamhetsberattelse-2012\/\",\"url\":\"https:\/\/www.budokampsport.se\/2013\/03\/07\/svenska-budo-kampsportsforbundets-verksamhetsberattelse-2012\/\",\"name\":\"Svenska Budo & Kampsportsf\u00f6rbundets verksamhetsber\u00e4ttelse 2012 - Svenska Budo &amp; Kampsportsf\u00f6rbundet\",\"isPartOf\":{\"@id\":\"https:\/\/www.budokampsport.se\/#website\"},\"datePublished\":\"2013-03-07T09:50:51+00:00\",\"dateModified\":\"2016-12-06T21:35:41+00:00\",\"author\":{\"@id\":\"https:\/\/www.budokampsport.se\/#\/schema\/person\/5c06d81d14850e2a8ce5493386560145\"},\"description\":\"Svenska Budo & Kampsportsf\u00f6rbundets verksamhetsber\u00e4ttelse f\u00f6r 2012 \u00e4r sammanst\u00e4lld. Den finns att ladda ner som pdf, men kommer att tryckas som bok \u00e4ven i \u00e5r. Boken kommer att finnas tillhanda vid \u00e5rsst\u00e4mman den 23:e mars p\u00e5 World Trade Center i Stockholm. H\u00e4r laddar du hem SB&K:s verksamhetsber\u00e4ttelse 2012. Alla doument kopplade till \u00e5rsm\u00f6tet kommer att finnas under fliken \\\"\u00c5rsm\u00f6teshandlingar\\\" under \\\"F\u00f6r klubbledare\\\", det vill s\u00e4ga h\u00e4r.\",\"breadcrumb\":{\"@id\":\"https:\/\/www.budokampsport.se\/2013\/03\/07\/svenska-budo-kampsportsforbundets-verksamhetsberattelse-2012\/#breadcrumb\"},\"inLanguage\":\"sv-SE\",\"potentialAction\":[{\"@type\":\"ReadAction\",\"target\":[\"https:\/\/www.budokampsport.se\/2013\/03\/07\/svenska-budo-kampsportsforbundets-verksamhetsberattelse-2012\/\"]}]},{\"@type\":\"BreadcrumbList\",\"@id\":\"https:\/\/www.budokampsport.se\/2013\/03\/07\/svenska-budo-kampsportsforbundets-verksamhetsberattelse-2012\/#breadcrumb\",\"itemListElement\":[{\"@type\":\"ListItem\",\"position\":1,\"name\":\"Hem\",\"item\":\"https:\/\/www.budokampsport.se\/\"},{\"@type\":\"ListItem\",\"position\":2,\"name\":\"Svenska Budo &#038; Kampsportsf\u00f6rbundets verksamhetsber\u00e4ttelse 2012\"}]},{\"@type\":\"WebSite\",\"@id\":\"https:\/\/www.budokampsport.se\/#website\",\"url\":\"https:\/\/www.budokampsport.se\/\",\"name\":\"Svenska Budo &amp; Kampsportsf\u00f6rbundet\",\"description\":\"T\u00e4vling, Tr\u00e4ning, Tradition\",\"potentialAction\":[{\"@type\":\"SearchAction\",\"target\":{\"@type\":\"EntryPoint\",\"urlTemplate\":\"https:\/\/www.budokampsport.se\/?s={search_term_string}\"},\"query-input\":{\"@type\":\"PropertyValueSpecification\",\"valueRequired\":true,\"valueName\":\"search_term_string\"}}],\"inLanguage\":\"sv-SE\"},{\"@type\":\"Person\",\"@id\":\"https:\/\/www.budokampsport.se\/#\/schema\/person\/5c06d81d14850e2a8ce5493386560145\",\"name\":\"Jonathan Broberg\",\"image\":{\"@type\":\"ImageObject\",\"inLanguage\":\"sv-SE\",\"@id\":\"https:\/\/www.budokampsport.se\/#\/schema\/person\/image\/\",\"url\":\"https:\/\/secure.gravatar.com\/avatar\/a58041c6cea9128bd9c40ee2f26d4136?s=96&d=blank&r=g\",\"contentUrl\":\"https:\/\/secure.gravatar.com\/avatar\/a58041c6cea9128bd9c40ee2f26d4136?s=96&d=blank&r=g\",\"caption\":\"Jonathan Broberg\"},\"sameAs\":[\"https:\/\/www.facebook.com\/jonathan.broberg.7\"],\"url\":\"https:\/\/www.budokampsport.se\/author\/jonathan\/\"}]}<\/script>\n<!-- \/ Yoast SEO plugin. -->","yoast_head_json":{"title":"Svenska Budo & Kampsportsf\u00f6rbundets verksamhetsber\u00e4ttelse 2012 - Svenska Budo &amp; Kampsportsf\u00f6rbundet","description":"Svenska Budo & Kampsportsf\u00f6rbundets verksamhetsber\u00e4ttelse f\u00f6r 2012 \u00e4r sammanst\u00e4lld. Den finns att ladda ner som pdf, men kommer att tryckas som bok \u00e4ven i \u00e5r. Boken kommer att finnas tillhanda vid \u00e5rsst\u00e4mman den 23:e mars p\u00e5 World Trade Center i Stockholm. H\u00e4r laddar du hem SB&K:s verksamhetsber\u00e4ttelse 2012.  Alla doument kopplade till \u00e5rsm\u00f6tet kommer att finnas under fliken \"\u00c5rsm\u00f6teshandlingar\" under \"F\u00f6r klubbledare\", det vill s\u00e4ga h\u00e4r.","robots":{"index":"index","follow":"follow","max-snippet":"max-snippet:-1","max-image-preview":"max-image-preview:large","max-video-preview":"max-video-preview:-1"},"canonical":"https:\/\/www.budokampsport.se\/2013\/03\/07\/svenska-budo-kampsportsforbundets-verksamhetsberattelse-2012\/","og_locale":"sv_SE","og_type":"article","og_title":"Svenska Budo & Kampsportsf\u00f6rbundets verksamhetsber\u00e4ttelse 2012 - Svenska Budo &amp; Kampsportsf\u00f6rbundet","og_description":"Svenska Budo & Kampsportsf\u00f6rbundets verksamhetsber\u00e4ttelse f\u00f6r 2012 \u00e4r sammanst\u00e4lld. Den finns att ladda ner som pdf, men kommer att tryckas som bok \u00e4ven i \u00e5r. Boken kommer att finnas tillhanda vid \u00e5rsst\u00e4mman den 23:e mars p\u00e5 World Trade Center i Stockholm. H\u00e4r laddar du hem SB&K:s verksamhetsber\u00e4ttelse 2012.  Alla doument kopplade till \u00e5rsm\u00f6tet kommer att finnas under fliken \"\u00c5rsm\u00f6teshandlingar\" under \"F\u00f6r klubbledare\", det vill s\u00e4ga h\u00e4r.","og_url":"https:\/\/www.budokampsport.se\/2013\/03\/07\/svenska-budo-kampsportsforbundets-verksamhetsberattelse-2012\/","og_site_name":"Svenska Budo &amp; Kampsportsf\u00f6rbundet","article_author":"https:\/\/www.facebook.com\/jonathan.broberg.7","article_published_time":"2013-03-07T09:50:51+00:00","article_modified_time":"2016-12-06T21:35:41+00:00","author":"Jonathan Broberg","twitter_card":"summary_large_image","twitter_misc":{"Skriven av":"Jonathan Broberg"},"schema":{"@context":"https:\/\/schema.org","@graph":[{"@type":"Article","@id":"https:\/\/www.budokampsport.se\/2013\/03\/07\/svenska-budo-kampsportsforbundets-verksamhetsberattelse-2012\/#article","isPartOf":{"@id":"https:\/\/www.budokampsport.se\/2013\/03\/07\/svenska-budo-kampsportsforbundets-verksamhetsberattelse-2012\/"},"author":{"name":"Jonathan Broberg","@id":"https:\/\/www.budokampsport.se\/#\/schema\/person\/5c06d81d14850e2a8ce5493386560145"},"headline":"Svenska Budo &#038; Kampsportsf\u00f6rbundets verksamhetsber\u00e4ttelse 2012","datePublished":"2013-03-07T09:50:51+00:00","dateModified":"2016-12-06T21:35:41+00:00","mainEntityOfPage":{"@id":"https:\/\/www.budokampsport.se\/2013\/03\/07\/svenska-budo-kampsportsforbundets-verksamhetsberattelse-2012\/"},"wordCount":83,"inLanguage":"sv-SE"},{"@type":"WebPage","@id":"https:\/\/www.budokampsport.se\/2013\/03\/07\/svenska-budo-kampsportsforbundets-verksamhetsberattelse-2012\/","url":"https:\/\/www.budokampsport.se\/2013\/03\/07\/svenska-budo-kampsportsforbundets-verksamhetsberattelse-2012\/","name":"Svenska Budo & Kampsportsf\u00f6rbundets verksamhetsber\u00e4ttelse 2012 - Svenska Budo &amp; Kampsportsf\u00f6rbundet","isPartOf":{"@id":"https:\/\/www.budokampsport.se\/#website"},"datePublished":"2013-03-07T09:50:51+00:00","dateModified":"2016-12-06T21:35:41+00:00","author":{"@id":"https:\/\/www.budokampsport.se\/#\/schema\/person\/5c06d81d14850e2a8ce5493386560145"},"description":"Svenska Budo & Kampsportsf\u00f6rbundets verksamhetsber\u00e4ttelse f\u00f6r 2012 \u00e4r sammanst\u00e4lld. Den finns att ladda ner som pdf, men kommer att tryckas som bok \u00e4ven i \u00e5r. Boken kommer att finnas tillhanda vid \u00e5rsst\u00e4mman den 23:e mars p\u00e5 World Trade Center i Stockholm. H\u00e4r laddar du hem SB&K:s verksamhetsber\u00e4ttelse 2012. Alla doument kopplade till \u00e5rsm\u00f6tet kommer att finnas under fliken \"\u00c5rsm\u00f6teshandlingar\" under \"F\u00f6r klubbledare\", det vill s\u00e4ga h\u00e4r.","breadcrumb":{"@id":"https:\/\/www.budokampsport.se\/2013\/03\/07\/svenska-budo-kampsportsforbundets-verksamhetsberattelse-2012\/#breadcrumb"},"inLanguage":"sv-SE","potentialAction":[{"@type":"ReadAction","target":["https:\/\/www.budokampsport.se\/2013\/03\/07\/svenska-budo-kampsportsforbundets-verksamhetsberattelse-2012\/"]}]},{"@type":"BreadcrumbList","@id":"https:\/\/www.budokampsport.se\/2013\/03\/07\/svenska-budo-kampsportsforbundets-verksamhetsberattelse-2012\/#breadcrumb","itemListElement":[{"@type":"ListItem","position":1,"name":"Hem","item":"https:\/\/www.budokampsport.se\/"},{"@type":"ListItem","position":2,"name":"Svenska Budo &#038; Kampsportsf\u00f6rbundets verksamhetsber\u00e4ttelse 2012"}]},{"@type":"WebSite","@id":"https:\/\/www.budokampsport.se\/#website","url":"https:\/\/www.budokampsport.se\/","name":"Svenska Budo &amp; Kampsportsf\u00f6rbundet","description":"T\u00e4vling, Tr\u00e4ning, Tradition","potentialAction":[{"@type":"SearchAction","target":{"@type":"EntryPoint","urlTemplate":"https:\/\/www.budokampsport.se\/?s={search_term_string}"},"query-input":{"@type":"PropertyValueSpecification","valueRequired":true,"valueName":"search_term_string"}}],"inLanguage":"sv-SE"},{"@type":"Person","@id":"https:\/\/www.budokampsport.se\/#\/schema\/person\/5c06d81d14850e2a8ce5493386560145","name":"Jonathan Broberg","image":{"@type":"ImageObject","inLanguage":"sv-SE","@id":"https:\/\/www.budokampsport.se\/#\/schema\/person\/image\/","url":"https:\/\/secure.gravatar.com\/avatar\/a58041c6cea9128bd9c40ee2f26d4136?s=96&d=blank&r=g","contentUrl":"https:\/\/secure.gravatar.com\/avatar\/a58041c6cea9128bd9c40ee2f26d4136?s=96&d=blank&r=g","caption":"Jonathan Broberg"},"sameAs":["https:\/\/www.facebook.com\/jonathan.broberg.7"],"url":"https:\/\/www.budokampsport.se\/author\/jonathan\/"}]}},"_links":{"self":[{"href":"https:\/\/www.budokampsport.se\/api\/wp\/v2\/posts\/4552","targetHints":{"allow":["GET"]}}],"collection":[{"href":"https:\/\/www.budokampsport.se\/api\/wp\/v2\/posts"}],"about":[{"href":"https:\/\/www.budokampsport.se\/api\/wp\/v2\/types\/post"}],"author":[{"embeddable":true,"href":"https:\/\/www.budokampsport.se\/api\/wp\/v2\/users\/7"}],"replies":[{"embeddable":true,"href":"https:\/\/www.budokampsport.se\/api\/wp\/v2\/comments?post=4552"}],"version-history":[{"count":0,"href":"https:\/\/www.budokampsport.se\/api\/wp\/v2\/posts\/4552\/revisions"}],"wp:attachment":[{"href":"https:\/\/www.budokampsport.se\/api\/wp\/v2\/media?parent=4552"}],"wp:term":[{"taxonomy":"category","embeddable":true,"href":"https:\/\/www.budokampsport.se\/api\/wp\/v2\/categories?post=4552"},{"taxonomy":"post_tag","embeddable":true,"href":"https:\/\/www.budokampsport.se\/api\/wp\/v2\/tags?post=4552"}],"curies":[{"name":"wp","href":"https:\/\/api.w.org\/{rel}","templated":true}]}}