{"id":45544,"date":"2017-05-16T16:41:31","date_gmt":"2017-05-16T14:41:31","guid":{"rendered":"http:\/\/www.budokampsport.se\/?p=45544"},"modified":"2017-05-16T16:41:31","modified_gmt":"2017-05-16T14:41:31","slug":"min-absolut-storsta-utmaning-livet","status":"publish","type":"post","link":"https:\/\/www.budokampsport.se\/2017\/05\/16\/min-absolut-storsta-utmaning-livet\/","title":{"rendered":"\u201dMin absolut st\u00f6rsta utmaning i livet\u201d"},"content":{"rendered":"","protected":false},"excerpt":{"rendered":"<p>Oliver Enkamp \u00e4r klar f\u00f6r UFC-galan i Stockholm den 28:e maj. Han g\u00f6r sin debut f\u00f6r MMA-organisationen och blir d\u00e4rmed fj\u00e4rde svensk p\u00e5 galan.<br \/><br>&#8211; Det k\u00e4nns extremt sp\u00e4nnande och blir min absolut st\u00f6rsta utmaning i livet hittills. Tiden \u00e4r knapp men jag kommer g\u00f6ra det b\u00e4sta av tiden som \u00e4r kvar och fightas som om det vore min sista match p\u00e5 jorden, s\u00e4ger han till budokampsport.se.<\/p><br>","protected":false},"author":7,"featured_media":41755,"comment_status":"open","ping_status":"open","sticky":false,"template":"","format":"standard","meta":{"_acf_changed":false,"footnotes":""},"categories":[1],"tags":[],"class_list":["post-45544","post","type-post","status-publish","format-standard","has-post-thumbnail","hentry","category-okategoriserade"],"acf":[],"yoast_head":"<!-- This site is optimized with the Yoast SEO plugin v26.8 - https:\/\/yoast.com\/product\/yoast-seo-wordpress\/ -->\n<title>\u201dMin absolut st\u00f6rsta utmaning i livet\u201d - Svenska Budo &amp; Kampsportsf\u00f6rbundet<\/title>\n<meta name=\"description\" content=\"Oliver Enkamp \u00e4r klar f\u00f6r UFC-galan i Stockholm den 28:e maj. Han g\u00f6r sin debut f\u00f6r MMA-organisationen och blir d\u00e4rmed fj\u00e4rde svensk p\u00e5 galan. - Det k\u00e4nns extremt sp\u00e4nnande och blir min absolut st\u00f6rsta utmaning i livet hittills. Tiden \u00e4r knapp men jag kommer g\u00f6ra det b\u00e4sta av tiden som \u00e4r kvar och fightas som om det vore min sista match p\u00e5 jorden, s\u00e4ger han till budokampsport.se.\" \/>\n<meta name=\"robots\" content=\"index, follow, max-snippet:-1, max-image-preview:large, max-video-preview:-1\" \/>\n<link rel=\"canonical\" href=\"https:\/\/www.budokampsport.se\/2017\/05\/16\/min-absolut-storsta-utmaning-livet\/\" \/>\n<meta property=\"og:locale\" content=\"sv_SE\" \/>\n<meta property=\"og:type\" content=\"article\" \/>\n<meta property=\"og:title\" content=\"\u201dMin absolut st\u00f6rsta utmaning i livet\u201d - Svenska Budo &amp; Kampsportsf\u00f6rbundet\" \/>\n<meta property=\"og:description\" content=\"Oliver Enkamp \u00e4r klar f\u00f6r UFC-galan i Stockholm den 28:e maj. Han g\u00f6r sin debut f\u00f6r MMA-organisationen och blir d\u00e4rmed fj\u00e4rde svensk p\u00e5 galan. - Det k\u00e4nns extremt sp\u00e4nnande och blir min absolut st\u00f6rsta utmaning i livet hittills. Tiden \u00e4r knapp men jag kommer g\u00f6ra det b\u00e4sta av tiden som \u00e4r kvar och fightas som om det vore min sista match p\u00e5 jorden, s\u00e4ger han till budokampsport.se.\" \/>\n<meta property=\"og:url\" content=\"https:\/\/www.budokampsport.se\/2017\/05\/16\/min-absolut-storsta-utmaning-livet\/\" \/>\n<meta property=\"og:site_name\" content=\"Svenska Budo &amp; Kampsportsf\u00f6rbundet\" \/>\n<meta property=\"article:author\" content=\"https:\/\/www.facebook.com\/jonathan.broberg.7\" \/>\n<meta property=\"article:published_time\" content=\"2017-05-16T14:41:31+00:00\" \/>\n<meta property=\"og:image\" content=\"https:\/\/www.budokampsport.se\/wp-content\/uploads\/2017\/03\/tsuba_notext_cmyk_copy-e1489765726565.jpg\" \/>\n\t<meta property=\"og:image:width\" content=\"400\" \/>\n\t<meta property=\"og:image:height\" content=\"319\" \/>\n\t<meta property=\"og:image:type\" content=\"image\/jpeg\" \/>\n<meta name=\"author\" content=\"Jonathan Broberg\" \/>\n<meta name=\"twitter:card\" content=\"summary_large_image\" \/>\n<meta name=\"twitter:label1\" content=\"Skriven av\" \/>\n\t<meta name=\"twitter:data1\" content=\"Jonathan Broberg\" \/>\n<script type=\"application\/ld+json\" class=\"yoast-schema-graph\">{\"@context\":\"https:\/\/schema.org\",\"@graph\":[{\"@type\":\"Article\",\"@id\":\"https:\/\/www.budokampsport.se\/2017\/05\/16\/min-absolut-storsta-utmaning-livet\/#article\",\"isPartOf\":{\"@id\":\"https:\/\/www.budokampsport.se\/2017\/05\/16\/min-absolut-storsta-utmaning-livet\/\"},\"author\":{\"name\":\"Jonathan Broberg\",\"@id\":\"https:\/\/www.budokampsport.se\/#\/schema\/person\/5c06d81d14850e2a8ce5493386560145\"},\"headline\":\"\u201dMin absolut st\u00f6rsta utmaning i livet\u201d\",\"datePublished\":\"2017-05-16T14:41:31+00:00\",\"mainEntityOfPage\":{\"@id\":\"https:\/\/www.budokampsport.se\/2017\/05\/16\/min-absolut-storsta-utmaning-livet\/\"},\"wordCount\":7,\"commentCount\":0,\"image\":{\"@id\":\"https:\/\/www.budokampsport.se\/2017\/05\/16\/min-absolut-storsta-utmaning-livet\/#primaryimage\"},\"thumbnailUrl\":\"https:\/\/www.budokampsport.se\/wp-content\/uploads\/2017\/03\/tsuba_notext_cmyk_copy-e1489765726565.jpg\",\"inLanguage\":\"sv-SE\",\"potentialAction\":[{\"@type\":\"CommentAction\",\"name\":\"Comment\",\"target\":[\"https:\/\/www.budokampsport.se\/2017\/05\/16\/min-absolut-storsta-utmaning-livet\/#respond\"]}]},{\"@type\":\"WebPage\",\"@id\":\"https:\/\/www.budokampsport.se\/2017\/05\/16\/min-absolut-storsta-utmaning-livet\/\",\"url\":\"https:\/\/www.budokampsport.se\/2017\/05\/16\/min-absolut-storsta-utmaning-livet\/\",\"name\":\"\u201dMin absolut st\u00f6rsta utmaning i livet\u201d - Svenska Budo &amp; Kampsportsf\u00f6rbundet\",\"isPartOf\":{\"@id\":\"https:\/\/www.budokampsport.se\/#website\"},\"primaryImageOfPage\":{\"@id\":\"https:\/\/www.budokampsport.se\/2017\/05\/16\/min-absolut-storsta-utmaning-livet\/#primaryimage\"},\"image\":{\"@id\":\"https:\/\/www.budokampsport.se\/2017\/05\/16\/min-absolut-storsta-utmaning-livet\/#primaryimage\"},\"thumbnailUrl\":\"https:\/\/www.budokampsport.se\/wp-content\/uploads\/2017\/03\/tsuba_notext_cmyk_copy-e1489765726565.jpg\",\"datePublished\":\"2017-05-16T14:41:31+00:00\",\"author\":{\"@id\":\"https:\/\/www.budokampsport.se\/#\/schema\/person\/5c06d81d14850e2a8ce5493386560145\"},\"description\":\"Oliver Enkamp \u00e4r klar f\u00f6r UFC-galan i Stockholm den 28:e maj. Han g\u00f6r sin debut f\u00f6r MMA-organisationen och blir d\u00e4rmed fj\u00e4rde svensk p\u00e5 galan. - Det k\u00e4nns extremt sp\u00e4nnande och blir min absolut st\u00f6rsta utmaning i livet hittills. Tiden \u00e4r knapp men jag kommer g\u00f6ra det b\u00e4sta av tiden som \u00e4r kvar och fightas som om det vore min sista match p\u00e5 jorden, s\u00e4ger han till budokampsport.se.\",\"breadcrumb\":{\"@id\":\"https:\/\/www.budokampsport.se\/2017\/05\/16\/min-absolut-storsta-utmaning-livet\/#breadcrumb\"},\"inLanguage\":\"sv-SE\",\"potentialAction\":[{\"@type\":\"ReadAction\",\"target\":[\"https:\/\/www.budokampsport.se\/2017\/05\/16\/min-absolut-storsta-utmaning-livet\/\"]}]},{\"@type\":\"ImageObject\",\"inLanguage\":\"sv-SE\",\"@id\":\"https:\/\/www.budokampsport.se\/2017\/05\/16\/min-absolut-storsta-utmaning-livet\/#primaryimage\",\"url\":\"https:\/\/www.budokampsport.se\/wp-content\/uploads\/2017\/03\/tsuba_notext_cmyk_copy-e1489765726565.jpg\",\"contentUrl\":\"https:\/\/www.budokampsport.se\/wp-content\/uploads\/2017\/03\/tsuba_notext_cmyk_copy-e1489765726565.jpg\",\"width\":400,\"height\":319},{\"@type\":\"BreadcrumbList\",\"@id\":\"https:\/\/www.budokampsport.se\/2017\/05\/16\/min-absolut-storsta-utmaning-livet\/#breadcrumb\",\"itemListElement\":[{\"@type\":\"ListItem\",\"position\":1,\"name\":\"Hem\",\"item\":\"https:\/\/www.budokampsport.se\/\"},{\"@type\":\"ListItem\",\"position\":2,\"name\":\"\u201dMin absolut st\u00f6rsta utmaning i livet\u201d\"}]},{\"@type\":\"WebSite\",\"@id\":\"https:\/\/www.budokampsport.se\/#website\",\"url\":\"https:\/\/www.budokampsport.se\/\",\"name\":\"Svenska Budo &amp; Kampsportsf\u00f6rbundet\",\"description\":\"T\u00e4vling, Tr\u00e4ning, Tradition\",\"potentialAction\":[{\"@type\":\"SearchAction\",\"target\":{\"@type\":\"EntryPoint\",\"urlTemplate\":\"https:\/\/www.budokampsport.se\/?s={search_term_string}\"},\"query-input\":{\"@type\":\"PropertyValueSpecification\",\"valueRequired\":true,\"valueName\":\"search_term_string\"}}],\"inLanguage\":\"sv-SE\"},{\"@type\":\"Person\",\"@id\":\"https:\/\/www.budokampsport.se\/#\/schema\/person\/5c06d81d14850e2a8ce5493386560145\",\"name\":\"Jonathan Broberg\",\"image\":{\"@type\":\"ImageObject\",\"inLanguage\":\"sv-SE\",\"@id\":\"https:\/\/www.budokampsport.se\/#\/schema\/person\/image\/\",\"url\":\"https:\/\/secure.gravatar.com\/avatar\/a58041c6cea9128bd9c40ee2f26d4136?s=96&d=blank&r=g\",\"contentUrl\":\"https:\/\/secure.gravatar.com\/avatar\/a58041c6cea9128bd9c40ee2f26d4136?s=96&d=blank&r=g\",\"caption\":\"Jonathan Broberg\"},\"sameAs\":[\"https:\/\/www.facebook.com\/jonathan.broberg.7\"],\"url\":\"https:\/\/www.budokampsport.se\/author\/jonathan\/\"}]}<\/script>\n<!-- \/ Yoast SEO plugin. -->","yoast_head_json":{"title":"\u201dMin absolut st\u00f6rsta utmaning i livet\u201d - Svenska Budo &amp; Kampsportsf\u00f6rbundet","description":"Oliver Enkamp \u00e4r klar f\u00f6r UFC-galan i Stockholm den 28:e maj. Han g\u00f6r sin debut f\u00f6r MMA-organisationen och blir d\u00e4rmed fj\u00e4rde svensk p\u00e5 galan. - Det k\u00e4nns extremt sp\u00e4nnande och blir min absolut st\u00f6rsta utmaning i livet hittills. Tiden \u00e4r knapp men jag kommer g\u00f6ra det b\u00e4sta av tiden som \u00e4r kvar och fightas som om det vore min sista match p\u00e5 jorden, s\u00e4ger han till budokampsport.se.","robots":{"index":"index","follow":"follow","max-snippet":"max-snippet:-1","max-image-preview":"max-image-preview:large","max-video-preview":"max-video-preview:-1"},"canonical":"https:\/\/www.budokampsport.se\/2017\/05\/16\/min-absolut-storsta-utmaning-livet\/","og_locale":"sv_SE","og_type":"article","og_title":"\u201dMin absolut st\u00f6rsta utmaning i livet\u201d - Svenska Budo &amp; Kampsportsf\u00f6rbundet","og_description":"Oliver Enkamp \u00e4r klar f\u00f6r UFC-galan i Stockholm den 28:e maj. Han g\u00f6r sin debut f\u00f6r MMA-organisationen och blir d\u00e4rmed fj\u00e4rde svensk p\u00e5 galan. - Det k\u00e4nns extremt sp\u00e4nnande och blir min absolut st\u00f6rsta utmaning i livet hittills. Tiden \u00e4r knapp men jag kommer g\u00f6ra det b\u00e4sta av tiden som \u00e4r kvar och fightas som om det vore min sista match p\u00e5 jorden, s\u00e4ger han till budokampsport.se.","og_url":"https:\/\/www.budokampsport.se\/2017\/05\/16\/min-absolut-storsta-utmaning-livet\/","og_site_name":"Svenska Budo &amp; Kampsportsf\u00f6rbundet","article_author":"https:\/\/www.facebook.com\/jonathan.broberg.7","article_published_time":"2017-05-16T14:41:31+00:00","og_image":[{"width":400,"height":319,"url":"https:\/\/www.budokampsport.se\/wp-content\/uploads\/2017\/03\/tsuba_notext_cmyk_copy-e1489765726565.jpg","type":"image\/jpeg"}],"author":"Jonathan Broberg","twitter_card":"summary_large_image","twitter_misc":{"Skriven av":"Jonathan Broberg"},"schema":{"@context":"https:\/\/schema.org","@graph":[{"@type":"Article","@id":"https:\/\/www.budokampsport.se\/2017\/05\/16\/min-absolut-storsta-utmaning-livet\/#article","isPartOf":{"@id":"https:\/\/www.budokampsport.se\/2017\/05\/16\/min-absolut-storsta-utmaning-livet\/"},"author":{"name":"Jonathan Broberg","@id":"https:\/\/www.budokampsport.se\/#\/schema\/person\/5c06d81d14850e2a8ce5493386560145"},"headline":"\u201dMin absolut st\u00f6rsta utmaning i livet\u201d","datePublished":"2017-05-16T14:41:31+00:00","mainEntityOfPage":{"@id":"https:\/\/www.budokampsport.se\/2017\/05\/16\/min-absolut-storsta-utmaning-livet\/"},"wordCount":7,"commentCount":0,"image":{"@id":"https:\/\/www.budokampsport.se\/2017\/05\/16\/min-absolut-storsta-utmaning-livet\/#primaryimage"},"thumbnailUrl":"https:\/\/www.budokampsport.se\/wp-content\/uploads\/2017\/03\/tsuba_notext_cmyk_copy-e1489765726565.jpg","inLanguage":"sv-SE","potentialAction":[{"@type":"CommentAction","name":"Comment","target":["https:\/\/www.budokampsport.se\/2017\/05\/16\/min-absolut-storsta-utmaning-livet\/#respond"]}]},{"@type":"WebPage","@id":"https:\/\/www.budokampsport.se\/2017\/05\/16\/min-absolut-storsta-utmaning-livet\/","url":"https:\/\/www.budokampsport.se\/2017\/05\/16\/min-absolut-storsta-utmaning-livet\/","name":"\u201dMin absolut st\u00f6rsta utmaning i livet\u201d - Svenska Budo &amp; Kampsportsf\u00f6rbundet","isPartOf":{"@id":"https:\/\/www.budokampsport.se\/#website"},"primaryImageOfPage":{"@id":"https:\/\/www.budokampsport.se\/2017\/05\/16\/min-absolut-storsta-utmaning-livet\/#primaryimage"},"image":{"@id":"https:\/\/www.budokampsport.se\/2017\/05\/16\/min-absolut-storsta-utmaning-livet\/#primaryimage"},"thumbnailUrl":"https:\/\/www.budokampsport.se\/wp-content\/uploads\/2017\/03\/tsuba_notext_cmyk_copy-e1489765726565.jpg","datePublished":"2017-05-16T14:41:31+00:00","author":{"@id":"https:\/\/www.budokampsport.se\/#\/schema\/person\/5c06d81d14850e2a8ce5493386560145"},"description":"Oliver Enkamp \u00e4r klar f\u00f6r UFC-galan i Stockholm den 28:e maj. Han g\u00f6r sin debut f\u00f6r MMA-organisationen och blir d\u00e4rmed fj\u00e4rde svensk p\u00e5 galan. - Det k\u00e4nns extremt sp\u00e4nnande och blir min absolut st\u00f6rsta utmaning i livet hittills. Tiden \u00e4r knapp men jag kommer g\u00f6ra det b\u00e4sta av tiden som \u00e4r kvar och fightas som om det vore min sista match p\u00e5 jorden, s\u00e4ger han till budokampsport.se.","breadcrumb":{"@id":"https:\/\/www.budokampsport.se\/2017\/05\/16\/min-absolut-storsta-utmaning-livet\/#breadcrumb"},"inLanguage":"sv-SE","potentialAction":[{"@type":"ReadAction","target":["https:\/\/www.budokampsport.se\/2017\/05\/16\/min-absolut-storsta-utmaning-livet\/"]}]},{"@type":"ImageObject","inLanguage":"sv-SE","@id":"https:\/\/www.budokampsport.se\/2017\/05\/16\/min-absolut-storsta-utmaning-livet\/#primaryimage","url":"https:\/\/www.budokampsport.se\/wp-content\/uploads\/2017\/03\/tsuba_notext_cmyk_copy-e1489765726565.jpg","contentUrl":"https:\/\/www.budokampsport.se\/wp-content\/uploads\/2017\/03\/tsuba_notext_cmyk_copy-e1489765726565.jpg","width":400,"height":319},{"@type":"BreadcrumbList","@id":"https:\/\/www.budokampsport.se\/2017\/05\/16\/min-absolut-storsta-utmaning-livet\/#breadcrumb","itemListElement":[{"@type":"ListItem","position":1,"name":"Hem","item":"https:\/\/www.budokampsport.se\/"},{"@type":"ListItem","position":2,"name":"\u201dMin absolut st\u00f6rsta utmaning i livet\u201d"}]},{"@type":"WebSite","@id":"https:\/\/www.budokampsport.se\/#website","url":"https:\/\/www.budokampsport.se\/","name":"Svenska Budo &amp; Kampsportsf\u00f6rbundet","description":"T\u00e4vling, Tr\u00e4ning, Tradition","potentialAction":[{"@type":"SearchAction","target":{"@type":"EntryPoint","urlTemplate":"https:\/\/www.budokampsport.se\/?s={search_term_string}"},"query-input":{"@type":"PropertyValueSpecification","valueRequired":true,"valueName":"search_term_string"}}],"inLanguage":"sv-SE"},{"@type":"Person","@id":"https:\/\/www.budokampsport.se\/#\/schema\/person\/5c06d81d14850e2a8ce5493386560145","name":"Jonathan Broberg","image":{"@type":"ImageObject","inLanguage":"sv-SE","@id":"https:\/\/www.budokampsport.se\/#\/schema\/person\/image\/","url":"https:\/\/secure.gravatar.com\/avatar\/a58041c6cea9128bd9c40ee2f26d4136?s=96&d=blank&r=g","contentUrl":"https:\/\/secure.gravatar.com\/avatar\/a58041c6cea9128bd9c40ee2f26d4136?s=96&d=blank&r=g","caption":"Jonathan Broberg"},"sameAs":["https:\/\/www.facebook.com\/jonathan.broberg.7"],"url":"https:\/\/www.budokampsport.se\/author\/jonathan\/"}]}},"_links":{"self":[{"href":"https:\/\/www.budokampsport.se\/api\/wp\/v2\/posts\/45544","targetHints":{"allow":["GET"]}}],"collection":[{"href":"https:\/\/www.budokampsport.se\/api\/wp\/v2\/posts"}],"about":[{"href":"https:\/\/www.budokampsport.se\/api\/wp\/v2\/types\/post"}],"author":[{"embeddable":true,"href":"https:\/\/www.budokampsport.se\/api\/wp\/v2\/users\/7"}],"replies":[{"embeddable":true,"href":"https:\/\/www.budokampsport.se\/api\/wp\/v2\/comments?post=45544"}],"version-history":[{"count":0,"href":"https:\/\/www.budokampsport.se\/api\/wp\/v2\/posts\/45544\/revisions"}],"wp:featuredmedia":[{"embeddable":true,"href":"https:\/\/www.budokampsport.se\/api\/wp\/v2\/media\/41755"}],"wp:attachment":[{"href":"https:\/\/www.budokampsport.se\/api\/wp\/v2\/media?parent=45544"}],"wp:term":[{"taxonomy":"category","embeddable":true,"href":"https:\/\/www.budokampsport.se\/api\/wp\/v2\/categories?post=45544"},{"taxonomy":"post_tag","embeddable":true,"href":"https:\/\/www.budokampsport.se\/api\/wp\/v2\/tags?post=45544"}],"curies":[{"name":"wp","href":"https:\/\/api.w.org\/{rel}","templated":true}]}}