{"id":4564,"date":"2013-03-15T15:41:06","date_gmt":"2013-03-15T14:41:06","guid":{"rendered":"http:\/\/budo.wordpress.dev\/2013\/03\/15\/skadestatistik-for-2012-fran-folksam\/"},"modified":"2016-12-06T22:35:44","modified_gmt":"2016-12-06T21:35:44","slug":"skadestatistik-for-2012-fran-folksam","status":"publish","type":"post","link":"https:\/\/www.budokampsport.se\/2013\/03\/15\/skadestatistik-for-2012-fran-folksam\/","title":{"rendered":"Skadestatistik f\u00f6r 2012 fr\u00e5n Folksam"},"content":{"rendered":"<p><strong><img decoding=\"async\" style=\"width: 175px; height: 117px; float: right;\" alt=\"\" src=\"\/sites\/default\/files\/mona_0.gif\">Svenska Budo &#038; Kampsportsf\u00f6rbundets f\u00f6rs\u00e4kringsbolag Folksam har under 2012 mottagit 284 inrapporterade skadeanm\u00e4lningar. Fyra av dessa \u00e4r anm\u00e4lda som skador mot hj\u00e4rna, d\u00e4r l\u00e4ttare hj\u00e4rnskakning \u00e4ven ing\u00e5r.<br \/> \t\u00a0\u00a0 &#8211; Det \u00e4r s\u00e5 klart aldrig roligt med skador men jag upplever \u00e4nd\u00e5 att vi inom svensk budo och kampsport \u00e4r t\u00e4mligen f\u00f6rskonade fr\u00e5n allvarliga incidenter, s\u00e4ger Svenska Budo &#038; Kampsportsf\u00f6rbundets generalsekreterare Mona Lundkvist till budokampsport.se.<!--break--><\/strong><\/p>\n<p>Folksam har sammanst\u00e4llt de inrapporterade skador som t\u00e4vlande och tr\u00e4nande medlemmar inom Svenska Budo &#038; Kampsportsf\u00f6rbundet har \u00e5dragit sig under det g\u00e5ngna \u00e5ret.<br \/> \t\u00a0\u00a0 &#8211; Det vi kan konstatera \u00e4r att skadefrekvensen \u00f6kat lite sedan 2011 d\u00e5 vi hade 247 inrapporterade fall. Men det har s\u00e5 klart med att g\u00f6ra att vi f\u00e5tt fler sanktionerade t\u00e4vlingar och framf\u00f6rallt fler medlemmar under 2012.<\/p>\n<p>N\u00e4r det g\u00e4ller huvudskador \u00f6verlag visar statistiken p\u00e5 ett minskat antal skadefall. 2011 var siffran uppe i 82 huvudskador mot 2012 \u00e5rs 73.<br \/> \t\u00a0\u00a0 &#8211; Det man ska k\u00e4nna till \u00e4r att den statistiken visar allt fr\u00e5n spruckna \u00f6gonbryn till tandskador s\u00e5 \u00e4ven om det \u00e4r trist att medlemmar \u00e5drar sig skador \u00e4r v\u00e5r skadefrekvens ringa, skulle jag s\u00e4ga.<br \/> \t\u00a0\u00a0 &#8211; Eftersom det \u00e4r just kampsport vi h\u00e5ller p\u00e5 med finns ett utbrett s\u00e4kerhetst\u00e4nk p\u00e5 ett tidigt stadium, vi har ju till och med en lag som reglerar hur sporten ser ut i Sverige. Jag skulle tro att ut\u00f6va kampsport i Sverige inneb\u00e4r den allra mest s\u00e4kra kampsportsut\u00f6vningen i v\u00e4rlden.<\/p>\n<p>Text och foto: Jonathan Broberg<br \/> \t\u00a0<\/p>\n","protected":false},"excerpt":{"rendered":"<p><strong><img decoding=\"async\" style=\"width: 175px; height: 117px; float: right;\" alt=\"\" src=\"\/sites\/default\/files\/mona_0.gif\">Svenska Budo &#038; Kampsportsf\u00f6rbundets f\u00f6rs\u00e4kringsbolag Folksam har under 2012 mottagit 284 inrapporterade skadeanm\u00e4lningar. Fyra av dessa \u00e4r anm\u00e4lda som skador mot hj\u00e4rna, d\u00e4r l\u00e4ttare hj\u00e4rnskakning \u00e4ven ing\u00e5r.<br \/><br>\t\u00a0\u00a0 &#8211; Det \u00e4r s\u00e5 klart aldrig roligt med skador men jag upplever \u00e4nd\u00e5 att vi inom svensk budo och kampsport \u00e4r t\u00e4mligen f\u00f6rskonade fr\u00e5n allvarliga incidenter, s\u00e4ger Svenska Budo &#038; Kampsportsf\u00f6rbundets generalsekreterare Mona Lundkvist till budokampsport.se.<\/p><br>","protected":false},"author":7,"featured_media":0,"comment_status":"closed","ping_status":"closed","sticky":false,"template":"","format":"standard","meta":{"_acf_changed":false,"footnotes":""},"categories":[1],"tags":[],"class_list":["post-4564","post","type-post","status-publish","format-standard","hentry","category-okategoriserade"],"acf":[],"yoast_head":"<!-- This site is optimized with the Yoast SEO plugin v26.8 - https:\/\/yoast.com\/product\/yoast-seo-wordpress\/ -->\n<title>Skadestatistik f\u00f6r 2012 fr\u00e5n Folksam - Svenska Budo &amp; Kampsportsf\u00f6rbundet<\/title>\n<meta name=\"description\" content=\"Svenska Budo &amp; Kampsportsf\u00f6rbundets f\u00f6rs\u00e4kringsbolag Folksam har under 2012 mottagit 284 inrapporterade skadeanm\u00e4lningar. Fyra av dessa \u00e4r anm\u00e4lda som skador mot hj\u00e4rna, d\u00e4r l\u00e4ttare hj\u00e4rnskakning \u00e4ven ing\u00e5r. \u00a0\u00a0 - Det \u00e4r s\u00e5 klart aldrig roligt med skador men jag upplever \u00e4nd\u00e5 att vi inom svensk budo och kampsport \u00e4r t\u00e4mligen f\u00f6rskonade fr\u00e5n allvarliga incidenter, s\u00e4ger Svenska Budo &amp; Kampsportsf\u00f6rbundets generalsekreterare Mona Lundkvist till budokampsport.se.\" \/>\n<meta name=\"robots\" content=\"index, follow, max-snippet:-1, max-image-preview:large, max-video-preview:-1\" \/>\n<link rel=\"canonical\" href=\"https:\/\/www.budokampsport.se\/2013\/03\/15\/skadestatistik-for-2012-fran-folksam\/\" \/>\n<meta property=\"og:locale\" content=\"sv_SE\" \/>\n<meta property=\"og:type\" content=\"article\" \/>\n<meta property=\"og:title\" content=\"Skadestatistik f\u00f6r 2012 fr\u00e5n Folksam - Svenska Budo &amp; Kampsportsf\u00f6rbundet\" \/>\n<meta property=\"og:description\" content=\"Svenska Budo &amp; Kampsportsf\u00f6rbundets f\u00f6rs\u00e4kringsbolag Folksam har under 2012 mottagit 284 inrapporterade skadeanm\u00e4lningar. Fyra av dessa \u00e4r anm\u00e4lda som skador mot hj\u00e4rna, d\u00e4r l\u00e4ttare hj\u00e4rnskakning \u00e4ven ing\u00e5r. \u00a0\u00a0 - Det \u00e4r s\u00e5 klart aldrig roligt med skador men jag upplever \u00e4nd\u00e5 att vi inom svensk budo och kampsport \u00e4r t\u00e4mligen f\u00f6rskonade fr\u00e5n allvarliga incidenter, s\u00e4ger Svenska Budo &amp; Kampsportsf\u00f6rbundets generalsekreterare Mona Lundkvist till budokampsport.se.\" \/>\n<meta property=\"og:url\" content=\"https:\/\/www.budokampsport.se\/2013\/03\/15\/skadestatistik-for-2012-fran-folksam\/\" \/>\n<meta property=\"og:site_name\" content=\"Svenska Budo &amp; Kampsportsf\u00f6rbundet\" \/>\n<meta property=\"article:author\" content=\"https:\/\/www.facebook.com\/jonathan.broberg.7\" \/>\n<meta property=\"article:published_time\" content=\"2013-03-15T14:41:06+00:00\" \/>\n<meta property=\"article:modified_time\" content=\"2016-12-06T21:35:44+00:00\" \/>\n<meta name=\"author\" content=\"Jonathan Broberg\" \/>\n<meta name=\"twitter:card\" content=\"summary_large_image\" \/>\n<meta name=\"twitter:label1\" content=\"Skriven av\" \/>\n\t<meta name=\"twitter:data1\" content=\"Jonathan Broberg\" \/>\n\t<meta name=\"twitter:label2\" content=\"Ber\u00e4knad l\u00e4stid\" \/>\n\t<meta name=\"twitter:data2\" content=\"1 minut\" \/>\n<script type=\"application\/ld+json\" class=\"yoast-schema-graph\">{\"@context\":\"https:\/\/schema.org\",\"@graph\":[{\"@type\":\"Article\",\"@id\":\"https:\/\/www.budokampsport.se\/2013\/03\/15\/skadestatistik-for-2012-fran-folksam\/#article\",\"isPartOf\":{\"@id\":\"https:\/\/www.budokampsport.se\/2013\/03\/15\/skadestatistik-for-2012-fran-folksam\/\"},\"author\":{\"name\":\"Jonathan Broberg\",\"@id\":\"https:\/\/www.budokampsport.se\/#\/schema\/person\/5c06d81d14850e2a8ce5493386560145\"},\"headline\":\"Skadestatistik f\u00f6r 2012 fr\u00e5n Folksam\",\"datePublished\":\"2013-03-15T14:41:06+00:00\",\"dateModified\":\"2016-12-06T21:35:44+00:00\",\"mainEntityOfPage\":{\"@id\":\"https:\/\/www.budokampsport.se\/2013\/03\/15\/skadestatistik-for-2012-fran-folksam\/\"},\"wordCount\":270,\"inLanguage\":\"sv-SE\"},{\"@type\":\"WebPage\",\"@id\":\"https:\/\/www.budokampsport.se\/2013\/03\/15\/skadestatistik-for-2012-fran-folksam\/\",\"url\":\"https:\/\/www.budokampsport.se\/2013\/03\/15\/skadestatistik-for-2012-fran-folksam\/\",\"name\":\"Skadestatistik f\u00f6r 2012 fr\u00e5n Folksam - Svenska Budo &amp; Kampsportsf\u00f6rbundet\",\"isPartOf\":{\"@id\":\"https:\/\/www.budokampsport.se\/#website\"},\"datePublished\":\"2013-03-15T14:41:06+00:00\",\"dateModified\":\"2016-12-06T21:35:44+00:00\",\"author\":{\"@id\":\"https:\/\/www.budokampsport.se\/#\/schema\/person\/5c06d81d14850e2a8ce5493386560145\"},\"description\":\"Svenska Budo & Kampsportsf\u00f6rbundets f\u00f6rs\u00e4kringsbolag Folksam har under 2012 mottagit 284 inrapporterade skadeanm\u00e4lningar. Fyra av dessa \u00e4r anm\u00e4lda som skador mot hj\u00e4rna, d\u00e4r l\u00e4ttare hj\u00e4rnskakning \u00e4ven ing\u00e5r. \u00a0\u00a0 - Det \u00e4r s\u00e5 klart aldrig roligt med skador men jag upplever \u00e4nd\u00e5 att vi inom svensk budo och kampsport \u00e4r t\u00e4mligen f\u00f6rskonade fr\u00e5n allvarliga incidenter, s\u00e4ger Svenska Budo & Kampsportsf\u00f6rbundets generalsekreterare Mona Lundkvist till budokampsport.se.\",\"breadcrumb\":{\"@id\":\"https:\/\/www.budokampsport.se\/2013\/03\/15\/skadestatistik-for-2012-fran-folksam\/#breadcrumb\"},\"inLanguage\":\"sv-SE\",\"potentialAction\":[{\"@type\":\"ReadAction\",\"target\":[\"https:\/\/www.budokampsport.se\/2013\/03\/15\/skadestatistik-for-2012-fran-folksam\/\"]}]},{\"@type\":\"BreadcrumbList\",\"@id\":\"https:\/\/www.budokampsport.se\/2013\/03\/15\/skadestatistik-for-2012-fran-folksam\/#breadcrumb\",\"itemListElement\":[{\"@type\":\"ListItem\",\"position\":1,\"name\":\"Hem\",\"item\":\"https:\/\/www.budokampsport.se\/\"},{\"@type\":\"ListItem\",\"position\":2,\"name\":\"Skadestatistik f\u00f6r 2012 fr\u00e5n Folksam\"}]},{\"@type\":\"WebSite\",\"@id\":\"https:\/\/www.budokampsport.se\/#website\",\"url\":\"https:\/\/www.budokampsport.se\/\",\"name\":\"Svenska Budo &amp; Kampsportsf\u00f6rbundet\",\"description\":\"T\u00e4vling, Tr\u00e4ning, Tradition\",\"potentialAction\":[{\"@type\":\"SearchAction\",\"target\":{\"@type\":\"EntryPoint\",\"urlTemplate\":\"https:\/\/www.budokampsport.se\/?s={search_term_string}\"},\"query-input\":{\"@type\":\"PropertyValueSpecification\",\"valueRequired\":true,\"valueName\":\"search_term_string\"}}],\"inLanguage\":\"sv-SE\"},{\"@type\":\"Person\",\"@id\":\"https:\/\/www.budokampsport.se\/#\/schema\/person\/5c06d81d14850e2a8ce5493386560145\",\"name\":\"Jonathan Broberg\",\"image\":{\"@type\":\"ImageObject\",\"inLanguage\":\"sv-SE\",\"@id\":\"https:\/\/www.budokampsport.se\/#\/schema\/person\/image\/\",\"url\":\"https:\/\/secure.gravatar.com\/avatar\/a58041c6cea9128bd9c40ee2f26d4136?s=96&d=blank&r=g\",\"contentUrl\":\"https:\/\/secure.gravatar.com\/avatar\/a58041c6cea9128bd9c40ee2f26d4136?s=96&d=blank&r=g\",\"caption\":\"Jonathan Broberg\"},\"sameAs\":[\"https:\/\/www.facebook.com\/jonathan.broberg.7\"],\"url\":\"https:\/\/www.budokampsport.se\/author\/jonathan\/\"}]}<\/script>\n<!-- \/ Yoast SEO plugin. -->","yoast_head_json":{"title":"Skadestatistik f\u00f6r 2012 fr\u00e5n Folksam - Svenska Budo &amp; Kampsportsf\u00f6rbundet","description":"Svenska Budo & Kampsportsf\u00f6rbundets f\u00f6rs\u00e4kringsbolag Folksam har under 2012 mottagit 284 inrapporterade skadeanm\u00e4lningar. Fyra av dessa \u00e4r anm\u00e4lda som skador mot hj\u00e4rna, d\u00e4r l\u00e4ttare hj\u00e4rnskakning \u00e4ven ing\u00e5r. \u00a0\u00a0 - Det \u00e4r s\u00e5 klart aldrig roligt med skador men jag upplever \u00e4nd\u00e5 att vi inom svensk budo och kampsport \u00e4r t\u00e4mligen f\u00f6rskonade fr\u00e5n allvarliga incidenter, s\u00e4ger Svenska Budo & Kampsportsf\u00f6rbundets generalsekreterare Mona Lundkvist till budokampsport.se.","robots":{"index":"index","follow":"follow","max-snippet":"max-snippet:-1","max-image-preview":"max-image-preview:large","max-video-preview":"max-video-preview:-1"},"canonical":"https:\/\/www.budokampsport.se\/2013\/03\/15\/skadestatistik-for-2012-fran-folksam\/","og_locale":"sv_SE","og_type":"article","og_title":"Skadestatistik f\u00f6r 2012 fr\u00e5n Folksam - Svenska Budo &amp; Kampsportsf\u00f6rbundet","og_description":"Svenska Budo & Kampsportsf\u00f6rbundets f\u00f6rs\u00e4kringsbolag Folksam har under 2012 mottagit 284 inrapporterade skadeanm\u00e4lningar. Fyra av dessa \u00e4r anm\u00e4lda som skador mot hj\u00e4rna, d\u00e4r l\u00e4ttare hj\u00e4rnskakning \u00e4ven ing\u00e5r. \u00a0\u00a0 - Det \u00e4r s\u00e5 klart aldrig roligt med skador men jag upplever \u00e4nd\u00e5 att vi inom svensk budo och kampsport \u00e4r t\u00e4mligen f\u00f6rskonade fr\u00e5n allvarliga incidenter, s\u00e4ger Svenska Budo & Kampsportsf\u00f6rbundets generalsekreterare Mona Lundkvist till budokampsport.se.","og_url":"https:\/\/www.budokampsport.se\/2013\/03\/15\/skadestatistik-for-2012-fran-folksam\/","og_site_name":"Svenska Budo &amp; Kampsportsf\u00f6rbundet","article_author":"https:\/\/www.facebook.com\/jonathan.broberg.7","article_published_time":"2013-03-15T14:41:06+00:00","article_modified_time":"2016-12-06T21:35:44+00:00","author":"Jonathan Broberg","twitter_card":"summary_large_image","twitter_misc":{"Skriven av":"Jonathan Broberg","Ber\u00e4knad l\u00e4stid":"1 minut"},"schema":{"@context":"https:\/\/schema.org","@graph":[{"@type":"Article","@id":"https:\/\/www.budokampsport.se\/2013\/03\/15\/skadestatistik-for-2012-fran-folksam\/#article","isPartOf":{"@id":"https:\/\/www.budokampsport.se\/2013\/03\/15\/skadestatistik-for-2012-fran-folksam\/"},"author":{"name":"Jonathan Broberg","@id":"https:\/\/www.budokampsport.se\/#\/schema\/person\/5c06d81d14850e2a8ce5493386560145"},"headline":"Skadestatistik f\u00f6r 2012 fr\u00e5n Folksam","datePublished":"2013-03-15T14:41:06+00:00","dateModified":"2016-12-06T21:35:44+00:00","mainEntityOfPage":{"@id":"https:\/\/www.budokampsport.se\/2013\/03\/15\/skadestatistik-for-2012-fran-folksam\/"},"wordCount":270,"inLanguage":"sv-SE"},{"@type":"WebPage","@id":"https:\/\/www.budokampsport.se\/2013\/03\/15\/skadestatistik-for-2012-fran-folksam\/","url":"https:\/\/www.budokampsport.se\/2013\/03\/15\/skadestatistik-for-2012-fran-folksam\/","name":"Skadestatistik f\u00f6r 2012 fr\u00e5n Folksam - Svenska Budo &amp; Kampsportsf\u00f6rbundet","isPartOf":{"@id":"https:\/\/www.budokampsport.se\/#website"},"datePublished":"2013-03-15T14:41:06+00:00","dateModified":"2016-12-06T21:35:44+00:00","author":{"@id":"https:\/\/www.budokampsport.se\/#\/schema\/person\/5c06d81d14850e2a8ce5493386560145"},"description":"Svenska Budo & Kampsportsf\u00f6rbundets f\u00f6rs\u00e4kringsbolag Folksam har under 2012 mottagit 284 inrapporterade skadeanm\u00e4lningar. Fyra av dessa \u00e4r anm\u00e4lda som skador mot hj\u00e4rna, d\u00e4r l\u00e4ttare hj\u00e4rnskakning \u00e4ven ing\u00e5r. \u00a0\u00a0 - Det \u00e4r s\u00e5 klart aldrig roligt med skador men jag upplever \u00e4nd\u00e5 att vi inom svensk budo och kampsport \u00e4r t\u00e4mligen f\u00f6rskonade fr\u00e5n allvarliga incidenter, s\u00e4ger Svenska Budo & Kampsportsf\u00f6rbundets generalsekreterare Mona Lundkvist till budokampsport.se.","breadcrumb":{"@id":"https:\/\/www.budokampsport.se\/2013\/03\/15\/skadestatistik-for-2012-fran-folksam\/#breadcrumb"},"inLanguage":"sv-SE","potentialAction":[{"@type":"ReadAction","target":["https:\/\/www.budokampsport.se\/2013\/03\/15\/skadestatistik-for-2012-fran-folksam\/"]}]},{"@type":"BreadcrumbList","@id":"https:\/\/www.budokampsport.se\/2013\/03\/15\/skadestatistik-for-2012-fran-folksam\/#breadcrumb","itemListElement":[{"@type":"ListItem","position":1,"name":"Hem","item":"https:\/\/www.budokampsport.se\/"},{"@type":"ListItem","position":2,"name":"Skadestatistik f\u00f6r 2012 fr\u00e5n Folksam"}]},{"@type":"WebSite","@id":"https:\/\/www.budokampsport.se\/#website","url":"https:\/\/www.budokampsport.se\/","name":"Svenska Budo &amp; Kampsportsf\u00f6rbundet","description":"T\u00e4vling, Tr\u00e4ning, Tradition","potentialAction":[{"@type":"SearchAction","target":{"@type":"EntryPoint","urlTemplate":"https:\/\/www.budokampsport.se\/?s={search_term_string}"},"query-input":{"@type":"PropertyValueSpecification","valueRequired":true,"valueName":"search_term_string"}}],"inLanguage":"sv-SE"},{"@type":"Person","@id":"https:\/\/www.budokampsport.se\/#\/schema\/person\/5c06d81d14850e2a8ce5493386560145","name":"Jonathan Broberg","image":{"@type":"ImageObject","inLanguage":"sv-SE","@id":"https:\/\/www.budokampsport.se\/#\/schema\/person\/image\/","url":"https:\/\/secure.gravatar.com\/avatar\/a58041c6cea9128bd9c40ee2f26d4136?s=96&d=blank&r=g","contentUrl":"https:\/\/secure.gravatar.com\/avatar\/a58041c6cea9128bd9c40ee2f26d4136?s=96&d=blank&r=g","caption":"Jonathan Broberg"},"sameAs":["https:\/\/www.facebook.com\/jonathan.broberg.7"],"url":"https:\/\/www.budokampsport.se\/author\/jonathan\/"}]}},"_links":{"self":[{"href":"https:\/\/www.budokampsport.se\/api\/wp\/v2\/posts\/4564","targetHints":{"allow":["GET"]}}],"collection":[{"href":"https:\/\/www.budokampsport.se\/api\/wp\/v2\/posts"}],"about":[{"href":"https:\/\/www.budokampsport.se\/api\/wp\/v2\/types\/post"}],"author":[{"embeddable":true,"href":"https:\/\/www.budokampsport.se\/api\/wp\/v2\/users\/7"}],"replies":[{"embeddable":true,"href":"https:\/\/www.budokampsport.se\/api\/wp\/v2\/comments?post=4564"}],"version-history":[{"count":0,"href":"https:\/\/www.budokampsport.se\/api\/wp\/v2\/posts\/4564\/revisions"}],"wp:attachment":[{"href":"https:\/\/www.budokampsport.se\/api\/wp\/v2\/media?parent=4564"}],"wp:term":[{"taxonomy":"category","embeddable":true,"href":"https:\/\/www.budokampsport.se\/api\/wp\/v2\/categories?post=4564"},{"taxonomy":"post_tag","embeddable":true,"href":"https:\/\/www.budokampsport.se\/api\/wp\/v2\/tags?post=4564"}],"curies":[{"name":"wp","href":"https:\/\/api.w.org\/{rel}","templated":true}]}}