{"id":4572,"date":"2013-03-19T16:36:16","date_gmt":"2013-03-19T15:36:16","guid":{"rendered":"http:\/\/budo.wordpress.dev\/2013\/03\/19\/jessica-folcker-klar-som-prisutdelare-pa-kampsportsgalan\/"},"modified":"2016-12-06T22:35:45","modified_gmt":"2016-12-06T21:35:45","slug":"jessica-folcker-klar-som-prisutdelare-pa-kampsportsgalan","status":"publish","type":"post","link":"https:\/\/www.budokampsport.se\/2013\/03\/19\/jessica-folcker-klar-som-prisutdelare-pa-kampsportsgalan\/","title":{"rendered":"Jessica Folcker klar som prisutdelare p\u00e5 Kampsportsgalan"},"content":{"rendered":"<p><strong>S\u00e5ngerskan Jessica Folcker \u00e4r utrustad med ett gediget kampsportsintresse och hon \u00e4r nu klar som prisutdelare p\u00e5 Kampsportsgalan den 23:e mars p\u00e5 Berns Salonger i Stockholm.<br \/>\u00a0\u00a0 &#8211; Det k\u00e4nns fantastiskt kul och mycket sp\u00e4nnande, s\u00e4ger hon till budokampsport.se.<!--break--><\/strong><\/p>\n<p>Kampsportsgalan 2013 n\u00e4rmar sig allt mer. Den 23:e mars \u00f6ppnas den fj\u00e4rde galan i ordningen p\u00e5 Berns i Stockholm.<\/p>\n<p>En av de som kommer att f\u00f6rgylla kv\u00e4llen och dela ut pris \u00e4r s\u00e5ngerskan Jessica Folcker.\u00a0 Hon har sj\u00e4lv aldrig tr\u00e4nat kampsport men kampsporten har \u00e4nd\u00e5 funnits i hennes liv.<br \/>\u00a0\u00a0 &#8211; Min bror har tr\u00e4nat MMA p\u00e5 Pancrase hos Omar (Bouiche), mina barn ut\u00f6var taekwondo och m\u00e5nga v\u00e4nner till mig h\u00e5ller ocks\u00e5 ig\u00e5ng med kampsport. S\u00e5 det \u00e4r absolut n\u00e5got som funnits runt mig.<\/p>\n<p>Men faktum \u00e4r att Jessica Folcker faktiskt g\u00e5tt en boxningsmatch mot \u00c5sa Sandell i New York. Detta i tv-programmet Elixir.<br \/>\u00a0\u00a0 &#8211; Haha, det var de v\u00e4rsta tre veckorna i mitt liv. Jag k\u00e4nner Paolo Roberto sedan barnsben och han ringde mig n\u00e4r det var dags f\u00f6r programmet och sa ungef\u00e4r att jag hade tre veckor p\u00e5 mig att l\u00e4ra mig boxas, och sedan skulle jag m\u00f6ta \u00c5sa Sandell i ringen. Tr\u00e4ningen under de tre veckorna \u00e4r bland det vidrigaste jag har g\u00e5tt igenom, samtidigt en v\u00e4ldigt nyttig erfarenhet.<\/p>\n<p>Ofta f\u00e5r kampsportare v\u00e4rja sig emot allm\u00e4nhetens ofta of\u00f6rtj\u00e4nta kritiska uppfattningar, n\u00e5got som Folcker anser \u00e4r direkt felaktigt.<br \/>\u00a0\u00a0 &#8211; N\u00e4r jag ser kampsport p\u00e5 tv och s\u00e5 kan jag ocks\u00e5 tycka att det ibland ser ot\u00e4ckt ut, men d\u00e5 kan jag ju v\u00e4lja att inte titta. S\u00e5 l\u00e4nge som det \u00e4r godk\u00e4nt och reglerat m\u00e5ste det v\u00e4l \u00e4nd\u00e5 vara upp till varje individ vad de sj\u00e4lva vill g\u00f6ra. Jag har uppfattningen om att kampsport \u00e4r ett s\u00e4tt att kanalisera en energi p\u00e5, lika v\u00e4l som hockey, ridning och fotboll \u00e4r det.<\/p>\n<p>F\u00f6r allm\u00e4nheten \u00e4r Jessica Folcker fr\u00e4mst f\u00f6rknippad med sina musikaliska kvaliteter, men \u00e4ven om musiken pr\u00e4glar en stor del av hennes vardag hinner hon med en hel del annat. Som skateboard, skid\u00e5kning, kl\u00e4ttring och sina fyra barn.<br \/>\u00a0\u00a0 &#8211; Jag \u00e4r en person fylld med energi och relativt impulsiv ocks\u00e5. Min familj \u00e4r s\u00e5 klart j\u00e4tteviktig f\u00f6r mig. Jag tycker om att resa och tr\u00e4ffa v\u00e4nner. Och s\u00e5 \u00e4r jag social i jobbet, d\u00e4r jag inte enbart \u00e4r s\u00e5ngare. Tv\u00e5 g\u00e5nger i veckan jobbar jag lite mer ytligt, s\u00e5 att s\u00e4ga \u2013 med tv, vilket \u00e4r mycket roligt ocks\u00e5. Jag gillar att kastas in i olika nya sammanhang.<\/p>\n<p><strong>S\u00e5 att vara en av prisutdelarna p\u00e5 Kampsportsgalan \u00e4r ocks\u00e5 att kastas in i nytt sammanhang \u2013 n\u00e5got du allts\u00e5 gillar?<\/strong><br \/>\u00a0\u00a0 &#8211; Ja, det ska bli oerh\u00f6rt sp\u00e4nnande och det k\u00e4nns fantastiskt kul att f\u00e5 vara en liten del av detta. Jag ser mycket fram emot kv\u00e4llen och hinna umg\u00e5s lite med kampsportare, det ser jag som en stor \u00e4ra.<\/p>\n<p>Jessica sl\u00e4pper dessutom i slutet av mars ny singel \u201dWho am I\u201d som ni kan <a href=\"http:\/\/bloggar.aftonbladet.se\/wimp-bloggen\/2013\/03\/jessica-folcker-tillbaka-med-ny-singel\/\">h\u00f6ra h\u00e4r.<\/a><\/p>\n<p>Text: Jonathan Broberg<br \/>\u00a0<\/p>\n","protected":false},"excerpt":{"rendered":"<p><strong>S\u00e5ngerskan Jessica Folcker \u00e4r utrustad med ett gediget kampsportsintresse och hon \u00e4r nu klar som prisutdelare p\u00e5 Kampsportsgalan den 23:e mars p\u00e5 Berns Salonger i Stockholm.<br \/>\u00a0\u00a0 &#8211; Det k\u00e4nns fantastiskt kul och mycket sp\u00e4nnande, s\u00e4ger hon till budokampsport.se.<\/p><br>","protected":false},"author":7,"featured_media":0,"comment_status":"closed","ping_status":"closed","sticky":false,"template":"","format":"standard","meta":{"_acf_changed":false,"footnotes":""},"categories":[1],"tags":[],"class_list":["post-4572","post","type-post","status-publish","format-standard","hentry","category-okategoriserade"],"acf":[],"yoast_head":"<!-- This site is optimized with the Yoast SEO plugin v26.8 - https:\/\/yoast.com\/product\/yoast-seo-wordpress\/ -->\n<title>Jessica Folcker klar som prisutdelare p\u00e5 Kampsportsgalan - Svenska Budo &amp; Kampsportsf\u00f6rbundet<\/title>\n<meta name=\"description\" content=\"S\u00e5ngerskan Jessica Folcker \u00e4r utrustad med ett gediget kampsportsintresse och hon \u00e4r nu klar som prisutdelare p\u00e5 Kampsportsgalan den 23:e mars p\u00e5 Berns Salonger i Stockholm.\u00a0\u00a0 - Det k\u00e4nns fantastiskt kul och mycket sp\u00e4nnande, s\u00e4ger hon till budokampsport.se.\" \/>\n<meta name=\"robots\" content=\"index, follow, max-snippet:-1, max-image-preview:large, max-video-preview:-1\" \/>\n<link rel=\"canonical\" href=\"https:\/\/www.budokampsport.se\/2013\/03\/19\/jessica-folcker-klar-som-prisutdelare-pa-kampsportsgalan\/\" \/>\n<meta property=\"og:locale\" content=\"sv_SE\" \/>\n<meta property=\"og:type\" content=\"article\" \/>\n<meta property=\"og:title\" content=\"Jessica Folcker klar som prisutdelare p\u00e5 Kampsportsgalan - Svenska Budo &amp; Kampsportsf\u00f6rbundet\" \/>\n<meta property=\"og:description\" content=\"S\u00e5ngerskan Jessica Folcker \u00e4r utrustad med ett gediget kampsportsintresse och hon \u00e4r nu klar som prisutdelare p\u00e5 Kampsportsgalan den 23:e mars p\u00e5 Berns Salonger i Stockholm.\u00a0\u00a0 - Det k\u00e4nns fantastiskt kul och mycket sp\u00e4nnande, s\u00e4ger hon till budokampsport.se.\" \/>\n<meta property=\"og:url\" content=\"https:\/\/www.budokampsport.se\/2013\/03\/19\/jessica-folcker-klar-som-prisutdelare-pa-kampsportsgalan\/\" \/>\n<meta property=\"og:site_name\" content=\"Svenska Budo &amp; Kampsportsf\u00f6rbundet\" \/>\n<meta property=\"article:author\" content=\"https:\/\/www.facebook.com\/jonathan.broberg.7\" \/>\n<meta property=\"article:published_time\" content=\"2013-03-19T15:36:16+00:00\" \/>\n<meta property=\"article:modified_time\" content=\"2016-12-06T21:35:45+00:00\" \/>\n<meta name=\"author\" content=\"Jonathan Broberg\" \/>\n<meta name=\"twitter:card\" content=\"summary_large_image\" \/>\n<meta name=\"twitter:label1\" content=\"Skriven av\" \/>\n\t<meta name=\"twitter:data1\" content=\"Jonathan Broberg\" \/>\n\t<meta name=\"twitter:label2\" content=\"Ber\u00e4knad l\u00e4stid\" \/>\n\t<meta name=\"twitter:data2\" content=\"3 minuter\" \/>\n<script type=\"application\/ld+json\" class=\"yoast-schema-graph\">{\"@context\":\"https:\/\/schema.org\",\"@graph\":[{\"@type\":\"Article\",\"@id\":\"https:\/\/www.budokampsport.se\/2013\/03\/19\/jessica-folcker-klar-som-prisutdelare-pa-kampsportsgalan\/#article\",\"isPartOf\":{\"@id\":\"https:\/\/www.budokampsport.se\/2013\/03\/19\/jessica-folcker-klar-som-prisutdelare-pa-kampsportsgalan\/\"},\"author\":{\"name\":\"Jonathan Broberg\",\"@id\":\"https:\/\/www.budokampsport.se\/#\/schema\/person\/5c06d81d14850e2a8ce5493386560145\"},\"headline\":\"Jessica Folcker klar som prisutdelare p\u00e5 Kampsportsgalan\",\"datePublished\":\"2013-03-19T15:36:16+00:00\",\"dateModified\":\"2016-12-06T21:35:45+00:00\",\"mainEntityOfPage\":{\"@id\":\"https:\/\/www.budokampsport.se\/2013\/03\/19\/jessica-folcker-klar-som-prisutdelare-pa-kampsportsgalan\/\"},\"wordCount\":562,\"inLanguage\":\"sv-SE\"},{\"@type\":\"WebPage\",\"@id\":\"https:\/\/www.budokampsport.se\/2013\/03\/19\/jessica-folcker-klar-som-prisutdelare-pa-kampsportsgalan\/\",\"url\":\"https:\/\/www.budokampsport.se\/2013\/03\/19\/jessica-folcker-klar-som-prisutdelare-pa-kampsportsgalan\/\",\"name\":\"Jessica Folcker klar som prisutdelare p\u00e5 Kampsportsgalan - Svenska Budo &amp; Kampsportsf\u00f6rbundet\",\"isPartOf\":{\"@id\":\"https:\/\/www.budokampsport.se\/#website\"},\"datePublished\":\"2013-03-19T15:36:16+00:00\",\"dateModified\":\"2016-12-06T21:35:45+00:00\",\"author\":{\"@id\":\"https:\/\/www.budokampsport.se\/#\/schema\/person\/5c06d81d14850e2a8ce5493386560145\"},\"description\":\"S\u00e5ngerskan Jessica Folcker \u00e4r utrustad med ett gediget kampsportsintresse och hon \u00e4r nu klar som prisutdelare p\u00e5 Kampsportsgalan den 23:e mars p\u00e5 Berns Salonger i Stockholm.\u00a0\u00a0 - Det k\u00e4nns fantastiskt kul och mycket sp\u00e4nnande, s\u00e4ger hon till budokampsport.se.\",\"breadcrumb\":{\"@id\":\"https:\/\/www.budokampsport.se\/2013\/03\/19\/jessica-folcker-klar-som-prisutdelare-pa-kampsportsgalan\/#breadcrumb\"},\"inLanguage\":\"sv-SE\",\"potentialAction\":[{\"@type\":\"ReadAction\",\"target\":[\"https:\/\/www.budokampsport.se\/2013\/03\/19\/jessica-folcker-klar-som-prisutdelare-pa-kampsportsgalan\/\"]}]},{\"@type\":\"BreadcrumbList\",\"@id\":\"https:\/\/www.budokampsport.se\/2013\/03\/19\/jessica-folcker-klar-som-prisutdelare-pa-kampsportsgalan\/#breadcrumb\",\"itemListElement\":[{\"@type\":\"ListItem\",\"position\":1,\"name\":\"Hem\",\"item\":\"https:\/\/www.budokampsport.se\/\"},{\"@type\":\"ListItem\",\"position\":2,\"name\":\"Jessica Folcker klar som prisutdelare p\u00e5 Kampsportsgalan\"}]},{\"@type\":\"WebSite\",\"@id\":\"https:\/\/www.budokampsport.se\/#website\",\"url\":\"https:\/\/www.budokampsport.se\/\",\"name\":\"Svenska Budo &amp; Kampsportsf\u00f6rbundet\",\"description\":\"T\u00e4vling, Tr\u00e4ning, Tradition\",\"potentialAction\":[{\"@type\":\"SearchAction\",\"target\":{\"@type\":\"EntryPoint\",\"urlTemplate\":\"https:\/\/www.budokampsport.se\/?s={search_term_string}\"},\"query-input\":{\"@type\":\"PropertyValueSpecification\",\"valueRequired\":true,\"valueName\":\"search_term_string\"}}],\"inLanguage\":\"sv-SE\"},{\"@type\":\"Person\",\"@id\":\"https:\/\/www.budokampsport.se\/#\/schema\/person\/5c06d81d14850e2a8ce5493386560145\",\"name\":\"Jonathan Broberg\",\"image\":{\"@type\":\"ImageObject\",\"inLanguage\":\"sv-SE\",\"@id\":\"https:\/\/www.budokampsport.se\/#\/schema\/person\/image\/\",\"url\":\"https:\/\/secure.gravatar.com\/avatar\/a58041c6cea9128bd9c40ee2f26d4136?s=96&d=blank&r=g\",\"contentUrl\":\"https:\/\/secure.gravatar.com\/avatar\/a58041c6cea9128bd9c40ee2f26d4136?s=96&d=blank&r=g\",\"caption\":\"Jonathan Broberg\"},\"sameAs\":[\"https:\/\/www.facebook.com\/jonathan.broberg.7\"],\"url\":\"https:\/\/www.budokampsport.se\/author\/jonathan\/\"}]}<\/script>\n<!-- \/ Yoast SEO plugin. -->","yoast_head_json":{"title":"Jessica Folcker klar som prisutdelare p\u00e5 Kampsportsgalan - Svenska Budo &amp; Kampsportsf\u00f6rbundet","description":"S\u00e5ngerskan Jessica Folcker \u00e4r utrustad med ett gediget kampsportsintresse och hon \u00e4r nu klar som prisutdelare p\u00e5 Kampsportsgalan den 23:e mars p\u00e5 Berns Salonger i Stockholm.\u00a0\u00a0 - Det k\u00e4nns fantastiskt kul och mycket sp\u00e4nnande, s\u00e4ger hon till budokampsport.se.","robots":{"index":"index","follow":"follow","max-snippet":"max-snippet:-1","max-image-preview":"max-image-preview:large","max-video-preview":"max-video-preview:-1"},"canonical":"https:\/\/www.budokampsport.se\/2013\/03\/19\/jessica-folcker-klar-som-prisutdelare-pa-kampsportsgalan\/","og_locale":"sv_SE","og_type":"article","og_title":"Jessica Folcker klar som prisutdelare p\u00e5 Kampsportsgalan - Svenska Budo &amp; Kampsportsf\u00f6rbundet","og_description":"S\u00e5ngerskan Jessica Folcker \u00e4r utrustad med ett gediget kampsportsintresse och hon \u00e4r nu klar som prisutdelare p\u00e5 Kampsportsgalan den 23:e mars p\u00e5 Berns Salonger i Stockholm.\u00a0\u00a0 - Det k\u00e4nns fantastiskt kul och mycket sp\u00e4nnande, s\u00e4ger hon till budokampsport.se.","og_url":"https:\/\/www.budokampsport.se\/2013\/03\/19\/jessica-folcker-klar-som-prisutdelare-pa-kampsportsgalan\/","og_site_name":"Svenska Budo &amp; Kampsportsf\u00f6rbundet","article_author":"https:\/\/www.facebook.com\/jonathan.broberg.7","article_published_time":"2013-03-19T15:36:16+00:00","article_modified_time":"2016-12-06T21:35:45+00:00","author":"Jonathan Broberg","twitter_card":"summary_large_image","twitter_misc":{"Skriven av":"Jonathan Broberg","Ber\u00e4knad l\u00e4stid":"3 minuter"},"schema":{"@context":"https:\/\/schema.org","@graph":[{"@type":"Article","@id":"https:\/\/www.budokampsport.se\/2013\/03\/19\/jessica-folcker-klar-som-prisutdelare-pa-kampsportsgalan\/#article","isPartOf":{"@id":"https:\/\/www.budokampsport.se\/2013\/03\/19\/jessica-folcker-klar-som-prisutdelare-pa-kampsportsgalan\/"},"author":{"name":"Jonathan Broberg","@id":"https:\/\/www.budokampsport.se\/#\/schema\/person\/5c06d81d14850e2a8ce5493386560145"},"headline":"Jessica Folcker klar som prisutdelare p\u00e5 Kampsportsgalan","datePublished":"2013-03-19T15:36:16+00:00","dateModified":"2016-12-06T21:35:45+00:00","mainEntityOfPage":{"@id":"https:\/\/www.budokampsport.se\/2013\/03\/19\/jessica-folcker-klar-som-prisutdelare-pa-kampsportsgalan\/"},"wordCount":562,"inLanguage":"sv-SE"},{"@type":"WebPage","@id":"https:\/\/www.budokampsport.se\/2013\/03\/19\/jessica-folcker-klar-som-prisutdelare-pa-kampsportsgalan\/","url":"https:\/\/www.budokampsport.se\/2013\/03\/19\/jessica-folcker-klar-som-prisutdelare-pa-kampsportsgalan\/","name":"Jessica Folcker klar som prisutdelare p\u00e5 Kampsportsgalan - Svenska Budo &amp; Kampsportsf\u00f6rbundet","isPartOf":{"@id":"https:\/\/www.budokampsport.se\/#website"},"datePublished":"2013-03-19T15:36:16+00:00","dateModified":"2016-12-06T21:35:45+00:00","author":{"@id":"https:\/\/www.budokampsport.se\/#\/schema\/person\/5c06d81d14850e2a8ce5493386560145"},"description":"S\u00e5ngerskan Jessica Folcker \u00e4r utrustad med ett gediget kampsportsintresse och hon \u00e4r nu klar som prisutdelare p\u00e5 Kampsportsgalan den 23:e mars p\u00e5 Berns Salonger i Stockholm.\u00a0\u00a0 - Det k\u00e4nns fantastiskt kul och mycket sp\u00e4nnande, s\u00e4ger hon till budokampsport.se.","breadcrumb":{"@id":"https:\/\/www.budokampsport.se\/2013\/03\/19\/jessica-folcker-klar-som-prisutdelare-pa-kampsportsgalan\/#breadcrumb"},"inLanguage":"sv-SE","potentialAction":[{"@type":"ReadAction","target":["https:\/\/www.budokampsport.se\/2013\/03\/19\/jessica-folcker-klar-som-prisutdelare-pa-kampsportsgalan\/"]}]},{"@type":"BreadcrumbList","@id":"https:\/\/www.budokampsport.se\/2013\/03\/19\/jessica-folcker-klar-som-prisutdelare-pa-kampsportsgalan\/#breadcrumb","itemListElement":[{"@type":"ListItem","position":1,"name":"Hem","item":"https:\/\/www.budokampsport.se\/"},{"@type":"ListItem","position":2,"name":"Jessica Folcker klar som prisutdelare p\u00e5 Kampsportsgalan"}]},{"@type":"WebSite","@id":"https:\/\/www.budokampsport.se\/#website","url":"https:\/\/www.budokampsport.se\/","name":"Svenska Budo &amp; Kampsportsf\u00f6rbundet","description":"T\u00e4vling, Tr\u00e4ning, Tradition","potentialAction":[{"@type":"SearchAction","target":{"@type":"EntryPoint","urlTemplate":"https:\/\/www.budokampsport.se\/?s={search_term_string}"},"query-input":{"@type":"PropertyValueSpecification","valueRequired":true,"valueName":"search_term_string"}}],"inLanguage":"sv-SE"},{"@type":"Person","@id":"https:\/\/www.budokampsport.se\/#\/schema\/person\/5c06d81d14850e2a8ce5493386560145","name":"Jonathan Broberg","image":{"@type":"ImageObject","inLanguage":"sv-SE","@id":"https:\/\/www.budokampsport.se\/#\/schema\/person\/image\/","url":"https:\/\/secure.gravatar.com\/avatar\/a58041c6cea9128bd9c40ee2f26d4136?s=96&d=blank&r=g","contentUrl":"https:\/\/secure.gravatar.com\/avatar\/a58041c6cea9128bd9c40ee2f26d4136?s=96&d=blank&r=g","caption":"Jonathan Broberg"},"sameAs":["https:\/\/www.facebook.com\/jonathan.broberg.7"],"url":"https:\/\/www.budokampsport.se\/author\/jonathan\/"}]}},"_links":{"self":[{"href":"https:\/\/www.budokampsport.se\/api\/wp\/v2\/posts\/4572","targetHints":{"allow":["GET"]}}],"collection":[{"href":"https:\/\/www.budokampsport.se\/api\/wp\/v2\/posts"}],"about":[{"href":"https:\/\/www.budokampsport.se\/api\/wp\/v2\/types\/post"}],"author":[{"embeddable":true,"href":"https:\/\/www.budokampsport.se\/api\/wp\/v2\/users\/7"}],"replies":[{"embeddable":true,"href":"https:\/\/www.budokampsport.se\/api\/wp\/v2\/comments?post=4572"}],"version-history":[{"count":0,"href":"https:\/\/www.budokampsport.se\/api\/wp\/v2\/posts\/4572\/revisions"}],"wp:attachment":[{"href":"https:\/\/www.budokampsport.se\/api\/wp\/v2\/media?parent=4572"}],"wp:term":[{"taxonomy":"category","embeddable":true,"href":"https:\/\/www.budokampsport.se\/api\/wp\/v2\/categories?post=4572"},{"taxonomy":"post_tag","embeddable":true,"href":"https:\/\/www.budokampsport.se\/api\/wp\/v2\/tags?post=4572"}],"curies":[{"name":"wp","href":"https:\/\/api.w.org\/{rel}","templated":true}]}}