{"id":4580,"date":"2013-03-22T11:17:04","date_gmt":"2013-03-22T10:17:04","guid":{"rendered":"http:\/\/budo.wordpress.dev\/2013\/03\/22\/arets-uppvisningar-pa-kampsportsgalan-capoeira-och-jodo\/"},"modified":"2016-12-06T22:35:47","modified_gmt":"2016-12-06T21:35:47","slug":"arets-uppvisningar-pa-kampsportsgalan-capoeira-och-jodo","status":"publish","type":"post","link":"https:\/\/www.budokampsport.se\/2013\/03\/22\/arets-uppvisningar-pa-kampsportsgalan-capoeira-och-jodo\/","title":{"rendered":"\u00c5rets uppvisningar p\u00e5 Kampsportsgalan \u2013 capoeira och jodo"},"content":{"rendered":"<p><strong><img decoding=\"async\" style=\"width: 145px; height: 109px; float: right;\" alt=\"\" src=\"\/sites\/default\/files\/sida_yin.jpg\">Varje \u00e5r p\u00e5 Kampsportsgalan har det visats upp ett antal idrotter inom Svenska Budo &#038; Kampsportsf\u00f6rbundet. I morgon kommer tv\u00e5 idrotter som f\u00f6rr inte visats upp att ha uppvisningar, det g\u00e4ller capoeira via en av Sveriges fr\u00e4msta ut\u00f6vare Martin Blad och jodo via landslagets Sida Yin och Jesper Waldest\u00e5l<\/strong>.<\/p>\n<p>Kampsportsgalan h\u00e5lls p\u00e5 Berns salonger med start 19.00.<!--break--><\/p>\n","protected":false},"excerpt":{"rendered":"<p><strong><img decoding=\"async\" style=\"width: 145px; height: 109px; float: right;\" alt=\"\" src=\"\/sites\/default\/files\/sida_yin.jpg\">Varje \u00e5r p\u00e5 Kampsportsgalan har det visats upp ett antal idrotter inom Svenska Budo &#038; Kampsportsf\u00f6rbundet. I morgon kommer tv\u00e5 idrotter som f\u00f6rr inte visats upp att ha uppvisningar, det g\u00e4ller capoeira via en av Sveriges fr\u00e4msta ut\u00f6vare Martin Blad och jodo via landslagets Sida Yin och Jesper Waldest\u00e5l<\/strong>.<\/p><br><p>Kampsportsgalan h\u00e5lls p\u00e5 Berns salonger med start 19.00.<\/p><br>","protected":false},"author":7,"featured_media":0,"comment_status":"closed","ping_status":"closed","sticky":false,"template":"","format":"standard","meta":{"_acf_changed":false,"footnotes":""},"categories":[1],"tags":[],"class_list":["post-4580","post","type-post","status-publish","format-standard","hentry","category-okategoriserade"],"acf":[],"yoast_head":"<!-- This site is optimized with the Yoast SEO plugin v26.8 - https:\/\/yoast.com\/product\/yoast-seo-wordpress\/ -->\n<title>\u00c5rets uppvisningar p\u00e5 Kampsportsgalan \u2013 capoeira och jodo - Svenska Budo &amp; Kampsportsf\u00f6rbundet<\/title>\n<meta name=\"description\" content=\"Varje \u00e5r p\u00e5 Kampsportsgalan har det visats upp ett antal idrotter inom Svenska Budo &amp; Kampsportsf\u00f6rbundet. I morgon kommer tv\u00e5 idrotter som f\u00f6rr inte visats upp att ha uppvisningar, det g\u00e4ller capoeira via en av Sveriges fr\u00e4msta ut\u00f6vare Martin Blad och jodo via landslagets Sida Yin och Jesper Waldest\u00e5l. Kampsportsgalan h\u00e5lls p\u00e5 Berns salonger med start 19.00.\" \/>\n<meta name=\"robots\" content=\"index, follow, max-snippet:-1, max-image-preview:large, max-video-preview:-1\" \/>\n<link rel=\"canonical\" href=\"https:\/\/www.budokampsport.se\/2013\/03\/22\/arets-uppvisningar-pa-kampsportsgalan-capoeira-och-jodo\/\" \/>\n<meta property=\"og:locale\" content=\"sv_SE\" \/>\n<meta property=\"og:type\" content=\"article\" \/>\n<meta property=\"og:title\" content=\"\u00c5rets uppvisningar p\u00e5 Kampsportsgalan \u2013 capoeira och jodo - Svenska Budo &amp; Kampsportsf\u00f6rbundet\" \/>\n<meta property=\"og:description\" content=\"Varje \u00e5r p\u00e5 Kampsportsgalan har det visats upp ett antal idrotter inom Svenska Budo &amp; Kampsportsf\u00f6rbundet. I morgon kommer tv\u00e5 idrotter som f\u00f6rr inte visats upp att ha uppvisningar, det g\u00e4ller capoeira via en av Sveriges fr\u00e4msta ut\u00f6vare Martin Blad och jodo via landslagets Sida Yin och Jesper Waldest\u00e5l. Kampsportsgalan h\u00e5lls p\u00e5 Berns salonger med start 19.00.\" \/>\n<meta property=\"og:url\" content=\"https:\/\/www.budokampsport.se\/2013\/03\/22\/arets-uppvisningar-pa-kampsportsgalan-capoeira-och-jodo\/\" \/>\n<meta property=\"og:site_name\" content=\"Svenska Budo &amp; Kampsportsf\u00f6rbundet\" \/>\n<meta property=\"article:author\" content=\"https:\/\/www.facebook.com\/jonathan.broberg.7\" \/>\n<meta property=\"article:published_time\" content=\"2013-03-22T10:17:04+00:00\" \/>\n<meta property=\"article:modified_time\" content=\"2016-12-06T21:35:47+00:00\" \/>\n<meta name=\"author\" content=\"Jonathan Broberg\" \/>\n<meta name=\"twitter:card\" content=\"summary_large_image\" \/>\n<meta name=\"twitter:label1\" content=\"Skriven av\" \/>\n\t<meta name=\"twitter:data1\" content=\"Jonathan Broberg\" \/>\n<script type=\"application\/ld+json\" class=\"yoast-schema-graph\">{\"@context\":\"https:\/\/schema.org\",\"@graph\":[{\"@type\":\"Article\",\"@id\":\"https:\/\/www.budokampsport.se\/2013\/03\/22\/arets-uppvisningar-pa-kampsportsgalan-capoeira-och-jodo\/#article\",\"isPartOf\":{\"@id\":\"https:\/\/www.budokampsport.se\/2013\/03\/22\/arets-uppvisningar-pa-kampsportsgalan-capoeira-och-jodo\/\"},\"author\":{\"name\":\"Jonathan Broberg\",\"@id\":\"https:\/\/www.budokampsport.se\/#\/schema\/person\/5c06d81d14850e2a8ce5493386560145\"},\"headline\":\"\u00c5rets uppvisningar p\u00e5 Kampsportsgalan \u2013 capoeira och jodo\",\"datePublished\":\"2013-03-22T10:17:04+00:00\",\"dateModified\":\"2016-12-06T21:35:47+00:00\",\"mainEntityOfPage\":{\"@id\":\"https:\/\/www.budokampsport.se\/2013\/03\/22\/arets-uppvisningar-pa-kampsportsgalan-capoeira-och-jodo\/\"},\"wordCount\":69,\"inLanguage\":\"sv-SE\"},{\"@type\":\"WebPage\",\"@id\":\"https:\/\/www.budokampsport.se\/2013\/03\/22\/arets-uppvisningar-pa-kampsportsgalan-capoeira-och-jodo\/\",\"url\":\"https:\/\/www.budokampsport.se\/2013\/03\/22\/arets-uppvisningar-pa-kampsportsgalan-capoeira-och-jodo\/\",\"name\":\"\u00c5rets uppvisningar p\u00e5 Kampsportsgalan \u2013 capoeira och jodo - Svenska Budo &amp; Kampsportsf\u00f6rbundet\",\"isPartOf\":{\"@id\":\"https:\/\/www.budokampsport.se\/#website\"},\"datePublished\":\"2013-03-22T10:17:04+00:00\",\"dateModified\":\"2016-12-06T21:35:47+00:00\",\"author\":{\"@id\":\"https:\/\/www.budokampsport.se\/#\/schema\/person\/5c06d81d14850e2a8ce5493386560145\"},\"description\":\"Varje \u00e5r p\u00e5 Kampsportsgalan har det visats upp ett antal idrotter inom Svenska Budo & Kampsportsf\u00f6rbundet. I morgon kommer tv\u00e5 idrotter som f\u00f6rr inte visats upp att ha uppvisningar, det g\u00e4ller capoeira via en av Sveriges fr\u00e4msta ut\u00f6vare Martin Blad och jodo via landslagets Sida Yin och Jesper Waldest\u00e5l. Kampsportsgalan h\u00e5lls p\u00e5 Berns salonger med start 19.00.\",\"breadcrumb\":{\"@id\":\"https:\/\/www.budokampsport.se\/2013\/03\/22\/arets-uppvisningar-pa-kampsportsgalan-capoeira-och-jodo\/#breadcrumb\"},\"inLanguage\":\"sv-SE\",\"potentialAction\":[{\"@type\":\"ReadAction\",\"target\":[\"https:\/\/www.budokampsport.se\/2013\/03\/22\/arets-uppvisningar-pa-kampsportsgalan-capoeira-och-jodo\/\"]}]},{\"@type\":\"BreadcrumbList\",\"@id\":\"https:\/\/www.budokampsport.se\/2013\/03\/22\/arets-uppvisningar-pa-kampsportsgalan-capoeira-och-jodo\/#breadcrumb\",\"itemListElement\":[{\"@type\":\"ListItem\",\"position\":1,\"name\":\"Hem\",\"item\":\"https:\/\/www.budokampsport.se\/\"},{\"@type\":\"ListItem\",\"position\":2,\"name\":\"\u00c5rets uppvisningar p\u00e5 Kampsportsgalan \u2013 capoeira och jodo\"}]},{\"@type\":\"WebSite\",\"@id\":\"https:\/\/www.budokampsport.se\/#website\",\"url\":\"https:\/\/www.budokampsport.se\/\",\"name\":\"Svenska Budo &amp; Kampsportsf\u00f6rbundet\",\"description\":\"T\u00e4vling, Tr\u00e4ning, Tradition\",\"potentialAction\":[{\"@type\":\"SearchAction\",\"target\":{\"@type\":\"EntryPoint\",\"urlTemplate\":\"https:\/\/www.budokampsport.se\/?s={search_term_string}\"},\"query-input\":{\"@type\":\"PropertyValueSpecification\",\"valueRequired\":true,\"valueName\":\"search_term_string\"}}],\"inLanguage\":\"sv-SE\"},{\"@type\":\"Person\",\"@id\":\"https:\/\/www.budokampsport.se\/#\/schema\/person\/5c06d81d14850e2a8ce5493386560145\",\"name\":\"Jonathan Broberg\",\"image\":{\"@type\":\"ImageObject\",\"inLanguage\":\"sv-SE\",\"@id\":\"https:\/\/www.budokampsport.se\/#\/schema\/person\/image\/\",\"url\":\"https:\/\/secure.gravatar.com\/avatar\/a58041c6cea9128bd9c40ee2f26d4136?s=96&d=blank&r=g\",\"contentUrl\":\"https:\/\/secure.gravatar.com\/avatar\/a58041c6cea9128bd9c40ee2f26d4136?s=96&d=blank&r=g\",\"caption\":\"Jonathan Broberg\"},\"sameAs\":[\"https:\/\/www.facebook.com\/jonathan.broberg.7\"],\"url\":\"https:\/\/www.budokampsport.se\/author\/jonathan\/\"}]}<\/script>\n<!-- \/ Yoast SEO plugin. -->","yoast_head_json":{"title":"\u00c5rets uppvisningar p\u00e5 Kampsportsgalan \u2013 capoeira och jodo - Svenska Budo &amp; Kampsportsf\u00f6rbundet","description":"Varje \u00e5r p\u00e5 Kampsportsgalan har det visats upp ett antal idrotter inom Svenska Budo & Kampsportsf\u00f6rbundet. I morgon kommer tv\u00e5 idrotter som f\u00f6rr inte visats upp att ha uppvisningar, det g\u00e4ller capoeira via en av Sveriges fr\u00e4msta ut\u00f6vare Martin Blad och jodo via landslagets Sida Yin och Jesper Waldest\u00e5l. Kampsportsgalan h\u00e5lls p\u00e5 Berns salonger med start 19.00.","robots":{"index":"index","follow":"follow","max-snippet":"max-snippet:-1","max-image-preview":"max-image-preview:large","max-video-preview":"max-video-preview:-1"},"canonical":"https:\/\/www.budokampsport.se\/2013\/03\/22\/arets-uppvisningar-pa-kampsportsgalan-capoeira-och-jodo\/","og_locale":"sv_SE","og_type":"article","og_title":"\u00c5rets uppvisningar p\u00e5 Kampsportsgalan \u2013 capoeira och jodo - Svenska Budo &amp; Kampsportsf\u00f6rbundet","og_description":"Varje \u00e5r p\u00e5 Kampsportsgalan har det visats upp ett antal idrotter inom Svenska Budo & Kampsportsf\u00f6rbundet. I morgon kommer tv\u00e5 idrotter som f\u00f6rr inte visats upp att ha uppvisningar, det g\u00e4ller capoeira via en av Sveriges fr\u00e4msta ut\u00f6vare Martin Blad och jodo via landslagets Sida Yin och Jesper Waldest\u00e5l. Kampsportsgalan h\u00e5lls p\u00e5 Berns salonger med start 19.00.","og_url":"https:\/\/www.budokampsport.se\/2013\/03\/22\/arets-uppvisningar-pa-kampsportsgalan-capoeira-och-jodo\/","og_site_name":"Svenska Budo &amp; Kampsportsf\u00f6rbundet","article_author":"https:\/\/www.facebook.com\/jonathan.broberg.7","article_published_time":"2013-03-22T10:17:04+00:00","article_modified_time":"2016-12-06T21:35:47+00:00","author":"Jonathan Broberg","twitter_card":"summary_large_image","twitter_misc":{"Skriven av":"Jonathan Broberg"},"schema":{"@context":"https:\/\/schema.org","@graph":[{"@type":"Article","@id":"https:\/\/www.budokampsport.se\/2013\/03\/22\/arets-uppvisningar-pa-kampsportsgalan-capoeira-och-jodo\/#article","isPartOf":{"@id":"https:\/\/www.budokampsport.se\/2013\/03\/22\/arets-uppvisningar-pa-kampsportsgalan-capoeira-och-jodo\/"},"author":{"name":"Jonathan Broberg","@id":"https:\/\/www.budokampsport.se\/#\/schema\/person\/5c06d81d14850e2a8ce5493386560145"},"headline":"\u00c5rets uppvisningar p\u00e5 Kampsportsgalan \u2013 capoeira och jodo","datePublished":"2013-03-22T10:17:04+00:00","dateModified":"2016-12-06T21:35:47+00:00","mainEntityOfPage":{"@id":"https:\/\/www.budokampsport.se\/2013\/03\/22\/arets-uppvisningar-pa-kampsportsgalan-capoeira-och-jodo\/"},"wordCount":69,"inLanguage":"sv-SE"},{"@type":"WebPage","@id":"https:\/\/www.budokampsport.se\/2013\/03\/22\/arets-uppvisningar-pa-kampsportsgalan-capoeira-och-jodo\/","url":"https:\/\/www.budokampsport.se\/2013\/03\/22\/arets-uppvisningar-pa-kampsportsgalan-capoeira-och-jodo\/","name":"\u00c5rets uppvisningar p\u00e5 Kampsportsgalan \u2013 capoeira och jodo - Svenska Budo &amp; Kampsportsf\u00f6rbundet","isPartOf":{"@id":"https:\/\/www.budokampsport.se\/#website"},"datePublished":"2013-03-22T10:17:04+00:00","dateModified":"2016-12-06T21:35:47+00:00","author":{"@id":"https:\/\/www.budokampsport.se\/#\/schema\/person\/5c06d81d14850e2a8ce5493386560145"},"description":"Varje \u00e5r p\u00e5 Kampsportsgalan har det visats upp ett antal idrotter inom Svenska Budo & Kampsportsf\u00f6rbundet. I morgon kommer tv\u00e5 idrotter som f\u00f6rr inte visats upp att ha uppvisningar, det g\u00e4ller capoeira via en av Sveriges fr\u00e4msta ut\u00f6vare Martin Blad och jodo via landslagets Sida Yin och Jesper Waldest\u00e5l. Kampsportsgalan h\u00e5lls p\u00e5 Berns salonger med start 19.00.","breadcrumb":{"@id":"https:\/\/www.budokampsport.se\/2013\/03\/22\/arets-uppvisningar-pa-kampsportsgalan-capoeira-och-jodo\/#breadcrumb"},"inLanguage":"sv-SE","potentialAction":[{"@type":"ReadAction","target":["https:\/\/www.budokampsport.se\/2013\/03\/22\/arets-uppvisningar-pa-kampsportsgalan-capoeira-och-jodo\/"]}]},{"@type":"BreadcrumbList","@id":"https:\/\/www.budokampsport.se\/2013\/03\/22\/arets-uppvisningar-pa-kampsportsgalan-capoeira-och-jodo\/#breadcrumb","itemListElement":[{"@type":"ListItem","position":1,"name":"Hem","item":"https:\/\/www.budokampsport.se\/"},{"@type":"ListItem","position":2,"name":"\u00c5rets uppvisningar p\u00e5 Kampsportsgalan \u2013 capoeira och jodo"}]},{"@type":"WebSite","@id":"https:\/\/www.budokampsport.se\/#website","url":"https:\/\/www.budokampsport.se\/","name":"Svenska Budo &amp; Kampsportsf\u00f6rbundet","description":"T\u00e4vling, Tr\u00e4ning, Tradition","potentialAction":[{"@type":"SearchAction","target":{"@type":"EntryPoint","urlTemplate":"https:\/\/www.budokampsport.se\/?s={search_term_string}"},"query-input":{"@type":"PropertyValueSpecification","valueRequired":true,"valueName":"search_term_string"}}],"inLanguage":"sv-SE"},{"@type":"Person","@id":"https:\/\/www.budokampsport.se\/#\/schema\/person\/5c06d81d14850e2a8ce5493386560145","name":"Jonathan Broberg","image":{"@type":"ImageObject","inLanguage":"sv-SE","@id":"https:\/\/www.budokampsport.se\/#\/schema\/person\/image\/","url":"https:\/\/secure.gravatar.com\/avatar\/a58041c6cea9128bd9c40ee2f26d4136?s=96&d=blank&r=g","contentUrl":"https:\/\/secure.gravatar.com\/avatar\/a58041c6cea9128bd9c40ee2f26d4136?s=96&d=blank&r=g","caption":"Jonathan Broberg"},"sameAs":["https:\/\/www.facebook.com\/jonathan.broberg.7"],"url":"https:\/\/www.budokampsport.se\/author\/jonathan\/"}]}},"_links":{"self":[{"href":"https:\/\/www.budokampsport.se\/api\/wp\/v2\/posts\/4580","targetHints":{"allow":["GET"]}}],"collection":[{"href":"https:\/\/www.budokampsport.se\/api\/wp\/v2\/posts"}],"about":[{"href":"https:\/\/www.budokampsport.se\/api\/wp\/v2\/types\/post"}],"author":[{"embeddable":true,"href":"https:\/\/www.budokampsport.se\/api\/wp\/v2\/users\/7"}],"replies":[{"embeddable":true,"href":"https:\/\/www.budokampsport.se\/api\/wp\/v2\/comments?post=4580"}],"version-history":[{"count":0,"href":"https:\/\/www.budokampsport.se\/api\/wp\/v2\/posts\/4580\/revisions"}],"wp:attachment":[{"href":"https:\/\/www.budokampsport.se\/api\/wp\/v2\/media?parent=4580"}],"wp:term":[{"taxonomy":"category","embeddable":true,"href":"https:\/\/www.budokampsport.se\/api\/wp\/v2\/categories?post=4580"},{"taxonomy":"post_tag","embeddable":true,"href":"https:\/\/www.budokampsport.se\/api\/wp\/v2\/tags?post=4580"}],"curies":[{"name":"wp","href":"https:\/\/api.w.org\/{rel}","templated":true}]}}