{"id":4581,"date":"2013-03-22T14:29:31","date_gmt":"2013-03-22T13:29:31","guid":{"rendered":"http:\/\/budo.wordpress.dev\/2013\/03\/22\/janne-westerlund-delar-ut-folkets-pris-guldtsuban\/"},"modified":"2016-12-06T22:35:47","modified_gmt":"2016-12-06T21:35:47","slug":"janne-westerlund-delar-ut-folkets-pris-guldtsuban","status":"publish","type":"post","link":"https:\/\/www.budokampsport.se\/2013\/03\/22\/janne-westerlund-delar-ut-folkets-pris-guldtsuban\/","title":{"rendered":"Janne Westerlund delar ut Folkets Pris \u2013 guldtsuban"},"content":{"rendered":"<p><strong><img decoding=\"async\" style=\"width: 125px; height: 187px; float: right;\" alt=\"\" src=\"\/sites\/default\/files\/westerlund_0.jpg\">Det blir komikern Janne Westerlund som f\u00e5r \u00e4ran att imorgon dela ut Folkets Pris \u2013 guldtsuban vid Kampsportsgalan. Westerlund har ett gediget kampsportsintresse och syns regelbundet som ring announcer vid Superiorgalorna.<br \/> \t\u00a0\u00a0 &#8211; Det blir en rolig kv\u00e4ll med mycket gl\u00e4dje, h\u00e4rliga m\u00e4nniskor och kanske lite barboxning med Ilir Latifi &#8211; om jag har tur, s\u00e4ger han till budokampsport.se.<!--break--><\/strong><\/p>\n<p>Imorgon \u00e4r det dags f\u00f6r Kampsportsgalan p\u00e5 Berns salonger i Stockholm. Det blir fj\u00e4rde \u00e5ret som galan arrangeras.<\/p>\n<p>Men det \u00e4r f\u00f6rsta g\u00e5ngen som den kampsports\u00e4lskande komikern Janne Westerlund, k\u00e4nd fr\u00e5n bland annat Stockholm Live, kommer.<br \/> \t\u00a0\u00a0 &#8211; Det ska bli v\u00e4ldigt roligt och en stor \u00e4ra, som kampsportsv\u00e4n \u00e4r det sj\u00e4lvklart att man st\u00e4ller upp. Sen att jag f\u00e5r dela ut det finaste priset \u00e4r ju bara en bonus.<\/p>\n<p><strong>\u201dKanelbullen har ju en egen dag\u201d<\/strong><br \/> \tJanne, vad \u00e4r din relation till kampsport i synnerhet och idrott i allm\u00e4nhet?<br \/> \t\u00a0\u00a0 &#8211; Jag arbetar som \u00f6dmjuk &#8220;king of ringannouncing&#8221; p\u00e5 MMA-galan Superior Challenge, vilket jag gjort sedan starten 2008. F\u00f6r l\u00e4nge sedan bes\u00f6kte jag ofta H\u00f6gdalens Budoklubb.<br \/> \tJag \u00e4r en riktig sportn\u00f6rd som gillar att titta p\u00e5, tala om och tr\u00e4na all form av idrott. Mina personliga m\u00e5l f\u00f6r 2013 \u00e4r att ta mig i m\u00e5l p\u00e5 G\u00f6teborgsvarvet, Stockholm Halvmarathon och att g\u00f6ra min PT Magdalena Bibik stolt. Samt att leverera tung ringannouncing f\u00f6r Superior Challenge under hela \u00e5ret framf\u00f6rallt den 23\/11 p\u00e5 Scandinavium i G\u00f6teborg.<\/p>\n<p><strong>Hur ser du p\u00e5 konceptet Kampsportsgalan?<\/strong><br \/> \t\u00a0\u00a0 &#8211; Kanelbullen har ju en egen dag!?<br \/> \t\u00a0\u00a0 &#8211; F\u00f6r mig \u00e4r det en sj\u00e4lvklarhet att de h\u00e5rdast tr\u00e4nande atleterna ska ha en egen gala.<br \/> \tTycker f\u00f6r\u00f6vrigt att det \u00e4r en skandal att inte kampsporten fick mer uppm\u00e4rksamhet p\u00e5 Idrottsgalan&#8230; dont get me started&#8230;<\/p>\n<p><strong>Vem \u00e4r Janne Westerlund?<\/strong><br \/> \t\u00a0\u00a0 &#8211; Stand-upkomiker, ringannouncer, humorproducent, radiokille, tv-finne, MMA-fan och v\u00e4ldigt, v\u00e4ldigt bra i s\u00e4ngen. All info om mig finns p\u00e5 <a href=\"http:\/\/www.jannewesterlund.com\">www.jannewesterlund.com<\/a>.<\/p>\n<p><strong>Hur kommer vi m\u00e4rka av att du \u00e4r komiker vid ditt prisutdelande&#8230;?<\/strong><br \/> \t\u00a0\u00a0 &#8211; Hur ska jag s\u00e4ga det..?<br \/> \t\u00a0\u00a0 &#8211; We want Suuuuuuuuuuperior Priiiiiiiiiiiiiiiiiiisutdelning! Michael and Bruce Buffer there is a new sheriff in town&#8230;<\/p>\n<p>Text: Jonathan Broberg<br \/> \tFoto: Superior Challenge<\/p>\n","protected":false},"excerpt":{"rendered":"<p><strong><img decoding=\"async\" style=\"width: 125px; height: 187px; float: right;\" alt=\"\" src=\"\/sites\/default\/files\/westerlund_0.jpg\">Det blir komikern Janne Westerlund som f\u00e5r \u00e4ran att imorgon dela ut Folkets Pris \u2013 guldtsuban vid Kampsportsgalan. Westerlund har ett gediget kampsportsintresse och syns regelbundet som ring announcer vid Superiorgalorna.<br \/><br>\t\u00a0\u00a0 &#8211; Det blir en rolig kv\u00e4ll med mycket gl\u00e4dje, h\u00e4rliga m\u00e4nniskor och kanske lite barboxning med Ilir Latifi &#8211; om jag har tur, s\u00e4ger han till budokampsport.se.<\/p><br>","protected":false},"author":7,"featured_media":0,"comment_status":"closed","ping_status":"closed","sticky":false,"template":"","format":"standard","meta":{"_acf_changed":false,"footnotes":""},"categories":[1],"tags":[],"class_list":["post-4581","post","type-post","status-publish","format-standard","hentry","category-okategoriserade"],"acf":[],"yoast_head":"<!-- This site is optimized with the Yoast SEO plugin v26.8 - https:\/\/yoast.com\/product\/yoast-seo-wordpress\/ -->\n<title>Janne Westerlund delar ut Folkets Pris \u2013 guldtsuban - Svenska Budo &amp; Kampsportsf\u00f6rbundet<\/title>\n<meta name=\"description\" content=\"Det blir komikern Janne Westerlund som f\u00e5r \u00e4ran att imorgon dela ut Folkets Pris \u2013 guldtsuban vid Kampsportsgalan. Westerlund har ett gediget kampsportsintresse och syns regelbundet som ring announcer vid Superiorgalorna. \u00a0\u00a0 - Det blir en rolig kv\u00e4ll med mycket gl\u00e4dje, h\u00e4rliga m\u00e4nniskor och kanske lite barboxning med Ilir Latifi - om jag har tur, s\u00e4ger han till budokampsport.se.\" \/>\n<meta name=\"robots\" content=\"index, follow, max-snippet:-1, max-image-preview:large, max-video-preview:-1\" \/>\n<link rel=\"canonical\" href=\"https:\/\/www.budokampsport.se\/2013\/03\/22\/janne-westerlund-delar-ut-folkets-pris-guldtsuban\/\" \/>\n<meta property=\"og:locale\" content=\"sv_SE\" \/>\n<meta property=\"og:type\" content=\"article\" \/>\n<meta property=\"og:title\" content=\"Janne Westerlund delar ut Folkets Pris \u2013 guldtsuban - Svenska Budo &amp; Kampsportsf\u00f6rbundet\" \/>\n<meta property=\"og:description\" content=\"Det blir komikern Janne Westerlund som f\u00e5r \u00e4ran att imorgon dela ut Folkets Pris \u2013 guldtsuban vid Kampsportsgalan. Westerlund har ett gediget kampsportsintresse och syns regelbundet som ring announcer vid Superiorgalorna. \u00a0\u00a0 - Det blir en rolig kv\u00e4ll med mycket gl\u00e4dje, h\u00e4rliga m\u00e4nniskor och kanske lite barboxning med Ilir Latifi - om jag har tur, s\u00e4ger han till budokampsport.se.\" \/>\n<meta property=\"og:url\" content=\"https:\/\/www.budokampsport.se\/2013\/03\/22\/janne-westerlund-delar-ut-folkets-pris-guldtsuban\/\" \/>\n<meta property=\"og:site_name\" content=\"Svenska Budo &amp; Kampsportsf\u00f6rbundet\" \/>\n<meta property=\"article:author\" content=\"https:\/\/www.facebook.com\/jonathan.broberg.7\" \/>\n<meta property=\"article:published_time\" content=\"2013-03-22T13:29:31+00:00\" \/>\n<meta property=\"article:modified_time\" content=\"2016-12-06T21:35:47+00:00\" \/>\n<meta name=\"author\" content=\"Jonathan Broberg\" \/>\n<meta name=\"twitter:card\" content=\"summary_large_image\" \/>\n<meta name=\"twitter:label1\" content=\"Skriven av\" \/>\n\t<meta name=\"twitter:data1\" content=\"Jonathan Broberg\" \/>\n\t<meta name=\"twitter:label2\" content=\"Ber\u00e4knad l\u00e4stid\" \/>\n\t<meta name=\"twitter:data2\" content=\"2 minuter\" \/>\n<script type=\"application\/ld+json\" class=\"yoast-schema-graph\">{\"@context\":\"https:\/\/schema.org\",\"@graph\":[{\"@type\":\"Article\",\"@id\":\"https:\/\/www.budokampsport.se\/2013\/03\/22\/janne-westerlund-delar-ut-folkets-pris-guldtsuban\/#article\",\"isPartOf\":{\"@id\":\"https:\/\/www.budokampsport.se\/2013\/03\/22\/janne-westerlund-delar-ut-folkets-pris-guldtsuban\/\"},\"author\":{\"name\":\"Jonathan Broberg\",\"@id\":\"https:\/\/www.budokampsport.se\/#\/schema\/person\/5c06d81d14850e2a8ce5493386560145\"},\"headline\":\"Janne Westerlund delar ut Folkets Pris \u2013 guldtsuban\",\"datePublished\":\"2013-03-22T13:29:31+00:00\",\"dateModified\":\"2016-12-06T21:35:47+00:00\",\"mainEntityOfPage\":{\"@id\":\"https:\/\/www.budokampsport.se\/2013\/03\/22\/janne-westerlund-delar-ut-folkets-pris-guldtsuban\/\"},\"wordCount\":395,\"inLanguage\":\"sv-SE\"},{\"@type\":\"WebPage\",\"@id\":\"https:\/\/www.budokampsport.se\/2013\/03\/22\/janne-westerlund-delar-ut-folkets-pris-guldtsuban\/\",\"url\":\"https:\/\/www.budokampsport.se\/2013\/03\/22\/janne-westerlund-delar-ut-folkets-pris-guldtsuban\/\",\"name\":\"Janne Westerlund delar ut Folkets Pris \u2013 guldtsuban - Svenska Budo &amp; Kampsportsf\u00f6rbundet\",\"isPartOf\":{\"@id\":\"https:\/\/www.budokampsport.se\/#website\"},\"datePublished\":\"2013-03-22T13:29:31+00:00\",\"dateModified\":\"2016-12-06T21:35:47+00:00\",\"author\":{\"@id\":\"https:\/\/www.budokampsport.se\/#\/schema\/person\/5c06d81d14850e2a8ce5493386560145\"},\"description\":\"Det blir komikern Janne Westerlund som f\u00e5r \u00e4ran att imorgon dela ut Folkets Pris \u2013 guldtsuban vid Kampsportsgalan. Westerlund har ett gediget kampsportsintresse och syns regelbundet som ring announcer vid Superiorgalorna. \u00a0\u00a0 - Det blir en rolig kv\u00e4ll med mycket gl\u00e4dje, h\u00e4rliga m\u00e4nniskor och kanske lite barboxning med Ilir Latifi - om jag har tur, s\u00e4ger han till budokampsport.se.\",\"breadcrumb\":{\"@id\":\"https:\/\/www.budokampsport.se\/2013\/03\/22\/janne-westerlund-delar-ut-folkets-pris-guldtsuban\/#breadcrumb\"},\"inLanguage\":\"sv-SE\",\"potentialAction\":[{\"@type\":\"ReadAction\",\"target\":[\"https:\/\/www.budokampsport.se\/2013\/03\/22\/janne-westerlund-delar-ut-folkets-pris-guldtsuban\/\"]}]},{\"@type\":\"BreadcrumbList\",\"@id\":\"https:\/\/www.budokampsport.se\/2013\/03\/22\/janne-westerlund-delar-ut-folkets-pris-guldtsuban\/#breadcrumb\",\"itemListElement\":[{\"@type\":\"ListItem\",\"position\":1,\"name\":\"Hem\",\"item\":\"https:\/\/www.budokampsport.se\/\"},{\"@type\":\"ListItem\",\"position\":2,\"name\":\"Janne Westerlund delar ut Folkets Pris \u2013 guldtsuban\"}]},{\"@type\":\"WebSite\",\"@id\":\"https:\/\/www.budokampsport.se\/#website\",\"url\":\"https:\/\/www.budokampsport.se\/\",\"name\":\"Svenska Budo &amp; Kampsportsf\u00f6rbundet\",\"description\":\"T\u00e4vling, Tr\u00e4ning, Tradition\",\"potentialAction\":[{\"@type\":\"SearchAction\",\"target\":{\"@type\":\"EntryPoint\",\"urlTemplate\":\"https:\/\/www.budokampsport.se\/?s={search_term_string}\"},\"query-input\":{\"@type\":\"PropertyValueSpecification\",\"valueRequired\":true,\"valueName\":\"search_term_string\"}}],\"inLanguage\":\"sv-SE\"},{\"@type\":\"Person\",\"@id\":\"https:\/\/www.budokampsport.se\/#\/schema\/person\/5c06d81d14850e2a8ce5493386560145\",\"name\":\"Jonathan Broberg\",\"image\":{\"@type\":\"ImageObject\",\"inLanguage\":\"sv-SE\",\"@id\":\"https:\/\/www.budokampsport.se\/#\/schema\/person\/image\/\",\"url\":\"https:\/\/secure.gravatar.com\/avatar\/a58041c6cea9128bd9c40ee2f26d4136?s=96&d=blank&r=g\",\"contentUrl\":\"https:\/\/secure.gravatar.com\/avatar\/a58041c6cea9128bd9c40ee2f26d4136?s=96&d=blank&r=g\",\"caption\":\"Jonathan Broberg\"},\"sameAs\":[\"https:\/\/www.facebook.com\/jonathan.broberg.7\"],\"url\":\"https:\/\/www.budokampsport.se\/author\/jonathan\/\"}]}<\/script>\n<!-- \/ Yoast SEO plugin. -->","yoast_head_json":{"title":"Janne Westerlund delar ut Folkets Pris \u2013 guldtsuban - Svenska Budo &amp; Kampsportsf\u00f6rbundet","description":"Det blir komikern Janne Westerlund som f\u00e5r \u00e4ran att imorgon dela ut Folkets Pris \u2013 guldtsuban vid Kampsportsgalan. Westerlund har ett gediget kampsportsintresse och syns regelbundet som ring announcer vid Superiorgalorna. \u00a0\u00a0 - Det blir en rolig kv\u00e4ll med mycket gl\u00e4dje, h\u00e4rliga m\u00e4nniskor och kanske lite barboxning med Ilir Latifi - om jag har tur, s\u00e4ger han till budokampsport.se.","robots":{"index":"index","follow":"follow","max-snippet":"max-snippet:-1","max-image-preview":"max-image-preview:large","max-video-preview":"max-video-preview:-1"},"canonical":"https:\/\/www.budokampsport.se\/2013\/03\/22\/janne-westerlund-delar-ut-folkets-pris-guldtsuban\/","og_locale":"sv_SE","og_type":"article","og_title":"Janne Westerlund delar ut Folkets Pris \u2013 guldtsuban - Svenska Budo &amp; Kampsportsf\u00f6rbundet","og_description":"Det blir komikern Janne Westerlund som f\u00e5r \u00e4ran att imorgon dela ut Folkets Pris \u2013 guldtsuban vid Kampsportsgalan. Westerlund har ett gediget kampsportsintresse och syns regelbundet som ring announcer vid Superiorgalorna. \u00a0\u00a0 - Det blir en rolig kv\u00e4ll med mycket gl\u00e4dje, h\u00e4rliga m\u00e4nniskor och kanske lite barboxning med Ilir Latifi - om jag har tur, s\u00e4ger han till budokampsport.se.","og_url":"https:\/\/www.budokampsport.se\/2013\/03\/22\/janne-westerlund-delar-ut-folkets-pris-guldtsuban\/","og_site_name":"Svenska Budo &amp; Kampsportsf\u00f6rbundet","article_author":"https:\/\/www.facebook.com\/jonathan.broberg.7","article_published_time":"2013-03-22T13:29:31+00:00","article_modified_time":"2016-12-06T21:35:47+00:00","author":"Jonathan Broberg","twitter_card":"summary_large_image","twitter_misc":{"Skriven av":"Jonathan Broberg","Ber\u00e4knad l\u00e4stid":"2 minuter"},"schema":{"@context":"https:\/\/schema.org","@graph":[{"@type":"Article","@id":"https:\/\/www.budokampsport.se\/2013\/03\/22\/janne-westerlund-delar-ut-folkets-pris-guldtsuban\/#article","isPartOf":{"@id":"https:\/\/www.budokampsport.se\/2013\/03\/22\/janne-westerlund-delar-ut-folkets-pris-guldtsuban\/"},"author":{"name":"Jonathan Broberg","@id":"https:\/\/www.budokampsport.se\/#\/schema\/person\/5c06d81d14850e2a8ce5493386560145"},"headline":"Janne Westerlund delar ut Folkets Pris \u2013 guldtsuban","datePublished":"2013-03-22T13:29:31+00:00","dateModified":"2016-12-06T21:35:47+00:00","mainEntityOfPage":{"@id":"https:\/\/www.budokampsport.se\/2013\/03\/22\/janne-westerlund-delar-ut-folkets-pris-guldtsuban\/"},"wordCount":395,"inLanguage":"sv-SE"},{"@type":"WebPage","@id":"https:\/\/www.budokampsport.se\/2013\/03\/22\/janne-westerlund-delar-ut-folkets-pris-guldtsuban\/","url":"https:\/\/www.budokampsport.se\/2013\/03\/22\/janne-westerlund-delar-ut-folkets-pris-guldtsuban\/","name":"Janne Westerlund delar ut Folkets Pris \u2013 guldtsuban - Svenska Budo &amp; Kampsportsf\u00f6rbundet","isPartOf":{"@id":"https:\/\/www.budokampsport.se\/#website"},"datePublished":"2013-03-22T13:29:31+00:00","dateModified":"2016-12-06T21:35:47+00:00","author":{"@id":"https:\/\/www.budokampsport.se\/#\/schema\/person\/5c06d81d14850e2a8ce5493386560145"},"description":"Det blir komikern Janne Westerlund som f\u00e5r \u00e4ran att imorgon dela ut Folkets Pris \u2013 guldtsuban vid Kampsportsgalan. Westerlund har ett gediget kampsportsintresse och syns regelbundet som ring announcer vid Superiorgalorna. \u00a0\u00a0 - Det blir en rolig kv\u00e4ll med mycket gl\u00e4dje, h\u00e4rliga m\u00e4nniskor och kanske lite barboxning med Ilir Latifi - om jag har tur, s\u00e4ger han till budokampsport.se.","breadcrumb":{"@id":"https:\/\/www.budokampsport.se\/2013\/03\/22\/janne-westerlund-delar-ut-folkets-pris-guldtsuban\/#breadcrumb"},"inLanguage":"sv-SE","potentialAction":[{"@type":"ReadAction","target":["https:\/\/www.budokampsport.se\/2013\/03\/22\/janne-westerlund-delar-ut-folkets-pris-guldtsuban\/"]}]},{"@type":"BreadcrumbList","@id":"https:\/\/www.budokampsport.se\/2013\/03\/22\/janne-westerlund-delar-ut-folkets-pris-guldtsuban\/#breadcrumb","itemListElement":[{"@type":"ListItem","position":1,"name":"Hem","item":"https:\/\/www.budokampsport.se\/"},{"@type":"ListItem","position":2,"name":"Janne Westerlund delar ut Folkets Pris \u2013 guldtsuban"}]},{"@type":"WebSite","@id":"https:\/\/www.budokampsport.se\/#website","url":"https:\/\/www.budokampsport.se\/","name":"Svenska Budo &amp; Kampsportsf\u00f6rbundet","description":"T\u00e4vling, Tr\u00e4ning, Tradition","potentialAction":[{"@type":"SearchAction","target":{"@type":"EntryPoint","urlTemplate":"https:\/\/www.budokampsport.se\/?s={search_term_string}"},"query-input":{"@type":"PropertyValueSpecification","valueRequired":true,"valueName":"search_term_string"}}],"inLanguage":"sv-SE"},{"@type":"Person","@id":"https:\/\/www.budokampsport.se\/#\/schema\/person\/5c06d81d14850e2a8ce5493386560145","name":"Jonathan Broberg","image":{"@type":"ImageObject","inLanguage":"sv-SE","@id":"https:\/\/www.budokampsport.se\/#\/schema\/person\/image\/","url":"https:\/\/secure.gravatar.com\/avatar\/a58041c6cea9128bd9c40ee2f26d4136?s=96&d=blank&r=g","contentUrl":"https:\/\/secure.gravatar.com\/avatar\/a58041c6cea9128bd9c40ee2f26d4136?s=96&d=blank&r=g","caption":"Jonathan Broberg"},"sameAs":["https:\/\/www.facebook.com\/jonathan.broberg.7"],"url":"https:\/\/www.budokampsport.se\/author\/jonathan\/"}]}},"_links":{"self":[{"href":"https:\/\/www.budokampsport.se\/api\/wp\/v2\/posts\/4581","targetHints":{"allow":["GET"]}}],"collection":[{"href":"https:\/\/www.budokampsport.se\/api\/wp\/v2\/posts"}],"about":[{"href":"https:\/\/www.budokampsport.se\/api\/wp\/v2\/types\/post"}],"author":[{"embeddable":true,"href":"https:\/\/www.budokampsport.se\/api\/wp\/v2\/users\/7"}],"replies":[{"embeddable":true,"href":"https:\/\/www.budokampsport.se\/api\/wp\/v2\/comments?post=4581"}],"version-history":[{"count":0,"href":"https:\/\/www.budokampsport.se\/api\/wp\/v2\/posts\/4581\/revisions"}],"wp:attachment":[{"href":"https:\/\/www.budokampsport.se\/api\/wp\/v2\/media?parent=4581"}],"wp:term":[{"taxonomy":"category","embeddable":true,"href":"https:\/\/www.budokampsport.se\/api\/wp\/v2\/categories?post=4581"},{"taxonomy":"post_tag","embeddable":true,"href":"https:\/\/www.budokampsport.se\/api\/wp\/v2\/tags?post=4581"}],"curies":[{"name":"wp","href":"https:\/\/api.w.org\/{rel}","templated":true}]}}