{"id":4585,"date":"2013-03-25T13:58:48","date_gmt":"2013-03-25T12:58:48","guid":{"rendered":"http:\/\/budo.wordpress.dev\/2013\/03\/25\/amir-albazi-blev-arets-forebild\/"},"modified":"2016-12-06T22:35:48","modified_gmt":"2016-12-06T21:35:48","slug":"amir-albazi-blev-arets-forebild","status":"publish","type":"post","link":"https:\/\/www.budokampsport.se\/2013\/03\/25\/amir-albazi-blev-arets-forebild\/","title":{"rendered":"Amir Albazi blev \u00c5rets f\u00f6rebild"},"content":{"rendered":"<p><strong><img decoding=\"async\" style=\"width: 200px; height: 129px; float: right;\" alt=\"\" src=\"\/sites\/default\/files\/amir_0.gif\">Den unge men \u00e4nd\u00e5 frapperande meriterande submission wrestlingstj\u00e4rnan Amir Albazi tilldelades det f\u00f6rn\u00e4mliga priset \u00c5rets f\u00f6rebild vid Kampsportsgalan p\u00e5 Berns i helgen.<br \/> \t\u00a0\u00a0 &#8211; Det betyder otroligt mycket, s\u00e4ger han till budokampsport.se.<!--break--><\/strong><\/p>\n<p>Amir Albazi var Kampsportsgalansmest nominerade idrottare med inte mindre \u00e4n fyra nomineringar. Det blev tillslut ett vunnet pris av dessa, \u00c5rets f\u00f6rebild.<\/p>\n<p>Och Albazi v\u00e4ljer att hylla sina tr\u00e4nare och klubbledare Margaretha Myhr och Hasse Ersson f\u00f6r priset.<br \/> \t\u00a0\u00a0 &#8211; Det k\u00e4nns j\u00e4ttebra att f\u00e5 just det priset. Och det h\u00e4r motiverar mig att forts\u00e4tta hj\u00e4lpa folk. Men jag vill till\u00e4gna priset egentligen till Hans Ersson &#038; Margareta Myhr som \u00e4r de egentliga vinnarna som har hj\u00e4lpt mig att komma dit d\u00e4r jag \u00e4r idag och l\u00e4rt mig att hj\u00e4lpa andra.<\/p>\n<p><strong>Amir, vad trodde du inf\u00f6r galan, hade du v\u00e4ntat dig n\u00e5got pris?<\/strong><br \/> \t\u00a0\u00a0 &#8211; Ja, t\u00e4nkte att n\u00e5got pris m\u00e5ste man ju f\u00e5 om man \u00e4r nominerad i fyra kategorier men jag trodde inte att jag skulle f\u00e5 \u00e5rets f\u00f6rebild.<\/p>\n<p><strong>Vad betyder priset f\u00f6r dig?<\/strong><br \/> \t\u00a0\u00a0 &#8211; Det betyder otroligt mycket f\u00f6r mig att f\u00e5 just det priset. Det visar bara att folk uppskattar det man g\u00f6r utanf\u00f6r mattan\/ringen ocks\u00e5.<\/p>\n<p><strong>Fightzone hade flera nomineringar och vann tv\u00e5 priser sammantaget &#8211; vad \u00e4r det ni g\u00f6r s\u00e5 bra p\u00e5 klubben?<\/strong><br \/> \t\u00a0\u00a0 &#8211; Man m\u00e5ste uppleva k\u00e4nslan p\u00e5 klubben f\u00f6r att beskriva det. Jag kan faktiskt inte skriva det i text, haha. Vi \u00e4r b\u00e4st helt enkelt!<\/p>\n<p>Text: Jonathan Broberg<br \/> \tFoto: Hamid Shokatyan<\/p>\n","protected":false},"excerpt":{"rendered":"<p><strong><img decoding=\"async\" style=\"width: 200px; height: 129px; float: right;\" alt=\"\" src=\"\/sites\/default\/files\/amir_0.gif\">Den unge men \u00e4nd\u00e5 frapperande meriterande submission wrestlingstj\u00e4rnan Amir Albazi tilldelades det f\u00f6rn\u00e4mliga priset \u00c5rets f\u00f6rebild vid Kampsportsgalan p\u00e5 Berns i helgen.<br \/><br>\t\u00a0\u00a0 &#8211; Det betyder otroligt mycket, s\u00e4ger han till budokampsport.se.<\/p><br>","protected":false},"author":7,"featured_media":0,"comment_status":"closed","ping_status":"closed","sticky":false,"template":"","format":"standard","meta":{"_acf_changed":false,"footnotes":""},"categories":[1],"tags":[],"class_list":["post-4585","post","type-post","status-publish","format-standard","hentry","category-okategoriserade"],"acf":[],"yoast_head":"<!-- This site is optimized with the Yoast SEO plugin v26.8 - https:\/\/yoast.com\/product\/yoast-seo-wordpress\/ -->\n<title>Amir Albazi blev \u00c5rets f\u00f6rebild - Svenska Budo &amp; Kampsportsf\u00f6rbundet<\/title>\n<meta name=\"description\" content=\"Den unge men \u00e4nd\u00e5 frapperande meriterande submission wrestlingstj\u00e4rnan Amir Albazi tilldelades det f\u00f6rn\u00e4mliga priset \u00c5rets f\u00f6rebild vid Kampsportsgalan p\u00e5 Berns i helgen. \u00a0\u00a0 - Det betyder otroligt mycket, s\u00e4ger han till budokampsport.se.\" \/>\n<meta name=\"robots\" content=\"index, follow, max-snippet:-1, max-image-preview:large, max-video-preview:-1\" \/>\n<link rel=\"canonical\" href=\"https:\/\/www.budokampsport.se\/2013\/03\/25\/amir-albazi-blev-arets-forebild\/\" \/>\n<meta property=\"og:locale\" content=\"sv_SE\" \/>\n<meta property=\"og:type\" content=\"article\" \/>\n<meta property=\"og:title\" content=\"Amir Albazi blev \u00c5rets f\u00f6rebild - Svenska Budo &amp; Kampsportsf\u00f6rbundet\" \/>\n<meta property=\"og:description\" content=\"Den unge men \u00e4nd\u00e5 frapperande meriterande submission wrestlingstj\u00e4rnan Amir Albazi tilldelades det f\u00f6rn\u00e4mliga priset \u00c5rets f\u00f6rebild vid Kampsportsgalan p\u00e5 Berns i helgen. \u00a0\u00a0 - Det betyder otroligt mycket, s\u00e4ger han till budokampsport.se.\" \/>\n<meta property=\"og:url\" content=\"https:\/\/www.budokampsport.se\/2013\/03\/25\/amir-albazi-blev-arets-forebild\/\" \/>\n<meta property=\"og:site_name\" content=\"Svenska Budo &amp; Kampsportsf\u00f6rbundet\" \/>\n<meta property=\"article:author\" content=\"https:\/\/www.facebook.com\/jonathan.broberg.7\" \/>\n<meta property=\"article:published_time\" content=\"2013-03-25T12:58:48+00:00\" \/>\n<meta property=\"article:modified_time\" content=\"2016-12-06T21:35:48+00:00\" \/>\n<meta name=\"author\" content=\"Jonathan Broberg\" \/>\n<meta name=\"twitter:card\" content=\"summary_large_image\" \/>\n<meta name=\"twitter:label1\" content=\"Skriven av\" \/>\n\t<meta name=\"twitter:data1\" content=\"Jonathan Broberg\" \/>\n\t<meta name=\"twitter:label2\" content=\"Ber\u00e4knad l\u00e4stid\" \/>\n\t<meta name=\"twitter:data2\" content=\"1 minut\" \/>\n<script type=\"application\/ld+json\" class=\"yoast-schema-graph\">{\"@context\":\"https:\/\/schema.org\",\"@graph\":[{\"@type\":\"Article\",\"@id\":\"https:\/\/www.budokampsport.se\/2013\/03\/25\/amir-albazi-blev-arets-forebild\/#article\",\"isPartOf\":{\"@id\":\"https:\/\/www.budokampsport.se\/2013\/03\/25\/amir-albazi-blev-arets-forebild\/\"},\"author\":{\"name\":\"Jonathan Broberg\",\"@id\":\"https:\/\/www.budokampsport.se\/#\/schema\/person\/5c06d81d14850e2a8ce5493386560145\"},\"headline\":\"Amir Albazi blev \u00c5rets f\u00f6rebild\",\"datePublished\":\"2013-03-25T12:58:48+00:00\",\"dateModified\":\"2016-12-06T21:35:48+00:00\",\"mainEntityOfPage\":{\"@id\":\"https:\/\/www.budokampsport.se\/2013\/03\/25\/amir-albazi-blev-arets-forebild\/\"},\"wordCount\":281,\"inLanguage\":\"sv-SE\"},{\"@type\":\"WebPage\",\"@id\":\"https:\/\/www.budokampsport.se\/2013\/03\/25\/amir-albazi-blev-arets-forebild\/\",\"url\":\"https:\/\/www.budokampsport.se\/2013\/03\/25\/amir-albazi-blev-arets-forebild\/\",\"name\":\"Amir Albazi blev \u00c5rets f\u00f6rebild - Svenska Budo &amp; Kampsportsf\u00f6rbundet\",\"isPartOf\":{\"@id\":\"https:\/\/www.budokampsport.se\/#website\"},\"datePublished\":\"2013-03-25T12:58:48+00:00\",\"dateModified\":\"2016-12-06T21:35:48+00:00\",\"author\":{\"@id\":\"https:\/\/www.budokampsport.se\/#\/schema\/person\/5c06d81d14850e2a8ce5493386560145\"},\"description\":\"Den unge men \u00e4nd\u00e5 frapperande meriterande submission wrestlingstj\u00e4rnan Amir Albazi tilldelades det f\u00f6rn\u00e4mliga priset \u00c5rets f\u00f6rebild vid Kampsportsgalan p\u00e5 Berns i helgen. \u00a0\u00a0 - Det betyder otroligt mycket, s\u00e4ger han till budokampsport.se.\",\"breadcrumb\":{\"@id\":\"https:\/\/www.budokampsport.se\/2013\/03\/25\/amir-albazi-blev-arets-forebild\/#breadcrumb\"},\"inLanguage\":\"sv-SE\",\"potentialAction\":[{\"@type\":\"ReadAction\",\"target\":[\"https:\/\/www.budokampsport.se\/2013\/03\/25\/amir-albazi-blev-arets-forebild\/\"]}]},{\"@type\":\"BreadcrumbList\",\"@id\":\"https:\/\/www.budokampsport.se\/2013\/03\/25\/amir-albazi-blev-arets-forebild\/#breadcrumb\",\"itemListElement\":[{\"@type\":\"ListItem\",\"position\":1,\"name\":\"Hem\",\"item\":\"https:\/\/www.budokampsport.se\/\"},{\"@type\":\"ListItem\",\"position\":2,\"name\":\"Amir Albazi blev \u00c5rets f\u00f6rebild\"}]},{\"@type\":\"WebSite\",\"@id\":\"https:\/\/www.budokampsport.se\/#website\",\"url\":\"https:\/\/www.budokampsport.se\/\",\"name\":\"Svenska Budo &amp; Kampsportsf\u00f6rbundet\",\"description\":\"T\u00e4vling, Tr\u00e4ning, Tradition\",\"potentialAction\":[{\"@type\":\"SearchAction\",\"target\":{\"@type\":\"EntryPoint\",\"urlTemplate\":\"https:\/\/www.budokampsport.se\/?s={search_term_string}\"},\"query-input\":{\"@type\":\"PropertyValueSpecification\",\"valueRequired\":true,\"valueName\":\"search_term_string\"}}],\"inLanguage\":\"sv-SE\"},{\"@type\":\"Person\",\"@id\":\"https:\/\/www.budokampsport.se\/#\/schema\/person\/5c06d81d14850e2a8ce5493386560145\",\"name\":\"Jonathan Broberg\",\"image\":{\"@type\":\"ImageObject\",\"inLanguage\":\"sv-SE\",\"@id\":\"https:\/\/www.budokampsport.se\/#\/schema\/person\/image\/\",\"url\":\"https:\/\/secure.gravatar.com\/avatar\/a58041c6cea9128bd9c40ee2f26d4136?s=96&d=blank&r=g\",\"contentUrl\":\"https:\/\/secure.gravatar.com\/avatar\/a58041c6cea9128bd9c40ee2f26d4136?s=96&d=blank&r=g\",\"caption\":\"Jonathan Broberg\"},\"sameAs\":[\"https:\/\/www.facebook.com\/jonathan.broberg.7\"],\"url\":\"https:\/\/www.budokampsport.se\/author\/jonathan\/\"}]}<\/script>\n<!-- \/ Yoast SEO plugin. -->","yoast_head_json":{"title":"Amir Albazi blev \u00c5rets f\u00f6rebild - Svenska Budo &amp; Kampsportsf\u00f6rbundet","description":"Den unge men \u00e4nd\u00e5 frapperande meriterande submission wrestlingstj\u00e4rnan Amir Albazi tilldelades det f\u00f6rn\u00e4mliga priset \u00c5rets f\u00f6rebild vid Kampsportsgalan p\u00e5 Berns i helgen. \u00a0\u00a0 - Det betyder otroligt mycket, s\u00e4ger han till budokampsport.se.","robots":{"index":"index","follow":"follow","max-snippet":"max-snippet:-1","max-image-preview":"max-image-preview:large","max-video-preview":"max-video-preview:-1"},"canonical":"https:\/\/www.budokampsport.se\/2013\/03\/25\/amir-albazi-blev-arets-forebild\/","og_locale":"sv_SE","og_type":"article","og_title":"Amir Albazi blev \u00c5rets f\u00f6rebild - Svenska Budo &amp; Kampsportsf\u00f6rbundet","og_description":"Den unge men \u00e4nd\u00e5 frapperande meriterande submission wrestlingstj\u00e4rnan Amir Albazi tilldelades det f\u00f6rn\u00e4mliga priset \u00c5rets f\u00f6rebild vid Kampsportsgalan p\u00e5 Berns i helgen. \u00a0\u00a0 - Det betyder otroligt mycket, s\u00e4ger han till budokampsport.se.","og_url":"https:\/\/www.budokampsport.se\/2013\/03\/25\/amir-albazi-blev-arets-forebild\/","og_site_name":"Svenska Budo &amp; Kampsportsf\u00f6rbundet","article_author":"https:\/\/www.facebook.com\/jonathan.broberg.7","article_published_time":"2013-03-25T12:58:48+00:00","article_modified_time":"2016-12-06T21:35:48+00:00","author":"Jonathan Broberg","twitter_card":"summary_large_image","twitter_misc":{"Skriven av":"Jonathan Broberg","Ber\u00e4knad l\u00e4stid":"1 minut"},"schema":{"@context":"https:\/\/schema.org","@graph":[{"@type":"Article","@id":"https:\/\/www.budokampsport.se\/2013\/03\/25\/amir-albazi-blev-arets-forebild\/#article","isPartOf":{"@id":"https:\/\/www.budokampsport.se\/2013\/03\/25\/amir-albazi-blev-arets-forebild\/"},"author":{"name":"Jonathan Broberg","@id":"https:\/\/www.budokampsport.se\/#\/schema\/person\/5c06d81d14850e2a8ce5493386560145"},"headline":"Amir Albazi blev \u00c5rets f\u00f6rebild","datePublished":"2013-03-25T12:58:48+00:00","dateModified":"2016-12-06T21:35:48+00:00","mainEntityOfPage":{"@id":"https:\/\/www.budokampsport.se\/2013\/03\/25\/amir-albazi-blev-arets-forebild\/"},"wordCount":281,"inLanguage":"sv-SE"},{"@type":"WebPage","@id":"https:\/\/www.budokampsport.se\/2013\/03\/25\/amir-albazi-blev-arets-forebild\/","url":"https:\/\/www.budokampsport.se\/2013\/03\/25\/amir-albazi-blev-arets-forebild\/","name":"Amir Albazi blev \u00c5rets f\u00f6rebild - Svenska Budo &amp; Kampsportsf\u00f6rbundet","isPartOf":{"@id":"https:\/\/www.budokampsport.se\/#website"},"datePublished":"2013-03-25T12:58:48+00:00","dateModified":"2016-12-06T21:35:48+00:00","author":{"@id":"https:\/\/www.budokampsport.se\/#\/schema\/person\/5c06d81d14850e2a8ce5493386560145"},"description":"Den unge men \u00e4nd\u00e5 frapperande meriterande submission wrestlingstj\u00e4rnan Amir Albazi tilldelades det f\u00f6rn\u00e4mliga priset \u00c5rets f\u00f6rebild vid Kampsportsgalan p\u00e5 Berns i helgen. \u00a0\u00a0 - Det betyder otroligt mycket, s\u00e4ger han till budokampsport.se.","breadcrumb":{"@id":"https:\/\/www.budokampsport.se\/2013\/03\/25\/amir-albazi-blev-arets-forebild\/#breadcrumb"},"inLanguage":"sv-SE","potentialAction":[{"@type":"ReadAction","target":["https:\/\/www.budokampsport.se\/2013\/03\/25\/amir-albazi-blev-arets-forebild\/"]}]},{"@type":"BreadcrumbList","@id":"https:\/\/www.budokampsport.se\/2013\/03\/25\/amir-albazi-blev-arets-forebild\/#breadcrumb","itemListElement":[{"@type":"ListItem","position":1,"name":"Hem","item":"https:\/\/www.budokampsport.se\/"},{"@type":"ListItem","position":2,"name":"Amir Albazi blev \u00c5rets f\u00f6rebild"}]},{"@type":"WebSite","@id":"https:\/\/www.budokampsport.se\/#website","url":"https:\/\/www.budokampsport.se\/","name":"Svenska Budo &amp; Kampsportsf\u00f6rbundet","description":"T\u00e4vling, Tr\u00e4ning, Tradition","potentialAction":[{"@type":"SearchAction","target":{"@type":"EntryPoint","urlTemplate":"https:\/\/www.budokampsport.se\/?s={search_term_string}"},"query-input":{"@type":"PropertyValueSpecification","valueRequired":true,"valueName":"search_term_string"}}],"inLanguage":"sv-SE"},{"@type":"Person","@id":"https:\/\/www.budokampsport.se\/#\/schema\/person\/5c06d81d14850e2a8ce5493386560145","name":"Jonathan Broberg","image":{"@type":"ImageObject","inLanguage":"sv-SE","@id":"https:\/\/www.budokampsport.se\/#\/schema\/person\/image\/","url":"https:\/\/secure.gravatar.com\/avatar\/a58041c6cea9128bd9c40ee2f26d4136?s=96&d=blank&r=g","contentUrl":"https:\/\/secure.gravatar.com\/avatar\/a58041c6cea9128bd9c40ee2f26d4136?s=96&d=blank&r=g","caption":"Jonathan Broberg"},"sameAs":["https:\/\/www.facebook.com\/jonathan.broberg.7"],"url":"https:\/\/www.budokampsport.se\/author\/jonathan\/"}]}},"_links":{"self":[{"href":"https:\/\/www.budokampsport.se\/api\/wp\/v2\/posts\/4585","targetHints":{"allow":["GET"]}}],"collection":[{"href":"https:\/\/www.budokampsport.se\/api\/wp\/v2\/posts"}],"about":[{"href":"https:\/\/www.budokampsport.se\/api\/wp\/v2\/types\/post"}],"author":[{"embeddable":true,"href":"https:\/\/www.budokampsport.se\/api\/wp\/v2\/users\/7"}],"replies":[{"embeddable":true,"href":"https:\/\/www.budokampsport.se\/api\/wp\/v2\/comments?post=4585"}],"version-history":[{"count":0,"href":"https:\/\/www.budokampsport.se\/api\/wp\/v2\/posts\/4585\/revisions"}],"wp:attachment":[{"href":"https:\/\/www.budokampsport.se\/api\/wp\/v2\/media?parent=4585"}],"wp:term":[{"taxonomy":"category","embeddable":true,"href":"https:\/\/www.budokampsport.se\/api\/wp\/v2\/categories?post=4585"},{"taxonomy":"post_tag","embeddable":true,"href":"https:\/\/www.budokampsport.se\/api\/wp\/v2\/tags?post=4585"}],"curies":[{"name":"wp","href":"https:\/\/api.w.org\/{rel}","templated":true}]}}