{"id":45883,"date":"2017-05-24T12:00:26","date_gmt":"2017-05-24T10:00:26","guid":{"rendered":"http:\/\/www.budokampsport.se\/?p=45883"},"modified":"2017-08-24T19:05:25","modified_gmt":"2017-08-24T17:05:25","slug":"45883","status":"publish","type":"post","link":"https:\/\/www.budokampsport.se\/2017\/05\/24\/45883\/","title":{"rendered":"Max Hederstr\u00f6m siktar p\u00e5 EM"},"content":{"rendered":"<p>Max Hederstr\u00f6m \u00e4r g\u00f6teborgaren som i b\u00f6rjan av juni kommer delta i jujutsu-EM i Bosnien Hercegovina. Han \u00e4r en multitalang inom kampsport och har t\u00e4vlat i b\u00e5de MMA, BJJ och jujutsu. Nu v\u00e4ntar EM i Banja Luka och formen \u00e4r lovande.<\/p>\n<p>&#8211; Formen \u00e4r bra! Jag har lyckats h\u00e5lla mig skadefri under i stort sett hela v\u00e5ren, vilket \u00e4r sk\u00f6nt. Ju jutsutr\u00e4ningen har ocks\u00e5 g\u00e5tt riktigt bra, med sparringpartners i toppklass varje tr\u00e4ningspass<\/p>\n<p>Max verkar trivas i en h\u00f6gpresterande milj\u00f6, f\u00f6rutom att han tog svart b\u00e4lte i BJJ. Utmaningar verkar vara en stor motivation och n\u00e5got som driver Max fram\u00e5t.<\/p>\n<p>&#8211; Jag trivs bra i milj\u00f6er som kr\u00e4ver mycket av mig. Det tvingar en att alltid g\u00f6ra sitt absoluta b\u00e4sta, vilket g\u00f6r att man utvecklas mycket. Det \u00e4r just utvecklingen, eller str\u00e4van att alltid f\u00f6rs\u00f6ka bli b\u00e4ttre som jag tycker \u00e4r bland det roligaste med b\u00e5de mitt yrke och min idrott.<\/p>\n<p>Han erk\u00e4nner att han ibland gl\u00f6mmer att njuta av ett uppn\u00e5tt m\u00e5l och snabbt fokuserar p\u00e5 nya utmaningar.<br \/>\n&#8211; Jag har nog ganska l\u00e4tt f\u00f6r att bara g\u00e5 vidare och sikta p\u00e5 n\u00e4sta m\u00e5l. \u00a0Jag tror dock det \u00e4r bra att stanna och reflektera lite p\u00e5 v\u00e4gen om vad man har gjort och l\u00e4rt sig den senaste tiden. S\u00e4rskilt om det \u00e4r en tung period d\u00e4r det k\u00e4nns som man st\u00e5r still och inte kommer n\u00e5gon vart, d\u00e5 \u00e4r det extra viktigt att t\u00e4nka till p\u00e5 var man b\u00f6rjade, och hur l\u00e5ngt man faktiskt kommit p\u00e5 v\u00e4gen. Att m\u00e4ta resultat och utveckling \u00e4r ett bra s\u00e4tt att h\u00e5lla uppe motivationen.<\/p>\n<p>Text: Annie Bondefelt<br \/>\nFoto: Jonathan Broberg<\/p>\n","protected":false},"excerpt":{"rendered":"<p>Max Hederstr\u00f6m \u00e4r g\u00f6teborgaren som i b\u00f6rjan av juni kommer [&#8230;]<\/p><br>","protected":false},"author":120,"featured_media":45186,"comment_status":"open","ping_status":"open","sticky":false,"template":"","format":"standard","meta":{"_acf_changed":false,"footnotes":""},"categories":[1],"tags":[],"class_list":["post-45883","post","type-post","status-publish","format-standard","has-post-thumbnail","hentry","category-okategoriserade"],"acf":[],"yoast_head":"<!-- This site is optimized with the Yoast SEO plugin v26.8 - https:\/\/yoast.com\/product\/yoast-seo-wordpress\/ -->\n<title>Max Hederstr\u00f6m siktar p\u00e5 EM - Svenska Budo &amp; Kampsportsf\u00f6rbundet<\/title>\n<meta name=\"description\" content=\"M\u00e5lmedvetna JAS-piloten och multitalangen i kampsport, Max Hederstr\u00f6m, siktar p\u00e5 EM i jujutsu i b\u00f6rjan av juni denna sommar.\" \/>\n<meta name=\"robots\" content=\"index, follow, max-snippet:-1, max-image-preview:large, max-video-preview:-1\" \/>\n<link rel=\"canonical\" href=\"https:\/\/www.budokampsport.se\/2017\/05\/24\/45883\/\" \/>\n<meta property=\"og:locale\" content=\"sv_SE\" \/>\n<meta property=\"og:type\" content=\"article\" \/>\n<meta property=\"og:title\" content=\"Max Hederstr\u00f6m siktar p\u00e5 EM - Svenska Budo &amp; Kampsportsf\u00f6rbundet\" \/>\n<meta property=\"og:description\" content=\"M\u00e5lmedvetna JAS-piloten och multitalangen i kampsport, Max Hederstr\u00f6m, siktar p\u00e5 EM i jujutsu i b\u00f6rjan av juni denna sommar.\" \/>\n<meta property=\"og:url\" content=\"https:\/\/www.budokampsport.se\/2017\/05\/24\/45883\/\" \/>\n<meta property=\"og:site_name\" content=\"Svenska Budo &amp; Kampsportsf\u00f6rbundet\" \/>\n<meta property=\"article:published_time\" content=\"2017-05-24T10:00:26+00:00\" \/>\n<meta property=\"article:modified_time\" content=\"2017-08-24T17:05:25+00:00\" \/>\n<meta property=\"og:image\" content=\"https:\/\/www.budokampsport.se\/wp-content\/uploads\/2017\/05\/Max_-Hederstrom.jpg\" \/>\n\t<meta property=\"og:image:width\" content=\"850\" \/>\n\t<meta property=\"og:image:height\" content=\"567\" \/>\n\t<meta property=\"og:image:type\" content=\"image\/jpeg\" \/>\n<meta name=\"author\" content=\"Annie Carriage\" \/>\n<meta name=\"twitter:card\" content=\"summary_large_image\" \/>\n<meta name=\"twitter:label1\" content=\"Skriven av\" \/>\n\t<meta name=\"twitter:data1\" content=\"Annie Carriage\" \/>\n\t<meta name=\"twitter:label2\" content=\"Ber\u00e4knad l\u00e4stid\" \/>\n\t<meta name=\"twitter:data2\" content=\"2 minuter\" \/>\n<script type=\"application\/ld+json\" class=\"yoast-schema-graph\">{\"@context\":\"https:\/\/schema.org\",\"@graph\":[{\"@type\":\"Article\",\"@id\":\"https:\/\/www.budokampsport.se\/2017\/05\/24\/45883\/#article\",\"isPartOf\":{\"@id\":\"https:\/\/www.budokampsport.se\/2017\/05\/24\/45883\/\"},\"author\":{\"name\":\"Annie Carriage\",\"@id\":\"https:\/\/www.budokampsport.se\/#\/schema\/person\/c838cace8171f692e363fde3f38f208b\"},\"headline\":\"Max Hederstr\u00f6m siktar p\u00e5 EM\",\"datePublished\":\"2017-05-24T10:00:26+00:00\",\"dateModified\":\"2017-08-24T17:05:25+00:00\",\"mainEntityOfPage\":{\"@id\":\"https:\/\/www.budokampsport.se\/2017\/05\/24\/45883\/\"},\"wordCount\":322,\"commentCount\":0,\"image\":{\"@id\":\"https:\/\/www.budokampsport.se\/2017\/05\/24\/45883\/#primaryimage\"},\"thumbnailUrl\":\"https:\/\/www.budokampsport.se\/wp-content\/uploads\/2017\/05\/Max_-Hederstrom.jpg\",\"inLanguage\":\"sv-SE\",\"potentialAction\":[{\"@type\":\"CommentAction\",\"name\":\"Comment\",\"target\":[\"https:\/\/www.budokampsport.se\/2017\/05\/24\/45883\/#respond\"]}]},{\"@type\":\"WebPage\",\"@id\":\"https:\/\/www.budokampsport.se\/2017\/05\/24\/45883\/\",\"url\":\"https:\/\/www.budokampsport.se\/2017\/05\/24\/45883\/\",\"name\":\"Max Hederstr\u00f6m siktar p\u00e5 EM - Svenska Budo &amp; Kampsportsf\u00f6rbundet\",\"isPartOf\":{\"@id\":\"https:\/\/www.budokampsport.se\/#website\"},\"primaryImageOfPage\":{\"@id\":\"https:\/\/www.budokampsport.se\/2017\/05\/24\/45883\/#primaryimage\"},\"image\":{\"@id\":\"https:\/\/www.budokampsport.se\/2017\/05\/24\/45883\/#primaryimage\"},\"thumbnailUrl\":\"https:\/\/www.budokampsport.se\/wp-content\/uploads\/2017\/05\/Max_-Hederstrom.jpg\",\"datePublished\":\"2017-05-24T10:00:26+00:00\",\"dateModified\":\"2017-08-24T17:05:25+00:00\",\"author\":{\"@id\":\"https:\/\/www.budokampsport.se\/#\/schema\/person\/c838cace8171f692e363fde3f38f208b\"},\"description\":\"M\u00e5lmedvetna JAS-piloten och multitalangen i kampsport, Max Hederstr\u00f6m, siktar p\u00e5 EM i jujutsu i b\u00f6rjan av juni denna sommar.\",\"breadcrumb\":{\"@id\":\"https:\/\/www.budokampsport.se\/2017\/05\/24\/45883\/#breadcrumb\"},\"inLanguage\":\"sv-SE\",\"potentialAction\":[{\"@type\":\"ReadAction\",\"target\":[\"https:\/\/www.budokampsport.se\/2017\/05\/24\/45883\/\"]}]},{\"@type\":\"ImageObject\",\"inLanguage\":\"sv-SE\",\"@id\":\"https:\/\/www.budokampsport.se\/2017\/05\/24\/45883\/#primaryimage\",\"url\":\"https:\/\/www.budokampsport.se\/wp-content\/uploads\/2017\/05\/Max_-Hederstrom.jpg\",\"contentUrl\":\"https:\/\/www.budokampsport.se\/wp-content\/uploads\/2017\/05\/Max_-Hederstrom.jpg\",\"width\":850,\"height\":567,\"caption\":\"Foto: Jonathan Broberg\"},{\"@type\":\"BreadcrumbList\",\"@id\":\"https:\/\/www.budokampsport.se\/2017\/05\/24\/45883\/#breadcrumb\",\"itemListElement\":[{\"@type\":\"ListItem\",\"position\":1,\"name\":\"Hem\",\"item\":\"https:\/\/www.budokampsport.se\/\"},{\"@type\":\"ListItem\",\"position\":2,\"name\":\"Max Hederstr\u00f6m siktar p\u00e5 EM\"}]},{\"@type\":\"WebSite\",\"@id\":\"https:\/\/www.budokampsport.se\/#website\",\"url\":\"https:\/\/www.budokampsport.se\/\",\"name\":\"Svenska Budo &amp; Kampsportsf\u00f6rbundet\",\"description\":\"T\u00e4vling, Tr\u00e4ning, Tradition\",\"potentialAction\":[{\"@type\":\"SearchAction\",\"target\":{\"@type\":\"EntryPoint\",\"urlTemplate\":\"https:\/\/www.budokampsport.se\/?s={search_term_string}\"},\"query-input\":{\"@type\":\"PropertyValueSpecification\",\"valueRequired\":true,\"valueName\":\"search_term_string\"}}],\"inLanguage\":\"sv-SE\"},{\"@type\":\"Person\",\"@id\":\"https:\/\/www.budokampsport.se\/#\/schema\/person\/c838cace8171f692e363fde3f38f208b\",\"name\":\"Annie Carriage\",\"image\":{\"@type\":\"ImageObject\",\"inLanguage\":\"sv-SE\",\"@id\":\"https:\/\/www.budokampsport.se\/#\/schema\/person\/image\/\",\"url\":\"https:\/\/secure.gravatar.com\/avatar\/9311295560bdfbdf78365a26f7df1876?s=96&d=blank&r=g\",\"contentUrl\":\"https:\/\/secure.gravatar.com\/avatar\/9311295560bdfbdf78365a26f7df1876?s=96&d=blank&r=g\",\"caption\":\"Annie Carriage\"},\"url\":\"https:\/\/www.budokampsport.se\/author\/annie-bondefelt\/\"}]}<\/script>\n<!-- \/ Yoast SEO plugin. -->","yoast_head_json":{"title":"Max Hederstr\u00f6m siktar p\u00e5 EM - Svenska Budo &amp; Kampsportsf\u00f6rbundet","description":"M\u00e5lmedvetna JAS-piloten och multitalangen i kampsport, Max Hederstr\u00f6m, siktar p\u00e5 EM i jujutsu i b\u00f6rjan av juni denna sommar.","robots":{"index":"index","follow":"follow","max-snippet":"max-snippet:-1","max-image-preview":"max-image-preview:large","max-video-preview":"max-video-preview:-1"},"canonical":"https:\/\/www.budokampsport.se\/2017\/05\/24\/45883\/","og_locale":"sv_SE","og_type":"article","og_title":"Max Hederstr\u00f6m siktar p\u00e5 EM - Svenska Budo &amp; Kampsportsf\u00f6rbundet","og_description":"M\u00e5lmedvetna JAS-piloten och multitalangen i kampsport, Max Hederstr\u00f6m, siktar p\u00e5 EM i jujutsu i b\u00f6rjan av juni denna sommar.","og_url":"https:\/\/www.budokampsport.se\/2017\/05\/24\/45883\/","og_site_name":"Svenska Budo &amp; Kampsportsf\u00f6rbundet","article_published_time":"2017-05-24T10:00:26+00:00","article_modified_time":"2017-08-24T17:05:25+00:00","og_image":[{"width":850,"height":567,"url":"https:\/\/www.budokampsport.se\/wp-content\/uploads\/2017\/05\/Max_-Hederstrom.jpg","type":"image\/jpeg"}],"author":"Annie Carriage","twitter_card":"summary_large_image","twitter_misc":{"Skriven av":"Annie Carriage","Ber\u00e4knad l\u00e4stid":"2 minuter"},"schema":{"@context":"https:\/\/schema.org","@graph":[{"@type":"Article","@id":"https:\/\/www.budokampsport.se\/2017\/05\/24\/45883\/#article","isPartOf":{"@id":"https:\/\/www.budokampsport.se\/2017\/05\/24\/45883\/"},"author":{"name":"Annie Carriage","@id":"https:\/\/www.budokampsport.se\/#\/schema\/person\/c838cace8171f692e363fde3f38f208b"},"headline":"Max Hederstr\u00f6m siktar p\u00e5 EM","datePublished":"2017-05-24T10:00:26+00:00","dateModified":"2017-08-24T17:05:25+00:00","mainEntityOfPage":{"@id":"https:\/\/www.budokampsport.se\/2017\/05\/24\/45883\/"},"wordCount":322,"commentCount":0,"image":{"@id":"https:\/\/www.budokampsport.se\/2017\/05\/24\/45883\/#primaryimage"},"thumbnailUrl":"https:\/\/www.budokampsport.se\/wp-content\/uploads\/2017\/05\/Max_-Hederstrom.jpg","inLanguage":"sv-SE","potentialAction":[{"@type":"CommentAction","name":"Comment","target":["https:\/\/www.budokampsport.se\/2017\/05\/24\/45883\/#respond"]}]},{"@type":"WebPage","@id":"https:\/\/www.budokampsport.se\/2017\/05\/24\/45883\/","url":"https:\/\/www.budokampsport.se\/2017\/05\/24\/45883\/","name":"Max Hederstr\u00f6m siktar p\u00e5 EM - Svenska Budo &amp; Kampsportsf\u00f6rbundet","isPartOf":{"@id":"https:\/\/www.budokampsport.se\/#website"},"primaryImageOfPage":{"@id":"https:\/\/www.budokampsport.se\/2017\/05\/24\/45883\/#primaryimage"},"image":{"@id":"https:\/\/www.budokampsport.se\/2017\/05\/24\/45883\/#primaryimage"},"thumbnailUrl":"https:\/\/www.budokampsport.se\/wp-content\/uploads\/2017\/05\/Max_-Hederstrom.jpg","datePublished":"2017-05-24T10:00:26+00:00","dateModified":"2017-08-24T17:05:25+00:00","author":{"@id":"https:\/\/www.budokampsport.se\/#\/schema\/person\/c838cace8171f692e363fde3f38f208b"},"description":"M\u00e5lmedvetna JAS-piloten och multitalangen i kampsport, Max Hederstr\u00f6m, siktar p\u00e5 EM i jujutsu i b\u00f6rjan av juni denna sommar.","breadcrumb":{"@id":"https:\/\/www.budokampsport.se\/2017\/05\/24\/45883\/#breadcrumb"},"inLanguage":"sv-SE","potentialAction":[{"@type":"ReadAction","target":["https:\/\/www.budokampsport.se\/2017\/05\/24\/45883\/"]}]},{"@type":"ImageObject","inLanguage":"sv-SE","@id":"https:\/\/www.budokampsport.se\/2017\/05\/24\/45883\/#primaryimage","url":"https:\/\/www.budokampsport.se\/wp-content\/uploads\/2017\/05\/Max_-Hederstrom.jpg","contentUrl":"https:\/\/www.budokampsport.se\/wp-content\/uploads\/2017\/05\/Max_-Hederstrom.jpg","width":850,"height":567,"caption":"Foto: Jonathan Broberg"},{"@type":"BreadcrumbList","@id":"https:\/\/www.budokampsport.se\/2017\/05\/24\/45883\/#breadcrumb","itemListElement":[{"@type":"ListItem","position":1,"name":"Hem","item":"https:\/\/www.budokampsport.se\/"},{"@type":"ListItem","position":2,"name":"Max Hederstr\u00f6m siktar p\u00e5 EM"}]},{"@type":"WebSite","@id":"https:\/\/www.budokampsport.se\/#website","url":"https:\/\/www.budokampsport.se\/","name":"Svenska Budo &amp; Kampsportsf\u00f6rbundet","description":"T\u00e4vling, Tr\u00e4ning, Tradition","potentialAction":[{"@type":"SearchAction","target":{"@type":"EntryPoint","urlTemplate":"https:\/\/www.budokampsport.se\/?s={search_term_string}"},"query-input":{"@type":"PropertyValueSpecification","valueRequired":true,"valueName":"search_term_string"}}],"inLanguage":"sv-SE"},{"@type":"Person","@id":"https:\/\/www.budokampsport.se\/#\/schema\/person\/c838cace8171f692e363fde3f38f208b","name":"Annie Carriage","image":{"@type":"ImageObject","inLanguage":"sv-SE","@id":"https:\/\/www.budokampsport.se\/#\/schema\/person\/image\/","url":"https:\/\/secure.gravatar.com\/avatar\/9311295560bdfbdf78365a26f7df1876?s=96&d=blank&r=g","contentUrl":"https:\/\/secure.gravatar.com\/avatar\/9311295560bdfbdf78365a26f7df1876?s=96&d=blank&r=g","caption":"Annie Carriage"},"url":"https:\/\/www.budokampsport.se\/author\/annie-bondefelt\/"}]}},"_links":{"self":[{"href":"https:\/\/www.budokampsport.se\/api\/wp\/v2\/posts\/45883","targetHints":{"allow":["GET"]}}],"collection":[{"href":"https:\/\/www.budokampsport.se\/api\/wp\/v2\/posts"}],"about":[{"href":"https:\/\/www.budokampsport.se\/api\/wp\/v2\/types\/post"}],"author":[{"embeddable":true,"href":"https:\/\/www.budokampsport.se\/api\/wp\/v2\/users\/120"}],"replies":[{"embeddable":true,"href":"https:\/\/www.budokampsport.se\/api\/wp\/v2\/comments?post=45883"}],"version-history":[{"count":0,"href":"https:\/\/www.budokampsport.se\/api\/wp\/v2\/posts\/45883\/revisions"}],"wp:featuredmedia":[{"embeddable":true,"href":"https:\/\/www.budokampsport.se\/api\/wp\/v2\/media\/45186"}],"wp:attachment":[{"href":"https:\/\/www.budokampsport.se\/api\/wp\/v2\/media?parent=45883"}],"wp:term":[{"taxonomy":"category","embeddable":true,"href":"https:\/\/www.budokampsport.se\/api\/wp\/v2\/categories?post=45883"},{"taxonomy":"post_tag","embeddable":true,"href":"https:\/\/www.budokampsport.se\/api\/wp\/v2\/tags?post=45883"}],"curies":[{"name":"wp","href":"https:\/\/api.w.org\/{rel}","templated":true}]}}