{"id":45913,"date":"2017-05-23T13:49:56","date_gmt":"2017-05-23T11:49:56","guid":{"rendered":"http:\/\/www.budokampsport.se\/?p=45913"},"modified":"2017-05-24T09:12:01","modified_gmt":"2017-05-24T07:12:01","slug":"infor-ufc-pa-sondag","status":"publish","type":"post","link":"https:\/\/www.budokampsport.se\/2017\/05\/23\/infor-ufc-pa-sondag\/","title":{"rendered":"Inf\u00f6r UFC p\u00e5 s\u00f6ndag"},"content":{"rendered":"<p><strong>Alexander Gustafsson mot Glover Teixeira<\/strong><br \/>\nDet har g\u00e5tt lite drygt \u00e5tta m\u00e5nader sedan Alexander Gustafsson besegrade Jan Blachowicz p\u00e5 enh\u00e4lligt domslut. Den segern var direkt n\u00f6dv\u00e4ndig f\u00f6r Alex, och han gjorde ocks\u00e5 en helgjuten insats. Men innan den segern hade det g\u00e5tt lite tyngre f\u00f6r honom. Glover Teixeira har fyra segrar p\u00e5 fem matcher och kommer till m\u00f6tet med Gustafsson p\u00e5 s\u00f6ndag med en vinst i ryggen, mot Jared Cannonier i februari, p\u00e5 enh\u00e4lligt domslut.<\/p>\n<p><strong>Nico Musoke mot Bojan Velickovic<\/strong><br \/>\nDet \u00e4r tv\u00e5 och ett halvt \u00e5r snart sedan Nico Musoke \u00e4ntrade en MMA-bur i matchsammanhang. D\u00e5, p\u00e5 UFC-galan p\u00e5 Tele 2 Arena, blev det f\u00f6rlust mot Albert Tumenov. Men nu \u00e4r Musoke tillbaka. Och p\u00e5 s\u00f6ndag v\u00e4ntar en liten mini-comeback n\u00e4r han st\u00e4lls mot serben Bojan Velickovic. Serben har f\u00f6r \u00f6vrigt haft det ganska tungt sedan han i april f\u00f6rra \u00e5ret vann mot Alessio Di Chirico (en match som Kevin Sataki f\u00f6r \u00f6vrigt d\u00f6mde). Det har blivit en oavgjord, mot Michael Graves, och en f\u00f6rlust, mot Sultan Aliev, sedan dess.<\/p>\n<p><strong>Reza Madadi mot Joaqium Silva<\/strong><br \/>\nN\u00e4r Mairbek Taisumov blev skadad inf\u00f6r m\u00f6tet med brasilianaren Joaqium Silva fick ist\u00e4llet Reza chansen att \u00e4nnu en visa upp sig f\u00f6r sin hemmapublik i UCF-sammanhang. Reza har 14 vinster och 5 f\u00f6rluster i bagaget, senaste vinsten kom mot Yan Cabral via TKO i 3:e ronden f\u00f6rra \u00e5ret. S\u00f6ndagens match tog han med kort varsel, en match som antagligen blir Rezas sista i UFC-sammanhang. I buren st\u00e4lls han mot den 28-\u00e5rige Joaqium Silva som hitintills \u00e4r obesegrad med 9 vinster bakom sig. Silva debuterade i UFC 2015 och vann sin senaste match mot Andrew Holbrook via knockout 34 sekunder in i f\u00f6rsta ronden.<\/p>\n<p><strong>Oliver Enkamp mot Nordine Taleb<\/strong><br \/>\nP\u00e5 s\u00f6ndag kliver en ny svensk fighter upp p\u00e5 UFC-scenen, 25-\u00e5rige Oliver Enkamp. Oliver har f\u00f6rutsp\u00e5tts bli en av Sveriges framtida UFC-fighters fr\u00e5n den nya generationens MMA-ut\u00f6vare, han har haft ett stort st\u00f6d via fansen p\u00e5 sociala medier under #EnkampToUFC och \u00e4r klar f\u00f6r s\u00f6ndagens gala. Oliver fick p\u00e5 grund av skador l\u00e4mna \u00e5terbud till medverkande i The Ultimate Fighters 22:a s\u00e4song men nu \u00e4r det dags f\u00f6r Oliver att vara den som hoppar in efter ett \u00e5terbud av Emil Valhalla Meek. Oliver m\u00f6ter den 35-\u00e5rige fransmannen Nordine Taleb, en rutinerad fighter som g\u00e5r in i matchen med 12 vinster och 4 f\u00f6rluster.<\/p>\n<p><strong>Jack Hermansson mot Alex Nicholson<\/strong><br \/>\nP\u00e5 s\u00f6ndag blir det Jack Hermanssons tredje UFC-framtr\u00e4dande sedan f\u00f6rsta matchen i september ifjol. Hermansson inledde d\u00e5 sin resa med att besegra Scott Askham p\u00e5 domslut, men f\u00f6rlorade h\u00e4romsistens mot Cezar Ferreira p\u00e5 submission. P\u00e5 s\u00f6ndag st\u00e4lls Hermansson mot Alex Nicholson som hittills i sin UFC-karri\u00e4r vunnit en match, men f\u00f6rlorat tv\u00e5.<\/p>\n<p>Text: Jonathan Broberg och Annie Bondefelt<br \/>\nFoto: Jonathan Broberg<\/p>\n","protected":false},"excerpt":{"rendered":"<p>P\u00e5 s\u00f6ndag \u00e4r det \u00e4ntligen dags f\u00f6r en av \u00e5rets st\u00f6rsta kampsportsh\u00e4ndelser d\u00e5 UFC kommer tillbaka till Stockholm och Globen. Fem svenskar g\u00f6r sig redo f\u00f6r match, bland annat Alexander Gustafsson. Budokampsport.se har gjort en liten genomg\u00e5ng av svenskmatcherna.<\/p><br>","protected":false},"author":7,"featured_media":45918,"comment_status":"open","ping_status":"open","sticky":false,"template":"","format":"standard","meta":{"_acf_changed":false,"footnotes":""},"categories":[1],"tags":[],"class_list":["post-45913","post","type-post","status-publish","format-standard","has-post-thumbnail","hentry","category-okategoriserade"],"acf":[],"yoast_head":"<!-- This site is optimized with the Yoast SEO plugin v26.8 - https:\/\/yoast.com\/product\/yoast-seo-wordpress\/ -->\n<title>Inf\u00f6r UFC p\u00e5 s\u00f6ndag - Svenska Budo &amp; Kampsportsf\u00f6rbundet<\/title>\n<meta name=\"description\" content=\"P\u00e5 s\u00f6ndag \u00e4r det \u00e4ntligen dags f\u00f6r en av \u00e5rets st\u00f6rsta kampsportsh\u00e4ndelser d\u00e5 UFC kommer tillbaka till Stockholm och Globen. Fem svenskar g\u00f6r sig redo f\u00f6r match, bland annat Alexander Gustafsson. Budokampsport.se har gjort en liten genomg\u00e5ng av svenskmatcherna.\" \/>\n<meta name=\"robots\" content=\"index, follow, max-snippet:-1, max-image-preview:large, max-video-preview:-1\" \/>\n<link rel=\"canonical\" href=\"https:\/\/www.budokampsport.se\/2017\/05\/23\/infor-ufc-pa-sondag\/\" \/>\n<meta property=\"og:locale\" content=\"sv_SE\" \/>\n<meta property=\"og:type\" content=\"article\" \/>\n<meta property=\"og:title\" content=\"Inf\u00f6r UFC p\u00e5 s\u00f6ndag - Svenska Budo &amp; Kampsportsf\u00f6rbundet\" \/>\n<meta property=\"og:description\" content=\"P\u00e5 s\u00f6ndag \u00e4r det \u00e4ntligen dags f\u00f6r en av \u00e5rets st\u00f6rsta kampsportsh\u00e4ndelser d\u00e5 UFC kommer tillbaka till Stockholm och Globen. Fem svenskar g\u00f6r sig redo f\u00f6r match, bland annat Alexander Gustafsson. Budokampsport.se har gjort en liten genomg\u00e5ng av svenskmatcherna.\" \/>\n<meta property=\"og:url\" content=\"https:\/\/www.budokampsport.se\/2017\/05\/23\/infor-ufc-pa-sondag\/\" \/>\n<meta property=\"og:site_name\" content=\"Svenska Budo &amp; Kampsportsf\u00f6rbundet\" \/>\n<meta property=\"article:author\" content=\"https:\/\/www.facebook.com\/jonathan.broberg.7\" \/>\n<meta property=\"article:published_time\" content=\"2017-05-23T11:49:56+00:00\" \/>\n<meta property=\"article:modified_time\" content=\"2017-05-24T07:12:01+00:00\" \/>\n<meta property=\"og:image\" content=\"https:\/\/www.budokampsport.se\/wp-content\/uploads\/2017\/05\/alex.jpg\" \/>\n\t<meta property=\"og:image:width\" content=\"850\" \/>\n\t<meta property=\"og:image:height\" content=\"581\" \/>\n\t<meta property=\"og:image:type\" content=\"image\/jpeg\" \/>\n<meta name=\"author\" content=\"Jonathan Broberg\" \/>\n<meta name=\"twitter:card\" content=\"summary_large_image\" \/>\n<meta name=\"twitter:label1\" content=\"Skriven av\" \/>\n\t<meta name=\"twitter:data1\" content=\"Jonathan Broberg\" \/>\n\t<meta name=\"twitter:label2\" content=\"Ber\u00e4knad l\u00e4stid\" \/>\n\t<meta name=\"twitter:data2\" content=\"3 minuter\" \/>\n<script type=\"application\/ld+json\" class=\"yoast-schema-graph\">{\"@context\":\"https:\/\/schema.org\",\"@graph\":[{\"@type\":\"Article\",\"@id\":\"https:\/\/www.budokampsport.se\/2017\/05\/23\/infor-ufc-pa-sondag\/#article\",\"isPartOf\":{\"@id\":\"https:\/\/www.budokampsport.se\/2017\/05\/23\/infor-ufc-pa-sondag\/\"},\"author\":{\"name\":\"Jonathan Broberg\",\"@id\":\"https:\/\/www.budokampsport.se\/#\/schema\/person\/5c06d81d14850e2a8ce5493386560145\"},\"headline\":\"Inf\u00f6r UFC p\u00e5 s\u00f6ndag\",\"datePublished\":\"2017-05-23T11:49:56+00:00\",\"dateModified\":\"2017-05-24T07:12:01+00:00\",\"mainEntityOfPage\":{\"@id\":\"https:\/\/www.budokampsport.se\/2017\/05\/23\/infor-ufc-pa-sondag\/\"},\"wordCount\":508,\"commentCount\":0,\"image\":{\"@id\":\"https:\/\/www.budokampsport.se\/2017\/05\/23\/infor-ufc-pa-sondag\/#primaryimage\"},\"thumbnailUrl\":\"https:\/\/www.budokampsport.se\/wp-content\/uploads\/2017\/05\/alex.jpg\",\"inLanguage\":\"sv-SE\",\"potentialAction\":[{\"@type\":\"CommentAction\",\"name\":\"Comment\",\"target\":[\"https:\/\/www.budokampsport.se\/2017\/05\/23\/infor-ufc-pa-sondag\/#respond\"]}]},{\"@type\":\"WebPage\",\"@id\":\"https:\/\/www.budokampsport.se\/2017\/05\/23\/infor-ufc-pa-sondag\/\",\"url\":\"https:\/\/www.budokampsport.se\/2017\/05\/23\/infor-ufc-pa-sondag\/\",\"name\":\"Inf\u00f6r UFC p\u00e5 s\u00f6ndag - Svenska Budo &amp; Kampsportsf\u00f6rbundet\",\"isPartOf\":{\"@id\":\"https:\/\/www.budokampsport.se\/#website\"},\"primaryImageOfPage\":{\"@id\":\"https:\/\/www.budokampsport.se\/2017\/05\/23\/infor-ufc-pa-sondag\/#primaryimage\"},\"image\":{\"@id\":\"https:\/\/www.budokampsport.se\/2017\/05\/23\/infor-ufc-pa-sondag\/#primaryimage\"},\"thumbnailUrl\":\"https:\/\/www.budokampsport.se\/wp-content\/uploads\/2017\/05\/alex.jpg\",\"datePublished\":\"2017-05-23T11:49:56+00:00\",\"dateModified\":\"2017-05-24T07:12:01+00:00\",\"author\":{\"@id\":\"https:\/\/www.budokampsport.se\/#\/schema\/person\/5c06d81d14850e2a8ce5493386560145\"},\"description\":\"P\u00e5 s\u00f6ndag \u00e4r det \u00e4ntligen dags f\u00f6r en av \u00e5rets st\u00f6rsta kampsportsh\u00e4ndelser d\u00e5 UFC kommer tillbaka till Stockholm och Globen. Fem svenskar g\u00f6r sig redo f\u00f6r match, bland annat Alexander Gustafsson. Budokampsport.se har gjort en liten genomg\u00e5ng av svenskmatcherna.\",\"breadcrumb\":{\"@id\":\"https:\/\/www.budokampsport.se\/2017\/05\/23\/infor-ufc-pa-sondag\/#breadcrumb\"},\"inLanguage\":\"sv-SE\",\"potentialAction\":[{\"@type\":\"ReadAction\",\"target\":[\"https:\/\/www.budokampsport.se\/2017\/05\/23\/infor-ufc-pa-sondag\/\"]}]},{\"@type\":\"ImageObject\",\"inLanguage\":\"sv-SE\",\"@id\":\"https:\/\/www.budokampsport.se\/2017\/05\/23\/infor-ufc-pa-sondag\/#primaryimage\",\"url\":\"https:\/\/www.budokampsport.se\/wp-content\/uploads\/2017\/05\/alex.jpg\",\"contentUrl\":\"https:\/\/www.budokampsport.se\/wp-content\/uploads\/2017\/05\/alex.jpg\",\"width\":850,\"height\":581,\"caption\":\"Foto: Jonathan Broberg\"},{\"@type\":\"BreadcrumbList\",\"@id\":\"https:\/\/www.budokampsport.se\/2017\/05\/23\/infor-ufc-pa-sondag\/#breadcrumb\",\"itemListElement\":[{\"@type\":\"ListItem\",\"position\":1,\"name\":\"Hem\",\"item\":\"https:\/\/www.budokampsport.se\/\"},{\"@type\":\"ListItem\",\"position\":2,\"name\":\"Inf\u00f6r UFC p\u00e5 s\u00f6ndag\"}]},{\"@type\":\"WebSite\",\"@id\":\"https:\/\/www.budokampsport.se\/#website\",\"url\":\"https:\/\/www.budokampsport.se\/\",\"name\":\"Svenska Budo &amp; Kampsportsf\u00f6rbundet\",\"description\":\"T\u00e4vling, Tr\u00e4ning, Tradition\",\"potentialAction\":[{\"@type\":\"SearchAction\",\"target\":{\"@type\":\"EntryPoint\",\"urlTemplate\":\"https:\/\/www.budokampsport.se\/?s={search_term_string}\"},\"query-input\":{\"@type\":\"PropertyValueSpecification\",\"valueRequired\":true,\"valueName\":\"search_term_string\"}}],\"inLanguage\":\"sv-SE\"},{\"@type\":\"Person\",\"@id\":\"https:\/\/www.budokampsport.se\/#\/schema\/person\/5c06d81d14850e2a8ce5493386560145\",\"name\":\"Jonathan Broberg\",\"image\":{\"@type\":\"ImageObject\",\"inLanguage\":\"sv-SE\",\"@id\":\"https:\/\/www.budokampsport.se\/#\/schema\/person\/image\/\",\"url\":\"https:\/\/secure.gravatar.com\/avatar\/a58041c6cea9128bd9c40ee2f26d4136?s=96&d=blank&r=g\",\"contentUrl\":\"https:\/\/secure.gravatar.com\/avatar\/a58041c6cea9128bd9c40ee2f26d4136?s=96&d=blank&r=g\",\"caption\":\"Jonathan Broberg\"},\"sameAs\":[\"https:\/\/www.facebook.com\/jonathan.broberg.7\"],\"url\":\"https:\/\/www.budokampsport.se\/author\/jonathan\/\"}]}<\/script>\n<!-- \/ Yoast SEO plugin. -->","yoast_head_json":{"title":"Inf\u00f6r UFC p\u00e5 s\u00f6ndag - Svenska Budo &amp; Kampsportsf\u00f6rbundet","description":"P\u00e5 s\u00f6ndag \u00e4r det \u00e4ntligen dags f\u00f6r en av \u00e5rets st\u00f6rsta kampsportsh\u00e4ndelser d\u00e5 UFC kommer tillbaka till Stockholm och Globen. Fem svenskar g\u00f6r sig redo f\u00f6r match, bland annat Alexander Gustafsson. Budokampsport.se har gjort en liten genomg\u00e5ng av svenskmatcherna.","robots":{"index":"index","follow":"follow","max-snippet":"max-snippet:-1","max-image-preview":"max-image-preview:large","max-video-preview":"max-video-preview:-1"},"canonical":"https:\/\/www.budokampsport.se\/2017\/05\/23\/infor-ufc-pa-sondag\/","og_locale":"sv_SE","og_type":"article","og_title":"Inf\u00f6r UFC p\u00e5 s\u00f6ndag - Svenska Budo &amp; Kampsportsf\u00f6rbundet","og_description":"P\u00e5 s\u00f6ndag \u00e4r det \u00e4ntligen dags f\u00f6r en av \u00e5rets st\u00f6rsta kampsportsh\u00e4ndelser d\u00e5 UFC kommer tillbaka till Stockholm och Globen. Fem svenskar g\u00f6r sig redo f\u00f6r match, bland annat Alexander Gustafsson. Budokampsport.se har gjort en liten genomg\u00e5ng av svenskmatcherna.","og_url":"https:\/\/www.budokampsport.se\/2017\/05\/23\/infor-ufc-pa-sondag\/","og_site_name":"Svenska Budo &amp; Kampsportsf\u00f6rbundet","article_author":"https:\/\/www.facebook.com\/jonathan.broberg.7","article_published_time":"2017-05-23T11:49:56+00:00","article_modified_time":"2017-05-24T07:12:01+00:00","og_image":[{"width":850,"height":581,"url":"https:\/\/www.budokampsport.se\/wp-content\/uploads\/2017\/05\/alex.jpg","type":"image\/jpeg"}],"author":"Jonathan Broberg","twitter_card":"summary_large_image","twitter_misc":{"Skriven av":"Jonathan Broberg","Ber\u00e4knad l\u00e4stid":"3 minuter"},"schema":{"@context":"https:\/\/schema.org","@graph":[{"@type":"Article","@id":"https:\/\/www.budokampsport.se\/2017\/05\/23\/infor-ufc-pa-sondag\/#article","isPartOf":{"@id":"https:\/\/www.budokampsport.se\/2017\/05\/23\/infor-ufc-pa-sondag\/"},"author":{"name":"Jonathan Broberg","@id":"https:\/\/www.budokampsport.se\/#\/schema\/person\/5c06d81d14850e2a8ce5493386560145"},"headline":"Inf\u00f6r UFC p\u00e5 s\u00f6ndag","datePublished":"2017-05-23T11:49:56+00:00","dateModified":"2017-05-24T07:12:01+00:00","mainEntityOfPage":{"@id":"https:\/\/www.budokampsport.se\/2017\/05\/23\/infor-ufc-pa-sondag\/"},"wordCount":508,"commentCount":0,"image":{"@id":"https:\/\/www.budokampsport.se\/2017\/05\/23\/infor-ufc-pa-sondag\/#primaryimage"},"thumbnailUrl":"https:\/\/www.budokampsport.se\/wp-content\/uploads\/2017\/05\/alex.jpg","inLanguage":"sv-SE","potentialAction":[{"@type":"CommentAction","name":"Comment","target":["https:\/\/www.budokampsport.se\/2017\/05\/23\/infor-ufc-pa-sondag\/#respond"]}]},{"@type":"WebPage","@id":"https:\/\/www.budokampsport.se\/2017\/05\/23\/infor-ufc-pa-sondag\/","url":"https:\/\/www.budokampsport.se\/2017\/05\/23\/infor-ufc-pa-sondag\/","name":"Inf\u00f6r UFC p\u00e5 s\u00f6ndag - Svenska Budo &amp; Kampsportsf\u00f6rbundet","isPartOf":{"@id":"https:\/\/www.budokampsport.se\/#website"},"primaryImageOfPage":{"@id":"https:\/\/www.budokampsport.se\/2017\/05\/23\/infor-ufc-pa-sondag\/#primaryimage"},"image":{"@id":"https:\/\/www.budokampsport.se\/2017\/05\/23\/infor-ufc-pa-sondag\/#primaryimage"},"thumbnailUrl":"https:\/\/www.budokampsport.se\/wp-content\/uploads\/2017\/05\/alex.jpg","datePublished":"2017-05-23T11:49:56+00:00","dateModified":"2017-05-24T07:12:01+00:00","author":{"@id":"https:\/\/www.budokampsport.se\/#\/schema\/person\/5c06d81d14850e2a8ce5493386560145"},"description":"P\u00e5 s\u00f6ndag \u00e4r det \u00e4ntligen dags f\u00f6r en av \u00e5rets st\u00f6rsta kampsportsh\u00e4ndelser d\u00e5 UFC kommer tillbaka till Stockholm och Globen. Fem svenskar g\u00f6r sig redo f\u00f6r match, bland annat Alexander Gustafsson. Budokampsport.se har gjort en liten genomg\u00e5ng av svenskmatcherna.","breadcrumb":{"@id":"https:\/\/www.budokampsport.se\/2017\/05\/23\/infor-ufc-pa-sondag\/#breadcrumb"},"inLanguage":"sv-SE","potentialAction":[{"@type":"ReadAction","target":["https:\/\/www.budokampsport.se\/2017\/05\/23\/infor-ufc-pa-sondag\/"]}]},{"@type":"ImageObject","inLanguage":"sv-SE","@id":"https:\/\/www.budokampsport.se\/2017\/05\/23\/infor-ufc-pa-sondag\/#primaryimage","url":"https:\/\/www.budokampsport.se\/wp-content\/uploads\/2017\/05\/alex.jpg","contentUrl":"https:\/\/www.budokampsport.se\/wp-content\/uploads\/2017\/05\/alex.jpg","width":850,"height":581,"caption":"Foto: Jonathan Broberg"},{"@type":"BreadcrumbList","@id":"https:\/\/www.budokampsport.se\/2017\/05\/23\/infor-ufc-pa-sondag\/#breadcrumb","itemListElement":[{"@type":"ListItem","position":1,"name":"Hem","item":"https:\/\/www.budokampsport.se\/"},{"@type":"ListItem","position":2,"name":"Inf\u00f6r UFC p\u00e5 s\u00f6ndag"}]},{"@type":"WebSite","@id":"https:\/\/www.budokampsport.se\/#website","url":"https:\/\/www.budokampsport.se\/","name":"Svenska Budo &amp; Kampsportsf\u00f6rbundet","description":"T\u00e4vling, Tr\u00e4ning, Tradition","potentialAction":[{"@type":"SearchAction","target":{"@type":"EntryPoint","urlTemplate":"https:\/\/www.budokampsport.se\/?s={search_term_string}"},"query-input":{"@type":"PropertyValueSpecification","valueRequired":true,"valueName":"search_term_string"}}],"inLanguage":"sv-SE"},{"@type":"Person","@id":"https:\/\/www.budokampsport.se\/#\/schema\/person\/5c06d81d14850e2a8ce5493386560145","name":"Jonathan Broberg","image":{"@type":"ImageObject","inLanguage":"sv-SE","@id":"https:\/\/www.budokampsport.se\/#\/schema\/person\/image\/","url":"https:\/\/secure.gravatar.com\/avatar\/a58041c6cea9128bd9c40ee2f26d4136?s=96&d=blank&r=g","contentUrl":"https:\/\/secure.gravatar.com\/avatar\/a58041c6cea9128bd9c40ee2f26d4136?s=96&d=blank&r=g","caption":"Jonathan Broberg"},"sameAs":["https:\/\/www.facebook.com\/jonathan.broberg.7"],"url":"https:\/\/www.budokampsport.se\/author\/jonathan\/"}]}},"_links":{"self":[{"href":"https:\/\/www.budokampsport.se\/api\/wp\/v2\/posts\/45913","targetHints":{"allow":["GET"]}}],"collection":[{"href":"https:\/\/www.budokampsport.se\/api\/wp\/v2\/posts"}],"about":[{"href":"https:\/\/www.budokampsport.se\/api\/wp\/v2\/types\/post"}],"author":[{"embeddable":true,"href":"https:\/\/www.budokampsport.se\/api\/wp\/v2\/users\/7"}],"replies":[{"embeddable":true,"href":"https:\/\/www.budokampsport.se\/api\/wp\/v2\/comments?post=45913"}],"version-history":[{"count":0,"href":"https:\/\/www.budokampsport.se\/api\/wp\/v2\/posts\/45913\/revisions"}],"wp:featuredmedia":[{"embeddable":true,"href":"https:\/\/www.budokampsport.se\/api\/wp\/v2\/media\/45918"}],"wp:attachment":[{"href":"https:\/\/www.budokampsport.se\/api\/wp\/v2\/media?parent=45913"}],"wp:term":[{"taxonomy":"category","embeddable":true,"href":"https:\/\/www.budokampsport.se\/api\/wp\/v2\/categories?post=45913"},{"taxonomy":"post_tag","embeddable":true,"href":"https:\/\/www.budokampsport.se\/api\/wp\/v2\/tags?post=45913"}],"curies":[{"name":"wp","href":"https:\/\/api.w.org\/{rel}","templated":true}]}}