{"id":4594,"date":"2013-04-09T09:39:59","date_gmt":"2013-04-09T07:39:59","guid":{"rendered":"http:\/\/budo.wordpress.dev\/2013\/04\/09\/ju-jutsuns-sara-svensson-uttagen-till-world-games\/"},"modified":"2016-12-06T22:35:50","modified_gmt":"2016-12-06T21:35:50","slug":"ju-jutsuns-sara-svensson-uttagen-till-world-games","status":"publish","type":"post","link":"https:\/\/www.budokampsport.se\/2013\/04\/09\/ju-jutsuns-sara-svensson-uttagen-till-world-games\/","title":{"rendered":"Ju jutsuns Sara Svensson uttagen till World Games"},"content":{"rendered":"<p><P><STRONG><IMG style=\"WIDTH: 435px; HEIGHT: 290px\" alt=\"\" src=\"http:\/\/www.budokampsport.se\/sites\/default\/files\/sara_svensson_ny.gif\"><BR>Det som varit p\u00e5 g\u00e5ng ett tag \u00e4r nu helt klart. Ju jutsustj\u00e4rnan Sara Svensson blir fj\u00e4rde svenska ju jutsu-idrottaren att bli uttagen till det prestigefyllda World Games, som h\u00e5lls i Cali i Colombia 25 juli till 4.e augusti.<BR>\u00a0\u00a0 &#8211; Jag kan inte minnas n\u00e4r vi hade en s\u00e5dan stark trupp i World Games, s\u00e4ger ju jutsus f\u00f6rbundskapten Michael Kuntz till budokampsport.se.<!--break--><\/STRONG><\/P> <P>SM i ju jutsu arrangeras i helgen i Sollentuna utanf\u00f6r Stockholm. Ett SM som det vimlar av kvalitet p\u00e5 \u2013 och det ser ocks\u00e5 ut att bli rej\u00e4lt prestigefyllt. Det var l\u00e4nge sedan svensk ju jutsu s\u00e5g s\u00e5 starkt rustat ut.<\/P> <P>F\u00f6r nu st\u00e5r det ocks\u00e5 klart att Sara Svensson fr\u00e5n J\u00f6nk\u00f6ping ansluter till den skara ju jutsuidrottare som f\u00e5r t\u00e4vla p\u00e5 World Games.<BR>\u00a0\u00a0\u00a0 &#8211; Det \u00e4r fantastiskt. Vi \u00e4r den tredje starkaste nationen, sett till antal idrottare nu, s\u00e4ger en lyrisk Michael Kuntz.<BR>\u00a0\u00a0 &#8211; Det \u00e4r ett enorm erk\u00e4nnande f\u00f6r svensk ju jutsu.<\/P> <P>World Games \u00e4r OS-motsvarigheten till idrotter utan olympisk status, som h\u00e5lls vart fj\u00e4rde \u00e5r. I \u00e5r st\u00e5r Cali i Colombia som v\u00e4rdstad f\u00f6r arrangemanget. Tidigare \u00e4r syskonen Fredrik och Sara Widgren, samt duoparet Malin Persson och Maria Eriksson uttagna till World Games.<\/P> <P>Text och foto: Jonathan Broberg<\/P><\/p>\n","protected":false},"excerpt":{"rendered":"<p><P><STRONG><IMG style=\"WIDTH: 435px; HEIGHT: 290px\" alt=\"\" src=\"http:\/\/www.budokampsport.se\/sites\/default\/files\/sara_svensson_ny.gif\"><BR>Det som varit p\u00e5 g\u00e5ng ett tag \u00e4r nu helt klart. Ju jutsustj\u00e4rnan Sara Svensson blir fj\u00e4rde svenska ju jutsu-idrottaren att bli uttagen till det prestigefyllda World Games, som h\u00e5lls i Cali i Colombia 25 juli till 4.e augusti.<BR>\u00a0\u00a0 &#8211; Jag kan inte minnas n\u00e4r vi hade en s\u00e5dan stark trupp i World Games, s\u00e4ger ju jutsus f\u00f6rbundskapten Michael Kuntz till budokampsport.se.<\/p><br>","protected":false},"author":7,"featured_media":0,"comment_status":"closed","ping_status":"closed","sticky":false,"template":"","format":"standard","meta":{"_acf_changed":false,"footnotes":""},"categories":[1],"tags":[],"class_list":["post-4594","post","type-post","status-publish","format-standard","hentry","category-okategoriserade"],"acf":[],"yoast_head":"<!-- This site is optimized with the Yoast SEO plugin v26.8 - https:\/\/yoast.com\/product\/yoast-seo-wordpress\/ -->\n<title>Ju jutsuns Sara Svensson uttagen till World Games - Svenska Budo &amp; Kampsportsf\u00f6rbundet<\/title>\n<meta name=\"description\" content=\"Det som varit p\u00e5 g\u00e5ng ett tag \u00e4r nu helt klart. Ju jutsustj\u00e4rnan Sara Svensson blir fj\u00e4rde svenska ju jutsu-idrottaren att bli uttagen till det prestigefyllda World Games, som h\u00e5lls i Cali i Colombia 25 juli till 4.e augusti.\u00a0\u00a0 - Jag kan inte minnas n\u00e4r vi hade en s\u00e5dan stark trupp i World Games, s\u00e4ger ju jutsus f\u00f6rbundskapten Michael Kuntz till budokampsport.se.\" \/>\n<meta name=\"robots\" content=\"index, follow, max-snippet:-1, max-image-preview:large, max-video-preview:-1\" \/>\n<link rel=\"canonical\" href=\"https:\/\/www.budokampsport.se\/2013\/04\/09\/ju-jutsuns-sara-svensson-uttagen-till-world-games\/\" \/>\n<meta property=\"og:locale\" content=\"sv_SE\" \/>\n<meta property=\"og:type\" content=\"article\" \/>\n<meta property=\"og:title\" content=\"Ju jutsuns Sara Svensson uttagen till World Games - Svenska Budo &amp; Kampsportsf\u00f6rbundet\" \/>\n<meta property=\"og:description\" content=\"Det som varit p\u00e5 g\u00e5ng ett tag \u00e4r nu helt klart. Ju jutsustj\u00e4rnan Sara Svensson blir fj\u00e4rde svenska ju jutsu-idrottaren att bli uttagen till det prestigefyllda World Games, som h\u00e5lls i Cali i Colombia 25 juli till 4.e augusti.\u00a0\u00a0 - Jag kan inte minnas n\u00e4r vi hade en s\u00e5dan stark trupp i World Games, s\u00e4ger ju jutsus f\u00f6rbundskapten Michael Kuntz till budokampsport.se.\" \/>\n<meta property=\"og:url\" content=\"https:\/\/www.budokampsport.se\/2013\/04\/09\/ju-jutsuns-sara-svensson-uttagen-till-world-games\/\" \/>\n<meta property=\"og:site_name\" content=\"Svenska Budo &amp; Kampsportsf\u00f6rbundet\" \/>\n<meta property=\"article:author\" content=\"https:\/\/www.facebook.com\/jonathan.broberg.7\" \/>\n<meta property=\"article:published_time\" content=\"2013-04-09T07:39:59+00:00\" \/>\n<meta property=\"article:modified_time\" content=\"2016-12-06T21:35:50+00:00\" \/>\n<meta name=\"author\" content=\"Jonathan Broberg\" \/>\n<meta name=\"twitter:card\" content=\"summary_large_image\" \/>\n<meta name=\"twitter:label1\" content=\"Skriven av\" \/>\n\t<meta name=\"twitter:data1\" content=\"Jonathan Broberg\" \/>\n\t<meta name=\"twitter:label2\" content=\"Ber\u00e4knad l\u00e4stid\" \/>\n\t<meta name=\"twitter:data2\" content=\"1 minut\" \/>\n<script type=\"application\/ld+json\" class=\"yoast-schema-graph\">{\"@context\":\"https:\/\/schema.org\",\"@graph\":[{\"@type\":\"Article\",\"@id\":\"https:\/\/www.budokampsport.se\/2013\/04\/09\/ju-jutsuns-sara-svensson-uttagen-till-world-games\/#article\",\"isPartOf\":{\"@id\":\"https:\/\/www.budokampsport.se\/2013\/04\/09\/ju-jutsuns-sara-svensson-uttagen-till-world-games\/\"},\"author\":{\"name\":\"Jonathan Broberg\",\"@id\":\"https:\/\/www.budokampsport.se\/#\/schema\/person\/5c06d81d14850e2a8ce5493386560145\"},\"headline\":\"Ju jutsuns Sara Svensson uttagen till World Games\",\"datePublished\":\"2013-04-09T07:39:59+00:00\",\"dateModified\":\"2016-12-06T21:35:50+00:00\",\"mainEntityOfPage\":{\"@id\":\"https:\/\/www.budokampsport.se\/2013\/04\/09\/ju-jutsuns-sara-svensson-uttagen-till-world-games\/\"},\"wordCount\":237,\"inLanguage\":\"sv-SE\"},{\"@type\":\"WebPage\",\"@id\":\"https:\/\/www.budokampsport.se\/2013\/04\/09\/ju-jutsuns-sara-svensson-uttagen-till-world-games\/\",\"url\":\"https:\/\/www.budokampsport.se\/2013\/04\/09\/ju-jutsuns-sara-svensson-uttagen-till-world-games\/\",\"name\":\"Ju jutsuns Sara Svensson uttagen till World Games - Svenska Budo &amp; Kampsportsf\u00f6rbundet\",\"isPartOf\":{\"@id\":\"https:\/\/www.budokampsport.se\/#website\"},\"datePublished\":\"2013-04-09T07:39:59+00:00\",\"dateModified\":\"2016-12-06T21:35:50+00:00\",\"author\":{\"@id\":\"https:\/\/www.budokampsport.se\/#\/schema\/person\/5c06d81d14850e2a8ce5493386560145\"},\"description\":\"Det som varit p\u00e5 g\u00e5ng ett tag \u00e4r nu helt klart. Ju jutsustj\u00e4rnan Sara Svensson blir fj\u00e4rde svenska ju jutsu-idrottaren att bli uttagen till det prestigefyllda World Games, som h\u00e5lls i Cali i Colombia 25 juli till 4.e augusti.\u00a0\u00a0 - Jag kan inte minnas n\u00e4r vi hade en s\u00e5dan stark trupp i World Games, s\u00e4ger ju jutsus f\u00f6rbundskapten Michael Kuntz till budokampsport.se.\",\"breadcrumb\":{\"@id\":\"https:\/\/www.budokampsport.se\/2013\/04\/09\/ju-jutsuns-sara-svensson-uttagen-till-world-games\/#breadcrumb\"},\"inLanguage\":\"sv-SE\",\"potentialAction\":[{\"@type\":\"ReadAction\",\"target\":[\"https:\/\/www.budokampsport.se\/2013\/04\/09\/ju-jutsuns-sara-svensson-uttagen-till-world-games\/\"]}]},{\"@type\":\"BreadcrumbList\",\"@id\":\"https:\/\/www.budokampsport.se\/2013\/04\/09\/ju-jutsuns-sara-svensson-uttagen-till-world-games\/#breadcrumb\",\"itemListElement\":[{\"@type\":\"ListItem\",\"position\":1,\"name\":\"Hem\",\"item\":\"https:\/\/www.budokampsport.se\/\"},{\"@type\":\"ListItem\",\"position\":2,\"name\":\"Ju jutsuns Sara Svensson uttagen till World Games\"}]},{\"@type\":\"WebSite\",\"@id\":\"https:\/\/www.budokampsport.se\/#website\",\"url\":\"https:\/\/www.budokampsport.se\/\",\"name\":\"Svenska Budo &amp; Kampsportsf\u00f6rbundet\",\"description\":\"T\u00e4vling, Tr\u00e4ning, Tradition\",\"potentialAction\":[{\"@type\":\"SearchAction\",\"target\":{\"@type\":\"EntryPoint\",\"urlTemplate\":\"https:\/\/www.budokampsport.se\/?s={search_term_string}\"},\"query-input\":{\"@type\":\"PropertyValueSpecification\",\"valueRequired\":true,\"valueName\":\"search_term_string\"}}],\"inLanguage\":\"sv-SE\"},{\"@type\":\"Person\",\"@id\":\"https:\/\/www.budokampsport.se\/#\/schema\/person\/5c06d81d14850e2a8ce5493386560145\",\"name\":\"Jonathan Broberg\",\"image\":{\"@type\":\"ImageObject\",\"inLanguage\":\"sv-SE\",\"@id\":\"https:\/\/www.budokampsport.se\/#\/schema\/person\/image\/\",\"url\":\"https:\/\/secure.gravatar.com\/avatar\/a58041c6cea9128bd9c40ee2f26d4136?s=96&d=blank&r=g\",\"contentUrl\":\"https:\/\/secure.gravatar.com\/avatar\/a58041c6cea9128bd9c40ee2f26d4136?s=96&d=blank&r=g\",\"caption\":\"Jonathan Broberg\"},\"sameAs\":[\"https:\/\/www.facebook.com\/jonathan.broberg.7\"],\"url\":\"https:\/\/www.budokampsport.se\/author\/jonathan\/\"}]}<\/script>\n<!-- \/ Yoast SEO plugin. -->","yoast_head_json":{"title":"Ju jutsuns Sara Svensson uttagen till World Games - Svenska Budo &amp; Kampsportsf\u00f6rbundet","description":"Det som varit p\u00e5 g\u00e5ng ett tag \u00e4r nu helt klart. Ju jutsustj\u00e4rnan Sara Svensson blir fj\u00e4rde svenska ju jutsu-idrottaren att bli uttagen till det prestigefyllda World Games, som h\u00e5lls i Cali i Colombia 25 juli till 4.e augusti.\u00a0\u00a0 - Jag kan inte minnas n\u00e4r vi hade en s\u00e5dan stark trupp i World Games, s\u00e4ger ju jutsus f\u00f6rbundskapten Michael Kuntz till budokampsport.se.","robots":{"index":"index","follow":"follow","max-snippet":"max-snippet:-1","max-image-preview":"max-image-preview:large","max-video-preview":"max-video-preview:-1"},"canonical":"https:\/\/www.budokampsport.se\/2013\/04\/09\/ju-jutsuns-sara-svensson-uttagen-till-world-games\/","og_locale":"sv_SE","og_type":"article","og_title":"Ju jutsuns Sara Svensson uttagen till World Games - Svenska Budo &amp; Kampsportsf\u00f6rbundet","og_description":"Det som varit p\u00e5 g\u00e5ng ett tag \u00e4r nu helt klart. Ju jutsustj\u00e4rnan Sara Svensson blir fj\u00e4rde svenska ju jutsu-idrottaren att bli uttagen till det prestigefyllda World Games, som h\u00e5lls i Cali i Colombia 25 juli till 4.e augusti.\u00a0\u00a0 - Jag kan inte minnas n\u00e4r vi hade en s\u00e5dan stark trupp i World Games, s\u00e4ger ju jutsus f\u00f6rbundskapten Michael Kuntz till budokampsport.se.","og_url":"https:\/\/www.budokampsport.se\/2013\/04\/09\/ju-jutsuns-sara-svensson-uttagen-till-world-games\/","og_site_name":"Svenska Budo &amp; Kampsportsf\u00f6rbundet","article_author":"https:\/\/www.facebook.com\/jonathan.broberg.7","article_published_time":"2013-04-09T07:39:59+00:00","article_modified_time":"2016-12-06T21:35:50+00:00","author":"Jonathan Broberg","twitter_card":"summary_large_image","twitter_misc":{"Skriven av":"Jonathan Broberg","Ber\u00e4knad l\u00e4stid":"1 minut"},"schema":{"@context":"https:\/\/schema.org","@graph":[{"@type":"Article","@id":"https:\/\/www.budokampsport.se\/2013\/04\/09\/ju-jutsuns-sara-svensson-uttagen-till-world-games\/#article","isPartOf":{"@id":"https:\/\/www.budokampsport.se\/2013\/04\/09\/ju-jutsuns-sara-svensson-uttagen-till-world-games\/"},"author":{"name":"Jonathan Broberg","@id":"https:\/\/www.budokampsport.se\/#\/schema\/person\/5c06d81d14850e2a8ce5493386560145"},"headline":"Ju jutsuns Sara Svensson uttagen till World Games","datePublished":"2013-04-09T07:39:59+00:00","dateModified":"2016-12-06T21:35:50+00:00","mainEntityOfPage":{"@id":"https:\/\/www.budokampsport.se\/2013\/04\/09\/ju-jutsuns-sara-svensson-uttagen-till-world-games\/"},"wordCount":237,"inLanguage":"sv-SE"},{"@type":"WebPage","@id":"https:\/\/www.budokampsport.se\/2013\/04\/09\/ju-jutsuns-sara-svensson-uttagen-till-world-games\/","url":"https:\/\/www.budokampsport.se\/2013\/04\/09\/ju-jutsuns-sara-svensson-uttagen-till-world-games\/","name":"Ju jutsuns Sara Svensson uttagen till World Games - Svenska Budo &amp; Kampsportsf\u00f6rbundet","isPartOf":{"@id":"https:\/\/www.budokampsport.se\/#website"},"datePublished":"2013-04-09T07:39:59+00:00","dateModified":"2016-12-06T21:35:50+00:00","author":{"@id":"https:\/\/www.budokampsport.se\/#\/schema\/person\/5c06d81d14850e2a8ce5493386560145"},"description":"Det som varit p\u00e5 g\u00e5ng ett tag \u00e4r nu helt klart. Ju jutsustj\u00e4rnan Sara Svensson blir fj\u00e4rde svenska ju jutsu-idrottaren att bli uttagen till det prestigefyllda World Games, som h\u00e5lls i Cali i Colombia 25 juli till 4.e augusti.\u00a0\u00a0 - Jag kan inte minnas n\u00e4r vi hade en s\u00e5dan stark trupp i World Games, s\u00e4ger ju jutsus f\u00f6rbundskapten Michael Kuntz till budokampsport.se.","breadcrumb":{"@id":"https:\/\/www.budokampsport.se\/2013\/04\/09\/ju-jutsuns-sara-svensson-uttagen-till-world-games\/#breadcrumb"},"inLanguage":"sv-SE","potentialAction":[{"@type":"ReadAction","target":["https:\/\/www.budokampsport.se\/2013\/04\/09\/ju-jutsuns-sara-svensson-uttagen-till-world-games\/"]}]},{"@type":"BreadcrumbList","@id":"https:\/\/www.budokampsport.se\/2013\/04\/09\/ju-jutsuns-sara-svensson-uttagen-till-world-games\/#breadcrumb","itemListElement":[{"@type":"ListItem","position":1,"name":"Hem","item":"https:\/\/www.budokampsport.se\/"},{"@type":"ListItem","position":2,"name":"Ju jutsuns Sara Svensson uttagen till World Games"}]},{"@type":"WebSite","@id":"https:\/\/www.budokampsport.se\/#website","url":"https:\/\/www.budokampsport.se\/","name":"Svenska Budo &amp; Kampsportsf\u00f6rbundet","description":"T\u00e4vling, Tr\u00e4ning, Tradition","potentialAction":[{"@type":"SearchAction","target":{"@type":"EntryPoint","urlTemplate":"https:\/\/www.budokampsport.se\/?s={search_term_string}"},"query-input":{"@type":"PropertyValueSpecification","valueRequired":true,"valueName":"search_term_string"}}],"inLanguage":"sv-SE"},{"@type":"Person","@id":"https:\/\/www.budokampsport.se\/#\/schema\/person\/5c06d81d14850e2a8ce5493386560145","name":"Jonathan Broberg","image":{"@type":"ImageObject","inLanguage":"sv-SE","@id":"https:\/\/www.budokampsport.se\/#\/schema\/person\/image\/","url":"https:\/\/secure.gravatar.com\/avatar\/a58041c6cea9128bd9c40ee2f26d4136?s=96&d=blank&r=g","contentUrl":"https:\/\/secure.gravatar.com\/avatar\/a58041c6cea9128bd9c40ee2f26d4136?s=96&d=blank&r=g","caption":"Jonathan Broberg"},"sameAs":["https:\/\/www.facebook.com\/jonathan.broberg.7"],"url":"https:\/\/www.budokampsport.se\/author\/jonathan\/"}]}},"_links":{"self":[{"href":"https:\/\/www.budokampsport.se\/api\/wp\/v2\/posts\/4594","targetHints":{"allow":["GET"]}}],"collection":[{"href":"https:\/\/www.budokampsport.se\/api\/wp\/v2\/posts"}],"about":[{"href":"https:\/\/www.budokampsport.se\/api\/wp\/v2\/types\/post"}],"author":[{"embeddable":true,"href":"https:\/\/www.budokampsport.se\/api\/wp\/v2\/users\/7"}],"replies":[{"embeddable":true,"href":"https:\/\/www.budokampsport.se\/api\/wp\/v2\/comments?post=4594"}],"version-history":[{"count":0,"href":"https:\/\/www.budokampsport.se\/api\/wp\/v2\/posts\/4594\/revisions"}],"wp:attachment":[{"href":"https:\/\/www.budokampsport.se\/api\/wp\/v2\/media?parent=4594"}],"wp:term":[{"taxonomy":"category","embeddable":true,"href":"https:\/\/www.budokampsport.se\/api\/wp\/v2\/categories?post=4594"},{"taxonomy":"post_tag","embeddable":true,"href":"https:\/\/www.budokampsport.se\/api\/wp\/v2\/tags?post=4594"}],"curies":[{"name":"wp","href":"https:\/\/api.w.org\/{rel}","templated":true}]}}