{"id":45989,"date":"2017-05-24T10:56:06","date_gmt":"2017-05-24T08:56:06","guid":{"rendered":"http:\/\/www.budokampsport.se\/?p=45989"},"modified":"2017-05-24T11:14:44","modified_gmt":"2017-05-24T09:14:44","slug":"forsta-gangen-ufc-var-stan-fanns-fortfarande-farfar-kvar","status":"publish","type":"post","link":"https:\/\/www.budokampsport.se\/2017\/05\/24\/forsta-gangen-ufc-var-stan-fanns-fortfarande-farfar-kvar\/","title":{"rendered":"F\u00f6rsta g\u00e5ngen UFC var i stan fanns fortfarande farfar kvar"},"content":{"rendered":"<p>Vi n\u00e5dde den f\u00f6rsta bojen till n\u00e4tet som str\u00e4ckte sig mellan reven, sandbottnar och lite stenbotten. Just p\u00e5 denna plats hade mina sl\u00e4ktingar lagt n\u00e4t i generationer och farfar och pappa visste vad som v\u00e4ntade.<\/p>\n<p><em><strong>N\u00e4tet b\u00f6rjade tas upp i b\u00e5ten och p\u00e5 durken b\u00f6rjade torsk, abborre och piggvar fyllas p\u00e5 i den bl\u00e5 backen som farfar alltid hade till fisken. Och pl\u00f6tsligt svepte en rund, svart skugga f\u00f6rbi under b\u00e5ten. En piggvar. Troligen den st\u00f6rsta vi alla hade sett. Just vid ytan lyckades den ta sig loss fr\u00e5n n\u00e4tet och d\u00f6k. I all hast kastade pappa farfars gamla h\u00e5v efter piggvaren, men b\u00e5de h\u00e5ven och fisken f\u00f6rsvann i \u00d6stersj\u00f6ns m\u00f6rka morgonvatten.\u00a0<\/strong><\/em><\/p>\n<p>Det blev trots allt en v\u00e4ldigt god fisketur, och vi fick med oss b\u00e5de goda middagar, minnen och en od\u00f6dlig historia fr\u00e5n turen. \u00c4ven om pappa fick s\u00e5 d\u00e5ligt samvete \u00f6ver farfars h\u00e5v att han dagen d\u00e4rp\u00e5 \u00e5kte och k\u00f6pte en ny.<\/p>\n<p>P\u00e5 s\u00f6ndag \u00e4r det UFC i Globen. F\u00f6rsta g\u00e5ngen MMA-organisationen var i stan fanns fortfarande farfar kvar. Nu lever han endast i mitt minne.<br \/>\nOch, farfar var en stor beundrare av boxning och kampsport. Likas\u00e5 min pappa, som faktiskt varit p\u00e5 Lumpini och sett thaiboxning (vilket jag \u00e4r v\u00e4ldigt avundsjuk p\u00e5).<\/p>\n<p>N\u00e4r farfar pratade boxning handlade det mesta om Ingemar Johansson. Pappa kan ibland p\u00e5minna mig om Lillen och jag pratar mest om de kampsportare som \u00e4r aktuella idag.<\/p>\n<p><em><strong>Jag antar att generationers diskussioner \u00e4r som \u00e5rstiderna. De \u00f6gonblick som charmade f\u00f6rr, \u00e4r inte alltid desamma som charmar idag. Men likv\u00e4l blir vi underh\u00e5llna. Fr\u00e5n generation till generation. Med v\u00e5ra egna speciella \u00f6gonblick.<\/strong><\/em><\/p>\n<p>Jag dr\u00f6mde i n\u00e4ttras (som farfar l\u00e4rt mig att gotl\u00e4nningar s\u00e4ger om \u201dg\u00e5rdagens natt\u201d) att Alexander Gustafsson avslutade Glover Teixeira i den andra ronden, efter en h\u00e5rd v\u00e4nster mot kroppen.<\/p>\n<p>Tyv\u00e4rr kan jag inte titulera mig en god tippare, inte heller \u00e4r mina dr\u00f6mmar k\u00e4nda f\u00f6r att besannas. Men jag antar att \u00e4ven en dr\u00f6m kan vara en liten verklighet i sig, eftersom vi \u00e4nd\u00e5 p\u00e5 n\u00e5got s\u00e4tt upplever de som reala.<\/p>\n<p>Jag tror att Alexander Gustafsson vinner p\u00e5 s\u00f6ndag, allt annat vore en sm\u00e4rre skr\u00e4ll.<\/p>\n<p>Men med tanke p\u00e5 de hemska scenerna ifr\u00e5n Manchester k\u00e4nns \u00e4nd\u00e5 resultatet sekund\u00e4rt denna g\u00e5ng. T\u00e4nk, att m\u00e4nniskor g\u00f6r s\u00e5 h\u00e4r onda ting mot varandra. Var kommer detta avundsdjupa hat ifr\u00e5n, kan jag undra, att barn has ihj\u00e4l p\u00e5 det s\u00e4ttet.<\/p>\n<p>N\u00e4r jag h\u00f6rde om det fasansfulla i Manchester s\u00f6kte jag tr\u00f6st i Maya Angelous underbara poem \u201dStill I rise\u201d.<\/p>\n<p><em><strong>S\u00f6ndagens UFC-gala \u00e4r f\u00f6r mig ett s\u00e4tt att \u00e4nd\u00e5 ta mig vidare, att omge mig av ting och m\u00e4nniskor jag tycker v\u00e4ldigt mycket om. <\/strong><\/em><br \/>\n<em><strong>Livet f\u00f6r mig \u00e4r just det. Att g\u00e5 barfota p\u00e5 en annalkande ljusgr\u00f6n sommargr\u00e4smatta i maj. Och k\u00e4nna att hoppet \u00e4nd\u00e5 kittlar mig under f\u00f6tterna.<\/strong><\/em><\/p>\n<p>Jag k\u00e4nner doften av f\u00f6rv\u00e4ntan \u00e4ven denna g\u00e5ng, precis som inf\u00f6r fisketurerna. Jag tror att Oliver Enkamp p\u00e5 sikt kan bli Sveriges nya MMA-storstj\u00e4rna, d\u00e5 jag tycker han har det mesta av de faktorer det kr\u00e4vs till det i sig. Reza Madadi har tidigare sagt att n\u00e4sta match \u00e4r hans farv\u00e4l till de stora matcherna, men i och med hans inhopp p\u00e5 s\u00f6ndag \u00f6nskar jag att vi f\u00e5r se honom \u00e4nnu en g\u00e5ng. F\u00f6r tomt kommer det att bli n\u00e4r Madadi st\u00e4mplar ut, s\u00e5 jag t\u00e4nker njuta av varje sekund han bjuder p\u00e5.<\/p>\n<p>Nico Musoke \u00e4r en fantastisk kampsportare i sina b\u00e4sta stunder. Hans lilla mini-comeback efter ett par \u00e5rs fr\u00e5nvaro \u00e4r ytterst v\u00e4lkommen, och jag tror att han kommer att vinna p\u00e5 s\u00f6ndag.<\/p>\n<p>Och aprop\u00e5 vinst. Om inte Gustafsson vinner i den andra ronden, om min dr\u00f6m inte skulle st\u00e4mma, blir det i s\u00e5 fall precis s\u00e5 som Fr\u00f6ding en g\u00e5ng skrev: \u201dden dr\u00f6mmen som aldrig besannas, som dr\u00f6m var den vacker att f\u00e5\u201d.<\/p>\n<p>De raderna har jag, pappa och farfar gemensamt begrundat vid ett flertal tillf\u00e4llen. Och d\u00e4r \u00e4r vi r\u00f6rande \u00f6verens om radernas best\u00e5ende prakt. Generationernas avgr\u00e4nsningar till trots.<\/p>\n","protected":false},"excerpt":{"rendered":"<p>Vi satt i farfars gamla eka utanf\u00f6r Gotlands s\u00f6dra kust. Jag, pappa och farfar. Jag minns hur det doftade tj\u00e4ra, hav och f\u00f6rv\u00e4ntningar. Det var tidig morgon, s\u00e5 tidig att man inte visste om solen hade g\u00e5tt ner eller upp. \u00c4nd\u00e5 hade mamma och farmor varit uppe med oss och \u00e4tit frukost och \u00f6nskat oss god fiskelycka.<\/p><br>","protected":false},"author":7,"featured_media":36105,"comment_status":"open","ping_status":"open","sticky":false,"template":"","format":"standard","meta":{"_acf_changed":false,"footnotes":""},"categories":[1],"tags":[],"class_list":["post-45989","post","type-post","status-publish","format-standard","has-post-thumbnail","hentry","category-okategoriserade"],"acf":[],"yoast_head":"<!-- This site is optimized with the Yoast SEO plugin v26.8 - https:\/\/yoast.com\/product\/yoast-seo-wordpress\/ -->\n<title>F\u00f6rsta g\u00e5ngen UFC var i stan fanns fortfarande farfar kvar - Svenska Budo &amp; Kampsportsf\u00f6rbundet<\/title>\n<meta name=\"description\" content=\"Vi satt i farfars gamla eka utanf\u00f6r Gotlands s\u00f6dra kust. Jag, pappa och farfar. Jag minns hur det doftade tj\u00e4ra, hav och f\u00f6rv\u00e4ntningar. Det var tidig morgon, s\u00e5 tidig att man inte visste om solen hade g\u00e5tt ner eller upp. \u00c4nd\u00e5 hade mamma och farmor varit uppe med oss och \u00e4tit frukost och \u00f6nskat oss god fiskelycka.\" \/>\n<meta name=\"robots\" content=\"index, follow, max-snippet:-1, max-image-preview:large, max-video-preview:-1\" \/>\n<link rel=\"canonical\" href=\"https:\/\/www.budokampsport.se\/2017\/05\/24\/forsta-gangen-ufc-var-stan-fanns-fortfarande-farfar-kvar\/\" \/>\n<meta property=\"og:locale\" content=\"sv_SE\" \/>\n<meta property=\"og:type\" content=\"article\" \/>\n<meta property=\"og:title\" content=\"F\u00f6rsta g\u00e5ngen UFC var i stan fanns fortfarande farfar kvar - Svenska Budo &amp; Kampsportsf\u00f6rbundet\" \/>\n<meta property=\"og:description\" content=\"Vi satt i farfars gamla eka utanf\u00f6r Gotlands s\u00f6dra kust. Jag, pappa och farfar. Jag minns hur det doftade tj\u00e4ra, hav och f\u00f6rv\u00e4ntningar. Det var tidig morgon, s\u00e5 tidig att man inte visste om solen hade g\u00e5tt ner eller upp. \u00c4nd\u00e5 hade mamma och farmor varit uppe med oss och \u00e4tit frukost och \u00f6nskat oss god fiskelycka.\" \/>\n<meta property=\"og:url\" content=\"https:\/\/www.budokampsport.se\/2017\/05\/24\/forsta-gangen-ufc-var-stan-fanns-fortfarande-farfar-kvar\/\" \/>\n<meta property=\"og:site_name\" content=\"Svenska Budo &amp; Kampsportsf\u00f6rbundet\" \/>\n<meta property=\"article:author\" content=\"https:\/\/www.facebook.com\/jonathan.broberg.7\" \/>\n<meta property=\"article:published_time\" content=\"2017-05-24T08:56:06+00:00\" \/>\n<meta property=\"article:modified_time\" content=\"2017-05-24T09:14:44+00:00\" \/>\n<meta property=\"og:image\" content=\"https:\/\/www.budokampsport.se\/wp-content\/uploads\/2016\/12\/jonathan.broberg-1.jpg\" \/>\n\t<meta property=\"og:image:width\" content=\"850\" \/>\n\t<meta property=\"og:image:height\" content=\"500\" \/>\n\t<meta property=\"og:image:type\" content=\"image\/jpeg\" \/>\n<meta name=\"author\" content=\"Jonathan Broberg\" \/>\n<meta name=\"twitter:card\" content=\"summary_large_image\" \/>\n<meta name=\"twitter:label1\" content=\"Skriven av\" \/>\n\t<meta name=\"twitter:data1\" content=\"Jonathan Broberg\" \/>\n\t<meta name=\"twitter:label2\" content=\"Ber\u00e4knad l\u00e4stid\" \/>\n\t<meta name=\"twitter:data2\" content=\"4 minuter\" \/>\n<script type=\"application\/ld+json\" class=\"yoast-schema-graph\">{\"@context\":\"https:\/\/schema.org\",\"@graph\":[{\"@type\":\"Article\",\"@id\":\"https:\/\/www.budokampsport.se\/2017\/05\/24\/forsta-gangen-ufc-var-stan-fanns-fortfarande-farfar-kvar\/#article\",\"isPartOf\":{\"@id\":\"https:\/\/www.budokampsport.se\/2017\/05\/24\/forsta-gangen-ufc-var-stan-fanns-fortfarande-farfar-kvar\/\"},\"author\":{\"name\":\"Jonathan Broberg\",\"@id\":\"https:\/\/www.budokampsport.se\/#\/schema\/person\/5c06d81d14850e2a8ce5493386560145\"},\"headline\":\"F\u00f6rsta g\u00e5ngen UFC var i stan fanns fortfarande farfar kvar\",\"datePublished\":\"2017-05-24T08:56:06+00:00\",\"dateModified\":\"2017-05-24T09:14:44+00:00\",\"mainEntityOfPage\":{\"@id\":\"https:\/\/www.budokampsport.se\/2017\/05\/24\/forsta-gangen-ufc-var-stan-fanns-fortfarande-farfar-kvar\/\"},\"wordCount\":783,\"commentCount\":0,\"image\":{\"@id\":\"https:\/\/www.budokampsport.se\/2017\/05\/24\/forsta-gangen-ufc-var-stan-fanns-fortfarande-farfar-kvar\/#primaryimage\"},\"thumbnailUrl\":\"https:\/\/www.budokampsport.se\/wp-content\/uploads\/2016\/12\/jonathan.broberg-1.jpg\",\"inLanguage\":\"sv-SE\",\"potentialAction\":[{\"@type\":\"CommentAction\",\"name\":\"Comment\",\"target\":[\"https:\/\/www.budokampsport.se\/2017\/05\/24\/forsta-gangen-ufc-var-stan-fanns-fortfarande-farfar-kvar\/#respond\"]}]},{\"@type\":\"WebPage\",\"@id\":\"https:\/\/www.budokampsport.se\/2017\/05\/24\/forsta-gangen-ufc-var-stan-fanns-fortfarande-farfar-kvar\/\",\"url\":\"https:\/\/www.budokampsport.se\/2017\/05\/24\/forsta-gangen-ufc-var-stan-fanns-fortfarande-farfar-kvar\/\",\"name\":\"F\u00f6rsta g\u00e5ngen UFC var i stan fanns fortfarande farfar kvar - Svenska Budo &amp; Kampsportsf\u00f6rbundet\",\"isPartOf\":{\"@id\":\"https:\/\/www.budokampsport.se\/#website\"},\"primaryImageOfPage\":{\"@id\":\"https:\/\/www.budokampsport.se\/2017\/05\/24\/forsta-gangen-ufc-var-stan-fanns-fortfarande-farfar-kvar\/#primaryimage\"},\"image\":{\"@id\":\"https:\/\/www.budokampsport.se\/2017\/05\/24\/forsta-gangen-ufc-var-stan-fanns-fortfarande-farfar-kvar\/#primaryimage\"},\"thumbnailUrl\":\"https:\/\/www.budokampsport.se\/wp-content\/uploads\/2016\/12\/jonathan.broberg-1.jpg\",\"datePublished\":\"2017-05-24T08:56:06+00:00\",\"dateModified\":\"2017-05-24T09:14:44+00:00\",\"author\":{\"@id\":\"https:\/\/www.budokampsport.se\/#\/schema\/person\/5c06d81d14850e2a8ce5493386560145\"},\"description\":\"Vi satt i farfars gamla eka utanf\u00f6r Gotlands s\u00f6dra kust. Jag, pappa och farfar. Jag minns hur det doftade tj\u00e4ra, hav och f\u00f6rv\u00e4ntningar. Det var tidig morgon, s\u00e5 tidig att man inte visste om solen hade g\u00e5tt ner eller upp. \u00c4nd\u00e5 hade mamma och farmor varit uppe med oss och \u00e4tit frukost och \u00f6nskat oss god fiskelycka.\",\"breadcrumb\":{\"@id\":\"https:\/\/www.budokampsport.se\/2017\/05\/24\/forsta-gangen-ufc-var-stan-fanns-fortfarande-farfar-kvar\/#breadcrumb\"},\"inLanguage\":\"sv-SE\",\"potentialAction\":[{\"@type\":\"ReadAction\",\"target\":[\"https:\/\/www.budokampsport.se\/2017\/05\/24\/forsta-gangen-ufc-var-stan-fanns-fortfarande-farfar-kvar\/\"]}]},{\"@type\":\"ImageObject\",\"inLanguage\":\"sv-SE\",\"@id\":\"https:\/\/www.budokampsport.se\/2017\/05\/24\/forsta-gangen-ufc-var-stan-fanns-fortfarande-farfar-kvar\/#primaryimage\",\"url\":\"https:\/\/www.budokampsport.se\/wp-content\/uploads\/2016\/12\/jonathan.broberg-1.jpg\",\"contentUrl\":\"https:\/\/www.budokampsport.se\/wp-content\/uploads\/2016\/12\/jonathan.broberg-1.jpg\",\"width\":850,\"height\":500,\"caption\":\"Foto: Hamid Ershad Sarabi\"},{\"@type\":\"BreadcrumbList\",\"@id\":\"https:\/\/www.budokampsport.se\/2017\/05\/24\/forsta-gangen-ufc-var-stan-fanns-fortfarande-farfar-kvar\/#breadcrumb\",\"itemListElement\":[{\"@type\":\"ListItem\",\"position\":1,\"name\":\"Hem\",\"item\":\"https:\/\/www.budokampsport.se\/\"},{\"@type\":\"ListItem\",\"position\":2,\"name\":\"F\u00f6rsta g\u00e5ngen UFC var i stan fanns fortfarande farfar kvar\"}]},{\"@type\":\"WebSite\",\"@id\":\"https:\/\/www.budokampsport.se\/#website\",\"url\":\"https:\/\/www.budokampsport.se\/\",\"name\":\"Svenska Budo &amp; Kampsportsf\u00f6rbundet\",\"description\":\"T\u00e4vling, Tr\u00e4ning, Tradition\",\"potentialAction\":[{\"@type\":\"SearchAction\",\"target\":{\"@type\":\"EntryPoint\",\"urlTemplate\":\"https:\/\/www.budokampsport.se\/?s={search_term_string}\"},\"query-input\":{\"@type\":\"PropertyValueSpecification\",\"valueRequired\":true,\"valueName\":\"search_term_string\"}}],\"inLanguage\":\"sv-SE\"},{\"@type\":\"Person\",\"@id\":\"https:\/\/www.budokampsport.se\/#\/schema\/person\/5c06d81d14850e2a8ce5493386560145\",\"name\":\"Jonathan Broberg\",\"image\":{\"@type\":\"ImageObject\",\"inLanguage\":\"sv-SE\",\"@id\":\"https:\/\/www.budokampsport.se\/#\/schema\/person\/image\/\",\"url\":\"https:\/\/secure.gravatar.com\/avatar\/a58041c6cea9128bd9c40ee2f26d4136?s=96&d=blank&r=g\",\"contentUrl\":\"https:\/\/secure.gravatar.com\/avatar\/a58041c6cea9128bd9c40ee2f26d4136?s=96&d=blank&r=g\",\"caption\":\"Jonathan Broberg\"},\"sameAs\":[\"https:\/\/www.facebook.com\/jonathan.broberg.7\"],\"url\":\"https:\/\/www.budokampsport.se\/author\/jonathan\/\"}]}<\/script>\n<!-- \/ Yoast SEO plugin. -->","yoast_head_json":{"title":"F\u00f6rsta g\u00e5ngen UFC var i stan fanns fortfarande farfar kvar - Svenska Budo &amp; Kampsportsf\u00f6rbundet","description":"Vi satt i farfars gamla eka utanf\u00f6r Gotlands s\u00f6dra kust. Jag, pappa och farfar. Jag minns hur det doftade tj\u00e4ra, hav och f\u00f6rv\u00e4ntningar. Det var tidig morgon, s\u00e5 tidig att man inte visste om solen hade g\u00e5tt ner eller upp. \u00c4nd\u00e5 hade mamma och farmor varit uppe med oss och \u00e4tit frukost och \u00f6nskat oss god fiskelycka.","robots":{"index":"index","follow":"follow","max-snippet":"max-snippet:-1","max-image-preview":"max-image-preview:large","max-video-preview":"max-video-preview:-1"},"canonical":"https:\/\/www.budokampsport.se\/2017\/05\/24\/forsta-gangen-ufc-var-stan-fanns-fortfarande-farfar-kvar\/","og_locale":"sv_SE","og_type":"article","og_title":"F\u00f6rsta g\u00e5ngen UFC var i stan fanns fortfarande farfar kvar - Svenska Budo &amp; Kampsportsf\u00f6rbundet","og_description":"Vi satt i farfars gamla eka utanf\u00f6r Gotlands s\u00f6dra kust. Jag, pappa och farfar. Jag minns hur det doftade tj\u00e4ra, hav och f\u00f6rv\u00e4ntningar. Det var tidig morgon, s\u00e5 tidig att man inte visste om solen hade g\u00e5tt ner eller upp. \u00c4nd\u00e5 hade mamma och farmor varit uppe med oss och \u00e4tit frukost och \u00f6nskat oss god fiskelycka.","og_url":"https:\/\/www.budokampsport.se\/2017\/05\/24\/forsta-gangen-ufc-var-stan-fanns-fortfarande-farfar-kvar\/","og_site_name":"Svenska Budo &amp; Kampsportsf\u00f6rbundet","article_author":"https:\/\/www.facebook.com\/jonathan.broberg.7","article_published_time":"2017-05-24T08:56:06+00:00","article_modified_time":"2017-05-24T09:14:44+00:00","og_image":[{"width":850,"height":500,"url":"https:\/\/www.budokampsport.se\/wp-content\/uploads\/2016\/12\/jonathan.broberg-1.jpg","type":"image\/jpeg"}],"author":"Jonathan Broberg","twitter_card":"summary_large_image","twitter_misc":{"Skriven av":"Jonathan Broberg","Ber\u00e4knad l\u00e4stid":"4 minuter"},"schema":{"@context":"https:\/\/schema.org","@graph":[{"@type":"Article","@id":"https:\/\/www.budokampsport.se\/2017\/05\/24\/forsta-gangen-ufc-var-stan-fanns-fortfarande-farfar-kvar\/#article","isPartOf":{"@id":"https:\/\/www.budokampsport.se\/2017\/05\/24\/forsta-gangen-ufc-var-stan-fanns-fortfarande-farfar-kvar\/"},"author":{"name":"Jonathan Broberg","@id":"https:\/\/www.budokampsport.se\/#\/schema\/person\/5c06d81d14850e2a8ce5493386560145"},"headline":"F\u00f6rsta g\u00e5ngen UFC var i stan fanns fortfarande farfar kvar","datePublished":"2017-05-24T08:56:06+00:00","dateModified":"2017-05-24T09:14:44+00:00","mainEntityOfPage":{"@id":"https:\/\/www.budokampsport.se\/2017\/05\/24\/forsta-gangen-ufc-var-stan-fanns-fortfarande-farfar-kvar\/"},"wordCount":783,"commentCount":0,"image":{"@id":"https:\/\/www.budokampsport.se\/2017\/05\/24\/forsta-gangen-ufc-var-stan-fanns-fortfarande-farfar-kvar\/#primaryimage"},"thumbnailUrl":"https:\/\/www.budokampsport.se\/wp-content\/uploads\/2016\/12\/jonathan.broberg-1.jpg","inLanguage":"sv-SE","potentialAction":[{"@type":"CommentAction","name":"Comment","target":["https:\/\/www.budokampsport.se\/2017\/05\/24\/forsta-gangen-ufc-var-stan-fanns-fortfarande-farfar-kvar\/#respond"]}]},{"@type":"WebPage","@id":"https:\/\/www.budokampsport.se\/2017\/05\/24\/forsta-gangen-ufc-var-stan-fanns-fortfarande-farfar-kvar\/","url":"https:\/\/www.budokampsport.se\/2017\/05\/24\/forsta-gangen-ufc-var-stan-fanns-fortfarande-farfar-kvar\/","name":"F\u00f6rsta g\u00e5ngen UFC var i stan fanns fortfarande farfar kvar - Svenska Budo &amp; Kampsportsf\u00f6rbundet","isPartOf":{"@id":"https:\/\/www.budokampsport.se\/#website"},"primaryImageOfPage":{"@id":"https:\/\/www.budokampsport.se\/2017\/05\/24\/forsta-gangen-ufc-var-stan-fanns-fortfarande-farfar-kvar\/#primaryimage"},"image":{"@id":"https:\/\/www.budokampsport.se\/2017\/05\/24\/forsta-gangen-ufc-var-stan-fanns-fortfarande-farfar-kvar\/#primaryimage"},"thumbnailUrl":"https:\/\/www.budokampsport.se\/wp-content\/uploads\/2016\/12\/jonathan.broberg-1.jpg","datePublished":"2017-05-24T08:56:06+00:00","dateModified":"2017-05-24T09:14:44+00:00","author":{"@id":"https:\/\/www.budokampsport.se\/#\/schema\/person\/5c06d81d14850e2a8ce5493386560145"},"description":"Vi satt i farfars gamla eka utanf\u00f6r Gotlands s\u00f6dra kust. Jag, pappa och farfar. Jag minns hur det doftade tj\u00e4ra, hav och f\u00f6rv\u00e4ntningar. Det var tidig morgon, s\u00e5 tidig att man inte visste om solen hade g\u00e5tt ner eller upp. \u00c4nd\u00e5 hade mamma och farmor varit uppe med oss och \u00e4tit frukost och \u00f6nskat oss god fiskelycka.","breadcrumb":{"@id":"https:\/\/www.budokampsport.se\/2017\/05\/24\/forsta-gangen-ufc-var-stan-fanns-fortfarande-farfar-kvar\/#breadcrumb"},"inLanguage":"sv-SE","potentialAction":[{"@type":"ReadAction","target":["https:\/\/www.budokampsport.se\/2017\/05\/24\/forsta-gangen-ufc-var-stan-fanns-fortfarande-farfar-kvar\/"]}]},{"@type":"ImageObject","inLanguage":"sv-SE","@id":"https:\/\/www.budokampsport.se\/2017\/05\/24\/forsta-gangen-ufc-var-stan-fanns-fortfarande-farfar-kvar\/#primaryimage","url":"https:\/\/www.budokampsport.se\/wp-content\/uploads\/2016\/12\/jonathan.broberg-1.jpg","contentUrl":"https:\/\/www.budokampsport.se\/wp-content\/uploads\/2016\/12\/jonathan.broberg-1.jpg","width":850,"height":500,"caption":"Foto: Hamid Ershad Sarabi"},{"@type":"BreadcrumbList","@id":"https:\/\/www.budokampsport.se\/2017\/05\/24\/forsta-gangen-ufc-var-stan-fanns-fortfarande-farfar-kvar\/#breadcrumb","itemListElement":[{"@type":"ListItem","position":1,"name":"Hem","item":"https:\/\/www.budokampsport.se\/"},{"@type":"ListItem","position":2,"name":"F\u00f6rsta g\u00e5ngen UFC var i stan fanns fortfarande farfar kvar"}]},{"@type":"WebSite","@id":"https:\/\/www.budokampsport.se\/#website","url":"https:\/\/www.budokampsport.se\/","name":"Svenska Budo &amp; Kampsportsf\u00f6rbundet","description":"T\u00e4vling, Tr\u00e4ning, Tradition","potentialAction":[{"@type":"SearchAction","target":{"@type":"EntryPoint","urlTemplate":"https:\/\/www.budokampsport.se\/?s={search_term_string}"},"query-input":{"@type":"PropertyValueSpecification","valueRequired":true,"valueName":"search_term_string"}}],"inLanguage":"sv-SE"},{"@type":"Person","@id":"https:\/\/www.budokampsport.se\/#\/schema\/person\/5c06d81d14850e2a8ce5493386560145","name":"Jonathan Broberg","image":{"@type":"ImageObject","inLanguage":"sv-SE","@id":"https:\/\/www.budokampsport.se\/#\/schema\/person\/image\/","url":"https:\/\/secure.gravatar.com\/avatar\/a58041c6cea9128bd9c40ee2f26d4136?s=96&d=blank&r=g","contentUrl":"https:\/\/secure.gravatar.com\/avatar\/a58041c6cea9128bd9c40ee2f26d4136?s=96&d=blank&r=g","caption":"Jonathan Broberg"},"sameAs":["https:\/\/www.facebook.com\/jonathan.broberg.7"],"url":"https:\/\/www.budokampsport.se\/author\/jonathan\/"}]}},"_links":{"self":[{"href":"https:\/\/www.budokampsport.se\/api\/wp\/v2\/posts\/45989","targetHints":{"allow":["GET"]}}],"collection":[{"href":"https:\/\/www.budokampsport.se\/api\/wp\/v2\/posts"}],"about":[{"href":"https:\/\/www.budokampsport.se\/api\/wp\/v2\/types\/post"}],"author":[{"embeddable":true,"href":"https:\/\/www.budokampsport.se\/api\/wp\/v2\/users\/7"}],"replies":[{"embeddable":true,"href":"https:\/\/www.budokampsport.se\/api\/wp\/v2\/comments?post=45989"}],"version-history":[{"count":0,"href":"https:\/\/www.budokampsport.se\/api\/wp\/v2\/posts\/45989\/revisions"}],"wp:featuredmedia":[{"embeddable":true,"href":"https:\/\/www.budokampsport.se\/api\/wp\/v2\/media\/36105"}],"wp:attachment":[{"href":"https:\/\/www.budokampsport.se\/api\/wp\/v2\/media?parent=45989"}],"wp:term":[{"taxonomy":"category","embeddable":true,"href":"https:\/\/www.budokampsport.se\/api\/wp\/v2\/categories?post=45989"},{"taxonomy":"post_tag","embeddable":true,"href":"https:\/\/www.budokampsport.se\/api\/wp\/v2\/tags?post=45989"}],"curies":[{"name":"wp","href":"https:\/\/api.w.org\/{rel}","templated":true}]}}