{"id":4599,"date":"2013-04-10T12:01:26","date_gmt":"2013-04-10T10:01:26","guid":{"rendered":"http:\/\/budo.wordpress.dev\/2013\/04\/10\/budokampsport-se-motte-svts-ulf-nilsson\/"},"modified":"2016-12-06T22:35:51","modified_gmt":"2016-12-06T21:35:51","slug":"budokampsport-se-motte-svts-ulf-nilsson","status":"publish","type":"post","link":"https:\/\/www.budokampsport.se\/2013\/04\/10\/budokampsport-se-motte-svts-ulf-nilsson\/","title":{"rendered":"Budokampsport.se m\u00f6tte SVT:s Ulf Nilsson"},"content":{"rendered":"<p><strong><img decoding=\"async\" style=\"width: 435px; height: 325px;\" alt=\"\" src=\"\/sites\/default\/files\/ulf_nilsson.jpg\"><br \/> \tEn av de som arbetar mest frenetiskt med SM-veckan p\u00e5 SVT, och \u00e4ven som huvud- samt planeringsredakt\u00f6r f\u00f6r SVT-sporten, \u00e4r Ulf Nilsson. Budokampsport.se fick sig ett l\u00e4ngre samtal med honom ang\u00e5ende SM-veckan, kampsport och hans fascination f\u00f6r glima.<br \/> \t\u00a0\u00a0 &#8211; De st\u00e4llde sig i princip p\u00e5 en gr\u00e4spl\u00e4tt och bara k\u00f6rde, s\u00e4ger han till budokampsport.se.<!--break--><\/strong><\/p>\n<p>I en tid d\u00e5 v\u00e5ren st\u00e5r f\u00f6r d\u00f6rren &#8211; gr\u00e4set som snart ska till att pryda marken gr\u00f6n, f\u00e5glarna vars s\u00e5ng \u00e5ter ska ljuda och solens str\u00e5lar \u00e5ter ska v\u00e4rma &#8211; kan det tyckas att vi befinner oss i en v\u00e4ntans tid. En tid mellan tv\u00e5 mer h\u00e4ndelserika ting.<\/p>\n<p>S\u00e5 kan \u00e4ven tros om Ulf Nilssons jobb, f\u00f6r den som inte kan se djupet. Det \u00e4r ganska exakt tiden mellan tv\u00e5 SM-veckor, den vintriga och den somriga s\u00e5dana, men det betyder inte att det \u00e4r ett dugg lugnare f\u00f6r Ulf och de andra inblandade i SM-veckan: det \u00e4r nu som planeringen ordentligt ta form. Och snart \u00e4r tiden kommen f\u00f6r Halmstad, som d\u00e5 troligen st\u00e5r v\u00e4rd f\u00f6r den st\u00f6rsta SM-veckan n\u00e5gonsin.<\/p>\n<p> \t<strong>Gillar att plocka svamp<\/strong><br \/> \tUlf Nilsson \u00e4r fr\u00e5n b\u00f6rjan fr\u00e5n Karlstad. Han \u00e4r i grunden en skrivande journalist som hunnit med att arbeta b\u00e5de p\u00e5 G\u00f6teborgsposten (Stockholmsavdelningen) och Dagens Nyheter (G\u00f6teborgsavdelningen). Men idag \u00e4r han en v\u00e4l etablerad personlighet p\u00e5 Sveriges Television, d\u00e4r han arbetat sedan 2001.<br \/> \t\u00a0 &#8211; Jag anst\u00e4lldes som chef f\u00f6r SVT sports onlineredaktion som arbetar med webben och text-tv. 2010 b\u00f6rjade jag som huvud- och planeringsredakt\u00f6r, och dessutom fick jag ansvar f\u00f6r SM-veckanssatsningen p\u00e5 SVT.<\/p>\n<p>F\u00f6r m\u00e5nga mediapersonligheter \u00e4r jobbet lika med en livsstil, det \u00e4r inget normalt 8-17-jobb. S\u00e5 \u00e4ven f\u00f6r Ulf. S\u00e5 n\u00e4r han har en ledig dag f\u00f6rs\u00f6ker han utnyttja ledigheten till fullo.<br \/> \t\u00a0\u00a0 &#8211; Ja, det beror lite p\u00e5 \u00e5rstid. Jag bor precis vid en sj\u00f6, s\u00e5 s\u00e5 h\u00e4r \u00e5rs ligger det fortfarande hygglig is och d\u00e5 \u00e4r det h\u00e4rligt med en tur p\u00e5 l\u00e5ngf\u00e4rdsskridskorna. Annars gillar jag mycket att str\u00f6va omkring i skog och mark och plocka svamp plocka svamp om h\u00f6sten. Jag gillar att resa ocks\u00e5. Det \u00e4r mycket roligare att resa privat \u00e4n i jobb, och s\u00e5 \u00e4r jag som de flesta andra att jag tycker om att umg\u00e5s med m\u00e4nniskor.<\/p>\n<p>SM-veckan startades upp 2009. \u00c5ret senare kom Ulf in i bilden f\u00f6r SVT:s r\u00e4kning, och gjorde sin f\u00f6rsta SM-vecka till Malm\u00f6-veckan 2010. Efter det har utvecklingen g\u00e5tt snabbt.<br \/> \t\u00a0\u00a0 &#8211; Det finns m\u00e5nga roliga saker som jag har varit med om via mitt jobb, men det \u00e4r tv\u00e5 som verkligen sticker ut. Det ena var n\u00e4r jag fortfarande jobbade p\u00e5 GP och var med och bevakade Friidrotts-VM i G\u00f6teborg, och den andra grejen \u00e4r mitt arbete med SM-veckan.<br \/> \t\u00a0\u00a0 &#8211; Det \u00e4r verkligen fantastiskt roligt. Och det som \u00e4r lite extra kul \u00e4r att vi h\u00e5ller p\u00e5 och bygger upp n\u00e5got som vi fortfarande inte riktigt vet var det kommer att landa. Jag tycker sj\u00e4lv ocks\u00e5 att vi har en h\u00e4rlig mix av olika idrotter, och det k\u00e4nns bra v\u00e5ra tittare kommer i kontakt med idrotter som de kanske inte vanligtvis skulle g\u00f6ra. SM-veckan st\u00e4mmer ur det perspektivet v\u00e4l in i v\u00e5rt public serviceuppdrag p\u00e5 SVT.<\/p>\n<p><strong>&#8220;Kampsporter passar v\u00e4l in&#8221;<\/strong><br \/> \tVia SM-veckan har Ulf och \u00e4ven de andra p\u00e5 SVT \u00e4ven kommit i kontakt med olika kampsporter. Ett inte alltid helt enkelt \u00e5tagande.<br \/> \t\u00a0\u00a0 &#8211; Ert f\u00f6rbund \u00e4r ett litet mini-RF, kan man v\u00e4l konstatera. Det kan finnas en mindre idrott som b\u00e4rs egentligen av en enda eldsj\u00e4l som glima exempelvis. Och sedan finns det thaiboxning som \u00e4r ett st\u00f6rre f\u00f6rbund ur den aspekten. Det har genom \u00e5ren inte alltid varit alldeles enkelt att veta vart man ska v\u00e4nda sig med olika fr\u00e5gor, men det h\u00f6r till p\u00e5 n\u00e5got s\u00e4tt.<\/p>\n<p>Men att kampsporterna passar v\u00e4l in i konceptet SM-veckan, det \u00e4r n\u00e5got Ulf Nilsson h\u00e5ller med om.<br \/> \t\u00a0\u00a0\u00a0\u00a0\u00a0 &#8211; Ja, kampsporter passar v\u00e4ldigt v\u00e4l in. Jag m\u00e5ste s\u00e4ga att jag blev fascinerad av glima n\u00e4r jag s\u00e5g det f\u00f6r f\u00f6rsta g\u00e5ngen. H\u00e4r st\u00e4llde de sig mer eller mindre p\u00e5 en gr\u00e4spl\u00e4tt och bara k\u00f6rde ig\u00e5ng. F\u00f6r oss \u00e4r just denna flexibilitet av stor vikt, eftersom vi vill g\u00f6ra s\u00e5 m\u00e5nga samproduktioner som m\u00f6jligt. \u00c5ret efter i Halmstad s\u00e5g jag till att glima hade sin t\u00e4vling p\u00e5 gr\u00e4smattan inne p\u00e5 simarenan Brottet, s\u00e5 att vi kunde s\u00e4nda direkt p\u00e5 webben. Vi fick m\u00e5nga positiva reaktioner p\u00e5 den s\u00e4ndningen.<\/p>\n<p>I sommar \u00e4r det dags f\u00f6r SM-veckan att \u00e5ter komma tillbaka till Halmstad. Ett arrangemang som g\u00e5r mot ett absolut rekord i antalet idrotter.<br \/> \t\u00a0\u00a0 &#8211; Just nu verkar det som att det blir 35 idrotter i Halmstad. Senast 2011 i Halmstad var det gamla rekordet med 20 idrotter. Det \u00e4r enormt kul och vi har hela tiden f\u00f6rs\u00f6kt att f\u00e5 med alla idrotter som vill vara med, men snart kanske vi inte klarar av att ta in fler. Men det \u00e4r ett angen\u00e4mt bekymmer.<\/p>\n<p><strong>Jobbar f\u00f6r direkts\u00e4ndning i SVT Play<\/strong><br \/> \tTre kampsporter v\u00e4ntas till Halmstad, BJJ och glima som \u00e4r med i sj\u00e4lva t\u00e4vlingsschemat och sedan aikido som kommer vara med som ren uppvisningsidrott. Redan nu b\u00f6rjar Ulf f\u00e5 ett grepp om hur SVT-tiden g\u00e4llande dessa idrotter kommer att kunna te sig.<br \/> \t\u00a0\u00a0 &#8211; Det \u00e4r l\u00e5ngt ifr\u00e5n klart, men ett liten hint om var det hamnar kanske.\u00a0Glima har jag \u00e4nnu inte varit i kontakt med, men vad jag har f\u00f6rst\u00e5tt \u00e4r det inga bekymmer f\u00f6r dem att vara vid Brottet i \u00e5r igen, s\u00e5 att vi kan anv\u00e4nda det ob-team som jobbar med simningen f\u00f6r att producera en direkts\u00e4ndning f\u00f6r SVT Play. N\u00e4r det g\u00e4ller BJJ \u00e4r inte tankarna lika l\u00e5ngt g\u00e5ngna men som det ser ut blir det ett reportage och kanske n\u00e5got mer.<\/p>\n<p>Avslutningsvis ser Ulf generellt sett v\u00e4ldigt mycket fram emot en ny SM-vecka i Halmstad, en vecka som garanterat blir den st\u00f6rsta i historien s\u00e5 h\u00e4r l\u00e5ngt. D\u00e5 \u00e4r det sommar och den el\u00e4ndiga vinterkylan \u00e4r f\u00f6rmodligen bara ett minne blott.<\/p>\n<p>\u00c4ven om k\u00e4nslans just nu \u00e4r att den aldrig riktigt vill sl\u00e4ppa Sverige ur sitt j\u00e4rngrepp.<\/p>\n<p>Text:Jonathan Broberg<\/p>\n","protected":false},"excerpt":{"rendered":"<p><strong><img decoding=\"async\" style=\"width: 435px; height: 325px;\" alt=\"\" src=\"\/sites\/default\/files\/ulf_nilsson.jpg\"><br \/><br>\tEn av de som arbetar mest frenetiskt med SM-veckan p\u00e5 SVT, och \u00e4ven som huvud- samt planeringsredakt\u00f6r f\u00f6r SVT-sporten, \u00e4r Ulf Nilsson. Budokampsport.se fick sig ett l\u00e4ngre samtal med honom ang\u00e5ende SM-veckan, kampsport och hans fascination f\u00f6r glima.<br \/><br>\t\u00a0\u00a0 &#8211; De st\u00e4llde sig i princip p\u00e5 en gr\u00e4spl\u00e4tt och bara k\u00f6rde, s\u00e4ger han till budokampsport.se.<\/p><br>","protected":false},"author":7,"featured_media":0,"comment_status":"closed","ping_status":"closed","sticky":false,"template":"","format":"standard","meta":{"_acf_changed":false,"footnotes":""},"categories":[1],"tags":[],"class_list":["post-4599","post","type-post","status-publish","format-standard","hentry","category-okategoriserade"],"acf":[],"yoast_head":"<!-- This site is optimized with the Yoast SEO plugin v26.8 - https:\/\/yoast.com\/product\/yoast-seo-wordpress\/ -->\n<title>Budokampsport.se m\u00f6tte SVT:s Ulf Nilsson - Svenska Budo &amp; Kampsportsf\u00f6rbundet<\/title>\n<meta name=\"description\" content=\"En av de som arbetar mest frenetiskt med SM-veckan p\u00e5 SVT, och \u00e4ven som huvud- samt planeringsredakt\u00f6r f\u00f6r SVT-sporten, \u00e4r Ulf Nilsson. Budokampsport.se fick sig ett l\u00e4ngre samtal med honom ang\u00e5ende SM-veckan, kampsport och hans fascination f\u00f6r glima. \u00a0\u00a0 - De st\u00e4llde sig i princip p\u00e5 en gr\u00e4spl\u00e4tt och bara k\u00f6rde, s\u00e4ger han till budokampsport.se.\" \/>\n<meta name=\"robots\" content=\"index, follow, max-snippet:-1, max-image-preview:large, max-video-preview:-1\" \/>\n<link rel=\"canonical\" href=\"https:\/\/www.budokampsport.se\/2013\/04\/10\/budokampsport-se-motte-svts-ulf-nilsson\/\" \/>\n<meta property=\"og:locale\" content=\"sv_SE\" \/>\n<meta property=\"og:type\" content=\"article\" \/>\n<meta property=\"og:title\" content=\"Budokampsport.se m\u00f6tte SVT:s Ulf Nilsson - Svenska Budo &amp; Kampsportsf\u00f6rbundet\" \/>\n<meta property=\"og:description\" content=\"En av de som arbetar mest frenetiskt med SM-veckan p\u00e5 SVT, och \u00e4ven som huvud- samt planeringsredakt\u00f6r f\u00f6r SVT-sporten, \u00e4r Ulf Nilsson. Budokampsport.se fick sig ett l\u00e4ngre samtal med honom ang\u00e5ende SM-veckan, kampsport och hans fascination f\u00f6r glima. \u00a0\u00a0 - De st\u00e4llde sig i princip p\u00e5 en gr\u00e4spl\u00e4tt och bara k\u00f6rde, s\u00e4ger han till budokampsport.se.\" \/>\n<meta property=\"og:url\" content=\"https:\/\/www.budokampsport.se\/2013\/04\/10\/budokampsport-se-motte-svts-ulf-nilsson\/\" \/>\n<meta property=\"og:site_name\" content=\"Svenska Budo &amp; Kampsportsf\u00f6rbundet\" \/>\n<meta property=\"article:author\" content=\"https:\/\/www.facebook.com\/jonathan.broberg.7\" \/>\n<meta property=\"article:published_time\" content=\"2013-04-10T10:01:26+00:00\" \/>\n<meta property=\"article:modified_time\" content=\"2016-12-06T21:35:51+00:00\" \/>\n<meta name=\"author\" content=\"Jonathan Broberg\" \/>\n<meta name=\"twitter:card\" content=\"summary_large_image\" \/>\n<meta name=\"twitter:label1\" content=\"Skriven av\" \/>\n\t<meta name=\"twitter:data1\" content=\"Jonathan Broberg\" \/>\n\t<meta name=\"twitter:label2\" content=\"Ber\u00e4knad l\u00e4stid\" \/>\n\t<meta name=\"twitter:data2\" content=\"6 minuter\" \/>\n<script type=\"application\/ld+json\" class=\"yoast-schema-graph\">{\"@context\":\"https:\/\/schema.org\",\"@graph\":[{\"@type\":\"Article\",\"@id\":\"https:\/\/www.budokampsport.se\/2013\/04\/10\/budokampsport-se-motte-svts-ulf-nilsson\/#article\",\"isPartOf\":{\"@id\":\"https:\/\/www.budokampsport.se\/2013\/04\/10\/budokampsport-se-motte-svts-ulf-nilsson\/\"},\"author\":{\"name\":\"Jonathan Broberg\",\"@id\":\"https:\/\/www.budokampsport.se\/#\/schema\/person\/5c06d81d14850e2a8ce5493386560145\"},\"headline\":\"Budokampsport.se m\u00f6tte SVT:s Ulf Nilsson\",\"datePublished\":\"2013-04-10T10:01:26+00:00\",\"dateModified\":\"2016-12-06T21:35:51+00:00\",\"mainEntityOfPage\":{\"@id\":\"https:\/\/www.budokampsport.se\/2013\/04\/10\/budokampsport-se-motte-svts-ulf-nilsson\/\"},\"wordCount\":1149,\"inLanguage\":\"sv-SE\"},{\"@type\":\"WebPage\",\"@id\":\"https:\/\/www.budokampsport.se\/2013\/04\/10\/budokampsport-se-motte-svts-ulf-nilsson\/\",\"url\":\"https:\/\/www.budokampsport.se\/2013\/04\/10\/budokampsport-se-motte-svts-ulf-nilsson\/\",\"name\":\"Budokampsport.se m\u00f6tte SVT:s Ulf Nilsson - Svenska Budo &amp; Kampsportsf\u00f6rbundet\",\"isPartOf\":{\"@id\":\"https:\/\/www.budokampsport.se\/#website\"},\"datePublished\":\"2013-04-10T10:01:26+00:00\",\"dateModified\":\"2016-12-06T21:35:51+00:00\",\"author\":{\"@id\":\"https:\/\/www.budokampsport.se\/#\/schema\/person\/5c06d81d14850e2a8ce5493386560145\"},\"description\":\"En av de som arbetar mest frenetiskt med SM-veckan p\u00e5 SVT, och \u00e4ven som huvud- samt planeringsredakt\u00f6r f\u00f6r SVT-sporten, \u00e4r Ulf Nilsson. Budokampsport.se fick sig ett l\u00e4ngre samtal med honom ang\u00e5ende SM-veckan, kampsport och hans fascination f\u00f6r glima. \u00a0\u00a0 - De st\u00e4llde sig i princip p\u00e5 en gr\u00e4spl\u00e4tt och bara k\u00f6rde, s\u00e4ger han till budokampsport.se.\",\"breadcrumb\":{\"@id\":\"https:\/\/www.budokampsport.se\/2013\/04\/10\/budokampsport-se-motte-svts-ulf-nilsson\/#breadcrumb\"},\"inLanguage\":\"sv-SE\",\"potentialAction\":[{\"@type\":\"ReadAction\",\"target\":[\"https:\/\/www.budokampsport.se\/2013\/04\/10\/budokampsport-se-motte-svts-ulf-nilsson\/\"]}]},{\"@type\":\"BreadcrumbList\",\"@id\":\"https:\/\/www.budokampsport.se\/2013\/04\/10\/budokampsport-se-motte-svts-ulf-nilsson\/#breadcrumb\",\"itemListElement\":[{\"@type\":\"ListItem\",\"position\":1,\"name\":\"Hem\",\"item\":\"https:\/\/www.budokampsport.se\/\"},{\"@type\":\"ListItem\",\"position\":2,\"name\":\"Budokampsport.se m\u00f6tte SVT:s Ulf Nilsson\"}]},{\"@type\":\"WebSite\",\"@id\":\"https:\/\/www.budokampsport.se\/#website\",\"url\":\"https:\/\/www.budokampsport.se\/\",\"name\":\"Svenska Budo &amp; Kampsportsf\u00f6rbundet\",\"description\":\"T\u00e4vling, Tr\u00e4ning, Tradition\",\"potentialAction\":[{\"@type\":\"SearchAction\",\"target\":{\"@type\":\"EntryPoint\",\"urlTemplate\":\"https:\/\/www.budokampsport.se\/?s={search_term_string}\"},\"query-input\":{\"@type\":\"PropertyValueSpecification\",\"valueRequired\":true,\"valueName\":\"search_term_string\"}}],\"inLanguage\":\"sv-SE\"},{\"@type\":\"Person\",\"@id\":\"https:\/\/www.budokampsport.se\/#\/schema\/person\/5c06d81d14850e2a8ce5493386560145\",\"name\":\"Jonathan Broberg\",\"image\":{\"@type\":\"ImageObject\",\"inLanguage\":\"sv-SE\",\"@id\":\"https:\/\/www.budokampsport.se\/#\/schema\/person\/image\/\",\"url\":\"https:\/\/secure.gravatar.com\/avatar\/a58041c6cea9128bd9c40ee2f26d4136?s=96&d=blank&r=g\",\"contentUrl\":\"https:\/\/secure.gravatar.com\/avatar\/a58041c6cea9128bd9c40ee2f26d4136?s=96&d=blank&r=g\",\"caption\":\"Jonathan Broberg\"},\"sameAs\":[\"https:\/\/www.facebook.com\/jonathan.broberg.7\"],\"url\":\"https:\/\/www.budokampsport.se\/author\/jonathan\/\"}]}<\/script>\n<!-- \/ Yoast SEO plugin. -->","yoast_head_json":{"title":"Budokampsport.se m\u00f6tte SVT:s Ulf Nilsson - Svenska Budo &amp; Kampsportsf\u00f6rbundet","description":"En av de som arbetar mest frenetiskt med SM-veckan p\u00e5 SVT, och \u00e4ven som huvud- samt planeringsredakt\u00f6r f\u00f6r SVT-sporten, \u00e4r Ulf Nilsson. Budokampsport.se fick sig ett l\u00e4ngre samtal med honom ang\u00e5ende SM-veckan, kampsport och hans fascination f\u00f6r glima. \u00a0\u00a0 - De st\u00e4llde sig i princip p\u00e5 en gr\u00e4spl\u00e4tt och bara k\u00f6rde, s\u00e4ger han till budokampsport.se.","robots":{"index":"index","follow":"follow","max-snippet":"max-snippet:-1","max-image-preview":"max-image-preview:large","max-video-preview":"max-video-preview:-1"},"canonical":"https:\/\/www.budokampsport.se\/2013\/04\/10\/budokampsport-se-motte-svts-ulf-nilsson\/","og_locale":"sv_SE","og_type":"article","og_title":"Budokampsport.se m\u00f6tte SVT:s Ulf Nilsson - Svenska Budo &amp; Kampsportsf\u00f6rbundet","og_description":"En av de som arbetar mest frenetiskt med SM-veckan p\u00e5 SVT, och \u00e4ven som huvud- samt planeringsredakt\u00f6r f\u00f6r SVT-sporten, \u00e4r Ulf Nilsson. Budokampsport.se fick sig ett l\u00e4ngre samtal med honom ang\u00e5ende SM-veckan, kampsport och hans fascination f\u00f6r glima. \u00a0\u00a0 - De st\u00e4llde sig i princip p\u00e5 en gr\u00e4spl\u00e4tt och bara k\u00f6rde, s\u00e4ger han till budokampsport.se.","og_url":"https:\/\/www.budokampsport.se\/2013\/04\/10\/budokampsport-se-motte-svts-ulf-nilsson\/","og_site_name":"Svenska Budo &amp; Kampsportsf\u00f6rbundet","article_author":"https:\/\/www.facebook.com\/jonathan.broberg.7","article_published_time":"2013-04-10T10:01:26+00:00","article_modified_time":"2016-12-06T21:35:51+00:00","author":"Jonathan Broberg","twitter_card":"summary_large_image","twitter_misc":{"Skriven av":"Jonathan Broberg","Ber\u00e4knad l\u00e4stid":"6 minuter"},"schema":{"@context":"https:\/\/schema.org","@graph":[{"@type":"Article","@id":"https:\/\/www.budokampsport.se\/2013\/04\/10\/budokampsport-se-motte-svts-ulf-nilsson\/#article","isPartOf":{"@id":"https:\/\/www.budokampsport.se\/2013\/04\/10\/budokampsport-se-motte-svts-ulf-nilsson\/"},"author":{"name":"Jonathan Broberg","@id":"https:\/\/www.budokampsport.se\/#\/schema\/person\/5c06d81d14850e2a8ce5493386560145"},"headline":"Budokampsport.se m\u00f6tte SVT:s Ulf Nilsson","datePublished":"2013-04-10T10:01:26+00:00","dateModified":"2016-12-06T21:35:51+00:00","mainEntityOfPage":{"@id":"https:\/\/www.budokampsport.se\/2013\/04\/10\/budokampsport-se-motte-svts-ulf-nilsson\/"},"wordCount":1149,"inLanguage":"sv-SE"},{"@type":"WebPage","@id":"https:\/\/www.budokampsport.se\/2013\/04\/10\/budokampsport-se-motte-svts-ulf-nilsson\/","url":"https:\/\/www.budokampsport.se\/2013\/04\/10\/budokampsport-se-motte-svts-ulf-nilsson\/","name":"Budokampsport.se m\u00f6tte SVT:s Ulf Nilsson - Svenska Budo &amp; Kampsportsf\u00f6rbundet","isPartOf":{"@id":"https:\/\/www.budokampsport.se\/#website"},"datePublished":"2013-04-10T10:01:26+00:00","dateModified":"2016-12-06T21:35:51+00:00","author":{"@id":"https:\/\/www.budokampsport.se\/#\/schema\/person\/5c06d81d14850e2a8ce5493386560145"},"description":"En av de som arbetar mest frenetiskt med SM-veckan p\u00e5 SVT, och \u00e4ven som huvud- samt planeringsredakt\u00f6r f\u00f6r SVT-sporten, \u00e4r Ulf Nilsson. Budokampsport.se fick sig ett l\u00e4ngre samtal med honom ang\u00e5ende SM-veckan, kampsport och hans fascination f\u00f6r glima. \u00a0\u00a0 - De st\u00e4llde sig i princip p\u00e5 en gr\u00e4spl\u00e4tt och bara k\u00f6rde, s\u00e4ger han till budokampsport.se.","breadcrumb":{"@id":"https:\/\/www.budokampsport.se\/2013\/04\/10\/budokampsport-se-motte-svts-ulf-nilsson\/#breadcrumb"},"inLanguage":"sv-SE","potentialAction":[{"@type":"ReadAction","target":["https:\/\/www.budokampsport.se\/2013\/04\/10\/budokampsport-se-motte-svts-ulf-nilsson\/"]}]},{"@type":"BreadcrumbList","@id":"https:\/\/www.budokampsport.se\/2013\/04\/10\/budokampsport-se-motte-svts-ulf-nilsson\/#breadcrumb","itemListElement":[{"@type":"ListItem","position":1,"name":"Hem","item":"https:\/\/www.budokampsport.se\/"},{"@type":"ListItem","position":2,"name":"Budokampsport.se m\u00f6tte SVT:s Ulf Nilsson"}]},{"@type":"WebSite","@id":"https:\/\/www.budokampsport.se\/#website","url":"https:\/\/www.budokampsport.se\/","name":"Svenska Budo &amp; Kampsportsf\u00f6rbundet","description":"T\u00e4vling, Tr\u00e4ning, Tradition","potentialAction":[{"@type":"SearchAction","target":{"@type":"EntryPoint","urlTemplate":"https:\/\/www.budokampsport.se\/?s={search_term_string}"},"query-input":{"@type":"PropertyValueSpecification","valueRequired":true,"valueName":"search_term_string"}}],"inLanguage":"sv-SE"},{"@type":"Person","@id":"https:\/\/www.budokampsport.se\/#\/schema\/person\/5c06d81d14850e2a8ce5493386560145","name":"Jonathan Broberg","image":{"@type":"ImageObject","inLanguage":"sv-SE","@id":"https:\/\/www.budokampsport.se\/#\/schema\/person\/image\/","url":"https:\/\/secure.gravatar.com\/avatar\/a58041c6cea9128bd9c40ee2f26d4136?s=96&d=blank&r=g","contentUrl":"https:\/\/secure.gravatar.com\/avatar\/a58041c6cea9128bd9c40ee2f26d4136?s=96&d=blank&r=g","caption":"Jonathan Broberg"},"sameAs":["https:\/\/www.facebook.com\/jonathan.broberg.7"],"url":"https:\/\/www.budokampsport.se\/author\/jonathan\/"}]}},"_links":{"self":[{"href":"https:\/\/www.budokampsport.se\/api\/wp\/v2\/posts\/4599","targetHints":{"allow":["GET"]}}],"collection":[{"href":"https:\/\/www.budokampsport.se\/api\/wp\/v2\/posts"}],"about":[{"href":"https:\/\/www.budokampsport.se\/api\/wp\/v2\/types\/post"}],"author":[{"embeddable":true,"href":"https:\/\/www.budokampsport.se\/api\/wp\/v2\/users\/7"}],"replies":[{"embeddable":true,"href":"https:\/\/www.budokampsport.se\/api\/wp\/v2\/comments?post=4599"}],"version-history":[{"count":0,"href":"https:\/\/www.budokampsport.se\/api\/wp\/v2\/posts\/4599\/revisions"}],"wp:attachment":[{"href":"https:\/\/www.budokampsport.se\/api\/wp\/v2\/media?parent=4599"}],"wp:term":[{"taxonomy":"category","embeddable":true,"href":"https:\/\/www.budokampsport.se\/api\/wp\/v2\/categories?post=4599"},{"taxonomy":"post_tag","embeddable":true,"href":"https:\/\/www.budokampsport.se\/api\/wp\/v2\/tags?post=4599"}],"curies":[{"name":"wp","href":"https:\/\/api.w.org\/{rel}","templated":true}]}}