{"id":4604,"date":"2013-04-12T11:30:58","date_gmt":"2013-04-12T09:30:58","guid":{"rendered":"http:\/\/budo.wordpress.dev\/2013\/04\/12\/nils-widlund-veckan-innan-comebacken-har-fatt-en-nytandning\/"},"modified":"2016-12-06T22:35:52","modified_gmt":"2016-12-06T21:35:52","slug":"nils-widlund-veckan-innan-comebacken-har-fatt-en-nytandning","status":"publish","type":"post","link":"https:\/\/www.budokampsport.se\/2013\/04\/12\/nils-widlund-veckan-innan-comebacken-har-fatt-en-nytandning\/","title":{"rendered":"Nils Widlund veckan innan comebacken \u2013 \u201dHar f\u00e5tt en nyt\u00e4ndning\u201d"},"content":{"rendered":"<p><strong><img decoding=\"async\" alt=\"\" src=\"http:\/\/www.budokampsport.se\/sites\/default\/files\/widlund_ny.gif\" style=\"width: 435px; height: 290px;\"><br \/> \tIfjol slog en mindre bomb ner i kampsporten. Nils Widlund valde att ta en paus fr\u00e5n sitt idrottande. Men den blev inte l\u00e4ngre \u00e4n dryga halv\u00e5ret, f\u00f6r p\u00e5 l\u00f6rdag n\u00e4sta helg \u00e4r Widlund tillbaka igen \u2013 och han \u00e4r det d\u00e4r allting egentligen startade \u2013 Allstyle Open.<\/strong><br \/> \t<strong>\u00a0 \u00a0&#8211; T\u00e4vlingen har jag en speciell relation till och det ska bli otroligt skoj att g\u00e5 in under dessa modifierade proffsregler inf\u00f6r hemmapublik, s\u00e4ger han till budokampsport.se.<\/strong><\/p>\n<p><!--break--><br \/> \tNils Widlund \u00e4r tillbaka. N\u00e4sta l\u00f6rdag g\u00f6r han en uppm\u00e4rksammad comeback p\u00e5 Allstyle Pro i Solnahallen.<\/p>\n<p> \tHans abrupta paus fr\u00e5n kampsporten ifjol \u00e4r s\u00e5ledes ett minne blott f\u00f6r den h\u00e4r g\u00e5ngen.<br \/> \t\u00a0 &#8211; I min senaste satsning i h\u00f6stas var det v\u00e4ldigt turbulent. Det var dock roliga saker; ett nytt jobb, en utbildning samtidigt som jag k\u00f6pt ny l\u00e4genhet som jag dessutom renoverade. L\u00e4gg d\u00e5 p\u00e5 att jag skulle tr\u00e4na tv\u00e5 pass om dagen och sedan hade ambitionen att sk\u00f6ta alla dessa \u00e5taganden galant. Jag gick n\u00e4stan in i v\u00e4ggen och valde d\u00e5 att pausa det minst viktiga, som d\u00e5 var kampsporten. Nu har det dock lugnat ner sig lite och d\u00e5 nu vill jag ha tillbaka min magiska krydda i livet, fightas.<\/p>\n<p> \tWidlund kommer allts\u00e5 att st\u00e4lla upp i co0mebacken lagom till Alstyle firar 20 \u00e5r. Fast \u00e4ven om han erk\u00e4nner att han inte \u00e4r i fysisk toppform k\u00e4nner han sig v\u00e4ldigt redo f\u00f6r matchen.<br \/> \t\u00a0 &#8211; Formen \u00e4r bra. Inte toppform rent konditionsm\u00e4ssigt eller fysisk d\u00e5 jag inte tr\u00e4nar lika h\u00e5rt som jag gjort vid tidigare satsningar. Hum\u00f6ret, viljan och psyket \u00e4r dock p\u00e5 topp och det tror jag \u00e4r viktigare \u00e4n n\u00e5gonting annat.<\/p>\n<p> \t<strong>Nils, vad vet du om ditt motst\u00e5nd?<\/strong><br \/> \t\u00a0 \u00a0&#8211; Han \u00e4r femfaldig polsk m\u00e4stare i Sanshou, har en del internationella meriter samt har vunnit fem proffsmatcher i rad. Verkar vara en tuff kille.<\/p>\n<p> \t<strong>Vad betyder det f\u00f6r dig att Allstyle fyller 20 \u00e5r?<\/strong><br \/> \t\u00a0 \u00a0&#8211; Allstyle har jag v\u00e4xt upp med. Jag var funktion\u00e4r n\u00e4r jag var 13 \u00e5r, 1999, och dr\u00f6mde om att vinna Allstyle. F\u00f6rsta g\u00e5ngen jag vann var 2001 och sedan har det rullat p\u00e5 och nu har jag 8 guld d\u00e4r. T\u00e4vlingen har jag en speciell relation till och det ska bli otroligt skoj att g\u00e5 in under dessa modifierade proffsregler inf\u00f6r hemmapublik.<\/p>\n<p> \t<strong>Vilken typ av m\u00e5lbild, och matchbild, ser du framf\u00f6r dig n\u00e4r du t\u00e4nker p\u00e5 matchen?<\/strong><br \/> \t\u00a0 \u00a0&#8211; I de h\u00e4r regelsystemet s\u00e5 \u00e4r det v\u00e4ldigt f\u00e5 i v\u00e4rlden som kan stoppa mig. Det \u00e4r ett po\u00e4ngsystem som passar mig perfekt. Jag g\u00e5r in med ett stort sj\u00e4lvf\u00f6rtroende och ett leende och sedan kommer resten l\u00f6sa sig p\u00e5 mattan.<\/p>\n<p> \tR\u00e4kna med en publikfriande tillst\u00e4llning l\u00f6rdagen den 20 april i Solnahallen. Nils Widlund \u00e4r tillbaka.<\/p>\n<p><img decoding=\"async\" alt=\"\" src=\"http:\/\/www.budokampsport.se\/sites\/default\/files\/widlund.gif\"><\/p>\n<p> \tText och foto: Jonathan Broberg<\/p>\n","protected":false},"excerpt":{"rendered":"<p><strong><img decoding=\"async\" alt=\"\" src=\"http:\/\/www.budokampsport.se\/sites\/default\/files\/widlund_ny.gif\" style=\"width: 435px; height: 290px;\"><br \/><br>\tIfjol slog en mindre bomb ner i kampsporten. Nils Widlund valde att ta en paus fr\u00e5n sitt idrottande. Men den blev inte l\u00e4ngre \u00e4n dryga halv\u00e5ret, f\u00f6r p\u00e5 l\u00f6rdag n\u00e4sta helg \u00e4r Widlund tillbaka igen \u2013 och han \u00e4r det d\u00e4r allting egentligen startade \u2013 Allstyle Open.<\/strong><br \/><br>\t<strong>\u00a0 \u00a0&#8211; T\u00e4vlingen har jag en speciell relation till och det ska bli otroligt skoj att g\u00e5 in under dessa modifierade proffsregler inf\u00f6r hemmapublik, s\u00e4ger han till budokampsport.se.<\/strong><\/p><br><p><br>","protected":false},"author":7,"featured_media":0,"comment_status":"closed","ping_status":"closed","sticky":false,"template":"","format":"standard","meta":{"_acf_changed":false,"footnotes":""},"categories":[1],"tags":[],"class_list":["post-4604","post","type-post","status-publish","format-standard","hentry","category-okategoriserade"],"acf":[],"yoast_head":"<!-- This site is optimized with the Yoast SEO plugin v26.8 - https:\/\/yoast.com\/product\/yoast-seo-wordpress\/ -->\n<title>Nils Widlund veckan innan comebacken \u2013 \u201dHar f\u00e5tt en nyt\u00e4ndning\u201d - Svenska Budo &amp; Kampsportsf\u00f6rbundet<\/title>\n<meta name=\"description\" content=\"Ifjol slog en mindre bomb ner i kampsporten. Nils Widlund valde att ta en paus fr\u00e5n sitt idrottande. Men den blev inte l\u00e4ngre \u00e4n dryga halv\u00e5ret, f\u00f6r p\u00e5 l\u00f6rdag n\u00e4sta helg \u00e4r Widlund tillbaka igen \u2013 och han \u00e4r det d\u00e4r allting egentligen startade \u2013 Allstyle Open. \u00a0 \u00a0- T\u00e4vlingen har jag en speciell relation till och det ska bli otroligt skoj att g\u00e5 in under dessa modifierade proffsregler inf\u00f6r hemmapublik, s\u00e4ger han till budokampsport.se.\" \/>\n<meta name=\"robots\" content=\"index, follow, max-snippet:-1, max-image-preview:large, max-video-preview:-1\" \/>\n<link rel=\"canonical\" href=\"https:\/\/www.budokampsport.se\/2013\/04\/12\/nils-widlund-veckan-innan-comebacken-har-fatt-en-nytandning\/\" \/>\n<meta property=\"og:locale\" content=\"sv_SE\" \/>\n<meta property=\"og:type\" content=\"article\" \/>\n<meta property=\"og:title\" content=\"Nils Widlund veckan innan comebacken \u2013 \u201dHar f\u00e5tt en nyt\u00e4ndning\u201d - Svenska Budo &amp; Kampsportsf\u00f6rbundet\" \/>\n<meta property=\"og:description\" content=\"Ifjol slog en mindre bomb ner i kampsporten. Nils Widlund valde att ta en paus fr\u00e5n sitt idrottande. Men den blev inte l\u00e4ngre \u00e4n dryga halv\u00e5ret, f\u00f6r p\u00e5 l\u00f6rdag n\u00e4sta helg \u00e4r Widlund tillbaka igen \u2013 och han \u00e4r det d\u00e4r allting egentligen startade \u2013 Allstyle Open. \u00a0 \u00a0- T\u00e4vlingen har jag en speciell relation till och det ska bli otroligt skoj att g\u00e5 in under dessa modifierade proffsregler inf\u00f6r hemmapublik, s\u00e4ger han till budokampsport.se.\" \/>\n<meta property=\"og:url\" content=\"https:\/\/www.budokampsport.se\/2013\/04\/12\/nils-widlund-veckan-innan-comebacken-har-fatt-en-nytandning\/\" \/>\n<meta property=\"og:site_name\" content=\"Svenska Budo &amp; Kampsportsf\u00f6rbundet\" \/>\n<meta property=\"article:author\" content=\"https:\/\/www.facebook.com\/jonathan.broberg.7\" \/>\n<meta property=\"article:published_time\" content=\"2013-04-12T09:30:58+00:00\" \/>\n<meta property=\"article:modified_time\" content=\"2016-12-06T21:35:52+00:00\" \/>\n<meta property=\"og:image\" content=\"http:\/\/www.budokampsport.se\/sites\/default\/files\/widlund_ny.gif\" \/>\n<meta name=\"author\" content=\"Jonathan Broberg\" \/>\n<meta name=\"twitter:card\" content=\"summary_large_image\" \/>\n<meta name=\"twitter:label1\" content=\"Skriven av\" \/>\n\t<meta name=\"twitter:data1\" content=\"Jonathan Broberg\" \/>\n\t<meta name=\"twitter:label2\" content=\"Ber\u00e4knad l\u00e4stid\" \/>\n\t<meta name=\"twitter:data2\" content=\"3 minuter\" \/>\n<script type=\"application\/ld+json\" class=\"yoast-schema-graph\">{\"@context\":\"https:\/\/schema.org\",\"@graph\":[{\"@type\":\"Article\",\"@id\":\"https:\/\/www.budokampsport.se\/2013\/04\/12\/nils-widlund-veckan-innan-comebacken-har-fatt-en-nytandning\/#article\",\"isPartOf\":{\"@id\":\"https:\/\/www.budokampsport.se\/2013\/04\/12\/nils-widlund-veckan-innan-comebacken-har-fatt-en-nytandning\/\"},\"author\":{\"name\":\"Jonathan Broberg\",\"@id\":\"https:\/\/www.budokampsport.se\/#\/schema\/person\/5c06d81d14850e2a8ce5493386560145\"},\"headline\":\"Nils Widlund veckan innan comebacken \u2013 \u201dHar f\u00e5tt en nyt\u00e4ndning\u201d\",\"datePublished\":\"2013-04-12T09:30:58+00:00\",\"dateModified\":\"2016-12-06T21:35:52+00:00\",\"mainEntityOfPage\":{\"@id\":\"https:\/\/www.budokampsport.se\/2013\/04\/12\/nils-widlund-veckan-innan-comebacken-har-fatt-en-nytandning\/\"},\"wordCount\":519,\"image\":{\"@id\":\"https:\/\/www.budokampsport.se\/2013\/04\/12\/nils-widlund-veckan-innan-comebacken-har-fatt-en-nytandning\/#primaryimage\"},\"thumbnailUrl\":\"http:\/\/www.budokampsport.se\/sites\/default\/files\/widlund_ny.gif\",\"inLanguage\":\"sv-SE\"},{\"@type\":\"WebPage\",\"@id\":\"https:\/\/www.budokampsport.se\/2013\/04\/12\/nils-widlund-veckan-innan-comebacken-har-fatt-en-nytandning\/\",\"url\":\"https:\/\/www.budokampsport.se\/2013\/04\/12\/nils-widlund-veckan-innan-comebacken-har-fatt-en-nytandning\/\",\"name\":\"Nils Widlund veckan innan comebacken \u2013 \u201dHar f\u00e5tt en nyt\u00e4ndning\u201d - Svenska Budo &amp; Kampsportsf\u00f6rbundet\",\"isPartOf\":{\"@id\":\"https:\/\/www.budokampsport.se\/#website\"},\"primaryImageOfPage\":{\"@id\":\"https:\/\/www.budokampsport.se\/2013\/04\/12\/nils-widlund-veckan-innan-comebacken-har-fatt-en-nytandning\/#primaryimage\"},\"image\":{\"@id\":\"https:\/\/www.budokampsport.se\/2013\/04\/12\/nils-widlund-veckan-innan-comebacken-har-fatt-en-nytandning\/#primaryimage\"},\"thumbnailUrl\":\"http:\/\/www.budokampsport.se\/sites\/default\/files\/widlund_ny.gif\",\"datePublished\":\"2013-04-12T09:30:58+00:00\",\"dateModified\":\"2016-12-06T21:35:52+00:00\",\"author\":{\"@id\":\"https:\/\/www.budokampsport.se\/#\/schema\/person\/5c06d81d14850e2a8ce5493386560145\"},\"description\":\"Ifjol slog en mindre bomb ner i kampsporten. Nils Widlund valde att ta en paus fr\u00e5n sitt idrottande. Men den blev inte l\u00e4ngre \u00e4n dryga halv\u00e5ret, f\u00f6r p\u00e5 l\u00f6rdag n\u00e4sta helg \u00e4r Widlund tillbaka igen \u2013 och han \u00e4r det d\u00e4r allting egentligen startade \u2013 Allstyle Open. \u00a0 \u00a0- T\u00e4vlingen har jag en speciell relation till och det ska bli otroligt skoj att g\u00e5 in under dessa modifierade proffsregler inf\u00f6r hemmapublik, s\u00e4ger han till budokampsport.se.\",\"breadcrumb\":{\"@id\":\"https:\/\/www.budokampsport.se\/2013\/04\/12\/nils-widlund-veckan-innan-comebacken-har-fatt-en-nytandning\/#breadcrumb\"},\"inLanguage\":\"sv-SE\",\"potentialAction\":[{\"@type\":\"ReadAction\",\"target\":[\"https:\/\/www.budokampsport.se\/2013\/04\/12\/nils-widlund-veckan-innan-comebacken-har-fatt-en-nytandning\/\"]}]},{\"@type\":\"ImageObject\",\"inLanguage\":\"sv-SE\",\"@id\":\"https:\/\/www.budokampsport.se\/2013\/04\/12\/nils-widlund-veckan-innan-comebacken-har-fatt-en-nytandning\/#primaryimage\",\"url\":\"http:\/\/www.budokampsport.se\/sites\/default\/files\/widlund_ny.gif\",\"contentUrl\":\"http:\/\/www.budokampsport.se\/sites\/default\/files\/widlund_ny.gif\"},{\"@type\":\"BreadcrumbList\",\"@id\":\"https:\/\/www.budokampsport.se\/2013\/04\/12\/nils-widlund-veckan-innan-comebacken-har-fatt-en-nytandning\/#breadcrumb\",\"itemListElement\":[{\"@type\":\"ListItem\",\"position\":1,\"name\":\"Hem\",\"item\":\"https:\/\/www.budokampsport.se\/\"},{\"@type\":\"ListItem\",\"position\":2,\"name\":\"Nils Widlund veckan innan comebacken \u2013 \u201dHar f\u00e5tt en nyt\u00e4ndning\u201d\"}]},{\"@type\":\"WebSite\",\"@id\":\"https:\/\/www.budokampsport.se\/#website\",\"url\":\"https:\/\/www.budokampsport.se\/\",\"name\":\"Svenska Budo &amp; Kampsportsf\u00f6rbundet\",\"description\":\"T\u00e4vling, Tr\u00e4ning, Tradition\",\"potentialAction\":[{\"@type\":\"SearchAction\",\"target\":{\"@type\":\"EntryPoint\",\"urlTemplate\":\"https:\/\/www.budokampsport.se\/?s={search_term_string}\"},\"query-input\":{\"@type\":\"PropertyValueSpecification\",\"valueRequired\":true,\"valueName\":\"search_term_string\"}}],\"inLanguage\":\"sv-SE\"},{\"@type\":\"Person\",\"@id\":\"https:\/\/www.budokampsport.se\/#\/schema\/person\/5c06d81d14850e2a8ce5493386560145\",\"name\":\"Jonathan Broberg\",\"image\":{\"@type\":\"ImageObject\",\"inLanguage\":\"sv-SE\",\"@id\":\"https:\/\/www.budokampsport.se\/#\/schema\/person\/image\/\",\"url\":\"https:\/\/secure.gravatar.com\/avatar\/a58041c6cea9128bd9c40ee2f26d4136?s=96&d=blank&r=g\",\"contentUrl\":\"https:\/\/secure.gravatar.com\/avatar\/a58041c6cea9128bd9c40ee2f26d4136?s=96&d=blank&r=g\",\"caption\":\"Jonathan Broberg\"},\"sameAs\":[\"https:\/\/www.facebook.com\/jonathan.broberg.7\"],\"url\":\"https:\/\/www.budokampsport.se\/author\/jonathan\/\"}]}<\/script>\n<!-- \/ Yoast SEO plugin. -->","yoast_head_json":{"title":"Nils Widlund veckan innan comebacken \u2013 \u201dHar f\u00e5tt en nyt\u00e4ndning\u201d - Svenska Budo &amp; Kampsportsf\u00f6rbundet","description":"Ifjol slog en mindre bomb ner i kampsporten. Nils Widlund valde att ta en paus fr\u00e5n sitt idrottande. Men den blev inte l\u00e4ngre \u00e4n dryga halv\u00e5ret, f\u00f6r p\u00e5 l\u00f6rdag n\u00e4sta helg \u00e4r Widlund tillbaka igen \u2013 och han \u00e4r det d\u00e4r allting egentligen startade \u2013 Allstyle Open. \u00a0 \u00a0- T\u00e4vlingen har jag en speciell relation till och det ska bli otroligt skoj att g\u00e5 in under dessa modifierade proffsregler inf\u00f6r hemmapublik, s\u00e4ger han till budokampsport.se.","robots":{"index":"index","follow":"follow","max-snippet":"max-snippet:-1","max-image-preview":"max-image-preview:large","max-video-preview":"max-video-preview:-1"},"canonical":"https:\/\/www.budokampsport.se\/2013\/04\/12\/nils-widlund-veckan-innan-comebacken-har-fatt-en-nytandning\/","og_locale":"sv_SE","og_type":"article","og_title":"Nils Widlund veckan innan comebacken \u2013 \u201dHar f\u00e5tt en nyt\u00e4ndning\u201d - Svenska Budo &amp; Kampsportsf\u00f6rbundet","og_description":"Ifjol slog en mindre bomb ner i kampsporten. Nils Widlund valde att ta en paus fr\u00e5n sitt idrottande. Men den blev inte l\u00e4ngre \u00e4n dryga halv\u00e5ret, f\u00f6r p\u00e5 l\u00f6rdag n\u00e4sta helg \u00e4r Widlund tillbaka igen \u2013 och han \u00e4r det d\u00e4r allting egentligen startade \u2013 Allstyle Open. \u00a0 \u00a0- T\u00e4vlingen har jag en speciell relation till och det ska bli otroligt skoj att g\u00e5 in under dessa modifierade proffsregler inf\u00f6r hemmapublik, s\u00e4ger han till budokampsport.se.","og_url":"https:\/\/www.budokampsport.se\/2013\/04\/12\/nils-widlund-veckan-innan-comebacken-har-fatt-en-nytandning\/","og_site_name":"Svenska Budo &amp; Kampsportsf\u00f6rbundet","article_author":"https:\/\/www.facebook.com\/jonathan.broberg.7","article_published_time":"2013-04-12T09:30:58+00:00","article_modified_time":"2016-12-06T21:35:52+00:00","og_image":[{"url":"http:\/\/www.budokampsport.se\/sites\/default\/files\/widlund_ny.gif","type":"","width":"","height":""}],"author":"Jonathan Broberg","twitter_card":"summary_large_image","twitter_misc":{"Skriven av":"Jonathan Broberg","Ber\u00e4knad l\u00e4stid":"3 minuter"},"schema":{"@context":"https:\/\/schema.org","@graph":[{"@type":"Article","@id":"https:\/\/www.budokampsport.se\/2013\/04\/12\/nils-widlund-veckan-innan-comebacken-har-fatt-en-nytandning\/#article","isPartOf":{"@id":"https:\/\/www.budokampsport.se\/2013\/04\/12\/nils-widlund-veckan-innan-comebacken-har-fatt-en-nytandning\/"},"author":{"name":"Jonathan Broberg","@id":"https:\/\/www.budokampsport.se\/#\/schema\/person\/5c06d81d14850e2a8ce5493386560145"},"headline":"Nils Widlund veckan innan comebacken \u2013 \u201dHar f\u00e5tt en nyt\u00e4ndning\u201d","datePublished":"2013-04-12T09:30:58+00:00","dateModified":"2016-12-06T21:35:52+00:00","mainEntityOfPage":{"@id":"https:\/\/www.budokampsport.se\/2013\/04\/12\/nils-widlund-veckan-innan-comebacken-har-fatt-en-nytandning\/"},"wordCount":519,"image":{"@id":"https:\/\/www.budokampsport.se\/2013\/04\/12\/nils-widlund-veckan-innan-comebacken-har-fatt-en-nytandning\/#primaryimage"},"thumbnailUrl":"http:\/\/www.budokampsport.se\/sites\/default\/files\/widlund_ny.gif","inLanguage":"sv-SE"},{"@type":"WebPage","@id":"https:\/\/www.budokampsport.se\/2013\/04\/12\/nils-widlund-veckan-innan-comebacken-har-fatt-en-nytandning\/","url":"https:\/\/www.budokampsport.se\/2013\/04\/12\/nils-widlund-veckan-innan-comebacken-har-fatt-en-nytandning\/","name":"Nils Widlund veckan innan comebacken \u2013 \u201dHar f\u00e5tt en nyt\u00e4ndning\u201d - Svenska Budo &amp; Kampsportsf\u00f6rbundet","isPartOf":{"@id":"https:\/\/www.budokampsport.se\/#website"},"primaryImageOfPage":{"@id":"https:\/\/www.budokampsport.se\/2013\/04\/12\/nils-widlund-veckan-innan-comebacken-har-fatt-en-nytandning\/#primaryimage"},"image":{"@id":"https:\/\/www.budokampsport.se\/2013\/04\/12\/nils-widlund-veckan-innan-comebacken-har-fatt-en-nytandning\/#primaryimage"},"thumbnailUrl":"http:\/\/www.budokampsport.se\/sites\/default\/files\/widlund_ny.gif","datePublished":"2013-04-12T09:30:58+00:00","dateModified":"2016-12-06T21:35:52+00:00","author":{"@id":"https:\/\/www.budokampsport.se\/#\/schema\/person\/5c06d81d14850e2a8ce5493386560145"},"description":"Ifjol slog en mindre bomb ner i kampsporten. Nils Widlund valde att ta en paus fr\u00e5n sitt idrottande. Men den blev inte l\u00e4ngre \u00e4n dryga halv\u00e5ret, f\u00f6r p\u00e5 l\u00f6rdag n\u00e4sta helg \u00e4r Widlund tillbaka igen \u2013 och han \u00e4r det d\u00e4r allting egentligen startade \u2013 Allstyle Open. \u00a0 \u00a0- T\u00e4vlingen har jag en speciell relation till och det ska bli otroligt skoj att g\u00e5 in under dessa modifierade proffsregler inf\u00f6r hemmapublik, s\u00e4ger han till budokampsport.se.","breadcrumb":{"@id":"https:\/\/www.budokampsport.se\/2013\/04\/12\/nils-widlund-veckan-innan-comebacken-har-fatt-en-nytandning\/#breadcrumb"},"inLanguage":"sv-SE","potentialAction":[{"@type":"ReadAction","target":["https:\/\/www.budokampsport.se\/2013\/04\/12\/nils-widlund-veckan-innan-comebacken-har-fatt-en-nytandning\/"]}]},{"@type":"ImageObject","inLanguage":"sv-SE","@id":"https:\/\/www.budokampsport.se\/2013\/04\/12\/nils-widlund-veckan-innan-comebacken-har-fatt-en-nytandning\/#primaryimage","url":"http:\/\/www.budokampsport.se\/sites\/default\/files\/widlund_ny.gif","contentUrl":"http:\/\/www.budokampsport.se\/sites\/default\/files\/widlund_ny.gif"},{"@type":"BreadcrumbList","@id":"https:\/\/www.budokampsport.se\/2013\/04\/12\/nils-widlund-veckan-innan-comebacken-har-fatt-en-nytandning\/#breadcrumb","itemListElement":[{"@type":"ListItem","position":1,"name":"Hem","item":"https:\/\/www.budokampsport.se\/"},{"@type":"ListItem","position":2,"name":"Nils Widlund veckan innan comebacken \u2013 \u201dHar f\u00e5tt en nyt\u00e4ndning\u201d"}]},{"@type":"WebSite","@id":"https:\/\/www.budokampsport.se\/#website","url":"https:\/\/www.budokampsport.se\/","name":"Svenska Budo &amp; Kampsportsf\u00f6rbundet","description":"T\u00e4vling, Tr\u00e4ning, Tradition","potentialAction":[{"@type":"SearchAction","target":{"@type":"EntryPoint","urlTemplate":"https:\/\/www.budokampsport.se\/?s={search_term_string}"},"query-input":{"@type":"PropertyValueSpecification","valueRequired":true,"valueName":"search_term_string"}}],"inLanguage":"sv-SE"},{"@type":"Person","@id":"https:\/\/www.budokampsport.se\/#\/schema\/person\/5c06d81d14850e2a8ce5493386560145","name":"Jonathan Broberg","image":{"@type":"ImageObject","inLanguage":"sv-SE","@id":"https:\/\/www.budokampsport.se\/#\/schema\/person\/image\/","url":"https:\/\/secure.gravatar.com\/avatar\/a58041c6cea9128bd9c40ee2f26d4136?s=96&d=blank&r=g","contentUrl":"https:\/\/secure.gravatar.com\/avatar\/a58041c6cea9128bd9c40ee2f26d4136?s=96&d=blank&r=g","caption":"Jonathan Broberg"},"sameAs":["https:\/\/www.facebook.com\/jonathan.broberg.7"],"url":"https:\/\/www.budokampsport.se\/author\/jonathan\/"}]}},"_links":{"self":[{"href":"https:\/\/www.budokampsport.se\/api\/wp\/v2\/posts\/4604","targetHints":{"allow":["GET"]}}],"collection":[{"href":"https:\/\/www.budokampsport.se\/api\/wp\/v2\/posts"}],"about":[{"href":"https:\/\/www.budokampsport.se\/api\/wp\/v2\/types\/post"}],"author":[{"embeddable":true,"href":"https:\/\/www.budokampsport.se\/api\/wp\/v2\/users\/7"}],"replies":[{"embeddable":true,"href":"https:\/\/www.budokampsport.se\/api\/wp\/v2\/comments?post=4604"}],"version-history":[{"count":0,"href":"https:\/\/www.budokampsport.se\/api\/wp\/v2\/posts\/4604\/revisions"}],"wp:attachment":[{"href":"https:\/\/www.budokampsport.se\/api\/wp\/v2\/media?parent=4604"}],"wp:term":[{"taxonomy":"category","embeddable":true,"href":"https:\/\/www.budokampsport.se\/api\/wp\/v2\/categories?post=4604"},{"taxonomy":"post_tag","embeddable":true,"href":"https:\/\/www.budokampsport.se\/api\/wp\/v2\/tags?post=4604"}],"curies":[{"name":"wp","href":"https:\/\/api.w.org\/{rel}","templated":true}]}}