{"id":46281,"date":"2017-06-04T18:47:02","date_gmt":"2017-06-04T16:47:02","guid":{"rendered":"http:\/\/www.budokampsport.se\/?p=46281"},"modified":"2017-06-04T18:55:11","modified_gmt":"2017-06-04T16:55:11","slug":"em-guld-till-fredrik-widgren","status":"publish","type":"post","link":"https:\/\/www.budokampsport.se\/2017\/06\/04\/em-guld-till-fredrik-widgren\/","title":{"rendered":"EM-guld till Fredrik Widgren"},"content":{"rendered":"<p>Det blev en underh\u00e5llande final d\u00e4r Widgren satte stor press p\u00e5 fransmannen. S\u00e5 pass att Kunsa tillslut blev diskad.<br \/>\n&#8211; Det \u00e5terstod v\u00e4l en minut eller s\u00e5, jag var i ledning. Vi hade b\u00e5da en varning var sedan tidigare och han f\u00f6rs\u00f6kte en teknik mot huvudet som missade och tekniken blev genomdrivande, s\u00e5 att s\u00e4ga, och han fick en andra varning och d\u00e5 var det slut.<\/p>\n<p><strong> Och hur k\u00e4nde du d\u00e5?<\/strong><br \/>\n&#8211; Grymt sk\u00f6nt. Otroligt h\u00e4rligt att vinna en stor m\u00e4sterskapsfinal.<\/p>\n<p>Widgrens n\u00e4sta uppgift blir World games i juli, men ett m\u00e5l n\u00e4sta \u00e5r h\u00e4grar redan \u2013 VM i Malm\u00f6.<br \/>\n&#8211; Det ska bli j\u00e4tteroligt. Nu vann jag EM, jag visar att jag kan vinna mot de b\u00e4sta och om jag skulle lyckas med det i Malm\u00f6 \u2013 det vore en dr\u00f6m som man inte kommer kunna toppa.<\/p>\n<p>Fredrik Widgren, som firar sin 23-\u00e5rsdag i dag, blev ocks\u00e5 utsedd till EM:s b\u00e4sta manlige fighter.<\/p>\n<p>Det blev ett silver f\u00f6r Max Hederstr\u00f6m. Det ryska finalmotst\u00e5ndet i stilen ne waza blev f\u00f6r sv\u00e5rt. Och f\u00f6r Jennie Brolin slutade EM med en bronsmedalj.<\/p>\n<p>Text och foto: Jonathan Broberg<\/p>\n","protected":false},"excerpt":{"rendered":"<p>Fredrik Widgren firade idag sin 23-\u00e5rsdag. Och vilken present han gav sig sj\u00e4lv. Widgren vann EM-guld i jujutsu i -77-kilosklassen efter att ha besegrat fransmannen Percy Kunsa. <\/p><br>","protected":false},"author":7,"featured_media":44442,"comment_status":"open","ping_status":"open","sticky":false,"template":"","format":"standard","meta":{"_acf_changed":false,"footnotes":""},"categories":[1],"tags":[],"class_list":["post-46281","post","type-post","status-publish","format-standard","has-post-thumbnail","hentry","category-okategoriserade"],"acf":[],"yoast_head":"<!-- This site is optimized with the Yoast SEO plugin v26.8 - https:\/\/yoast.com\/product\/yoast-seo-wordpress\/ -->\n<title>EM-guld till Fredrik Widgren - Svenska Budo &amp; Kampsportsf\u00f6rbundet<\/title>\n<meta name=\"description\" content=\"Fredrik Widgren firade idag sin 23-\u00e5rsdag. Och vilken present han gav sig sj\u00e4lv. Widgren vann EM-guld i jujutsu i -77-kilosklassen efter att ha besegrat fransmannen Percy Kunsa.\" \/>\n<meta name=\"robots\" content=\"index, follow, max-snippet:-1, max-image-preview:large, max-video-preview:-1\" \/>\n<link rel=\"canonical\" href=\"https:\/\/www.budokampsport.se\/2017\/06\/04\/em-guld-till-fredrik-widgren\/\" \/>\n<meta property=\"og:locale\" content=\"sv_SE\" \/>\n<meta property=\"og:type\" content=\"article\" \/>\n<meta property=\"og:title\" content=\"EM-guld till Fredrik Widgren - Svenska Budo &amp; Kampsportsf\u00f6rbundet\" \/>\n<meta property=\"og:description\" content=\"Fredrik Widgren firade idag sin 23-\u00e5rsdag. Och vilken present han gav sig sj\u00e4lv. Widgren vann EM-guld i jujutsu i -77-kilosklassen efter att ha besegrat fransmannen Percy Kunsa.\" \/>\n<meta property=\"og:url\" content=\"https:\/\/www.budokampsport.se\/2017\/06\/04\/em-guld-till-fredrik-widgren\/\" \/>\n<meta property=\"og:site_name\" content=\"Svenska Budo &amp; Kampsportsf\u00f6rbundet\" \/>\n<meta property=\"article:author\" content=\"https:\/\/www.facebook.com\/jonathan.broberg.7\" \/>\n<meta property=\"article:published_time\" content=\"2017-06-04T16:47:02+00:00\" \/>\n<meta property=\"article:modified_time\" content=\"2017-06-04T16:55:11+00:00\" \/>\n<meta property=\"og:image\" content=\"https:\/\/www.budokampsport.se\/wp-content\/uploads\/2017\/05\/fredrik_guld1.gif\" \/>\n\t<meta property=\"og:image:width\" content=\"435\" \/>\n\t<meta property=\"og:image:height\" content=\"290\" \/>\n\t<meta property=\"og:image:type\" content=\"image\/gif\" \/>\n<meta name=\"author\" content=\"Jonathan Broberg\" \/>\n<meta name=\"twitter:card\" content=\"summary_large_image\" \/>\n<meta name=\"twitter:label1\" content=\"Skriven av\" \/>\n\t<meta name=\"twitter:data1\" content=\"Jonathan Broberg\" \/>\n\t<meta name=\"twitter:label2\" content=\"Ber\u00e4knad l\u00e4stid\" \/>\n\t<meta name=\"twitter:data2\" content=\"1 minut\" \/>\n<script type=\"application\/ld+json\" class=\"yoast-schema-graph\">{\"@context\":\"https:\/\/schema.org\",\"@graph\":[{\"@type\":\"Article\",\"@id\":\"https:\/\/www.budokampsport.se\/2017\/06\/04\/em-guld-till-fredrik-widgren\/#article\",\"isPartOf\":{\"@id\":\"https:\/\/www.budokampsport.se\/2017\/06\/04\/em-guld-till-fredrik-widgren\/\"},\"author\":{\"name\":\"Jonathan Broberg\",\"@id\":\"https:\/\/www.budokampsport.se\/#\/schema\/person\/5c06d81d14850e2a8ce5493386560145\"},\"headline\":\"EM-guld till Fredrik Widgren\",\"datePublished\":\"2017-06-04T16:47:02+00:00\",\"dateModified\":\"2017-06-04T16:55:11+00:00\",\"mainEntityOfPage\":{\"@id\":\"https:\/\/www.budokampsport.se\/2017\/06\/04\/em-guld-till-fredrik-widgren\/\"},\"wordCount\":214,\"commentCount\":0,\"image\":{\"@id\":\"https:\/\/www.budokampsport.se\/2017\/06\/04\/em-guld-till-fredrik-widgren\/#primaryimage\"},\"thumbnailUrl\":\"https:\/\/www.budokampsport.se\/wp-content\/uploads\/2017\/05\/fredrik_guld1.gif\",\"inLanguage\":\"sv-SE\",\"potentialAction\":[{\"@type\":\"CommentAction\",\"name\":\"Comment\",\"target\":[\"https:\/\/www.budokampsport.se\/2017\/06\/04\/em-guld-till-fredrik-widgren\/#respond\"]}]},{\"@type\":\"WebPage\",\"@id\":\"https:\/\/www.budokampsport.se\/2017\/06\/04\/em-guld-till-fredrik-widgren\/\",\"url\":\"https:\/\/www.budokampsport.se\/2017\/06\/04\/em-guld-till-fredrik-widgren\/\",\"name\":\"EM-guld till Fredrik Widgren - Svenska Budo &amp; Kampsportsf\u00f6rbundet\",\"isPartOf\":{\"@id\":\"https:\/\/www.budokampsport.se\/#website\"},\"primaryImageOfPage\":{\"@id\":\"https:\/\/www.budokampsport.se\/2017\/06\/04\/em-guld-till-fredrik-widgren\/#primaryimage\"},\"image\":{\"@id\":\"https:\/\/www.budokampsport.se\/2017\/06\/04\/em-guld-till-fredrik-widgren\/#primaryimage\"},\"thumbnailUrl\":\"https:\/\/www.budokampsport.se\/wp-content\/uploads\/2017\/05\/fredrik_guld1.gif\",\"datePublished\":\"2017-06-04T16:47:02+00:00\",\"dateModified\":\"2017-06-04T16:55:11+00:00\",\"author\":{\"@id\":\"https:\/\/www.budokampsport.se\/#\/schema\/person\/5c06d81d14850e2a8ce5493386560145\"},\"description\":\"Fredrik Widgren firade idag sin 23-\u00e5rsdag. Och vilken present han gav sig sj\u00e4lv. Widgren vann EM-guld i jujutsu i -77-kilosklassen efter att ha besegrat fransmannen Percy Kunsa.\",\"breadcrumb\":{\"@id\":\"https:\/\/www.budokampsport.se\/2017\/06\/04\/em-guld-till-fredrik-widgren\/#breadcrumb\"},\"inLanguage\":\"sv-SE\",\"potentialAction\":[{\"@type\":\"ReadAction\",\"target\":[\"https:\/\/www.budokampsport.se\/2017\/06\/04\/em-guld-till-fredrik-widgren\/\"]}]},{\"@type\":\"ImageObject\",\"inLanguage\":\"sv-SE\",\"@id\":\"https:\/\/www.budokampsport.se\/2017\/06\/04\/em-guld-till-fredrik-widgren\/#primaryimage\",\"url\":\"https:\/\/www.budokampsport.se\/wp-content\/uploads\/2017\/05\/fredrik_guld1.gif\",\"contentUrl\":\"https:\/\/www.budokampsport.se\/wp-content\/uploads\/2017\/05\/fredrik_guld1.gif\",\"width\":435,\"height\":290,\"caption\":\"Foto: Jonathan broberg\"},{\"@type\":\"BreadcrumbList\",\"@id\":\"https:\/\/www.budokampsport.se\/2017\/06\/04\/em-guld-till-fredrik-widgren\/#breadcrumb\",\"itemListElement\":[{\"@type\":\"ListItem\",\"position\":1,\"name\":\"Hem\",\"item\":\"https:\/\/www.budokampsport.se\/\"},{\"@type\":\"ListItem\",\"position\":2,\"name\":\"EM-guld till Fredrik Widgren\"}]},{\"@type\":\"WebSite\",\"@id\":\"https:\/\/www.budokampsport.se\/#website\",\"url\":\"https:\/\/www.budokampsport.se\/\",\"name\":\"Svenska Budo &amp; Kampsportsf\u00f6rbundet\",\"description\":\"T\u00e4vling, Tr\u00e4ning, Tradition\",\"potentialAction\":[{\"@type\":\"SearchAction\",\"target\":{\"@type\":\"EntryPoint\",\"urlTemplate\":\"https:\/\/www.budokampsport.se\/?s={search_term_string}\"},\"query-input\":{\"@type\":\"PropertyValueSpecification\",\"valueRequired\":true,\"valueName\":\"search_term_string\"}}],\"inLanguage\":\"sv-SE\"},{\"@type\":\"Person\",\"@id\":\"https:\/\/www.budokampsport.se\/#\/schema\/person\/5c06d81d14850e2a8ce5493386560145\",\"name\":\"Jonathan Broberg\",\"image\":{\"@type\":\"ImageObject\",\"inLanguage\":\"sv-SE\",\"@id\":\"https:\/\/www.budokampsport.se\/#\/schema\/person\/image\/\",\"url\":\"https:\/\/secure.gravatar.com\/avatar\/a58041c6cea9128bd9c40ee2f26d4136?s=96&d=blank&r=g\",\"contentUrl\":\"https:\/\/secure.gravatar.com\/avatar\/a58041c6cea9128bd9c40ee2f26d4136?s=96&d=blank&r=g\",\"caption\":\"Jonathan Broberg\"},\"sameAs\":[\"https:\/\/www.facebook.com\/jonathan.broberg.7\"],\"url\":\"https:\/\/www.budokampsport.se\/author\/jonathan\/\"}]}<\/script>\n<!-- \/ Yoast SEO plugin. -->","yoast_head_json":{"title":"EM-guld till Fredrik Widgren - Svenska Budo &amp; Kampsportsf\u00f6rbundet","description":"Fredrik Widgren firade idag sin 23-\u00e5rsdag. Och vilken present han gav sig sj\u00e4lv. Widgren vann EM-guld i jujutsu i -77-kilosklassen efter att ha besegrat fransmannen Percy Kunsa.","robots":{"index":"index","follow":"follow","max-snippet":"max-snippet:-1","max-image-preview":"max-image-preview:large","max-video-preview":"max-video-preview:-1"},"canonical":"https:\/\/www.budokampsport.se\/2017\/06\/04\/em-guld-till-fredrik-widgren\/","og_locale":"sv_SE","og_type":"article","og_title":"EM-guld till Fredrik Widgren - Svenska Budo &amp; Kampsportsf\u00f6rbundet","og_description":"Fredrik Widgren firade idag sin 23-\u00e5rsdag. Och vilken present han gav sig sj\u00e4lv. Widgren vann EM-guld i jujutsu i -77-kilosklassen efter att ha besegrat fransmannen Percy Kunsa.","og_url":"https:\/\/www.budokampsport.se\/2017\/06\/04\/em-guld-till-fredrik-widgren\/","og_site_name":"Svenska Budo &amp; Kampsportsf\u00f6rbundet","article_author":"https:\/\/www.facebook.com\/jonathan.broberg.7","article_published_time":"2017-06-04T16:47:02+00:00","article_modified_time":"2017-06-04T16:55:11+00:00","og_image":[{"width":435,"height":290,"url":"https:\/\/www.budokampsport.se\/wp-content\/uploads\/2017\/05\/fredrik_guld1.gif","type":"image\/gif"}],"author":"Jonathan Broberg","twitter_card":"summary_large_image","twitter_misc":{"Skriven av":"Jonathan Broberg","Ber\u00e4knad l\u00e4stid":"1 minut"},"schema":{"@context":"https:\/\/schema.org","@graph":[{"@type":"Article","@id":"https:\/\/www.budokampsport.se\/2017\/06\/04\/em-guld-till-fredrik-widgren\/#article","isPartOf":{"@id":"https:\/\/www.budokampsport.se\/2017\/06\/04\/em-guld-till-fredrik-widgren\/"},"author":{"name":"Jonathan Broberg","@id":"https:\/\/www.budokampsport.se\/#\/schema\/person\/5c06d81d14850e2a8ce5493386560145"},"headline":"EM-guld till Fredrik Widgren","datePublished":"2017-06-04T16:47:02+00:00","dateModified":"2017-06-04T16:55:11+00:00","mainEntityOfPage":{"@id":"https:\/\/www.budokampsport.se\/2017\/06\/04\/em-guld-till-fredrik-widgren\/"},"wordCount":214,"commentCount":0,"image":{"@id":"https:\/\/www.budokampsport.se\/2017\/06\/04\/em-guld-till-fredrik-widgren\/#primaryimage"},"thumbnailUrl":"https:\/\/www.budokampsport.se\/wp-content\/uploads\/2017\/05\/fredrik_guld1.gif","inLanguage":"sv-SE","potentialAction":[{"@type":"CommentAction","name":"Comment","target":["https:\/\/www.budokampsport.se\/2017\/06\/04\/em-guld-till-fredrik-widgren\/#respond"]}]},{"@type":"WebPage","@id":"https:\/\/www.budokampsport.se\/2017\/06\/04\/em-guld-till-fredrik-widgren\/","url":"https:\/\/www.budokampsport.se\/2017\/06\/04\/em-guld-till-fredrik-widgren\/","name":"EM-guld till Fredrik Widgren - Svenska Budo &amp; Kampsportsf\u00f6rbundet","isPartOf":{"@id":"https:\/\/www.budokampsport.se\/#website"},"primaryImageOfPage":{"@id":"https:\/\/www.budokampsport.se\/2017\/06\/04\/em-guld-till-fredrik-widgren\/#primaryimage"},"image":{"@id":"https:\/\/www.budokampsport.se\/2017\/06\/04\/em-guld-till-fredrik-widgren\/#primaryimage"},"thumbnailUrl":"https:\/\/www.budokampsport.se\/wp-content\/uploads\/2017\/05\/fredrik_guld1.gif","datePublished":"2017-06-04T16:47:02+00:00","dateModified":"2017-06-04T16:55:11+00:00","author":{"@id":"https:\/\/www.budokampsport.se\/#\/schema\/person\/5c06d81d14850e2a8ce5493386560145"},"description":"Fredrik Widgren firade idag sin 23-\u00e5rsdag. Och vilken present han gav sig sj\u00e4lv. Widgren vann EM-guld i jujutsu i -77-kilosklassen efter att ha besegrat fransmannen Percy Kunsa.","breadcrumb":{"@id":"https:\/\/www.budokampsport.se\/2017\/06\/04\/em-guld-till-fredrik-widgren\/#breadcrumb"},"inLanguage":"sv-SE","potentialAction":[{"@type":"ReadAction","target":["https:\/\/www.budokampsport.se\/2017\/06\/04\/em-guld-till-fredrik-widgren\/"]}]},{"@type":"ImageObject","inLanguage":"sv-SE","@id":"https:\/\/www.budokampsport.se\/2017\/06\/04\/em-guld-till-fredrik-widgren\/#primaryimage","url":"https:\/\/www.budokampsport.se\/wp-content\/uploads\/2017\/05\/fredrik_guld1.gif","contentUrl":"https:\/\/www.budokampsport.se\/wp-content\/uploads\/2017\/05\/fredrik_guld1.gif","width":435,"height":290,"caption":"Foto: Jonathan broberg"},{"@type":"BreadcrumbList","@id":"https:\/\/www.budokampsport.se\/2017\/06\/04\/em-guld-till-fredrik-widgren\/#breadcrumb","itemListElement":[{"@type":"ListItem","position":1,"name":"Hem","item":"https:\/\/www.budokampsport.se\/"},{"@type":"ListItem","position":2,"name":"EM-guld till Fredrik Widgren"}]},{"@type":"WebSite","@id":"https:\/\/www.budokampsport.se\/#website","url":"https:\/\/www.budokampsport.se\/","name":"Svenska Budo &amp; Kampsportsf\u00f6rbundet","description":"T\u00e4vling, Tr\u00e4ning, Tradition","potentialAction":[{"@type":"SearchAction","target":{"@type":"EntryPoint","urlTemplate":"https:\/\/www.budokampsport.se\/?s={search_term_string}"},"query-input":{"@type":"PropertyValueSpecification","valueRequired":true,"valueName":"search_term_string"}}],"inLanguage":"sv-SE"},{"@type":"Person","@id":"https:\/\/www.budokampsport.se\/#\/schema\/person\/5c06d81d14850e2a8ce5493386560145","name":"Jonathan Broberg","image":{"@type":"ImageObject","inLanguage":"sv-SE","@id":"https:\/\/www.budokampsport.se\/#\/schema\/person\/image\/","url":"https:\/\/secure.gravatar.com\/avatar\/a58041c6cea9128bd9c40ee2f26d4136?s=96&d=blank&r=g","contentUrl":"https:\/\/secure.gravatar.com\/avatar\/a58041c6cea9128bd9c40ee2f26d4136?s=96&d=blank&r=g","caption":"Jonathan Broberg"},"sameAs":["https:\/\/www.facebook.com\/jonathan.broberg.7"],"url":"https:\/\/www.budokampsport.se\/author\/jonathan\/"}]}},"_links":{"self":[{"href":"https:\/\/www.budokampsport.se\/api\/wp\/v2\/posts\/46281","targetHints":{"allow":["GET"]}}],"collection":[{"href":"https:\/\/www.budokampsport.se\/api\/wp\/v2\/posts"}],"about":[{"href":"https:\/\/www.budokampsport.se\/api\/wp\/v2\/types\/post"}],"author":[{"embeddable":true,"href":"https:\/\/www.budokampsport.se\/api\/wp\/v2\/users\/7"}],"replies":[{"embeddable":true,"href":"https:\/\/www.budokampsport.se\/api\/wp\/v2\/comments?post=46281"}],"version-history":[{"count":0,"href":"https:\/\/www.budokampsport.se\/api\/wp\/v2\/posts\/46281\/revisions"}],"wp:featuredmedia":[{"embeddable":true,"href":"https:\/\/www.budokampsport.se\/api\/wp\/v2\/media\/44442"}],"wp:attachment":[{"href":"https:\/\/www.budokampsport.se\/api\/wp\/v2\/media?parent=46281"}],"wp:term":[{"taxonomy":"category","embeddable":true,"href":"https:\/\/www.budokampsport.se\/api\/wp\/v2\/categories?post=46281"},{"taxonomy":"post_tag","embeddable":true,"href":"https:\/\/www.budokampsport.se\/api\/wp\/v2\/tags?post=46281"}],"curies":[{"name":"wp","href":"https:\/\/api.w.org\/{rel}","templated":true}]}}