{"id":46309,"date":"2017-06-07T08:42:09","date_gmt":"2017-06-07T06:42:09","guid":{"rendered":"http:\/\/www.budokampsport.se\/?p=46309"},"modified":"2017-06-07T12:36:07","modified_gmt":"2017-06-07T10:36:07","slug":"oskar-sjoberg-laddar-infor-vm-japan","status":"publish","type":"post","link":"https:\/\/www.budokampsport.se\/2017\/06\/07\/oskar-sjoberg-laddar-infor-vm-japan\/","title":{"rendered":"Oskar Sj\u00f6berg laddar inf\u00f6r VM i Japan"},"content":{"rendered":"<p><strong>\u00c5rets taido-VM n\u00e4rmar sig, Oskar Sj\u00f6berg \u00e4r en av de unga talangerna i svenska landslaget som \u00e5ker ner till Japan. Oskar ser fram emot VM och \u00e4r glad \u00f6ver att m\u00e4sterskapet h\u00e5lls i det land sporten kommer ifr\u00e5n samtidigt som han ser de som en tuff konkurrent.<\/strong><\/p>\n<p><em>-Sporten kommer d\u00e4rifr\u00e5n och japanerna \u00e4r utan tvekan l\u00e5ngt f\u00f6re oss svenskar n\u00e4r det kommer till b\u00e5de fight och hokei.<\/em><\/p>\n<p>Hokei \u00e4r ocks\u00e5 den gren Oskar satsar mest p\u00e5 under m\u00e4sterskapet.<\/p>\n<p><em>-Den gren som kallas hokei satsar jag mest p\u00e5 under VM, kan kallas Kata i m\u00e5nga andra kampsporter, det best\u00e5r av olika r\u00f6relser och tekniker i en best\u00e4md ordning. F\u00f6r att f\u00e5 teknikerna b\u00e4ttre har jag fokuserat p\u00e5 att k\u00f6ra sm\u00e5 etapper.<\/em><\/p>\n<p>Oskar vann dubbla guld p\u00e5 f\u00f6reg\u00e5ende EM och han \u00e4r medveten om sina styrkor men \u00e4r samtidigt \u00f6dmjuk.<\/p>\n<p>&#8211;<em>F\u00f6r att bli bra i taido m\u00e5ste man vara smidig och explosiv. Smidigt f\u00f6r att kunna g\u00f6ra alla r\u00f6relser som kan vara ganska komplexa, explosiv f\u00f6r att man snabbt ska agera p\u00e5 motst\u00e5ndarens attacker och n\u00e4r man sj\u00e4lv attackerar. Jag ser fram emot VM men p\u00e5 samma g\u00e5ng vill jag ha mer tid p\u00e5 mig p\u00e5 att \u00f6va<\/em>, skattar Oskar.<\/p>\n<p>Men m\u00e5ls\u00e4ttningen f\u00f6r m\u00e4sterskapet \u00e4r fortfarande tydlig.<\/p>\n<p><em>-Mitt m\u00e5l f\u00f6r VM \u00e4r att vinna i hokei. Jag \u00e4r \u00e4ven med i fight men fr\u00e4mst f\u00f6r att f\u00e5 erfarenhet f\u00f6r att kunna vinna framtida EM och VM.<\/em><\/p>\n<p><strong>Vi \u00f6nskar Oskar ett stort lycka till!<\/strong><\/p>\n<p>Text: Annie Bondefelt<br \/>\nFoto: Erland P\u00e5lsson<\/p>\n","protected":false},"excerpt":{"rendered":"<p>\u00c5rets taido-VM n\u00e4rmar sig, Oskar Sj\u00f6berg \u00e4r en av de [&#8230;]<\/p><br>","protected":false},"author":120,"featured_media":46412,"comment_status":"open","ping_status":"open","sticky":false,"template":"","format":"standard","meta":{"_acf_changed":false,"footnotes":""},"categories":[1],"tags":[324],"class_list":["post-46309","post","type-post","status-publish","format-standard","has-post-thumbnail","hentry","category-okategoriserade","tag-taido-kampsport"],"acf":[],"yoast_head":"<!-- This site is optimized with the Yoast SEO plugin v26.8 - https:\/\/yoast.com\/product\/yoast-seo-wordpress\/ -->\n<title>Oskar Sj\u00f6berg laddar inf\u00f6r VM i Japan - Svenska Budo &amp; Kampsportsf\u00f6rbundet<\/title>\n<meta name=\"description\" content=\"VM i taido n\u00e4rmar sig och talangen Oskar Sj\u00f6berg ser fram emot m\u00e4sterskapen i Japan.\" \/>\n<meta name=\"robots\" content=\"index, follow, max-snippet:-1, max-image-preview:large, max-video-preview:-1\" \/>\n<link rel=\"canonical\" href=\"https:\/\/www.budokampsport.se\/2017\/06\/07\/oskar-sjoberg-laddar-infor-vm-japan\/\" \/>\n<meta property=\"og:locale\" content=\"sv_SE\" \/>\n<meta property=\"og:type\" content=\"article\" \/>\n<meta property=\"og:title\" content=\"Oskar Sj\u00f6berg laddar inf\u00f6r VM i Japan - Svenska Budo &amp; Kampsportsf\u00f6rbundet\" \/>\n<meta property=\"og:description\" content=\"VM i taido n\u00e4rmar sig och talangen Oskar Sj\u00f6berg ser fram emot m\u00e4sterskapen i Japan.\" \/>\n<meta property=\"og:url\" content=\"https:\/\/www.budokampsport.se\/2017\/06\/07\/oskar-sjoberg-laddar-infor-vm-japan\/\" \/>\n<meta property=\"og:site_name\" content=\"Svenska Budo &amp; Kampsportsf\u00f6rbundet\" \/>\n<meta property=\"article:published_time\" content=\"2017-06-07T06:42:09+00:00\" \/>\n<meta property=\"article:modified_time\" content=\"2017-06-07T10:36:07+00:00\" \/>\n<meta property=\"og:image\" content=\"https:\/\/www.budokampsport.se\/wp-content\/uploads\/2017\/07\/oskar-sjoberg-e1624881031829.jpg\" \/>\n\t<meta property=\"og:image:width\" content=\"850\" \/>\n\t<meta property=\"og:image:height\" content=\"573\" \/>\n\t<meta property=\"og:image:type\" content=\"image\/jpeg\" \/>\n<meta name=\"author\" content=\"Annie Carriage\" \/>\n<meta name=\"twitter:card\" content=\"summary_large_image\" \/>\n<meta name=\"twitter:label1\" content=\"Skriven av\" \/>\n\t<meta name=\"twitter:data1\" content=\"Annie Carriage\" \/>\n\t<meta name=\"twitter:label2\" content=\"Ber\u00e4knad l\u00e4stid\" \/>\n\t<meta name=\"twitter:data2\" content=\"1 minut\" \/>\n<script type=\"application\/ld+json\" class=\"yoast-schema-graph\">{\"@context\":\"https:\/\/schema.org\",\"@graph\":[{\"@type\":\"Article\",\"@id\":\"https:\/\/www.budokampsport.se\/2017\/06\/07\/oskar-sjoberg-laddar-infor-vm-japan\/#article\",\"isPartOf\":{\"@id\":\"https:\/\/www.budokampsport.se\/2017\/06\/07\/oskar-sjoberg-laddar-infor-vm-japan\/\"},\"author\":{\"name\":\"Annie Carriage\",\"@id\":\"https:\/\/www.budokampsport.se\/#\/schema\/person\/c838cace8171f692e363fde3f38f208b\"},\"headline\":\"Oskar Sj\u00f6berg laddar inf\u00f6r VM i Japan\",\"datePublished\":\"2017-06-07T06:42:09+00:00\",\"dateModified\":\"2017-06-07T10:36:07+00:00\",\"mainEntityOfPage\":{\"@id\":\"https:\/\/www.budokampsport.se\/2017\/06\/07\/oskar-sjoberg-laddar-infor-vm-japan\/\"},\"wordCount\":297,\"commentCount\":0,\"image\":{\"@id\":\"https:\/\/www.budokampsport.se\/2017\/06\/07\/oskar-sjoberg-laddar-infor-vm-japan\/#primaryimage\"},\"thumbnailUrl\":\"https:\/\/www.budokampsport.se\/wp-content\/uploads\/2017\/07\/oskar-sjoberg-e1624881031829.jpg\",\"keywords\":[\"taido kampsport\"],\"inLanguage\":\"sv-SE\",\"potentialAction\":[{\"@type\":\"CommentAction\",\"name\":\"Comment\",\"target\":[\"https:\/\/www.budokampsport.se\/2017\/06\/07\/oskar-sjoberg-laddar-infor-vm-japan\/#respond\"]}]},{\"@type\":\"WebPage\",\"@id\":\"https:\/\/www.budokampsport.se\/2017\/06\/07\/oskar-sjoberg-laddar-infor-vm-japan\/\",\"url\":\"https:\/\/www.budokampsport.se\/2017\/06\/07\/oskar-sjoberg-laddar-infor-vm-japan\/\",\"name\":\"Oskar Sj\u00f6berg laddar inf\u00f6r VM i Japan - Svenska Budo &amp; Kampsportsf\u00f6rbundet\",\"isPartOf\":{\"@id\":\"https:\/\/www.budokampsport.se\/#website\"},\"primaryImageOfPage\":{\"@id\":\"https:\/\/www.budokampsport.se\/2017\/06\/07\/oskar-sjoberg-laddar-infor-vm-japan\/#primaryimage\"},\"image\":{\"@id\":\"https:\/\/www.budokampsport.se\/2017\/06\/07\/oskar-sjoberg-laddar-infor-vm-japan\/#primaryimage\"},\"thumbnailUrl\":\"https:\/\/www.budokampsport.se\/wp-content\/uploads\/2017\/07\/oskar-sjoberg-e1624881031829.jpg\",\"datePublished\":\"2017-06-07T06:42:09+00:00\",\"dateModified\":\"2017-06-07T10:36:07+00:00\",\"author\":{\"@id\":\"https:\/\/www.budokampsport.se\/#\/schema\/person\/c838cace8171f692e363fde3f38f208b\"},\"description\":\"VM i taido n\u00e4rmar sig och talangen Oskar Sj\u00f6berg ser fram emot m\u00e4sterskapen i Japan.\",\"breadcrumb\":{\"@id\":\"https:\/\/www.budokampsport.se\/2017\/06\/07\/oskar-sjoberg-laddar-infor-vm-japan\/#breadcrumb\"},\"inLanguage\":\"sv-SE\",\"potentialAction\":[{\"@type\":\"ReadAction\",\"target\":[\"https:\/\/www.budokampsport.se\/2017\/06\/07\/oskar-sjoberg-laddar-infor-vm-japan\/\"]}]},{\"@type\":\"ImageObject\",\"inLanguage\":\"sv-SE\",\"@id\":\"https:\/\/www.budokampsport.se\/2017\/06\/07\/oskar-sjoberg-laddar-infor-vm-japan\/#primaryimage\",\"url\":\"https:\/\/www.budokampsport.se\/wp-content\/uploads\/2017\/07\/oskar-sjoberg-e1624881031829.jpg\",\"contentUrl\":\"https:\/\/www.budokampsport.se\/wp-content\/uploads\/2017\/07\/oskar-sjoberg-e1624881031829.jpg\",\"width\":850,\"height\":573},{\"@type\":\"BreadcrumbList\",\"@id\":\"https:\/\/www.budokampsport.se\/2017\/06\/07\/oskar-sjoberg-laddar-infor-vm-japan\/#breadcrumb\",\"itemListElement\":[{\"@type\":\"ListItem\",\"position\":1,\"name\":\"Hem\",\"item\":\"https:\/\/www.budokampsport.se\/\"},{\"@type\":\"ListItem\",\"position\":2,\"name\":\"Oskar Sj\u00f6berg laddar inf\u00f6r VM i Japan\"}]},{\"@type\":\"WebSite\",\"@id\":\"https:\/\/www.budokampsport.se\/#website\",\"url\":\"https:\/\/www.budokampsport.se\/\",\"name\":\"Svenska Budo &amp; Kampsportsf\u00f6rbundet\",\"description\":\"T\u00e4vling, Tr\u00e4ning, Tradition\",\"potentialAction\":[{\"@type\":\"SearchAction\",\"target\":{\"@type\":\"EntryPoint\",\"urlTemplate\":\"https:\/\/www.budokampsport.se\/?s={search_term_string}\"},\"query-input\":{\"@type\":\"PropertyValueSpecification\",\"valueRequired\":true,\"valueName\":\"search_term_string\"}}],\"inLanguage\":\"sv-SE\"},{\"@type\":\"Person\",\"@id\":\"https:\/\/www.budokampsport.se\/#\/schema\/person\/c838cace8171f692e363fde3f38f208b\",\"name\":\"Annie Carriage\",\"image\":{\"@type\":\"ImageObject\",\"inLanguage\":\"sv-SE\",\"@id\":\"https:\/\/www.budokampsport.se\/#\/schema\/person\/image\/\",\"url\":\"https:\/\/secure.gravatar.com\/avatar\/9311295560bdfbdf78365a26f7df1876?s=96&d=blank&r=g\",\"contentUrl\":\"https:\/\/secure.gravatar.com\/avatar\/9311295560bdfbdf78365a26f7df1876?s=96&d=blank&r=g\",\"caption\":\"Annie Carriage\"},\"url\":\"https:\/\/www.budokampsport.se\/author\/annie-bondefelt\/\"}]}<\/script>\n<!-- \/ Yoast SEO plugin. -->","yoast_head_json":{"title":"Oskar Sj\u00f6berg laddar inf\u00f6r VM i Japan - Svenska Budo &amp; Kampsportsf\u00f6rbundet","description":"VM i taido n\u00e4rmar sig och talangen Oskar Sj\u00f6berg ser fram emot m\u00e4sterskapen i Japan.","robots":{"index":"index","follow":"follow","max-snippet":"max-snippet:-1","max-image-preview":"max-image-preview:large","max-video-preview":"max-video-preview:-1"},"canonical":"https:\/\/www.budokampsport.se\/2017\/06\/07\/oskar-sjoberg-laddar-infor-vm-japan\/","og_locale":"sv_SE","og_type":"article","og_title":"Oskar Sj\u00f6berg laddar inf\u00f6r VM i Japan - Svenska Budo &amp; Kampsportsf\u00f6rbundet","og_description":"VM i taido n\u00e4rmar sig och talangen Oskar Sj\u00f6berg ser fram emot m\u00e4sterskapen i Japan.","og_url":"https:\/\/www.budokampsport.se\/2017\/06\/07\/oskar-sjoberg-laddar-infor-vm-japan\/","og_site_name":"Svenska Budo &amp; Kampsportsf\u00f6rbundet","article_published_time":"2017-06-07T06:42:09+00:00","article_modified_time":"2017-06-07T10:36:07+00:00","og_image":[{"width":850,"height":573,"url":"https:\/\/www.budokampsport.se\/wp-content\/uploads\/2017\/07\/oskar-sjoberg-e1624881031829.jpg","type":"image\/jpeg"}],"author":"Annie Carriage","twitter_card":"summary_large_image","twitter_misc":{"Skriven av":"Annie Carriage","Ber\u00e4knad l\u00e4stid":"1 minut"},"schema":{"@context":"https:\/\/schema.org","@graph":[{"@type":"Article","@id":"https:\/\/www.budokampsport.se\/2017\/06\/07\/oskar-sjoberg-laddar-infor-vm-japan\/#article","isPartOf":{"@id":"https:\/\/www.budokampsport.se\/2017\/06\/07\/oskar-sjoberg-laddar-infor-vm-japan\/"},"author":{"name":"Annie Carriage","@id":"https:\/\/www.budokampsport.se\/#\/schema\/person\/c838cace8171f692e363fde3f38f208b"},"headline":"Oskar Sj\u00f6berg laddar inf\u00f6r VM i Japan","datePublished":"2017-06-07T06:42:09+00:00","dateModified":"2017-06-07T10:36:07+00:00","mainEntityOfPage":{"@id":"https:\/\/www.budokampsport.se\/2017\/06\/07\/oskar-sjoberg-laddar-infor-vm-japan\/"},"wordCount":297,"commentCount":0,"image":{"@id":"https:\/\/www.budokampsport.se\/2017\/06\/07\/oskar-sjoberg-laddar-infor-vm-japan\/#primaryimage"},"thumbnailUrl":"https:\/\/www.budokampsport.se\/wp-content\/uploads\/2017\/07\/oskar-sjoberg-e1624881031829.jpg","keywords":["taido kampsport"],"inLanguage":"sv-SE","potentialAction":[{"@type":"CommentAction","name":"Comment","target":["https:\/\/www.budokampsport.se\/2017\/06\/07\/oskar-sjoberg-laddar-infor-vm-japan\/#respond"]}]},{"@type":"WebPage","@id":"https:\/\/www.budokampsport.se\/2017\/06\/07\/oskar-sjoberg-laddar-infor-vm-japan\/","url":"https:\/\/www.budokampsport.se\/2017\/06\/07\/oskar-sjoberg-laddar-infor-vm-japan\/","name":"Oskar Sj\u00f6berg laddar inf\u00f6r VM i Japan - Svenska Budo &amp; Kampsportsf\u00f6rbundet","isPartOf":{"@id":"https:\/\/www.budokampsport.se\/#website"},"primaryImageOfPage":{"@id":"https:\/\/www.budokampsport.se\/2017\/06\/07\/oskar-sjoberg-laddar-infor-vm-japan\/#primaryimage"},"image":{"@id":"https:\/\/www.budokampsport.se\/2017\/06\/07\/oskar-sjoberg-laddar-infor-vm-japan\/#primaryimage"},"thumbnailUrl":"https:\/\/www.budokampsport.se\/wp-content\/uploads\/2017\/07\/oskar-sjoberg-e1624881031829.jpg","datePublished":"2017-06-07T06:42:09+00:00","dateModified":"2017-06-07T10:36:07+00:00","author":{"@id":"https:\/\/www.budokampsport.se\/#\/schema\/person\/c838cace8171f692e363fde3f38f208b"},"description":"VM i taido n\u00e4rmar sig och talangen Oskar Sj\u00f6berg ser fram emot m\u00e4sterskapen i Japan.","breadcrumb":{"@id":"https:\/\/www.budokampsport.se\/2017\/06\/07\/oskar-sjoberg-laddar-infor-vm-japan\/#breadcrumb"},"inLanguage":"sv-SE","potentialAction":[{"@type":"ReadAction","target":["https:\/\/www.budokampsport.se\/2017\/06\/07\/oskar-sjoberg-laddar-infor-vm-japan\/"]}]},{"@type":"ImageObject","inLanguage":"sv-SE","@id":"https:\/\/www.budokampsport.se\/2017\/06\/07\/oskar-sjoberg-laddar-infor-vm-japan\/#primaryimage","url":"https:\/\/www.budokampsport.se\/wp-content\/uploads\/2017\/07\/oskar-sjoberg-e1624881031829.jpg","contentUrl":"https:\/\/www.budokampsport.se\/wp-content\/uploads\/2017\/07\/oskar-sjoberg-e1624881031829.jpg","width":850,"height":573},{"@type":"BreadcrumbList","@id":"https:\/\/www.budokampsport.se\/2017\/06\/07\/oskar-sjoberg-laddar-infor-vm-japan\/#breadcrumb","itemListElement":[{"@type":"ListItem","position":1,"name":"Hem","item":"https:\/\/www.budokampsport.se\/"},{"@type":"ListItem","position":2,"name":"Oskar Sj\u00f6berg laddar inf\u00f6r VM i Japan"}]},{"@type":"WebSite","@id":"https:\/\/www.budokampsport.se\/#website","url":"https:\/\/www.budokampsport.se\/","name":"Svenska Budo &amp; Kampsportsf\u00f6rbundet","description":"T\u00e4vling, Tr\u00e4ning, Tradition","potentialAction":[{"@type":"SearchAction","target":{"@type":"EntryPoint","urlTemplate":"https:\/\/www.budokampsport.se\/?s={search_term_string}"},"query-input":{"@type":"PropertyValueSpecification","valueRequired":true,"valueName":"search_term_string"}}],"inLanguage":"sv-SE"},{"@type":"Person","@id":"https:\/\/www.budokampsport.se\/#\/schema\/person\/c838cace8171f692e363fde3f38f208b","name":"Annie Carriage","image":{"@type":"ImageObject","inLanguage":"sv-SE","@id":"https:\/\/www.budokampsport.se\/#\/schema\/person\/image\/","url":"https:\/\/secure.gravatar.com\/avatar\/9311295560bdfbdf78365a26f7df1876?s=96&d=blank&r=g","contentUrl":"https:\/\/secure.gravatar.com\/avatar\/9311295560bdfbdf78365a26f7df1876?s=96&d=blank&r=g","caption":"Annie Carriage"},"url":"https:\/\/www.budokampsport.se\/author\/annie-bondefelt\/"}]}},"_links":{"self":[{"href":"https:\/\/www.budokampsport.se\/api\/wp\/v2\/posts\/46309","targetHints":{"allow":["GET"]}}],"collection":[{"href":"https:\/\/www.budokampsport.se\/api\/wp\/v2\/posts"}],"about":[{"href":"https:\/\/www.budokampsport.se\/api\/wp\/v2\/types\/post"}],"author":[{"embeddable":true,"href":"https:\/\/www.budokampsport.se\/api\/wp\/v2\/users\/120"}],"replies":[{"embeddable":true,"href":"https:\/\/www.budokampsport.se\/api\/wp\/v2\/comments?post=46309"}],"version-history":[{"count":0,"href":"https:\/\/www.budokampsport.se\/api\/wp\/v2\/posts\/46309\/revisions"}],"wp:featuredmedia":[{"embeddable":true,"href":"https:\/\/www.budokampsport.se\/api\/wp\/v2\/media\/46412"}],"wp:attachment":[{"href":"https:\/\/www.budokampsport.se\/api\/wp\/v2\/media?parent=46309"}],"wp:term":[{"taxonomy":"category","embeddable":true,"href":"https:\/\/www.budokampsport.se\/api\/wp\/v2\/categories?post=46309"},{"taxonomy":"post_tag","embeddable":true,"href":"https:\/\/www.budokampsport.se\/api\/wp\/v2\/tags?post=46309"}],"curies":[{"name":"wp","href":"https:\/\/api.w.org\/{rel}","templated":true}]}}