{"id":4641,"date":"2013-05-14T07:07:40","date_gmt":"2013-05-14T05:07:40","guid":{"rendered":"http:\/\/budo.wordpress.dev\/2013\/05\/14\/budoandan-praglade-tehusets-dag-i-stockholm\/"},"modified":"2016-12-06T22:36:00","modified_gmt":"2016-12-06T21:36:00","slug":"budoandan-praglade-tehusets-dag-i-stockholm","status":"publish","type":"post","link":"https:\/\/www.budokampsport.se\/2013\/05\/14\/budoandan-praglade-tehusets-dag-i-stockholm\/","title":{"rendered":"Budoandan pr\u00e4glade tehusets dag i Stockholm"},"content":{"rendered":"<p><strong><img decoding=\"async\" style=\"width: 200px; height: 149px; float: right;\" alt=\"\" src=\"\/sites\/default\/files\/tehuset_pa.png\">Det l\u00f6ftesrika ljusets boning. S\u00e5 heter det japanska tehuset vid Etnografiska Museet i Stockholm. Tehuset firas en g\u00e5ng om \u00e5ret under parollen Tehusets dag och d\u00e5 spirar b\u00e5de v\u00e5rgr\u00f6nskan och de japanska f\u00f6rnimmelserna i takt med varandra. Budokampsport.se bes\u00f6kte Tehusets dag i s\u00f6ndags.<!--break--><\/strong><\/p>\n<p>Det var en v\u00e5rsol som fick m\u00e4nniskoansikten att le. Det var en v\u00e5rsol som fick hela staden att skina upp. V\u00e4gen ut mot Etnografiska Museet \u00e4r en av Stockholm mest tillgivna, roingivande och fashionabla strandpromenader.<\/p>\n<p><img decoding=\"async\" style=\"width: 125px; height: 125px; float: right;\" alt=\"\" src=\"\/sites\/default\/files\/tehuset_igen.jpg\">H\u00e4r blandas ambassadmilj\u00f6er med b\u00e5tlivet. Gr\u00f6nskan med stadslivet. Det \u00e4r en av huvudstadens kanske f\u00f6rn\u00e4msta milj\u00f6er att bevista.\u00a0<\/p>\n<p>Och bara ett stenkast ifr\u00e5n det som kallas diplomatstaden ligger Etnografiska Museet. Och lite i skymundan, g\u00f6mt i buskage och stora tr\u00e4d tr\u00e4der s\u00e5 Tehuset fram.<\/p>\n<p>En alldeles s\u00e4regen skapelse som inte bara ser \u00f6sterl\u00e4ndsk ut \u2013 det andas Japan.<\/p>\n<p><strong>Budouppvisningar<\/strong><br \/> \tUte i det gr\u00f6na runt museet har japanska kvinnor p\u00e5 sig kimonos. De har teceremonier och de ser otvivelaktigt stolta ut. I Tehuset p\u00e5g\u00e5r en st\u00f6rre teceremoni p\u00e5 japansk man\u00e9r. Det \u00e4r fullsatt till sista lilla utrymme.<\/p>\n<p>Nedanf\u00f6r museets uteservering, d\u00e4r solens str\u00e5lar lyser som mest, h\u00f6rs g\u00e4lla rop. Det \u00e4r aikidouppvisning. Gr\u00e4set har vuxit ut och bildar en mjuk matta d\u00e4r idrottare fr\u00e5n iyasaka aikidoklubb visar falltekniker.<\/p>\n<p>Det \u00e4r den m\u00e5ng\u00e5rige ut\u00f6varen Henrik Jakobsson som h\u00e5ller i uppvisningen. Han har tr\u00e4nat aikido i \u00f6ver 20 \u00e5r och ber\u00e4ttar att f\u00f6r honom \u00e4r aikido ett s\u00e4tt att vara medveten om sin omgivning, utan att f\u00f6r den skull g\u00e5 i konflikt med den.<\/p>\n<p>I m\u00e5nga andra avseenden kunde man kanske t\u00e4nka sig att lugna teceremonier i tr\u00e4dg\u00e5rdar i kombination med kampsport \u00e4r vida olika v\u00e4rldar. S\u00e5 \u00e4r emellertid inte synen inom japansk kultur \u2013 d\u00e4r ing\u00e5r det mesta i symbios och n\u00e4r aikidouppvisningen sker \u00e4r det ett m\u00e4rkbart kongenialt sken \u00f6ver hela dagen.<\/p>\n<p> \t<img decoding=\"async\" style=\"width: 435px; height: 325px;\" alt=\"\" src=\"\/sites\/default\/files\/tehuset.png\"><\/p>\n<p>Henrik Jakobsson s\u00e4ger att klubben har varit med under flera \u00e5r p\u00e5 Tehusets dag.<br \/> \t\u00a0\u00a0 &#8211; Det \u00e4r ett v\u00e4ldigt roligt arrangemang som inneh\u00e5ller v\u00e4ldigt mycket fr\u00e5n den japanska kulturen. Vi \u00e4r v\u00e4ldigt tacksamma \u00f6ver att f\u00e5 vara med. Det vi f\u00f6rs\u00f6ker visa h\u00e4r \u00e4r lite olika niv\u00e5er av aikido, vi f\u00f6rs\u00f6ker visa hur vi normalt tr\u00e4nar och ja, helt v\u00e5rt spektrum.<\/p>\n<p>\u00c4ven ju jutsu och iaido representerade budon under dagen, som erbj\u00f6d en oas mitt i den v\u00e5rrusande svenska huvudstaden.<\/p>\n<p> \tText och foto: Jonathan Broberg<\/p>\n","protected":false},"excerpt":{"rendered":"<p><strong><img decoding=\"async\" style=\"width: 200px; height: 149px; float: right;\" alt=\"\" src=\"\/sites\/default\/files\/tehuset_pa.png\">Det l\u00f6ftesrika ljusets boning. S\u00e5 heter det japanska tehuset vid Etnografiska Museet i Stockholm. Tehuset firas en g\u00e5ng om \u00e5ret under parollen Tehusets dag och d\u00e5 spirar b\u00e5de v\u00e5rgr\u00f6nskan och de japanska f\u00f6rnimmelserna i takt med varandra. Budokampsport.se bes\u00f6kte Tehusets dag i s\u00f6ndags.<\/p><br>","protected":false},"author":7,"featured_media":0,"comment_status":"closed","ping_status":"closed","sticky":false,"template":"","format":"standard","meta":{"_acf_changed":false,"footnotes":""},"categories":[1],"tags":[],"class_list":["post-4641","post","type-post","status-publish","format-standard","hentry","category-okategoriserade"],"acf":[],"yoast_head":"<!-- This site is optimized with the Yoast SEO plugin v26.8 - https:\/\/yoast.com\/product\/yoast-seo-wordpress\/ -->\n<title>Budoandan pr\u00e4glade tehusets dag i Stockholm - Svenska Budo &amp; Kampsportsf\u00f6rbundet<\/title>\n<meta name=\"description\" content=\"Det l\u00f6ftesrika ljusets boning. S\u00e5 heter det japanska tehuset vid Etnografiska Museet i Stockholm. Tehuset firas en g\u00e5ng om \u00e5ret under parollen Tehusets dag och d\u00e5 spirar b\u00e5de v\u00e5rgr\u00f6nskan och de japanska f\u00f6rnimmelserna i takt med varandra. Budokampsport.se bes\u00f6kte Tehusets dag i s\u00f6ndags.\" \/>\n<meta name=\"robots\" content=\"index, follow, max-snippet:-1, max-image-preview:large, max-video-preview:-1\" \/>\n<link rel=\"canonical\" href=\"https:\/\/www.budokampsport.se\/2013\/05\/14\/budoandan-praglade-tehusets-dag-i-stockholm\/\" \/>\n<meta property=\"og:locale\" content=\"sv_SE\" \/>\n<meta property=\"og:type\" content=\"article\" \/>\n<meta property=\"og:title\" content=\"Budoandan pr\u00e4glade tehusets dag i Stockholm - Svenska Budo &amp; Kampsportsf\u00f6rbundet\" \/>\n<meta property=\"og:description\" content=\"Det l\u00f6ftesrika ljusets boning. S\u00e5 heter det japanska tehuset vid Etnografiska Museet i Stockholm. Tehuset firas en g\u00e5ng om \u00e5ret under parollen Tehusets dag och d\u00e5 spirar b\u00e5de v\u00e5rgr\u00f6nskan och de japanska f\u00f6rnimmelserna i takt med varandra. Budokampsport.se bes\u00f6kte Tehusets dag i s\u00f6ndags.\" \/>\n<meta property=\"og:url\" content=\"https:\/\/www.budokampsport.se\/2013\/05\/14\/budoandan-praglade-tehusets-dag-i-stockholm\/\" \/>\n<meta property=\"og:site_name\" content=\"Svenska Budo &amp; Kampsportsf\u00f6rbundet\" \/>\n<meta property=\"article:author\" content=\"https:\/\/www.facebook.com\/jonathan.broberg.7\" \/>\n<meta property=\"article:published_time\" content=\"2013-05-14T05:07:40+00:00\" \/>\n<meta property=\"article:modified_time\" content=\"2016-12-06T21:36:00+00:00\" \/>\n<meta name=\"author\" content=\"Jonathan Broberg\" \/>\n<meta name=\"twitter:card\" content=\"summary_large_image\" \/>\n<meta name=\"twitter:label1\" content=\"Skriven av\" \/>\n\t<meta name=\"twitter:data1\" content=\"Jonathan Broberg\" \/>\n\t<meta name=\"twitter:label2\" content=\"Ber\u00e4knad l\u00e4stid\" \/>\n\t<meta name=\"twitter:data2\" content=\"2 minuter\" \/>\n<script type=\"application\/ld+json\" class=\"yoast-schema-graph\">{\"@context\":\"https:\/\/schema.org\",\"@graph\":[{\"@type\":\"Article\",\"@id\":\"https:\/\/www.budokampsport.se\/2013\/05\/14\/budoandan-praglade-tehusets-dag-i-stockholm\/#article\",\"isPartOf\":{\"@id\":\"https:\/\/www.budokampsport.se\/2013\/05\/14\/budoandan-praglade-tehusets-dag-i-stockholm\/\"},\"author\":{\"name\":\"Jonathan Broberg\",\"@id\":\"https:\/\/www.budokampsport.se\/#\/schema\/person\/5c06d81d14850e2a8ce5493386560145\"},\"headline\":\"Budoandan pr\u00e4glade tehusets dag i Stockholm\",\"datePublished\":\"2013-05-14T05:07:40+00:00\",\"dateModified\":\"2016-12-06T21:36:00+00:00\",\"mainEntityOfPage\":{\"@id\":\"https:\/\/www.budokampsport.se\/2013\/05\/14\/budoandan-praglade-tehusets-dag-i-stockholm\/\"},\"wordCount\":461,\"inLanguage\":\"sv-SE\"},{\"@type\":\"WebPage\",\"@id\":\"https:\/\/www.budokampsport.se\/2013\/05\/14\/budoandan-praglade-tehusets-dag-i-stockholm\/\",\"url\":\"https:\/\/www.budokampsport.se\/2013\/05\/14\/budoandan-praglade-tehusets-dag-i-stockholm\/\",\"name\":\"Budoandan pr\u00e4glade tehusets dag i Stockholm - Svenska Budo &amp; Kampsportsf\u00f6rbundet\",\"isPartOf\":{\"@id\":\"https:\/\/www.budokampsport.se\/#website\"},\"datePublished\":\"2013-05-14T05:07:40+00:00\",\"dateModified\":\"2016-12-06T21:36:00+00:00\",\"author\":{\"@id\":\"https:\/\/www.budokampsport.se\/#\/schema\/person\/5c06d81d14850e2a8ce5493386560145\"},\"description\":\"Det l\u00f6ftesrika ljusets boning. S\u00e5 heter det japanska tehuset vid Etnografiska Museet i Stockholm. Tehuset firas en g\u00e5ng om \u00e5ret under parollen Tehusets dag och d\u00e5 spirar b\u00e5de v\u00e5rgr\u00f6nskan och de japanska f\u00f6rnimmelserna i takt med varandra. Budokampsport.se bes\u00f6kte Tehusets dag i s\u00f6ndags.\",\"breadcrumb\":{\"@id\":\"https:\/\/www.budokampsport.se\/2013\/05\/14\/budoandan-praglade-tehusets-dag-i-stockholm\/#breadcrumb\"},\"inLanguage\":\"sv-SE\",\"potentialAction\":[{\"@type\":\"ReadAction\",\"target\":[\"https:\/\/www.budokampsport.se\/2013\/05\/14\/budoandan-praglade-tehusets-dag-i-stockholm\/\"]}]},{\"@type\":\"BreadcrumbList\",\"@id\":\"https:\/\/www.budokampsport.se\/2013\/05\/14\/budoandan-praglade-tehusets-dag-i-stockholm\/#breadcrumb\",\"itemListElement\":[{\"@type\":\"ListItem\",\"position\":1,\"name\":\"Hem\",\"item\":\"https:\/\/www.budokampsport.se\/\"},{\"@type\":\"ListItem\",\"position\":2,\"name\":\"Budoandan pr\u00e4glade tehusets dag i Stockholm\"}]},{\"@type\":\"WebSite\",\"@id\":\"https:\/\/www.budokampsport.se\/#website\",\"url\":\"https:\/\/www.budokampsport.se\/\",\"name\":\"Svenska Budo &amp; Kampsportsf\u00f6rbundet\",\"description\":\"T\u00e4vling, Tr\u00e4ning, Tradition\",\"potentialAction\":[{\"@type\":\"SearchAction\",\"target\":{\"@type\":\"EntryPoint\",\"urlTemplate\":\"https:\/\/www.budokampsport.se\/?s={search_term_string}\"},\"query-input\":{\"@type\":\"PropertyValueSpecification\",\"valueRequired\":true,\"valueName\":\"search_term_string\"}}],\"inLanguage\":\"sv-SE\"},{\"@type\":\"Person\",\"@id\":\"https:\/\/www.budokampsport.se\/#\/schema\/person\/5c06d81d14850e2a8ce5493386560145\",\"name\":\"Jonathan Broberg\",\"image\":{\"@type\":\"ImageObject\",\"inLanguage\":\"sv-SE\",\"@id\":\"https:\/\/www.budokampsport.se\/#\/schema\/person\/image\/\",\"url\":\"https:\/\/secure.gravatar.com\/avatar\/a58041c6cea9128bd9c40ee2f26d4136?s=96&d=blank&r=g\",\"contentUrl\":\"https:\/\/secure.gravatar.com\/avatar\/a58041c6cea9128bd9c40ee2f26d4136?s=96&d=blank&r=g\",\"caption\":\"Jonathan Broberg\"},\"sameAs\":[\"https:\/\/www.facebook.com\/jonathan.broberg.7\"],\"url\":\"https:\/\/www.budokampsport.se\/author\/jonathan\/\"}]}<\/script>\n<!-- \/ Yoast SEO plugin. -->","yoast_head_json":{"title":"Budoandan pr\u00e4glade tehusets dag i Stockholm - Svenska Budo &amp; Kampsportsf\u00f6rbundet","description":"Det l\u00f6ftesrika ljusets boning. S\u00e5 heter det japanska tehuset vid Etnografiska Museet i Stockholm. Tehuset firas en g\u00e5ng om \u00e5ret under parollen Tehusets dag och d\u00e5 spirar b\u00e5de v\u00e5rgr\u00f6nskan och de japanska f\u00f6rnimmelserna i takt med varandra. Budokampsport.se bes\u00f6kte Tehusets dag i s\u00f6ndags.","robots":{"index":"index","follow":"follow","max-snippet":"max-snippet:-1","max-image-preview":"max-image-preview:large","max-video-preview":"max-video-preview:-1"},"canonical":"https:\/\/www.budokampsport.se\/2013\/05\/14\/budoandan-praglade-tehusets-dag-i-stockholm\/","og_locale":"sv_SE","og_type":"article","og_title":"Budoandan pr\u00e4glade tehusets dag i Stockholm - Svenska Budo &amp; Kampsportsf\u00f6rbundet","og_description":"Det l\u00f6ftesrika ljusets boning. S\u00e5 heter det japanska tehuset vid Etnografiska Museet i Stockholm. Tehuset firas en g\u00e5ng om \u00e5ret under parollen Tehusets dag och d\u00e5 spirar b\u00e5de v\u00e5rgr\u00f6nskan och de japanska f\u00f6rnimmelserna i takt med varandra. Budokampsport.se bes\u00f6kte Tehusets dag i s\u00f6ndags.","og_url":"https:\/\/www.budokampsport.se\/2013\/05\/14\/budoandan-praglade-tehusets-dag-i-stockholm\/","og_site_name":"Svenska Budo &amp; Kampsportsf\u00f6rbundet","article_author":"https:\/\/www.facebook.com\/jonathan.broberg.7","article_published_time":"2013-05-14T05:07:40+00:00","article_modified_time":"2016-12-06T21:36:00+00:00","author":"Jonathan Broberg","twitter_card":"summary_large_image","twitter_misc":{"Skriven av":"Jonathan Broberg","Ber\u00e4knad l\u00e4stid":"2 minuter"},"schema":{"@context":"https:\/\/schema.org","@graph":[{"@type":"Article","@id":"https:\/\/www.budokampsport.se\/2013\/05\/14\/budoandan-praglade-tehusets-dag-i-stockholm\/#article","isPartOf":{"@id":"https:\/\/www.budokampsport.se\/2013\/05\/14\/budoandan-praglade-tehusets-dag-i-stockholm\/"},"author":{"name":"Jonathan Broberg","@id":"https:\/\/www.budokampsport.se\/#\/schema\/person\/5c06d81d14850e2a8ce5493386560145"},"headline":"Budoandan pr\u00e4glade tehusets dag i Stockholm","datePublished":"2013-05-14T05:07:40+00:00","dateModified":"2016-12-06T21:36:00+00:00","mainEntityOfPage":{"@id":"https:\/\/www.budokampsport.se\/2013\/05\/14\/budoandan-praglade-tehusets-dag-i-stockholm\/"},"wordCount":461,"inLanguage":"sv-SE"},{"@type":"WebPage","@id":"https:\/\/www.budokampsport.se\/2013\/05\/14\/budoandan-praglade-tehusets-dag-i-stockholm\/","url":"https:\/\/www.budokampsport.se\/2013\/05\/14\/budoandan-praglade-tehusets-dag-i-stockholm\/","name":"Budoandan pr\u00e4glade tehusets dag i Stockholm - Svenska Budo &amp; Kampsportsf\u00f6rbundet","isPartOf":{"@id":"https:\/\/www.budokampsport.se\/#website"},"datePublished":"2013-05-14T05:07:40+00:00","dateModified":"2016-12-06T21:36:00+00:00","author":{"@id":"https:\/\/www.budokampsport.se\/#\/schema\/person\/5c06d81d14850e2a8ce5493386560145"},"description":"Det l\u00f6ftesrika ljusets boning. S\u00e5 heter det japanska tehuset vid Etnografiska Museet i Stockholm. Tehuset firas en g\u00e5ng om \u00e5ret under parollen Tehusets dag och d\u00e5 spirar b\u00e5de v\u00e5rgr\u00f6nskan och de japanska f\u00f6rnimmelserna i takt med varandra. Budokampsport.se bes\u00f6kte Tehusets dag i s\u00f6ndags.","breadcrumb":{"@id":"https:\/\/www.budokampsport.se\/2013\/05\/14\/budoandan-praglade-tehusets-dag-i-stockholm\/#breadcrumb"},"inLanguage":"sv-SE","potentialAction":[{"@type":"ReadAction","target":["https:\/\/www.budokampsport.se\/2013\/05\/14\/budoandan-praglade-tehusets-dag-i-stockholm\/"]}]},{"@type":"BreadcrumbList","@id":"https:\/\/www.budokampsport.se\/2013\/05\/14\/budoandan-praglade-tehusets-dag-i-stockholm\/#breadcrumb","itemListElement":[{"@type":"ListItem","position":1,"name":"Hem","item":"https:\/\/www.budokampsport.se\/"},{"@type":"ListItem","position":2,"name":"Budoandan pr\u00e4glade tehusets dag i Stockholm"}]},{"@type":"WebSite","@id":"https:\/\/www.budokampsport.se\/#website","url":"https:\/\/www.budokampsport.se\/","name":"Svenska Budo &amp; Kampsportsf\u00f6rbundet","description":"T\u00e4vling, Tr\u00e4ning, Tradition","potentialAction":[{"@type":"SearchAction","target":{"@type":"EntryPoint","urlTemplate":"https:\/\/www.budokampsport.se\/?s={search_term_string}"},"query-input":{"@type":"PropertyValueSpecification","valueRequired":true,"valueName":"search_term_string"}}],"inLanguage":"sv-SE"},{"@type":"Person","@id":"https:\/\/www.budokampsport.se\/#\/schema\/person\/5c06d81d14850e2a8ce5493386560145","name":"Jonathan Broberg","image":{"@type":"ImageObject","inLanguage":"sv-SE","@id":"https:\/\/www.budokampsport.se\/#\/schema\/person\/image\/","url":"https:\/\/secure.gravatar.com\/avatar\/a58041c6cea9128bd9c40ee2f26d4136?s=96&d=blank&r=g","contentUrl":"https:\/\/secure.gravatar.com\/avatar\/a58041c6cea9128bd9c40ee2f26d4136?s=96&d=blank&r=g","caption":"Jonathan Broberg"},"sameAs":["https:\/\/www.facebook.com\/jonathan.broberg.7"],"url":"https:\/\/www.budokampsport.se\/author\/jonathan\/"}]}},"_links":{"self":[{"href":"https:\/\/www.budokampsport.se\/api\/wp\/v2\/posts\/4641","targetHints":{"allow":["GET"]}}],"collection":[{"href":"https:\/\/www.budokampsport.se\/api\/wp\/v2\/posts"}],"about":[{"href":"https:\/\/www.budokampsport.se\/api\/wp\/v2\/types\/post"}],"author":[{"embeddable":true,"href":"https:\/\/www.budokampsport.se\/api\/wp\/v2\/users\/7"}],"replies":[{"embeddable":true,"href":"https:\/\/www.budokampsport.se\/api\/wp\/v2\/comments?post=4641"}],"version-history":[{"count":0,"href":"https:\/\/www.budokampsport.se\/api\/wp\/v2\/posts\/4641\/revisions"}],"wp:attachment":[{"href":"https:\/\/www.budokampsport.se\/api\/wp\/v2\/media?parent=4641"}],"wp:term":[{"taxonomy":"category","embeddable":true,"href":"https:\/\/www.budokampsport.se\/api\/wp\/v2\/categories?post=4641"},{"taxonomy":"post_tag","embeddable":true,"href":"https:\/\/www.budokampsport.se\/api\/wp\/v2\/tags?post=4641"}],"curies":[{"name":"wp","href":"https:\/\/api.w.org\/{rel}","templated":true}]}}