{"id":4643,"date":"2013-05-15T14:00:58","date_gmt":"2013-05-15T12:00:58","guid":{"rendered":"http:\/\/budo.wordpress.dev\/2013\/05\/15\/martin-blad-blir-sveriges-forsta-capoeiraprofessor\/"},"modified":"2016-12-06T22:36:00","modified_gmt":"2016-12-06T21:36:00","slug":"martin-blad-blir-sveriges-forsta-capoeiraprofessor","status":"publish","type":"post","link":"https:\/\/www.budokampsport.se\/2013\/05\/15\/martin-blad-blir-sveriges-forsta-capoeiraprofessor\/","title":{"rendered":"Martin Blad blir Sveriges f\u00f6rsta capoeiraprofessor"},"content":{"rendered":"<p><strong><img decoding=\"async\" alt=\"\" src=\"\/sites\/default\/files\/martin_blad.jpg\" style=\"width: 435px; height: 290px;\"><\/strong><br \/> \t<strong>Den 25:e maj kommer g\u00f6teborgaren Martin Blad, som i mars hade uppvisning p\u00e5 Kampsportsgalan p\u00e5 Berns, att graderas till Sveriges f\u00f6rsta professor i capoeira. Blad, eller Instrutor L\u00e2mina, som capoeirav\u00e4rlden k\u00e4nner honom leder en klubb i Alings\u00e5s och har dedikerat 13 \u00e5r \u00e5t capoeirakulturen.<\/strong><br \/> \t<strong>\u00a0 \u00a0&#8211; Capoeira har l\u00e4rt mig hur jag kan hj\u00e4lpa andra att uppn\u00e5 saker de dr\u00f6mt om och \u00e4ven hur jag kan med capoeiran i kombination med mig sj\u00e4lv och min tro p\u00e5 det goda f\u00f6ra vidare de kunskaper jag erh\u00e5llit l\u00e4ngs v\u00e4gen. Jag har f\u00e5tt tr\u00e4na h\u00e5rt med dedikation och uppoffra m\u00e5nga saker f\u00f6r att n\u00e5 dit jag vill, men utan dem hade jag inte varit d\u00e4r jag \u00e4r idag och \u00e4r tacksam f\u00f6r att jag har f\u00e5tt g\u00f6ra dem, s\u00e4ger han i ett pressmeddelande.<\/strong><\/p>\n<p><!--break--><\/p>\n","protected":false},"excerpt":{"rendered":"<p><strong><img decoding=\"async\" alt=\"\" src=\"\/sites\/default\/files\/martin_blad.jpg\" style=\"width: 435px; height: 290px;\"><\/strong><br \/><br>\t<strong>Den 25:e maj kommer g\u00f6teborgaren Martin Blad, som i mars hade uppvisning p\u00e5 Kampsportsgalan p\u00e5 Berns, att graderas till Sveriges f\u00f6rsta professor i capoeira. Blad, eller Instrutor L\u00e2mina, som capoeirav\u00e4rlden k\u00e4nner honom leder en klubb i Alings\u00e5s och har dedikerat 13 \u00e5r \u00e5t capoeirakulturen.<\/strong><br \/><br>\t<strong>\u00a0 \u00a0&#8211; Capoeira har l\u00e4rt mig hur jag kan hj\u00e4lpa andra att uppn\u00e5 saker de dr\u00f6mt om och \u00e4ven hur jag kan med capoeiran i kombination med mig sj\u00e4lv och min tro p\u00e5 det goda f\u00f6ra vidare de kunskaper jag erh\u00e5llit l\u00e4ngs v\u00e4gen. Jag har f\u00e5tt tr\u00e4na h\u00e5rt med dedikation och uppoffra m\u00e5nga saker f\u00f6r att n\u00e5 dit jag vill, men utan dem hade jag inte varit d\u00e4r jag \u00e4r idag och \u00e4r tacksam f\u00f6r att jag har f\u00e5tt g\u00f6ra dem, s\u00e4ger han i ett pressmeddelande.<\/strong><\/p><br><p><br>","protected":false},"author":7,"featured_media":0,"comment_status":"closed","ping_status":"closed","sticky":false,"template":"","format":"standard","meta":{"_acf_changed":false,"footnotes":""},"categories":[1],"tags":[],"class_list":["post-4643","post","type-post","status-publish","format-standard","hentry","category-okategoriserade"],"acf":[],"yoast_head":"<!-- This site is optimized with the Yoast SEO plugin v26.8 - https:\/\/yoast.com\/product\/yoast-seo-wordpress\/ -->\n<title>Martin Blad blir Sveriges f\u00f6rsta capoeiraprofessor - Svenska Budo &amp; Kampsportsf\u00f6rbundet<\/title>\n<meta name=\"description\" content=\"Den 25:e maj kommer g\u00f6teborgaren Martin Blad, som i mars hade uppvisning p\u00e5 Kampsportsgalan p\u00e5 Berns, att graderas till Sveriges f\u00f6rsta professor i capoeira. Blad, eller Instrutor L\u00e2mina, som capoeirav\u00e4rlden k\u00e4nner honom leder en klubb i Alings\u00e5s och har dedikerat 13 \u00e5r \u00e5t capoeirakulturen. \u00a0 \u00a0- Capoeira har l\u00e4rt mig hur jag kan hj\u00e4lpa andra att uppn\u00e5 saker de dr\u00f6mt om och \u00e4ven hur jag kan med capoeiran i kombination med mig sj\u00e4lv och min tro p\u00e5 det goda f\u00f6ra vidare de kunskaper jag erh\u00e5llit l\u00e4ngs v\u00e4gen. Jag har f\u00e5tt tr\u00e4na h\u00e5rt med dedikation och uppoffra m\u00e5nga saker f\u00f6r att n\u00e5 dit jag vill, men utan dem hade jag inte varit d\u00e4r jag \u00e4r idag och \u00e4r tacksam f\u00f6r att jag har f\u00e5tt g\u00f6ra dem, s\u00e4ger han i ett pressmeddelande.\" \/>\n<meta name=\"robots\" content=\"index, follow, max-snippet:-1, max-image-preview:large, max-video-preview:-1\" \/>\n<link rel=\"canonical\" href=\"https:\/\/www.budokampsport.se\/2013\/05\/15\/martin-blad-blir-sveriges-forsta-capoeiraprofessor\/\" \/>\n<meta property=\"og:locale\" content=\"sv_SE\" \/>\n<meta property=\"og:type\" content=\"article\" \/>\n<meta property=\"og:title\" content=\"Martin Blad blir Sveriges f\u00f6rsta capoeiraprofessor - Svenska Budo &amp; Kampsportsf\u00f6rbundet\" \/>\n<meta property=\"og:description\" content=\"Den 25:e maj kommer g\u00f6teborgaren Martin Blad, som i mars hade uppvisning p\u00e5 Kampsportsgalan p\u00e5 Berns, att graderas till Sveriges f\u00f6rsta professor i capoeira. Blad, eller Instrutor L\u00e2mina, som capoeirav\u00e4rlden k\u00e4nner honom leder en klubb i Alings\u00e5s och har dedikerat 13 \u00e5r \u00e5t capoeirakulturen. \u00a0 \u00a0- Capoeira har l\u00e4rt mig hur jag kan hj\u00e4lpa andra att uppn\u00e5 saker de dr\u00f6mt om och \u00e4ven hur jag kan med capoeiran i kombination med mig sj\u00e4lv och min tro p\u00e5 det goda f\u00f6ra vidare de kunskaper jag erh\u00e5llit l\u00e4ngs v\u00e4gen. Jag har f\u00e5tt tr\u00e4na h\u00e5rt med dedikation och uppoffra m\u00e5nga saker f\u00f6r att n\u00e5 dit jag vill, men utan dem hade jag inte varit d\u00e4r jag \u00e4r idag och \u00e4r tacksam f\u00f6r att jag har f\u00e5tt g\u00f6ra dem, s\u00e4ger han i ett pressmeddelande.\" \/>\n<meta property=\"og:url\" content=\"https:\/\/www.budokampsport.se\/2013\/05\/15\/martin-blad-blir-sveriges-forsta-capoeiraprofessor\/\" \/>\n<meta property=\"og:site_name\" content=\"Svenska Budo &amp; Kampsportsf\u00f6rbundet\" \/>\n<meta property=\"article:author\" content=\"https:\/\/www.facebook.com\/jonathan.broberg.7\" \/>\n<meta property=\"article:published_time\" content=\"2013-05-15T12:00:58+00:00\" \/>\n<meta property=\"article:modified_time\" content=\"2016-12-06T21:36:00+00:00\" \/>\n<meta name=\"author\" content=\"Jonathan Broberg\" \/>\n<meta name=\"twitter:card\" content=\"summary_large_image\" \/>\n<meta name=\"twitter:label1\" content=\"Skriven av\" \/>\n\t<meta name=\"twitter:data1\" content=\"Jonathan Broberg\" \/>\n\t<meta name=\"twitter:label2\" content=\"Ber\u00e4knad l\u00e4stid\" \/>\n\t<meta name=\"twitter:data2\" content=\"1 minut\" \/>\n<script type=\"application\/ld+json\" class=\"yoast-schema-graph\">{\"@context\":\"https:\/\/schema.org\",\"@graph\":[{\"@type\":\"Article\",\"@id\":\"https:\/\/www.budokampsport.se\/2013\/05\/15\/martin-blad-blir-sveriges-forsta-capoeiraprofessor\/#article\",\"isPartOf\":{\"@id\":\"https:\/\/www.budokampsport.se\/2013\/05\/15\/martin-blad-blir-sveriges-forsta-capoeiraprofessor\/\"},\"author\":{\"name\":\"Jonathan Broberg\",\"@id\":\"https:\/\/www.budokampsport.se\/#\/schema\/person\/5c06d81d14850e2a8ce5493386560145\"},\"headline\":\"Martin Blad blir Sveriges f\u00f6rsta capoeiraprofessor\",\"datePublished\":\"2013-05-15T12:00:58+00:00\",\"dateModified\":\"2016-12-06T21:36:00+00:00\",\"mainEntityOfPage\":{\"@id\":\"https:\/\/www.budokampsport.se\/2013\/05\/15\/martin-blad-blir-sveriges-forsta-capoeiraprofessor\/\"},\"wordCount\":159,\"inLanguage\":\"sv-SE\"},{\"@type\":\"WebPage\",\"@id\":\"https:\/\/www.budokampsport.se\/2013\/05\/15\/martin-blad-blir-sveriges-forsta-capoeiraprofessor\/\",\"url\":\"https:\/\/www.budokampsport.se\/2013\/05\/15\/martin-blad-blir-sveriges-forsta-capoeiraprofessor\/\",\"name\":\"Martin Blad blir Sveriges f\u00f6rsta capoeiraprofessor - Svenska Budo &amp; Kampsportsf\u00f6rbundet\",\"isPartOf\":{\"@id\":\"https:\/\/www.budokampsport.se\/#website\"},\"datePublished\":\"2013-05-15T12:00:58+00:00\",\"dateModified\":\"2016-12-06T21:36:00+00:00\",\"author\":{\"@id\":\"https:\/\/www.budokampsport.se\/#\/schema\/person\/5c06d81d14850e2a8ce5493386560145\"},\"description\":\"Den 25:e maj kommer g\u00f6teborgaren Martin Blad, som i mars hade uppvisning p\u00e5 Kampsportsgalan p\u00e5 Berns, att graderas till Sveriges f\u00f6rsta professor i capoeira. Blad, eller Instrutor L\u00e2mina, som capoeirav\u00e4rlden k\u00e4nner honom leder en klubb i Alings\u00e5s och har dedikerat 13 \u00e5r \u00e5t capoeirakulturen. \u00a0 \u00a0- Capoeira har l\u00e4rt mig hur jag kan hj\u00e4lpa andra att uppn\u00e5 saker de dr\u00f6mt om och \u00e4ven hur jag kan med capoeiran i kombination med mig sj\u00e4lv och min tro p\u00e5 det goda f\u00f6ra vidare de kunskaper jag erh\u00e5llit l\u00e4ngs v\u00e4gen. Jag har f\u00e5tt tr\u00e4na h\u00e5rt med dedikation och uppoffra m\u00e5nga saker f\u00f6r att n\u00e5 dit jag vill, men utan dem hade jag inte varit d\u00e4r jag \u00e4r idag och \u00e4r tacksam f\u00f6r att jag har f\u00e5tt g\u00f6ra dem, s\u00e4ger han i ett pressmeddelande.\",\"breadcrumb\":{\"@id\":\"https:\/\/www.budokampsport.se\/2013\/05\/15\/martin-blad-blir-sveriges-forsta-capoeiraprofessor\/#breadcrumb\"},\"inLanguage\":\"sv-SE\",\"potentialAction\":[{\"@type\":\"ReadAction\",\"target\":[\"https:\/\/www.budokampsport.se\/2013\/05\/15\/martin-blad-blir-sveriges-forsta-capoeiraprofessor\/\"]}]},{\"@type\":\"BreadcrumbList\",\"@id\":\"https:\/\/www.budokampsport.se\/2013\/05\/15\/martin-blad-blir-sveriges-forsta-capoeiraprofessor\/#breadcrumb\",\"itemListElement\":[{\"@type\":\"ListItem\",\"position\":1,\"name\":\"Hem\",\"item\":\"https:\/\/www.budokampsport.se\/\"},{\"@type\":\"ListItem\",\"position\":2,\"name\":\"Martin Blad blir Sveriges f\u00f6rsta capoeiraprofessor\"}]},{\"@type\":\"WebSite\",\"@id\":\"https:\/\/www.budokampsport.se\/#website\",\"url\":\"https:\/\/www.budokampsport.se\/\",\"name\":\"Svenska Budo &amp; Kampsportsf\u00f6rbundet\",\"description\":\"T\u00e4vling, Tr\u00e4ning, Tradition\",\"potentialAction\":[{\"@type\":\"SearchAction\",\"target\":{\"@type\":\"EntryPoint\",\"urlTemplate\":\"https:\/\/www.budokampsport.se\/?s={search_term_string}\"},\"query-input\":{\"@type\":\"PropertyValueSpecification\",\"valueRequired\":true,\"valueName\":\"search_term_string\"}}],\"inLanguage\":\"sv-SE\"},{\"@type\":\"Person\",\"@id\":\"https:\/\/www.budokampsport.se\/#\/schema\/person\/5c06d81d14850e2a8ce5493386560145\",\"name\":\"Jonathan Broberg\",\"image\":{\"@type\":\"ImageObject\",\"inLanguage\":\"sv-SE\",\"@id\":\"https:\/\/www.budokampsport.se\/#\/schema\/person\/image\/\",\"url\":\"https:\/\/secure.gravatar.com\/avatar\/a58041c6cea9128bd9c40ee2f26d4136?s=96&d=blank&r=g\",\"contentUrl\":\"https:\/\/secure.gravatar.com\/avatar\/a58041c6cea9128bd9c40ee2f26d4136?s=96&d=blank&r=g\",\"caption\":\"Jonathan Broberg\"},\"sameAs\":[\"https:\/\/www.facebook.com\/jonathan.broberg.7\"],\"url\":\"https:\/\/www.budokampsport.se\/author\/jonathan\/\"}]}<\/script>\n<!-- \/ Yoast SEO plugin. -->","yoast_head_json":{"title":"Martin Blad blir Sveriges f\u00f6rsta capoeiraprofessor - Svenska Budo &amp; Kampsportsf\u00f6rbundet","description":"Den 25:e maj kommer g\u00f6teborgaren Martin Blad, som i mars hade uppvisning p\u00e5 Kampsportsgalan p\u00e5 Berns, att graderas till Sveriges f\u00f6rsta professor i capoeira. Blad, eller Instrutor L\u00e2mina, som capoeirav\u00e4rlden k\u00e4nner honom leder en klubb i Alings\u00e5s och har dedikerat 13 \u00e5r \u00e5t capoeirakulturen. \u00a0 \u00a0- Capoeira har l\u00e4rt mig hur jag kan hj\u00e4lpa andra att uppn\u00e5 saker de dr\u00f6mt om och \u00e4ven hur jag kan med capoeiran i kombination med mig sj\u00e4lv och min tro p\u00e5 det goda f\u00f6ra vidare de kunskaper jag erh\u00e5llit l\u00e4ngs v\u00e4gen. Jag har f\u00e5tt tr\u00e4na h\u00e5rt med dedikation och uppoffra m\u00e5nga saker f\u00f6r att n\u00e5 dit jag vill, men utan dem hade jag inte varit d\u00e4r jag \u00e4r idag och \u00e4r tacksam f\u00f6r att jag har f\u00e5tt g\u00f6ra dem, s\u00e4ger han i ett pressmeddelande.","robots":{"index":"index","follow":"follow","max-snippet":"max-snippet:-1","max-image-preview":"max-image-preview:large","max-video-preview":"max-video-preview:-1"},"canonical":"https:\/\/www.budokampsport.se\/2013\/05\/15\/martin-blad-blir-sveriges-forsta-capoeiraprofessor\/","og_locale":"sv_SE","og_type":"article","og_title":"Martin Blad blir Sveriges f\u00f6rsta capoeiraprofessor - Svenska Budo &amp; Kampsportsf\u00f6rbundet","og_description":"Den 25:e maj kommer g\u00f6teborgaren Martin Blad, som i mars hade uppvisning p\u00e5 Kampsportsgalan p\u00e5 Berns, att graderas till Sveriges f\u00f6rsta professor i capoeira. Blad, eller Instrutor L\u00e2mina, som capoeirav\u00e4rlden k\u00e4nner honom leder en klubb i Alings\u00e5s och har dedikerat 13 \u00e5r \u00e5t capoeirakulturen. \u00a0 \u00a0- Capoeira har l\u00e4rt mig hur jag kan hj\u00e4lpa andra att uppn\u00e5 saker de dr\u00f6mt om och \u00e4ven hur jag kan med capoeiran i kombination med mig sj\u00e4lv och min tro p\u00e5 det goda f\u00f6ra vidare de kunskaper jag erh\u00e5llit l\u00e4ngs v\u00e4gen. Jag har f\u00e5tt tr\u00e4na h\u00e5rt med dedikation och uppoffra m\u00e5nga saker f\u00f6r att n\u00e5 dit jag vill, men utan dem hade jag inte varit d\u00e4r jag \u00e4r idag och \u00e4r tacksam f\u00f6r att jag har f\u00e5tt g\u00f6ra dem, s\u00e4ger han i ett pressmeddelande.","og_url":"https:\/\/www.budokampsport.se\/2013\/05\/15\/martin-blad-blir-sveriges-forsta-capoeiraprofessor\/","og_site_name":"Svenska Budo &amp; Kampsportsf\u00f6rbundet","article_author":"https:\/\/www.facebook.com\/jonathan.broberg.7","article_published_time":"2013-05-15T12:00:58+00:00","article_modified_time":"2016-12-06T21:36:00+00:00","author":"Jonathan Broberg","twitter_card":"summary_large_image","twitter_misc":{"Skriven av":"Jonathan Broberg","Ber\u00e4knad l\u00e4stid":"1 minut"},"schema":{"@context":"https:\/\/schema.org","@graph":[{"@type":"Article","@id":"https:\/\/www.budokampsport.se\/2013\/05\/15\/martin-blad-blir-sveriges-forsta-capoeiraprofessor\/#article","isPartOf":{"@id":"https:\/\/www.budokampsport.se\/2013\/05\/15\/martin-blad-blir-sveriges-forsta-capoeiraprofessor\/"},"author":{"name":"Jonathan Broberg","@id":"https:\/\/www.budokampsport.se\/#\/schema\/person\/5c06d81d14850e2a8ce5493386560145"},"headline":"Martin Blad blir Sveriges f\u00f6rsta capoeiraprofessor","datePublished":"2013-05-15T12:00:58+00:00","dateModified":"2016-12-06T21:36:00+00:00","mainEntityOfPage":{"@id":"https:\/\/www.budokampsport.se\/2013\/05\/15\/martin-blad-blir-sveriges-forsta-capoeiraprofessor\/"},"wordCount":159,"inLanguage":"sv-SE"},{"@type":"WebPage","@id":"https:\/\/www.budokampsport.se\/2013\/05\/15\/martin-blad-blir-sveriges-forsta-capoeiraprofessor\/","url":"https:\/\/www.budokampsport.se\/2013\/05\/15\/martin-blad-blir-sveriges-forsta-capoeiraprofessor\/","name":"Martin Blad blir Sveriges f\u00f6rsta capoeiraprofessor - Svenska Budo &amp; Kampsportsf\u00f6rbundet","isPartOf":{"@id":"https:\/\/www.budokampsport.se\/#website"},"datePublished":"2013-05-15T12:00:58+00:00","dateModified":"2016-12-06T21:36:00+00:00","author":{"@id":"https:\/\/www.budokampsport.se\/#\/schema\/person\/5c06d81d14850e2a8ce5493386560145"},"description":"Den 25:e maj kommer g\u00f6teborgaren Martin Blad, som i mars hade uppvisning p\u00e5 Kampsportsgalan p\u00e5 Berns, att graderas till Sveriges f\u00f6rsta professor i capoeira. Blad, eller Instrutor L\u00e2mina, som capoeirav\u00e4rlden k\u00e4nner honom leder en klubb i Alings\u00e5s och har dedikerat 13 \u00e5r \u00e5t capoeirakulturen. \u00a0 \u00a0- Capoeira har l\u00e4rt mig hur jag kan hj\u00e4lpa andra att uppn\u00e5 saker de dr\u00f6mt om och \u00e4ven hur jag kan med capoeiran i kombination med mig sj\u00e4lv och min tro p\u00e5 det goda f\u00f6ra vidare de kunskaper jag erh\u00e5llit l\u00e4ngs v\u00e4gen. Jag har f\u00e5tt tr\u00e4na h\u00e5rt med dedikation och uppoffra m\u00e5nga saker f\u00f6r att n\u00e5 dit jag vill, men utan dem hade jag inte varit d\u00e4r jag \u00e4r idag och \u00e4r tacksam f\u00f6r att jag har f\u00e5tt g\u00f6ra dem, s\u00e4ger han i ett pressmeddelande.","breadcrumb":{"@id":"https:\/\/www.budokampsport.se\/2013\/05\/15\/martin-blad-blir-sveriges-forsta-capoeiraprofessor\/#breadcrumb"},"inLanguage":"sv-SE","potentialAction":[{"@type":"ReadAction","target":["https:\/\/www.budokampsport.se\/2013\/05\/15\/martin-blad-blir-sveriges-forsta-capoeiraprofessor\/"]}]},{"@type":"BreadcrumbList","@id":"https:\/\/www.budokampsport.se\/2013\/05\/15\/martin-blad-blir-sveriges-forsta-capoeiraprofessor\/#breadcrumb","itemListElement":[{"@type":"ListItem","position":1,"name":"Hem","item":"https:\/\/www.budokampsport.se\/"},{"@type":"ListItem","position":2,"name":"Martin Blad blir Sveriges f\u00f6rsta capoeiraprofessor"}]},{"@type":"WebSite","@id":"https:\/\/www.budokampsport.se\/#website","url":"https:\/\/www.budokampsport.se\/","name":"Svenska Budo &amp; Kampsportsf\u00f6rbundet","description":"T\u00e4vling, Tr\u00e4ning, Tradition","potentialAction":[{"@type":"SearchAction","target":{"@type":"EntryPoint","urlTemplate":"https:\/\/www.budokampsport.se\/?s={search_term_string}"},"query-input":{"@type":"PropertyValueSpecification","valueRequired":true,"valueName":"search_term_string"}}],"inLanguage":"sv-SE"},{"@type":"Person","@id":"https:\/\/www.budokampsport.se\/#\/schema\/person\/5c06d81d14850e2a8ce5493386560145","name":"Jonathan Broberg","image":{"@type":"ImageObject","inLanguage":"sv-SE","@id":"https:\/\/www.budokampsport.se\/#\/schema\/person\/image\/","url":"https:\/\/secure.gravatar.com\/avatar\/a58041c6cea9128bd9c40ee2f26d4136?s=96&d=blank&r=g","contentUrl":"https:\/\/secure.gravatar.com\/avatar\/a58041c6cea9128bd9c40ee2f26d4136?s=96&d=blank&r=g","caption":"Jonathan Broberg"},"sameAs":["https:\/\/www.facebook.com\/jonathan.broberg.7"],"url":"https:\/\/www.budokampsport.se\/author\/jonathan\/"}]}},"_links":{"self":[{"href":"https:\/\/www.budokampsport.se\/api\/wp\/v2\/posts\/4643","targetHints":{"allow":["GET"]}}],"collection":[{"href":"https:\/\/www.budokampsport.se\/api\/wp\/v2\/posts"}],"about":[{"href":"https:\/\/www.budokampsport.se\/api\/wp\/v2\/types\/post"}],"author":[{"embeddable":true,"href":"https:\/\/www.budokampsport.se\/api\/wp\/v2\/users\/7"}],"replies":[{"embeddable":true,"href":"https:\/\/www.budokampsport.se\/api\/wp\/v2\/comments?post=4643"}],"version-history":[{"count":0,"href":"https:\/\/www.budokampsport.se\/api\/wp\/v2\/posts\/4643\/revisions"}],"wp:attachment":[{"href":"https:\/\/www.budokampsport.se\/api\/wp\/v2\/media?parent=4643"}],"wp:term":[{"taxonomy":"category","embeddable":true,"href":"https:\/\/www.budokampsport.se\/api\/wp\/v2\/categories?post=4643"},{"taxonomy":"post_tag","embeddable":true,"href":"https:\/\/www.budokampsport.se\/api\/wp\/v2\/tags?post=4643"}],"curies":[{"name":"wp","href":"https:\/\/api.w.org\/{rel}","templated":true}]}}