{"id":4645,"date":"2013-05-17T13:31:51","date_gmt":"2013-05-17T11:31:51","guid":{"rendered":"http:\/\/budo.wordpress.dev\/2013\/05\/17\/kampsportens-hyllningar-till-totto-mastarnas-mastare\/"},"modified":"2016-12-06T22:36:00","modified_gmt":"2016-12-06T21:36:00","slug":"kampsportens-hyllningar-till-totto-mastarnas-mastare","status":"publish","type":"post","link":"https:\/\/www.budokampsport.se\/2013\/05\/17\/kampsportens-hyllningar-till-totto-mastarnas-mastare\/","title":{"rendered":"Kampsportens hyllningar till \u201dTotto\u201d \u2013 \u201dM\u00e4starnas m\u00e4stare\u201d"},"content":{"rendered":"<p><strong><img decoding=\"async\" alt=\"\" src=\"\/sites\/default\/files\/totto_igen.png\" style=\"width: 125px; height: 70px; float: right;\">N\u00e4r Thomas \u201dTotto\u201d Heiderup vann sitt 24:e raka SM-guld f\u00f6rra helgen f\u00f6rkunnade det ocks\u00e5 att han skrivit svensk idrottshistoria. Ingen n\u00e5gonsin har vunnit fler raka SM-titlar. Och nu kommer hyllningarna.<\/strong><\/p>\n<p><!--break--><strong>Thabo Motsieloa, kampsportsprofil och klubbledare<\/strong><br \/> \t<em>\u201dF\u00f6r Sveriges meste m\u00e4stare i kickboxning Thomas Totto Heiderup kan till devisen \u201dFighters never quit\u201d \u2013 \u201dChampions refuse to loose\u201d adderas. Hatten av f\u00f6r gubben som fortfarande ger ungdomar \u201dA good run for their money\u201d i ringen.&#8221;<\/em><\/p>\n<p> \t<strong>Therese Gunnarsson, svensk v\u00e4rldsstj\u00e4rna i kickboxning<\/strong><br \/> \t<em>\u201dImponerade att han h\u00e5ller i efter alla \u00e5r. Bra att han g\u00f6r s\u00e5 att kickboxningen uppm\u00e4rksammas mer!\u201d<\/em><\/p>\n<p> \t<strong>Caroline Ek, f\u00f6re detta v\u00e4rldsm\u00e4starinna i kickboxning (uppt\u00e4cktes av \u201dTotto\u201d)<\/strong><br \/> \t<em>\u201dJag tycker prestationen i sig \u00e4r helt otrolig. Det \u00e4r f\u00e5 ut\u00f6vare, uppenbarligen ingen annan hittills, som lyckas h\u00e5lla sig p\u00e5 en s\u00e5dan niv\u00e5 \u00e5r ut och \u00e5r in, b\u00e5de fysiskt och mentalt. Men l\u00e4gg d\u00e4rtill ocks\u00e5 att han vid sidan om dessa prestationer driver en egen klubb och brinner lika mycket f\u00f6r motion\u00e4rerna som alla de v\u00e4rldsm\u00e4stare han har f\u00e5tt fram. Ut\u00f6ver det har han ett heltidsjobb, fru och tre barn. Och \u00e4nd\u00e5 m\u00f6ts man alltid av ett brett leende n\u00e4r man tr\u00e4ffar Totto, redo att sl\u00e5 musten ur en.\u201d<\/em><\/p>\n<p> \t<strong>Mona Lundkvist, generalsekreterare SB&#038;K<\/strong><br \/> \t<em>\u201dTotto \u00e4r en helt fantastisk idrottare och en v\u00e4ldigt fin person. Han sprider alltid v\u00e4rme om sig och \u00e4r en stor inspirationsk\u00e4lla.\u201d<\/em><\/p>\n<p> \t<strong>Bj\u00f6rn Kj\u00f6llerstr\u00f6m, f\u00f6re detta kickboxare i v\u00e4rldsklass med elva raka SM-guld i bagaget<\/strong><br \/> \t<em>\u201dTotto har en fruktansv\u00e4rt imponerande meritlista. Att vinna SM varje \u00e5r 24 \u00e5r p\u00e5 raken i en sport som kr\u00e4ver teknik, uth\u00e5llighet och snabbhet \u00e4r obegripligt. M\u00e5nga ut\u00f6vare kommer med citatet \u201djag har inte fattat det \u00e4n\u201d n\u00e4r dom har vunnit SM. Om Totto faktiskt inser vad han har presterat vet han bara sj\u00e4lv.\u201d<\/em><\/p>\n<p> \t<strong>Karin Edenius, v\u00e4rldsm\u00e4starinna i kickboxning light kontakt<\/strong><br \/> \t<em>&#8220;Totto har varit en kickboxningsikon s\u00e5 l\u00e4nge jag kan minnas och har alltid varit lite av en mentor f\u00f6r oss &#8220;ungdomar&#8221; n\u00e4r vi varit p\u00e5 EM och VM. Vet ingen som kan vara s\u00e5 lugn och avslappnad (l\u00e4s sovande) p\u00e5 dessa stora m\u00e4sterskap som Totto. Ut\u00f6ver sina nationella meriter har han ju en imponerande samling internationella medaljer och \u00e4r v\u00e4lk\u00e4nd p\u00e5 EM\/VM-arenorna. Totto \u00e4r den enda jag k\u00e4nner som ofta laddar upp inf\u00f6r match med godis, sover p\u00e5 arenan \u00e4nda fram till matchen och v\u00e4rmer upp s\u00e5 lite som m\u00f6jligt men \u00e4nd\u00e5 med l\u00e4tthet vinner det mesta han st\u00e4ller upp i. Hans rutin, imponerande avslappnade mentala inst\u00e4llning till press och nervositet samt hans fantastiska personlighet g\u00f6r att han i mina \u00f6gon alltid kommer att vara Sveriges b\u00e4sta kickboxare.&#8221;<\/em><\/p>\n<p> \t<strong>Rickard Nordstrand, kampsportslegend och f\u00f6re detta regerande v\u00e4rldsm\u00e4stare i thaiboxning<\/strong><br \/> \t<em>\u201dJa, vi Blekingebor \u00e4r helt enkelt ett annat virke. Stort imponerad att han orkar h\u00e5lla sig p\u00e5 den niv\u00e5n. Men 25:e SM-guldet blir v\u00e4l i veteranklassen\u2026 \ud83d\ude09<\/em><\/p>\n<p> \t<strong>Simon K\u00f6lle, chefredakt\u00f6r p\u00e5 Fightplay.tv<\/strong><br \/> \t<em>\u201dEn fantastisk bedrift. En bragd verkligen!\u201d<\/em><\/p>\n<p> \t<strong>Bj\u00f6rn Rhodin, vice ordf\u00f6rande i Svenska Kickboxningsf\u00f6rbundet<\/strong><br \/> \t<em>\u201dVar det n\u00e5gon som skulle ta det rekordet var det Totto. Han \u00e4r en institution inom kickboxning.\u201d<\/em><\/p>\n<p> \t<strong>Kent Hansson, f\u00f6re detta sportchef p\u00e5 Kv\u00e4llsposten och kr\u00f6nik\u00f6r p\u00e5 budokampsport.se<\/strong><br \/> \t<em>&#8220;Jag \u00e4r grymt imponerad. Sv\u00e5rt fatta att man kan h\u00e5lla l\u00e5gan brinnande s\u00e5 l\u00e4nge. F\u00f6r mig \u00e4r han M\u00e4starnas M\u00e4stare.\u201d<\/em><\/p>\n<p> \t<strong>Jennifer \u00d6sterlin, EM- och VM-guld i thaiboxning samt flerfaldig svensk m\u00e4starinna<\/strong><br \/> \t<em>\u201dHelt fantastiskt! Det \u00e4r en bedrift p\u00e5 s\u00e5 m\u00e5nga plan&#8230; Dedikationen, ih\u00e4rdigheten. Att orka forts\u00e4tta \u00e5r efter \u00e5r. Ladda om och prestera lika fantastiskt varje \u00e5r! Imponerande!\u201d<\/em><\/p>\n<p> \t<strong>Stefan Stenudd, ordf\u00f6rande SB&#038;K<\/strong><br \/> \t<em>&#8220;En enast\u00e5ende bedrift som saknar motstycke. Det \u00e4r ett bevis p\u00e5 att v\u00e5ra idrotter kan man h\u00e5lla p\u00e5 l\u00e4nge \u2013 och vara framg\u00e5ngsrik l\u00e4nge. Det \u00e4r en rikedom vi har. Men 24 raka SM-guld, hur orkar han h\u00e5lla p\u00e5, undrar man ju\u2026 Fantastiskt!\u201d<\/em><\/p>\n<p> \t<strong>Martin Johansson, grundare och chefredakt\u00f6r p\u00e5 MMA-nytt.se<\/strong><br \/> \t<em>&#8220;Imponerande! Att han tagit 24 SM-guld utan att det uppm\u00e4rksammats mer \u00e4r lite av en skandal. Men med den erfarenheten hoppas jag att han kan ta med erfarenheten internationellt, sl\u00e5 igenom och s\u00e4tta Sverige p\u00e5 kartan som en av de b\u00e4sta kampsportsl\u00e4nderna.&#8221;<\/em><\/p>\n<p> \t<strong>Jesper Waldest\u00e5l, v\u00e4rldsstj\u00e4rna i jodo och iaido<\/strong><br \/> \t<em>\u201dDet \u00e4r v\u00e4l klart att det \u00e4r en kampsportare som \u00e4r Sveriges b\u00e4sta idrottare?\u201d<\/em><\/p>\n<p> \t<strong>Nils Widlund, kampsportsstj\u00e4rna<\/strong><br \/> \t<em>&#8220;Det \u00e4r helt otroligt att vinna s\u00e5 m\u00e5nga SM och h\u00e5lla sig motiverad och vara p\u00e5 topp under mer \u00e4n tv\u00e5 decennier i streck! Jag har ocks\u00e5 f\u00e5tt \u00e4ran att fightas mot honom i K-1 i Malm\u00f6 2009! Hatten av f\u00f6r Totto<\/em>.&#8221;<\/p>\n<p> \t<strong>Mikael B\u00e4ckstr\u00f6m, m\u00e5ng\u00e5rig landslagskamrat med Totto och f\u00f6re detta v\u00e4rldsm\u00e4stare<\/strong><br \/> \t<em>\u201dBedriften i sig \u00e4r obegriplig. Men vi som varit n\u00e4ra har \u00e4nd\u00e5 sett hur sv\u00e5rt det \u00e4r att besegra honom. Det som skiljer Totto fr\u00e5n andra \u00e4r hans blick f\u00f6r motst\u00e5ndarnas svagheter, och dessutom har han fysiken att kunna utnyttja dessa. Vi bara oense om en sak och det \u00e4r att Totto n\u00e4stan aldrig v\u00e4rmer upp ordentligt \u00a0och d\u00e4rf\u00f6r har han v\u00e4l aldrig gjort en bra f\u00f6rstarond. Sedan kan jag v\u00e4l s\u00e4ga att vi (Karen som f\u00f6rlorade SM-finalen tr\u00e4nas numera av Mikael B\u00e4ckstr\u00f6m) inte \u00e4r s\u00e5 sugna p\u00e5 att det ska bli ett 25:e guld f\u00f6r Totto.\u201d (skratt)<\/em><\/p>\n<p> \tText: Jonathan Broberg<\/p>\n","protected":false},"excerpt":{"rendered":"<p><strong><img decoding=\"async\" alt=\"\" src=\"\/sites\/default\/files\/totto_igen.png\" style=\"width: 125px; height: 70px; float: right;\">N\u00e4r Thomas \u201dTotto\u201d Heiderup vann sitt 24:e raka SM-guld f\u00f6rra helgen f\u00f6rkunnade det ocks\u00e5 att han skrivit svensk idrottshistoria. Ingen n\u00e5gonsin har vunnit fler raka SM-titlar. Och nu kommer hyllningarna.<\/strong><\/p><br><p><br>","protected":false},"author":7,"featured_media":0,"comment_status":"closed","ping_status":"closed","sticky":false,"template":"","format":"standard","meta":{"_acf_changed":false,"footnotes":""},"categories":[1],"tags":[],"class_list":["post-4645","post","type-post","status-publish","format-standard","hentry","category-okategoriserade"],"acf":[],"yoast_head":"<!-- This site is optimized with the Yoast SEO plugin v26.8 - https:\/\/yoast.com\/product\/yoast-seo-wordpress\/ -->\n<title>Kampsportens hyllningar till \u201dTotto\u201d \u2013 \u201dM\u00e4starnas m\u00e4stare\u201d - Svenska Budo &amp; Kampsportsf\u00f6rbundet<\/title>\n<meta name=\"description\" content=\"N\u00e4r Thomas \u201dTotto\u201d Heiderup vann sitt 24:e raka SM-guld f\u00f6rra helgen f\u00f6rkunnade det ocks\u00e5 att han skrivit svensk idrottshistoria. Ingen n\u00e5gonsin har vunnit fler raka SM-titlar. Och nu kommer hyllningarna.\" \/>\n<meta name=\"robots\" content=\"index, follow, max-snippet:-1, max-image-preview:large, max-video-preview:-1\" \/>\n<link rel=\"canonical\" href=\"https:\/\/www.budokampsport.se\/2013\/05\/17\/kampsportens-hyllningar-till-totto-mastarnas-mastare\/\" \/>\n<meta property=\"og:locale\" content=\"sv_SE\" \/>\n<meta property=\"og:type\" content=\"article\" \/>\n<meta property=\"og:title\" content=\"Kampsportens hyllningar till \u201dTotto\u201d \u2013 \u201dM\u00e4starnas m\u00e4stare\u201d - Svenska Budo &amp; Kampsportsf\u00f6rbundet\" \/>\n<meta property=\"og:description\" content=\"N\u00e4r Thomas \u201dTotto\u201d Heiderup vann sitt 24:e raka SM-guld f\u00f6rra helgen f\u00f6rkunnade det ocks\u00e5 att han skrivit svensk idrottshistoria. Ingen n\u00e5gonsin har vunnit fler raka SM-titlar. Och nu kommer hyllningarna.\" \/>\n<meta property=\"og:url\" content=\"https:\/\/www.budokampsport.se\/2013\/05\/17\/kampsportens-hyllningar-till-totto-mastarnas-mastare\/\" \/>\n<meta property=\"og:site_name\" content=\"Svenska Budo &amp; Kampsportsf\u00f6rbundet\" \/>\n<meta property=\"article:author\" content=\"https:\/\/www.facebook.com\/jonathan.broberg.7\" \/>\n<meta property=\"article:published_time\" content=\"2013-05-17T11:31:51+00:00\" \/>\n<meta property=\"article:modified_time\" content=\"2016-12-06T21:36:00+00:00\" \/>\n<meta name=\"author\" content=\"Jonathan Broberg\" \/>\n<meta name=\"twitter:card\" content=\"summary_large_image\" \/>\n<meta name=\"twitter:label1\" content=\"Skriven av\" \/>\n\t<meta name=\"twitter:data1\" content=\"Jonathan Broberg\" \/>\n\t<meta name=\"twitter:label2\" content=\"Ber\u00e4knad l\u00e4stid\" \/>\n\t<meta name=\"twitter:data2\" content=\"5 minuter\" \/>\n<script type=\"application\/ld+json\" class=\"yoast-schema-graph\">{\"@context\":\"https:\/\/schema.org\",\"@graph\":[{\"@type\":\"Article\",\"@id\":\"https:\/\/www.budokampsport.se\/2013\/05\/17\/kampsportens-hyllningar-till-totto-mastarnas-mastare\/#article\",\"isPartOf\":{\"@id\":\"https:\/\/www.budokampsport.se\/2013\/05\/17\/kampsportens-hyllningar-till-totto-mastarnas-mastare\/\"},\"author\":{\"name\":\"Jonathan Broberg\",\"@id\":\"https:\/\/www.budokampsport.se\/#\/schema\/person\/5c06d81d14850e2a8ce5493386560145\"},\"headline\":\"Kampsportens hyllningar till \u201dTotto\u201d \u2013 \u201dM\u00e4starnas m\u00e4stare\u201d\",\"datePublished\":\"2013-05-17T11:31:51+00:00\",\"dateModified\":\"2016-12-06T21:36:00+00:00\",\"mainEntityOfPage\":{\"@id\":\"https:\/\/www.budokampsport.se\/2013\/05\/17\/kampsportens-hyllningar-till-totto-mastarnas-mastare\/\"},\"wordCount\":985,\"inLanguage\":\"sv-SE\"},{\"@type\":\"WebPage\",\"@id\":\"https:\/\/www.budokampsport.se\/2013\/05\/17\/kampsportens-hyllningar-till-totto-mastarnas-mastare\/\",\"url\":\"https:\/\/www.budokampsport.se\/2013\/05\/17\/kampsportens-hyllningar-till-totto-mastarnas-mastare\/\",\"name\":\"Kampsportens hyllningar till \u201dTotto\u201d \u2013 \u201dM\u00e4starnas m\u00e4stare\u201d - Svenska Budo &amp; Kampsportsf\u00f6rbundet\",\"isPartOf\":{\"@id\":\"https:\/\/www.budokampsport.se\/#website\"},\"datePublished\":\"2013-05-17T11:31:51+00:00\",\"dateModified\":\"2016-12-06T21:36:00+00:00\",\"author\":{\"@id\":\"https:\/\/www.budokampsport.se\/#\/schema\/person\/5c06d81d14850e2a8ce5493386560145\"},\"description\":\"N\u00e4r Thomas \u201dTotto\u201d Heiderup vann sitt 24:e raka SM-guld f\u00f6rra helgen f\u00f6rkunnade det ocks\u00e5 att han skrivit svensk idrottshistoria. Ingen n\u00e5gonsin har vunnit fler raka SM-titlar. Och nu kommer hyllningarna.\",\"breadcrumb\":{\"@id\":\"https:\/\/www.budokampsport.se\/2013\/05\/17\/kampsportens-hyllningar-till-totto-mastarnas-mastare\/#breadcrumb\"},\"inLanguage\":\"sv-SE\",\"potentialAction\":[{\"@type\":\"ReadAction\",\"target\":[\"https:\/\/www.budokampsport.se\/2013\/05\/17\/kampsportens-hyllningar-till-totto-mastarnas-mastare\/\"]}]},{\"@type\":\"BreadcrumbList\",\"@id\":\"https:\/\/www.budokampsport.se\/2013\/05\/17\/kampsportens-hyllningar-till-totto-mastarnas-mastare\/#breadcrumb\",\"itemListElement\":[{\"@type\":\"ListItem\",\"position\":1,\"name\":\"Hem\",\"item\":\"https:\/\/www.budokampsport.se\/\"},{\"@type\":\"ListItem\",\"position\":2,\"name\":\"Kampsportens hyllningar till \u201dTotto\u201d \u2013 \u201dM\u00e4starnas m\u00e4stare\u201d\"}]},{\"@type\":\"WebSite\",\"@id\":\"https:\/\/www.budokampsport.se\/#website\",\"url\":\"https:\/\/www.budokampsport.se\/\",\"name\":\"Svenska Budo &amp; Kampsportsf\u00f6rbundet\",\"description\":\"T\u00e4vling, Tr\u00e4ning, Tradition\",\"potentialAction\":[{\"@type\":\"SearchAction\",\"target\":{\"@type\":\"EntryPoint\",\"urlTemplate\":\"https:\/\/www.budokampsport.se\/?s={search_term_string}\"},\"query-input\":{\"@type\":\"PropertyValueSpecification\",\"valueRequired\":true,\"valueName\":\"search_term_string\"}}],\"inLanguage\":\"sv-SE\"},{\"@type\":\"Person\",\"@id\":\"https:\/\/www.budokampsport.se\/#\/schema\/person\/5c06d81d14850e2a8ce5493386560145\",\"name\":\"Jonathan Broberg\",\"image\":{\"@type\":\"ImageObject\",\"inLanguage\":\"sv-SE\",\"@id\":\"https:\/\/www.budokampsport.se\/#\/schema\/person\/image\/\",\"url\":\"https:\/\/secure.gravatar.com\/avatar\/a58041c6cea9128bd9c40ee2f26d4136?s=96&d=blank&r=g\",\"contentUrl\":\"https:\/\/secure.gravatar.com\/avatar\/a58041c6cea9128bd9c40ee2f26d4136?s=96&d=blank&r=g\",\"caption\":\"Jonathan Broberg\"},\"sameAs\":[\"https:\/\/www.facebook.com\/jonathan.broberg.7\"],\"url\":\"https:\/\/www.budokampsport.se\/author\/jonathan\/\"}]}<\/script>\n<!-- \/ Yoast SEO plugin. -->","yoast_head_json":{"title":"Kampsportens hyllningar till \u201dTotto\u201d \u2013 \u201dM\u00e4starnas m\u00e4stare\u201d - Svenska Budo &amp; Kampsportsf\u00f6rbundet","description":"N\u00e4r Thomas \u201dTotto\u201d Heiderup vann sitt 24:e raka SM-guld f\u00f6rra helgen f\u00f6rkunnade det ocks\u00e5 att han skrivit svensk idrottshistoria. Ingen n\u00e5gonsin har vunnit fler raka SM-titlar. Och nu kommer hyllningarna.","robots":{"index":"index","follow":"follow","max-snippet":"max-snippet:-1","max-image-preview":"max-image-preview:large","max-video-preview":"max-video-preview:-1"},"canonical":"https:\/\/www.budokampsport.se\/2013\/05\/17\/kampsportens-hyllningar-till-totto-mastarnas-mastare\/","og_locale":"sv_SE","og_type":"article","og_title":"Kampsportens hyllningar till \u201dTotto\u201d \u2013 \u201dM\u00e4starnas m\u00e4stare\u201d - Svenska Budo &amp; Kampsportsf\u00f6rbundet","og_description":"N\u00e4r Thomas \u201dTotto\u201d Heiderup vann sitt 24:e raka SM-guld f\u00f6rra helgen f\u00f6rkunnade det ocks\u00e5 att han skrivit svensk idrottshistoria. Ingen n\u00e5gonsin har vunnit fler raka SM-titlar. Och nu kommer hyllningarna.","og_url":"https:\/\/www.budokampsport.se\/2013\/05\/17\/kampsportens-hyllningar-till-totto-mastarnas-mastare\/","og_site_name":"Svenska Budo &amp; Kampsportsf\u00f6rbundet","article_author":"https:\/\/www.facebook.com\/jonathan.broberg.7","article_published_time":"2013-05-17T11:31:51+00:00","article_modified_time":"2016-12-06T21:36:00+00:00","author":"Jonathan Broberg","twitter_card":"summary_large_image","twitter_misc":{"Skriven av":"Jonathan Broberg","Ber\u00e4knad l\u00e4stid":"5 minuter"},"schema":{"@context":"https:\/\/schema.org","@graph":[{"@type":"Article","@id":"https:\/\/www.budokampsport.se\/2013\/05\/17\/kampsportens-hyllningar-till-totto-mastarnas-mastare\/#article","isPartOf":{"@id":"https:\/\/www.budokampsport.se\/2013\/05\/17\/kampsportens-hyllningar-till-totto-mastarnas-mastare\/"},"author":{"name":"Jonathan Broberg","@id":"https:\/\/www.budokampsport.se\/#\/schema\/person\/5c06d81d14850e2a8ce5493386560145"},"headline":"Kampsportens hyllningar till \u201dTotto\u201d \u2013 \u201dM\u00e4starnas m\u00e4stare\u201d","datePublished":"2013-05-17T11:31:51+00:00","dateModified":"2016-12-06T21:36:00+00:00","mainEntityOfPage":{"@id":"https:\/\/www.budokampsport.se\/2013\/05\/17\/kampsportens-hyllningar-till-totto-mastarnas-mastare\/"},"wordCount":985,"inLanguage":"sv-SE"},{"@type":"WebPage","@id":"https:\/\/www.budokampsport.se\/2013\/05\/17\/kampsportens-hyllningar-till-totto-mastarnas-mastare\/","url":"https:\/\/www.budokampsport.se\/2013\/05\/17\/kampsportens-hyllningar-till-totto-mastarnas-mastare\/","name":"Kampsportens hyllningar till \u201dTotto\u201d \u2013 \u201dM\u00e4starnas m\u00e4stare\u201d - Svenska Budo &amp; Kampsportsf\u00f6rbundet","isPartOf":{"@id":"https:\/\/www.budokampsport.se\/#website"},"datePublished":"2013-05-17T11:31:51+00:00","dateModified":"2016-12-06T21:36:00+00:00","author":{"@id":"https:\/\/www.budokampsport.se\/#\/schema\/person\/5c06d81d14850e2a8ce5493386560145"},"description":"N\u00e4r Thomas \u201dTotto\u201d Heiderup vann sitt 24:e raka SM-guld f\u00f6rra helgen f\u00f6rkunnade det ocks\u00e5 att han skrivit svensk idrottshistoria. Ingen n\u00e5gonsin har vunnit fler raka SM-titlar. Och nu kommer hyllningarna.","breadcrumb":{"@id":"https:\/\/www.budokampsport.se\/2013\/05\/17\/kampsportens-hyllningar-till-totto-mastarnas-mastare\/#breadcrumb"},"inLanguage":"sv-SE","potentialAction":[{"@type":"ReadAction","target":["https:\/\/www.budokampsport.se\/2013\/05\/17\/kampsportens-hyllningar-till-totto-mastarnas-mastare\/"]}]},{"@type":"BreadcrumbList","@id":"https:\/\/www.budokampsport.se\/2013\/05\/17\/kampsportens-hyllningar-till-totto-mastarnas-mastare\/#breadcrumb","itemListElement":[{"@type":"ListItem","position":1,"name":"Hem","item":"https:\/\/www.budokampsport.se\/"},{"@type":"ListItem","position":2,"name":"Kampsportens hyllningar till \u201dTotto\u201d \u2013 \u201dM\u00e4starnas m\u00e4stare\u201d"}]},{"@type":"WebSite","@id":"https:\/\/www.budokampsport.se\/#website","url":"https:\/\/www.budokampsport.se\/","name":"Svenska Budo &amp; Kampsportsf\u00f6rbundet","description":"T\u00e4vling, Tr\u00e4ning, Tradition","potentialAction":[{"@type":"SearchAction","target":{"@type":"EntryPoint","urlTemplate":"https:\/\/www.budokampsport.se\/?s={search_term_string}"},"query-input":{"@type":"PropertyValueSpecification","valueRequired":true,"valueName":"search_term_string"}}],"inLanguage":"sv-SE"},{"@type":"Person","@id":"https:\/\/www.budokampsport.se\/#\/schema\/person\/5c06d81d14850e2a8ce5493386560145","name":"Jonathan Broberg","image":{"@type":"ImageObject","inLanguage":"sv-SE","@id":"https:\/\/www.budokampsport.se\/#\/schema\/person\/image\/","url":"https:\/\/secure.gravatar.com\/avatar\/a58041c6cea9128bd9c40ee2f26d4136?s=96&d=blank&r=g","contentUrl":"https:\/\/secure.gravatar.com\/avatar\/a58041c6cea9128bd9c40ee2f26d4136?s=96&d=blank&r=g","caption":"Jonathan Broberg"},"sameAs":["https:\/\/www.facebook.com\/jonathan.broberg.7"],"url":"https:\/\/www.budokampsport.se\/author\/jonathan\/"}]}},"_links":{"self":[{"href":"https:\/\/www.budokampsport.se\/api\/wp\/v2\/posts\/4645","targetHints":{"allow":["GET"]}}],"collection":[{"href":"https:\/\/www.budokampsport.se\/api\/wp\/v2\/posts"}],"about":[{"href":"https:\/\/www.budokampsport.se\/api\/wp\/v2\/types\/post"}],"author":[{"embeddable":true,"href":"https:\/\/www.budokampsport.se\/api\/wp\/v2\/users\/7"}],"replies":[{"embeddable":true,"href":"https:\/\/www.budokampsport.se\/api\/wp\/v2\/comments?post=4645"}],"version-history":[{"count":0,"href":"https:\/\/www.budokampsport.se\/api\/wp\/v2\/posts\/4645\/revisions"}],"wp:attachment":[{"href":"https:\/\/www.budokampsport.se\/api\/wp\/v2\/media?parent=4645"}],"wp:term":[{"taxonomy":"category","embeddable":true,"href":"https:\/\/www.budokampsport.se\/api\/wp\/v2\/categories?post=4645"},{"taxonomy":"post_tag","embeddable":true,"href":"https:\/\/www.budokampsport.se\/api\/wp\/v2\/tags?post=4645"}],"curies":[{"name":"wp","href":"https:\/\/api.w.org\/{rel}","templated":true}]}}